{"id":9045,"date":"2022-02-22T10:14:06","date_gmt":"2022-02-22T16:14:06","guid":{"rendered":"https:\/\/soclose.mx\/blog\/?p=9045"},"modified":"2022-02-22T11:34:51","modified_gmt":"2022-02-22T17:34:51","slug":"lengua-maya-se-vuelve-patrimonio-cultural-intangible-de-yucatan","status":"publish","type":"post","link":"https:\/\/soclose.mx\/blog\/news-feed\/lengua-maya-se-vuelve-patrimonio-cultural-intangible-de-yucatan\/","title":{"rendered":"Lengua maya se vuelve Patrimonio Cultural Intangible de Yucat\u00e1n"},"content":{"rendered":"<p>La\u00a0<a href=\"https:\/\/soclose.mx\/blog\/?s=maya\" target=\"_blank\" rel=\"noopener\"><strong>lengua maya<\/strong><\/a>\u00a0o\u00a0Maayat\u2019aan\u00a0se convirti\u00f3, tras una declaratoria del Congreso local, en\u00a0<strong>Patrimonio Cultural Intangible\u00a0de\u00a0Yucat\u00e1n<\/strong>, estado del sureste mexicano que preserva tesoros\u00a0<strong>precolombinos<\/strong>\u00a0y ciudades de la\u00a0<strong>civilizaci\u00f3n mesoamericana<\/strong>.<\/p>\n<p>El decreto fue aprobado en el marco del <strong>D\u00eda Internacional de la Lengua Materna,<\/strong> el 21 de febrero.<\/p>\n<p>La medida declara lengua maya a todas las expresiones, voces, fon\u00e9ticas, escrituras, signos, graf\u00edas, rasgos ling\u00fc\u00edsticos o cualquier otra manifestaci\u00f3n simb\u00f3lica u ortogr\u00e1fica proveniente y perteneciente al pueblo precolombino.<\/p>\n<p>El maya es el segundo idioma ind\u00edgena, por detr\u00e1s del\u00a0<strong>n\u00e1huatl<\/strong>, m\u00e1s hablado en M\u00e9xico, con cerca de 800 mil hablantes concentrados en la <strong>Pen\u00ednsula de Yucat\u00e1n<\/strong>, seg\u00fan el <strong>Instituto Nacional de Lenguas Ind\u00edgenas (INALI)<\/strong>.<\/p>\n<p>Pero cabe mencionar que, desafortunadamente, est\u00e1 en &#8220;grado de riesgo mediano de desaparici\u00f3n&#8221;, seg\u00fan dicha instituci\u00f3n.<\/p>\n","protected":false},"excerpt":{"rendered":"<p>La\u00a0lengua maya\u00a0o\u00a0Maayat\u2019aan\u00a0se convirti\u00f3, tras una declaratoria del Congreso local, en\u00a0Patrimonio Cultural Intangible\u00a0de\u00a0Yucat\u00e1n, estado del sureste mexicano que preserva tesoros\u00a0precolombinos\u00a0y ciudades de la\u00a0civilizaci\u00f3n mesoamericana. El decreto fue aprobado en el marco del D\u00eda Internacional de la Lengua Materna, el 21 de febrero. La medida declara lengua maya a todas las expresiones, voces, fon\u00e9ticas, escrituras, signos, graf\u00edas, rasgos ling\u00fc\u00edsticos o cualquier otra manifestaci\u00f3n simb\u00f3lica u ortogr\u00e1fica proveniente y perteneciente al pueblo precolombino. El maya es el segundo idioma ind\u00edgena, por detr\u00e1s del\u00a0n\u00e1huatl, m\u00e1s hablado en M\u00e9xico, con cerca de 800 mil hablantes concentrados en la Pen\u00ednsula de Yucat\u00e1n, seg\u00fan el Instituto Nacional<\/p>\n","protected":false},"author":8,"featured_media":9046,"comment_status":"open","ping_status":"open","sticky":false,"template":"","format":"standard","meta":{"_jetpack_memberships_contains_paid_content":false,"footnotes":""},"categories":[628],"tags":[1262,90,633],"class_list":["post-9045","post","type-post","status-publish","format-standard","has-post-thumbnail","hentry","category-news-feed","tag-lengua","tag-maya","tag-yucatan"],"yoast_head":"<!-- This site is optimized with the Yoast SEO plugin v26.7 - https:\/\/yoast.com\/wordpress\/plugins\/seo\/ -->\n<title>Lengua maya se vuelve Patrimonio Cultural Intangible de Yucat\u00e1n - So Close<\/title>\n<meta name=\"description\" content=\"El maya es el segundo idioma ind\u00edgena, por detr\u00e1s del\u00a0n\u00e1huatl, m\u00e1s hablado en M\u00e9xico, con cerca de 800 mil hablantes.\" \/>\n<meta name=\"robots\" content=\"index, follow, max-snippet:-1, max-image-preview:large, max-video-preview:-1\" \/>\n<link rel=\"canonical\" href=\"https:\/\/soclose.mx\/blog\/tag\/juan-rulfo-frases-mujeres\/\" \/>\n<meta property=\"og:locale\" content=\"es_MX\" \/>\n<meta property=\"og:type\" content=\"article\" \/>\n<meta property=\"og:title\" content=\"Lengua maya se vuelve Patrimonio Cultural Intangible de Yucat\u00e1n - So Close\" \/>\n<meta property=\"og:description\" content=\"El maya es el segundo idioma ind\u00edgena, por detr\u00e1s del\u00a0n\u00e1huatl, m\u00e1s hablado en M\u00e9xico, con cerca de 800 mil hablantes.\" \/>\n<meta property=\"og:url\" content=\"https:\/\/soclose.mx\/blog\/tag\/juan-rulfo-frases-mujeres\/\" \/>\n<meta property=\"og:site_name\" content=\"So Close\" \/>\n<meta property=\"article:author\" content=\"www.facebook.com\/mikexever\/\" \/>\n<meta property=\"article:published_time\" content=\"2022-02-22T16:14:06+00:00\" \/>\n<meta property=\"article:modified_time\" content=\"2022-02-22T17:34:51+00:00\" \/>\n<meta property=\"og:image\" content=\"https:\/\/i0.wp.com\/soclose.mx\/blog\/wp-content\/uploads\/2022\/02\/Copia-de-Principal-So-Close-blog-2-5.png?fit=1240%2C700&ssl=1\" \/>\n\t<meta property=\"og:image:width\" content=\"1240\" \/>\n\t<meta property=\"og:image:height\" content=\"700\" \/>\n\t<meta property=\"og:image:type\" content=\"image\/png\" \/>\n<meta name=\"author\" content=\"Miguel Angel Romero\" \/>\n<meta name=\"twitter:card\" content=\"summary_large_image\" \/>\n<meta name=\"twitter:creator\" content=\"@Mikerecomienda\" \/>\n<meta name=\"twitter:label1\" content=\"Escrito por\" \/>\n\t<meta name=\"twitter:data1\" content=\"Miguel Angel Romero\" \/>\n\t<meta name=\"twitter:label2\" content=\"Tiempo de lectura\" \/>\n\t<meta name=\"twitter:data2\" content=\"1 minuto\" \/>\n<script type=\"application\/ld+json\" class=\"yoast-schema-graph\">{\"@context\":\"https:\/\/schema.org\",\"@graph\":[{\"@type\":\"Article\",\"@id\":\"https:\/\/soclose.mx\/blog\/tag\/juan-rulfo-frases-mujeres\/#article\",\"isPartOf\":{\"@id\":\"https:\/\/soclose.mx\/blog\/tag\/juan-rulfo-frases-mujeres\/\"},\"author\":{\"name\":\"Miguel Angel Romero\",\"@id\":\"https:\/\/soclose.mx\/blog\/#\/schema\/person\/cddec6ccd5d7037d286395fb411e23f1\"},\"headline\":\"Lengua maya se vuelve Patrimonio Cultural Intangible de Yucat\u00e1n\",\"datePublished\":\"2022-02-22T16:14:06+00:00\",\"dateModified\":\"2022-02-22T17:34:51+00:00\",\"mainEntityOfPage\":{\"@id\":\"https:\/\/soclose.mx\/blog\/tag\/juan-rulfo-frases-mujeres\/\"},\"wordCount\":161,\"commentCount\":0,\"publisher\":{\"@id\":\"https:\/\/soclose.mx\/blog\/#organization\"},\"image\":{\"@id\":\"https:\/\/soclose.mx\/blog\/tag\/juan-rulfo-frases-mujeres\/#primaryimage\"},\"thumbnailUrl\":\"https:\/\/i0.wp.com\/soclose.mx\/blog\/wp-content\/uploads\/2022\/02\/Copia-de-Principal-So-Close-blog-2-5.png?fit=1240%2C700&ssl=1\",\"keywords\":[\"lengua\",\"maya\",\"yucatan\"],\"articleSection\":[\"News feed\"],\"inLanguage\":\"es\",\"potentialAction\":[{\"@type\":\"CommentAction\",\"name\":\"Comment\",\"target\":[\"https:\/\/soclose.mx\/blog\/tag\/juan-rulfo-frases-mujeres\/#respond\"]}]},{\"@type\":\"WebPage\",\"@id\":\"https:\/\/soclose.mx\/blog\/tag\/juan-rulfo-frases-mujeres\/\",\"url\":\"https:\/\/soclose.mx\/blog\/tag\/juan-rulfo-frases-mujeres\/\",\"name\":\"Lengua maya se vuelve Patrimonio Cultural Intangible de Yucat\u00e1n - So Close\",\"isPartOf\":{\"@id\":\"https:\/\/soclose.mx\/blog\/#website\"},\"primaryImageOfPage\":{\"@id\":\"https:\/\/soclose.mx\/blog\/tag\/juan-rulfo-frases-mujeres\/#primaryimage\"},\"image\":{\"@id\":\"https:\/\/soclose.mx\/blog\/tag\/juan-rulfo-frases-mujeres\/#primaryimage\"},\"thumbnailUrl\":\"https:\/\/i0.wp.com\/soclose.mx\/blog\/wp-content\/uploads\/2022\/02\/Copia-de-Principal-So-Close-blog-2-5.png?fit=1240%2C700&ssl=1\",\"datePublished\":\"2022-02-22T16:14:06+00:00\",\"dateModified\":\"2022-02-22T17:34:51+00:00\",\"description\":\"El maya es el segundo idioma ind\u00edgena, por detr\u00e1s del\u00a0n\u00e1huatl, m\u00e1s hablado en M\u00e9xico, con cerca de 800 mil hablantes.\",\"breadcrumb\":{\"@id\":\"https:\/\/soclose.mx\/blog\/tag\/juan-rulfo-frases-mujeres\/#breadcrumb\"},\"inLanguage\":\"es\",\"potentialAction\":[{\"@type\":\"ReadAction\",\"target\":[\"https:\/\/soclose.mx\/blog\/tag\/juan-rulfo-frases-mujeres\/\"]}]},{\"@type\":\"ImageObject\",\"inLanguage\":\"es\",\"@id\":\"https:\/\/soclose.mx\/blog\/tag\/juan-rulfo-frases-mujeres\/#primaryimage\",\"url\":\"https:\/\/i0.wp.com\/soclose.mx\/blog\/wp-content\/uploads\/2022\/02\/Copia-de-Principal-So-Close-blog-2-5.png?fit=1240%2C700&ssl=1\",\"contentUrl\":\"https:\/\/i0.wp.com\/soclose.mx\/blog\/wp-content\/uploads\/2022\/02\/Copia-de-Principal-So-Close-blog-2-5.png?fit=1240%2C700&ssl=1\",\"width\":1240,\"height\":700},{\"@type\":\"BreadcrumbList\",\"@id\":\"https:\/\/soclose.mx\/blog\/tag\/juan-rulfo-frases-mujeres\/#breadcrumb\",\"itemListElement\":[{\"@type\":\"ListItem\",\"position\":1,\"name\":\"Inicio\",\"item\":\"https:\/\/soclose.mx\/blog\/\"},{\"@type\":\"ListItem\",\"position\":2,\"name\":\"Lengua maya se vuelve Patrimonio Cultural Intangible de Yucat\u00e1n\"}]},{\"@type\":\"WebSite\",\"@id\":\"https:\/\/soclose.mx\/blog\/#website\",\"url\":\"https:\/\/soclose.mx\/blog\/\",\"name\":\"So Close\",\"description\":\"Hacemos contenidos de M\u00e9xico\",\"publisher\":{\"@id\":\"https:\/\/soclose.mx\/blog\/#organization\"},\"potentialAction\":[{\"@type\":\"SearchAction\",\"target\":{\"@type\":\"EntryPoint\",\"urlTemplate\":\"https:\/\/soclose.mx\/blog\/?s={search_term_string}\"},\"query-input\":{\"@type\":\"PropertyValueSpecification\",\"valueRequired\":true,\"valueName\":\"search_term_string\"}}],\"inLanguage\":\"es\"},{\"@type\":\"Organization\",\"@id\":\"https:\/\/soclose.mx\/blog\/#organization\",\"name\":\"So Close\",\"url\":\"https:\/\/soclose.mx\/blog\/\",\"logo\":{\"@type\":\"ImageObject\",\"inLanguage\":\"es\",\"@id\":\"https:\/\/soclose.mx\/blog\/#\/schema\/logo\/image\/\",\"url\":\"https:\/\/i0.wp.com\/soclose.mx\/blog\/wp-content\/uploads\/2020\/12\/LOGO_SOCLOSE_COLOR-e1608310133507.png?fit=2858%2C1264&ssl=1\",\"contentUrl\":\"https:\/\/i0.wp.com\/soclose.mx\/blog\/wp-content\/uploads\/2020\/12\/LOGO_SOCLOSE_COLOR-e1608310133507.png?fit=2858%2C1264&ssl=1\",\"width\":2858,\"height\":1264,\"caption\":\"So Close\"},\"image\":{\"@id\":\"https:\/\/soclose.mx\/blog\/#\/schema\/logo\/image\/\"}},{\"@type\":\"Person\",\"@id\":\"https:\/\/soclose.mx\/blog\/#\/schema\/person\/cddec6ccd5d7037d286395fb411e23f1\",\"name\":\"Miguel Angel Romero\",\"image\":{\"@type\":\"ImageObject\",\"inLanguage\":\"es\",\"@id\":\"https:\/\/soclose.mx\/blog\/#\/schema\/person\/image\/\",\"url\":\"https:\/\/secure.gravatar.com\/avatar\/45b44006b4f93497bb24d251f77bc39385015bfa120582412df580dbfcbb14f3?s=96&d=mm&r=g\",\"contentUrl\":\"https:\/\/secure.gravatar.com\/avatar\/45b44006b4f93497bb24d251f77bc39385015bfa120582412df580dbfcbb14f3?s=96&d=mm&r=g\",\"caption\":\"Miguel Angel Romero\"},\"sameAs\":[\"http:\/\/\/mikexever.blogspot.com\/\",\"www.facebook.com\/mikexever\/\",\"https:\/\/x.com\/Mikerecomienda\"],\"url\":\"https:\/\/soclose.mx\/blog\/author\/mike\/\"}]}<\/script>\n<!-- \/ Yoast SEO plugin. -->","yoast_head_json":{"title":"Lengua maya se vuelve Patrimonio Cultural Intangible de Yucat\u00e1n - So Close","description":"El maya es el segundo idioma ind\u00edgena, por detr\u00e1s del\u00a0n\u00e1huatl, m\u00e1s hablado en M\u00e9xico, con cerca de 800 mil hablantes.","robots":{"index":"index","follow":"follow","max-snippet":"max-snippet:-1","max-image-preview":"max-image-preview:large","max-video-preview":"max-video-preview:-1"},"canonical":"https:\/\/soclose.mx\/blog\/tag\/juan-rulfo-frases-mujeres\/","og_locale":"es_MX","og_type":"article","og_title":"Lengua maya se vuelve Patrimonio Cultural Intangible de Yucat\u00e1n - So Close","og_description":"El maya es el segundo idioma ind\u00edgena, por detr\u00e1s del\u00a0n\u00e1huatl, m\u00e1s hablado en M\u00e9xico, con cerca de 800 mil hablantes.","og_url":"https:\/\/soclose.mx\/blog\/tag\/juan-rulfo-frases-mujeres\/","og_site_name":"So Close","article_author":"www.facebook.com\/mikexever\/","article_published_time":"2022-02-22T16:14:06+00:00","article_modified_time":"2022-02-22T17:34:51+00:00","og_image":[{"width":1240,"height":700,"url":"https:\/\/i0.wp.com\/soclose.mx\/blog\/wp-content\/uploads\/2022\/02\/Copia-de-Principal-So-Close-blog-2-5.png?fit=1240%2C700&ssl=1","type":"image\/png"}],"author":"Miguel Angel Romero","twitter_card":"summary_large_image","twitter_creator":"@Mikerecomienda","twitter_misc":{"Escrito por":"Miguel Angel Romero","Tiempo de lectura":"1 minuto"},"schema":{"@context":"https:\/\/schema.org","@graph":[{"@type":"Article","@id":"https:\/\/soclose.mx\/blog\/tag\/juan-rulfo-frases-mujeres\/#article","isPartOf":{"@id":"https:\/\/soclose.mx\/blog\/tag\/juan-rulfo-frases-mujeres\/"},"author":{"name":"Miguel Angel Romero","@id":"https:\/\/soclose.mx\/blog\/#\/schema\/person\/cddec6ccd5d7037d286395fb411e23f1"},"headline":"Lengua maya se vuelve Patrimonio Cultural Intangible de Yucat\u00e1n","datePublished":"2022-02-22T16:14:06+00:00","dateModified":"2022-02-22T17:34:51+00:00","mainEntityOfPage":{"@id":"https:\/\/soclose.mx\/blog\/tag\/juan-rulfo-frases-mujeres\/"},"wordCount":161,"commentCount":0,"publisher":{"@id":"https:\/\/soclose.mx\/blog\/#organization"},"image":{"@id":"https:\/\/soclose.mx\/blog\/tag\/juan-rulfo-frases-mujeres\/#primaryimage"},"thumbnailUrl":"https:\/\/i0.wp.com\/soclose.mx\/blog\/wp-content\/uploads\/2022\/02\/Copia-de-Principal-So-Close-blog-2-5.png?fit=1240%2C700&ssl=1","keywords":["lengua","maya","yucatan"],"articleSection":["News feed"],"inLanguage":"es","potentialAction":[{"@type":"CommentAction","name":"Comment","target":["https:\/\/soclose.mx\/blog\/tag\/juan-rulfo-frases-mujeres\/#respond"]}]},{"@type":"WebPage","@id":"https:\/\/soclose.mx\/blog\/tag\/juan-rulfo-frases-mujeres\/","url":"https:\/\/soclose.mx\/blog\/tag\/juan-rulfo-frases-mujeres\/","name":"Lengua maya se vuelve Patrimonio Cultural Intangible de Yucat\u00e1n - So Close","isPartOf":{"@id":"https:\/\/soclose.mx\/blog\/#website"},"primaryImageOfPage":{"@id":"https:\/\/soclose.mx\/blog\/tag\/juan-rulfo-frases-mujeres\/#primaryimage"},"image":{"@id":"https:\/\/soclose.mx\/blog\/tag\/juan-rulfo-frases-mujeres\/#primaryimage"},"thumbnailUrl":"https:\/\/i0.wp.com\/soclose.mx\/blog\/wp-content\/uploads\/2022\/02\/Copia-de-Principal-So-Close-blog-2-5.png?fit=1240%2C700&ssl=1","datePublished":"2022-02-22T16:14:06+00:00","dateModified":"2022-02-22T17:34:51+00:00","description":"El maya es el segundo idioma ind\u00edgena, por detr\u00e1s del\u00a0n\u00e1huatl, m\u00e1s hablado en M\u00e9xico, con cerca de 800 mil hablantes.","breadcrumb":{"@id":"https:\/\/soclose.mx\/blog\/tag\/juan-rulfo-frases-mujeres\/#breadcrumb"},"inLanguage":"es","potentialAction":[{"@type":"ReadAction","target":["https:\/\/soclose.mx\/blog\/tag\/juan-rulfo-frases-mujeres\/"]}]},{"@type":"ImageObject","inLanguage":"es","@id":"https:\/\/soclose.mx\/blog\/tag\/juan-rulfo-frases-mujeres\/#primaryimage","url":"https:\/\/i0.wp.com\/soclose.mx\/blog\/wp-content\/uploads\/2022\/02\/Copia-de-Principal-So-Close-blog-2-5.png?fit=1240%2C700&ssl=1","contentUrl":"https:\/\/i0.wp.com\/soclose.mx\/blog\/wp-content\/uploads\/2022\/02\/Copia-de-Principal-So-Close-blog-2-5.png?fit=1240%2C700&ssl=1","width":1240,"height":700},{"@type":"BreadcrumbList","@id":"https:\/\/soclose.mx\/blog\/tag\/juan-rulfo-frases-mujeres\/#breadcrumb","itemListElement":[{"@type":"ListItem","position":1,"name":"Inicio","item":"https:\/\/soclose.mx\/blog\/"},{"@type":"ListItem","position":2,"name":"Lengua maya se vuelve Patrimonio Cultural Intangible de Yucat\u00e1n"}]},{"@type":"WebSite","@id":"https:\/\/soclose.mx\/blog\/#website","url":"https:\/\/soclose.mx\/blog\/","name":"So Close","description":"Hacemos contenidos de M\u00e9xico","publisher":{"@id":"https:\/\/soclose.mx\/blog\/#organization"},"potentialAction":[{"@type":"SearchAction","target":{"@type":"EntryPoint","urlTemplate":"https:\/\/soclose.mx\/blog\/?s={search_term_string}"},"query-input":{"@type":"PropertyValueSpecification","valueRequired":true,"valueName":"search_term_string"}}],"inLanguage":"es"},{"@type":"Organization","@id":"https:\/\/soclose.mx\/blog\/#organization","name":"So Close","url":"https:\/\/soclose.mx\/blog\/","logo":{"@type":"ImageObject","inLanguage":"es","@id":"https:\/\/soclose.mx\/blog\/#\/schema\/logo\/image\/","url":"https:\/\/i0.wp.com\/soclose.mx\/blog\/wp-content\/uploads\/2020\/12\/LOGO_SOCLOSE_COLOR-e1608310133507.png?fit=2858%2C1264&ssl=1","contentUrl":"https:\/\/i0.wp.com\/soclose.mx\/blog\/wp-content\/uploads\/2020\/12\/LOGO_SOCLOSE_COLOR-e1608310133507.png?fit=2858%2C1264&ssl=1","width":2858,"height":1264,"caption":"So Close"},"image":{"@id":"https:\/\/soclose.mx\/blog\/#\/schema\/logo\/image\/"}},{"@type":"Person","@id":"https:\/\/soclose.mx\/blog\/#\/schema\/person\/cddec6ccd5d7037d286395fb411e23f1","name":"Miguel Angel Romero","image":{"@type":"ImageObject","inLanguage":"es","@id":"https:\/\/soclose.mx\/blog\/#\/schema\/person\/image\/","url":"https:\/\/secure.gravatar.com\/avatar\/45b44006b4f93497bb24d251f77bc39385015bfa120582412df580dbfcbb14f3?s=96&d=mm&r=g","contentUrl":"https:\/\/secure.gravatar.com\/avatar\/45b44006b4f93497bb24d251f77bc39385015bfa120582412df580dbfcbb14f3?s=96&d=mm&r=g","caption":"Miguel Angel Romero"},"sameAs":["http:\/\/\/mikexever.blogspot.com\/","www.facebook.com\/mikexever\/","https:\/\/x.com\/Mikerecomienda"],"url":"https:\/\/soclose.mx\/blog\/author\/mike\/"}]}},"jetpack_featured_media_url":"https:\/\/i0.wp.com\/soclose.mx\/blog\/wp-content\/uploads\/2022\/02\/Copia-de-Principal-So-Close-blog-2-5.png?fit=1240%2C700&ssl=1","jetpack-related-posts":[{"id":10035,"url":"https:\/\/soclose.mx\/blog\/lugares\/resurge-en-merida-ciudad-maya-de-1500-anos-de-antiguedad\/","url_meta":{"origin":9045,"position":0},"title":"Resurge en M\u00e9rida ciudad maya de 1,500 a\u00f1os de antig\u00fcedad","author":"Daniel Ram\u00edrez","date":"31 mayo, 2022","format":false,"excerpt":"Si ya est\u00e1s planeando tus vacaciones de verano, una buena opci\u00f3n podr\u00eda ser M\u00e9rida, Yucat\u00e1n, un lugar que tiene algunas de las playas m\u00e1s bellas del pa\u00eds. Pero hay otro motivo para visitar la pen\u00ednsula, ya que en el municipio de Kanas\u00edn, a solo 10 kil\u00f3metros de la capital de\u2026","rel":"","context":"En &quot;Lugares&quot;","block_context":{"text":"Lugares","link":"https:\/\/soclose.mx\/blog\/category\/lugares\/"},"img":{"alt_text":"","src":"https:\/\/i0.wp.com\/soclose.mx\/blog\/wp-content\/uploads\/2022\/05\/Captura-de-Pantalla-2022-05-31-a-las-17.30.36.png?fit=1089%2C660&ssl=1&resize=350%2C200","width":350,"height":200,"srcset":"https:\/\/i0.wp.com\/soclose.mx\/blog\/wp-content\/uploads\/2022\/05\/Captura-de-Pantalla-2022-05-31-a-las-17.30.36.png?fit=1089%2C660&ssl=1&resize=350%2C200 1x, https:\/\/i0.wp.com\/soclose.mx\/blog\/wp-content\/uploads\/2022\/05\/Captura-de-Pantalla-2022-05-31-a-las-17.30.36.png?fit=1089%2C660&ssl=1&resize=525%2C300 1.5x, https:\/\/i0.wp.com\/soclose.mx\/blog\/wp-content\/uploads\/2022\/05\/Captura-de-Pantalla-2022-05-31-a-las-17.30.36.png?fit=1089%2C660&ssl=1&resize=700%2C400 2x, https:\/\/i0.wp.com\/soclose.mx\/blog\/wp-content\/uploads\/2022\/05\/Captura-de-Pantalla-2022-05-31-a-las-17.30.36.png?fit=1089%2C660&ssl=1&resize=1050%2C600 3x"},"classes":[]},{"id":8396,"url":"https:\/\/soclose.mx\/blog\/ay-goeeee\/8-palabras-que-los-mayas-nos-heredaron\/","url_meta":{"origin":9045,"position":1},"title":"8 Palabras que los mayas nos heredaron","author":"Miguel Angel Romero","date":"19 enero, 2022","format":false,"excerpt":"Los mayas no s\u00f3lo dejaron un legado art\u00edstico, arquitect\u00f3nico, astron\u00f3mica y ecol\u00f3gica, sino tambi\u00e9n un tesoro intangible: las palabras. Es importante aclarar que la lengua maya\u00a0no es solamente una, es toda una familia ling\u00fc\u00edstica compuesta por aproximadamente 30 lenguas diferentes que se han usado y se usan en el territorio\u2026","rel":"","context":"En &quot;\u00a1Ay goeeee!&quot;","block_context":{"text":"\u00a1Ay goeeee!","link":"https:\/\/soclose.mx\/blog\/category\/ay-goeeee\/"},"img":{"alt_text":"","src":"https:\/\/i0.wp.com\/soclose.mx\/blog\/wp-content\/uploads\/2022\/01\/Copia-de-Principal-So-Close-blog-1-3.png?fit=1200%2C677&ssl=1&resize=350%2C200","width":350,"height":200,"srcset":"https:\/\/i0.wp.com\/soclose.mx\/blog\/wp-content\/uploads\/2022\/01\/Copia-de-Principal-So-Close-blog-1-3.png?fit=1200%2C677&ssl=1&resize=350%2C200 1x, https:\/\/i0.wp.com\/soclose.mx\/blog\/wp-content\/uploads\/2022\/01\/Copia-de-Principal-So-Close-blog-1-3.png?fit=1200%2C677&ssl=1&resize=525%2C300 1.5x, https:\/\/i0.wp.com\/soclose.mx\/blog\/wp-content\/uploads\/2022\/01\/Copia-de-Principal-So-Close-blog-1-3.png?fit=1200%2C677&ssl=1&resize=700%2C400 2x, https:\/\/i0.wp.com\/soclose.mx\/blog\/wp-content\/uploads\/2022\/01\/Copia-de-Principal-So-Close-blog-1-3.png?fit=1200%2C677&ssl=1&resize=1050%2C600 3x"},"classes":[]},{"id":13718,"url":"https:\/\/soclose.mx\/blog\/a-la-mexicana\/la-controversia-y-sorpresa-de-la-estatua-de-poseidon-en-yucatan\/","url_meta":{"origin":9045,"position":2},"title":"La Controversia y Sorpresa de la Estatua de Poseid\u00f3n en Yucat\u00e1n","author":"So Close","date":"3 julio, 2024","format":false,"excerpt":"En mayo de 2024, las playas de Progreso, Yucat\u00e1n, M\u00e9xico, se vistieron de controversia y sorpresa por la aparici\u00f3n de una estatua de Poseid\u00f3n, el dios griego del mar. Esta inesperada adici\u00f3n al paisaje costero no tard\u00f3 en generar revuelo, desatando tanto debate como una ola de memes virales. Un\u2026","rel":"","context":"En &quot;A la mexicana&quot;","block_context":{"text":"A la mexicana","link":"https:\/\/soclose.mx\/blog\/category\/a-la-mexicana\/"},"img":{"alt_text":"Estatua de Poseid\u00f3n en Yucat\u00e1n","src":"https:\/\/i0.wp.com\/soclose.mx\/blog\/wp-content\/uploads\/2024\/07\/Screen-Shot-2024-07-03-at-19.38.37.jpg?fit=658%2C560&ssl=1&resize=350%2C200","width":350,"height":200,"srcset":"https:\/\/i0.wp.com\/soclose.mx\/blog\/wp-content\/uploads\/2024\/07\/Screen-Shot-2024-07-03-at-19.38.37.jpg?fit=658%2C560&ssl=1&resize=350%2C200 1x, https:\/\/i0.wp.com\/soclose.mx\/blog\/wp-content\/uploads\/2024\/07\/Screen-Shot-2024-07-03-at-19.38.37.jpg?fit=658%2C560&ssl=1&resize=525%2C300 1.5x"},"classes":[]},{"id":5635,"url":"https:\/\/soclose.mx\/blog\/news-feed\/paises-del-mundo-maya-le-muestran-al-planeta-lo-que-tienen\/","url_meta":{"origin":9045,"position":3},"title":"Pa\u00edses del Mundo Maya le muestran al planeta lo que tienen","author":"So Close","date":"14 enero, 2021","format":false,"excerpt":"Bajo un formato digital, los pa\u00edses que conforman la Organizaci\u00f3n del Mundo Maya expondr\u00e1n su oferta tur\u00edstica al mundo en b\u00fasqueda de oportunidades de negocios. M\u00e9rida, Yucat\u00e1n a 14 de enero de 2021.- Se realiz\u00f3 la primera rueda de negocios virtual, con la expectativa de generar nuevas oportunidades y afianzar\u2026","rel":"","context":"En &quot;News feed&quot;","block_context":{"text":"News feed","link":"https:\/\/soclose.mx\/blog\/category\/news-feed\/"},"img":{"alt_text":"","src":"https:\/\/i0.wp.com\/soclose.mx\/blog\/wp-content\/uploads\/2021\/01\/chichen-itza.jpg?fit=1200%2C790&ssl=1&resize=350%2C200","width":350,"height":200,"srcset":"https:\/\/i0.wp.com\/soclose.mx\/blog\/wp-content\/uploads\/2021\/01\/chichen-itza.jpg?fit=1200%2C790&ssl=1&resize=350%2C200 1x, https:\/\/i0.wp.com\/soclose.mx\/blog\/wp-content\/uploads\/2021\/01\/chichen-itza.jpg?fit=1200%2C790&ssl=1&resize=525%2C300 1.5x, https:\/\/i0.wp.com\/soclose.mx\/blog\/wp-content\/uploads\/2021\/01\/chichen-itza.jpg?fit=1200%2C790&ssl=1&resize=700%2C400 2x, https:\/\/i0.wp.com\/soclose.mx\/blog\/wp-content\/uploads\/2021\/01\/chichen-itza.jpg?fit=1200%2C790&ssl=1&resize=1050%2C600 3x"},"classes":[]},{"id":14882,"url":"https:\/\/soclose.mx\/blog\/ay-goeeee\/asi-se-dice-sexo-en-lenguas-indigenas-de-mexico\/","url_meta":{"origin":9045,"position":4},"title":"As\u00ed se dice sexo en lenguas ind\u00edgenas de M\u00e9xico","author":"So Close","date":"22 julio, 2025","format":false,"excerpt":"Las lenguas ind\u00edgenas de M\u00e9xico tienen formas diversas y, a menudo, metaf\u00f3ricas o simb\u00f3licas para referirse a la sexualidad y a las relaciones sexuales. La forma de decir sexo en lenguas ind\u00edgenas de M\u00e9xico est\u00e1 profundamente ligada a la cosmovisi\u00f3n y las normas sociales de cada comunidad, y en muchos\u2026","rel":"","context":"En &quot;\u00a1Ay goeeee!&quot;","block_context":{"text":"\u00a1Ay goeeee!","link":"https:\/\/soclose.mx\/blog\/category\/ay-goeeee\/"},"img":{"alt_text":"pareja mojada","src":"https:\/\/i0.wp.com\/soclose.mx\/blog\/wp-content\/uploads\/2025\/07\/pareja-mojada.jpg?fit=1200%2C675&ssl=1&resize=350%2C200","width":350,"height":200,"srcset":"https:\/\/i0.wp.com\/soclose.mx\/blog\/wp-content\/uploads\/2025\/07\/pareja-mojada.jpg?fit=1200%2C675&ssl=1&resize=350%2C200 1x, https:\/\/i0.wp.com\/soclose.mx\/blog\/wp-content\/uploads\/2025\/07\/pareja-mojada.jpg?fit=1200%2C675&ssl=1&resize=525%2C300 1.5x, https:\/\/i0.wp.com\/soclose.mx\/blog\/wp-content\/uploads\/2025\/07\/pareja-mojada.jpg?fit=1200%2C675&ssl=1&resize=700%2C400 2x, https:\/\/i0.wp.com\/soclose.mx\/blog\/wp-content\/uploads\/2025\/07\/pareja-mojada.jpg?fit=1200%2C675&ssl=1&resize=1050%2C600 3x"},"classes":[]},{"id":5893,"url":"https:\/\/soclose.mx\/blog\/ay-goeeee\/video-las-prendas-mayas-que-visten-a-yucatan\/","url_meta":{"origin":9045,"position":5},"title":"Video | Las prendas mayas que visten a Yucat\u00e1n","author":"So Close","date":"1 abril, 2021","format":false,"excerpt":"En los mayas de la pen\u00ednsula de Yucat\u00e1n\u00a0el hipil se mantiene desde la segunda mitad del siglo XIX hasta principios del XX, indica Claudia Vanegas, doctora en historia por la UNAM. Pero no solo eso, en Yucat\u00e1n existen diversas prendas que forman parte de su identidad: El fust\u00e1n: enagua blanca\u2026","rel":"","context":"En &quot;\u00a1Ay goeeee!&quot;","block_context":{"text":"\u00a1Ay goeeee!","link":"https:\/\/soclose.mx\/blog\/category\/ay-goeeee\/"},"img":{"alt_text":"Hipil prenda de Yucat\u00e1n","src":"https:\/\/i0.wp.com\/soclose.mx\/blog\/wp-content\/uploads\/2021\/04\/hipil-prenda-de-yucatan-1.jpeg?fit=1200%2C677&ssl=1&resize=350%2C200","width":350,"height":200,"srcset":"https:\/\/i0.wp.com\/soclose.mx\/blog\/wp-content\/uploads\/2021\/04\/hipil-prenda-de-yucatan-1.jpeg?fit=1200%2C677&ssl=1&resize=350%2C200 1x, https:\/\/i0.wp.com\/soclose.mx\/blog\/wp-content\/uploads\/2021\/04\/hipil-prenda-de-yucatan-1.jpeg?fit=1200%2C677&ssl=1&resize=525%2C300 1.5x, https:\/\/i0.wp.com\/soclose.mx\/blog\/wp-content\/uploads\/2021\/04\/hipil-prenda-de-yucatan-1.jpeg?fit=1200%2C677&ssl=1&resize=700%2C400 2x, https:\/\/i0.wp.com\/soclose.mx\/blog\/wp-content\/uploads\/2021\/04\/hipil-prenda-de-yucatan-1.jpeg?fit=1200%2C677&ssl=1&resize=1050%2C600 3x"},"classes":[]}],"jetpack_sharing_enabled":true,"_links":{"self":[{"href":"https:\/\/soclose.mx\/blog\/wp-json\/wp\/v2\/posts\/9045","targetHints":{"allow":["GET"]}}],"collection":[{"href":"https:\/\/soclose.mx\/blog\/wp-json\/wp\/v2\/posts"}],"about":[{"href":"https:\/\/soclose.mx\/blog\/wp-json\/wp\/v2\/types\/post"}],"author":[{"embeddable":true,"href":"https:\/\/soclose.mx\/blog\/wp-json\/wp\/v2\/users\/8"}],"replies":[{"embeddable":true,"href":"https:\/\/soclose.mx\/blog\/wp-json\/wp\/v2\/comments?post=9045"}],"version-history":[{"count":0,"href":"https:\/\/soclose.mx\/blog\/wp-json\/wp\/v2\/posts\/9045\/revisions"}],"wp:featuredmedia":[{"embeddable":true,"href":"https:\/\/soclose.mx\/blog\/wp-json\/wp\/v2\/media\/9046"}],"wp:attachment":[{"href":"https:\/\/soclose.mx\/blog\/wp-json\/wp\/v2\/media?parent=9045"}],"wp:term":[{"taxonomy":"category","embeddable":true,"href":"https:\/\/soclose.mx\/blog\/wp-json\/wp\/v2\/categories?post=9045"},{"taxonomy":"post_tag","embeddable":true,"href":"https:\/\/soclose.mx\/blog\/wp-json\/wp\/v2\/tags?post=9045"}],"curies":[{"name":"wp","href":"https:\/\/api.w.org\/{rel}","templated":true}]}}