{"id":9069,"date":"2022-02-23T00:15:12","date_gmt":"2022-02-23T06:15:12","guid":{"rendered":"https:\/\/soclose.mx\/blog\/?p=9069"},"modified":"2022-02-23T00:42:50","modified_gmt":"2022-02-23T06:42:50","slug":"regresa-el-paseo-nocturno-en-bicicleta-de-la-cdmx","status":"publish","type":"post","link":"https:\/\/soclose.mx\/blog\/news-feed\/regresa-el-paseo-nocturno-en-bicicleta-de-la-cdmx\/","title":{"rendered":"Regresa el Paseo Nocturno en Bicicleta\u00a0de la\u00a0CDMX"},"content":{"rendered":"<p>As\u00ed es, despu\u00e9s de muchos meses de estar en pausa este recorrido, desempolva \u00a0tu <strong>bicicleta\u00a0<\/strong>porque este pr\u00f3ximo\u00a0<strong>26 de febrero<\/strong> podr\u00e1s salir a disfrutar la edici\u00f3n 40 del<strong>\u00a0Paseo Nocturno en <a href=\"https:\/\/soclose.mx\/blog\/?s=bici\" target=\"_blank\" rel=\"noopener\">Bicicleta<\/a>\u00a0<\/strong>de la\u00a0<strong>CDMX.<\/strong><\/p>\n<p>El pr\u00f3ximo 26 de febrero de 2022, podr\u00e1s comenzar a rodar desde las 19 horas y hasta las 23 horas, desde el <strong>Paseo de la Reforma<\/strong>, pasando por <strong>Chapultepec<\/strong> y el <strong>Centro Hist\u00f3rico.<\/strong><\/p>\n<p>Adem\u00e1s, se habilitar\u00e1 un acceso en un tramo cerca del <strong>Museo Nacional de Antropolog\u00eda e Historia<\/strong> y en la primera secci\u00f3n del <strong>Bosque de Chapultepec<\/strong>, que no solo podr\u00e1n disfrutar los ciclistas sino tambi\u00e9n los peatones.<\/p>\n<p>La\u00a0<strong>ruta\u00a0<\/strong>contar\u00e1 en total con 20 kil\u00f3metros de\u00a0<strong>ciclov\u00eda\u00a0<\/strong>recreativa para esta edici\u00f3n. Recuerda que la podr\u00e1s recorrer en\u00a0<strong>bicicleta<\/strong>, patines, patineta o a pie y no solo eso, \u00a1tambi\u00e9n podr\u00e1s asistir con animales de compa\u00f1\u00eda!<\/p>\n<p><img data-recalc-dims=\"1\" fetchpriority=\"high\" decoding=\"async\" class=\"alignnone size-full wp-image-9071\" src=\"https:\/\/i0.wp.com\/soclose.mx\/blog\/wp-content\/uploads\/2022\/02\/paseo-nocturno-amor.jpg?resize=1170%2C1449&#038;ssl=1\" alt=\"\" width=\"1170\" height=\"1449\" srcset=\"https:\/\/i0.wp.com\/soclose.mx\/blog\/wp-content\/uploads\/2022\/02\/paseo-nocturno-amor.jpg?w=1200&amp;ssl=1 1200w, https:\/\/i0.wp.com\/soclose.mx\/blog\/wp-content\/uploads\/2022\/02\/paseo-nocturno-amor.jpg?resize=242%2C300&amp;ssl=1 242w, https:\/\/i0.wp.com\/soclose.mx\/blog\/wp-content\/uploads\/2022\/02\/paseo-nocturno-amor.jpg?resize=827%2C1024&amp;ssl=1 827w, https:\/\/i0.wp.com\/soclose.mx\/blog\/wp-content\/uploads\/2022\/02\/paseo-nocturno-amor.jpg?resize=768%2C951&amp;ssl=1 768w, https:\/\/i0.wp.com\/soclose.mx\/blog\/wp-content\/uploads\/2022\/02\/paseo-nocturno-amor.jpg?resize=1170%2C1449&amp;ssl=1 1170w, https:\/\/i0.wp.com\/soclose.mx\/blog\/wp-content\/uploads\/2022\/02\/paseo-nocturno-amor.jpg?resize=585%2C724&amp;ssl=1 585w\" sizes=\"(max-width: 1170px) 100vw, 1170px\" \/><\/p>\n","protected":false},"excerpt":{"rendered":"<p>As\u00ed es, despu\u00e9s de muchos meses de estar en pausa este recorrido, desempolva \u00a0tu bicicleta\u00a0porque este pr\u00f3ximo\u00a026 de febrero podr\u00e1s salir a disfrutar la edici\u00f3n 40 del\u00a0Paseo Nocturno en Bicicleta\u00a0de la\u00a0CDMX. El pr\u00f3ximo 26 de febrero de 2022, podr\u00e1s comenzar a rodar desde las 19 horas y hasta las 23 horas, desde el Paseo de la Reforma, pasando por Chapultepec y el Centro Hist\u00f3rico. Adem\u00e1s, se habilitar\u00e1 un acceso en un tramo cerca del Museo Nacional de Antropolog\u00eda e Historia y en la primera secci\u00f3n del Bosque de Chapultepec, que no solo podr\u00e1n disfrutar los ciclistas sino tambi\u00e9n los peatones.<\/p>\n","protected":false},"author":8,"featured_media":9070,"comment_status":"open","ping_status":"open","sticky":false,"template":"","format":"standard","meta":{"_jetpack_memberships_contains_paid_content":false,"footnotes":""},"categories":[628],"tags":[215,218,1797],"class_list":["post-9069","post","type-post","status-publish","format-standard","has-post-thumbnail","hentry","category-news-feed","tag-bicicleta","tag-cdmx","tag-paseo"],"yoast_head":"<!-- This site is optimized with the Yoast SEO plugin v26.7 - https:\/\/yoast.com\/wordpress\/plugins\/seo\/ -->\n<title>Regresa el Paseo Nocturno en Bicicleta\u00a0de la\u00a0CDMX - So Close<\/title>\n<meta name=\"description\" content=\"La\u00a0ruta del 26 de febrero\u00a0contar\u00e1 en total con 20 kil\u00f3metros de\u00a0ciclov\u00eda\u00a0recreativa para esta edici\u00f3n n\u00famero 40.\" \/>\n<meta name=\"robots\" content=\"index, follow, max-snippet:-1, max-image-preview:large, max-video-preview:-1\" \/>\n<link rel=\"canonical\" href=\"https:\/\/soclose.mx\/blog\/tag\/juan-rulfo-frases-mujeres\/\" \/>\n<meta property=\"og:locale\" content=\"es_MX\" \/>\n<meta property=\"og:type\" content=\"article\" \/>\n<meta property=\"og:title\" content=\"Regresa el Paseo Nocturno en Bicicleta\u00a0de la\u00a0CDMX - So Close\" \/>\n<meta property=\"og:description\" content=\"La\u00a0ruta del 26 de febrero\u00a0contar\u00e1 en total con 20 kil\u00f3metros de\u00a0ciclov\u00eda\u00a0recreativa para esta edici\u00f3n n\u00famero 40.\" \/>\n<meta property=\"og:url\" content=\"https:\/\/soclose.mx\/blog\/tag\/juan-rulfo-frases-mujeres\/\" \/>\n<meta property=\"og:site_name\" content=\"So Close\" \/>\n<meta property=\"article:author\" content=\"www.facebook.com\/mikexever\/\" \/>\n<meta property=\"article:published_time\" content=\"2022-02-23T06:15:12+00:00\" \/>\n<meta property=\"article:modified_time\" content=\"2022-02-23T06:42:50+00:00\" \/>\n<meta property=\"og:image\" content=\"https:\/\/i0.wp.com\/soclose.mx\/blog\/wp-content\/uploads\/2022\/02\/Copia-de-Principal-So-Close-blog-1-8.png?fit=1240%2C700&ssl=1\" \/>\n\t<meta property=\"og:image:width\" content=\"1240\" \/>\n\t<meta property=\"og:image:height\" content=\"700\" \/>\n\t<meta property=\"og:image:type\" content=\"image\/png\" \/>\n<meta name=\"author\" content=\"Miguel Angel Romero\" \/>\n<meta name=\"twitter:card\" content=\"summary_large_image\" \/>\n<meta name=\"twitter:creator\" content=\"@Mikerecomienda\" \/>\n<meta name=\"twitter:label1\" content=\"Escrito por\" \/>\n\t<meta name=\"twitter:data1\" content=\"Miguel Angel Romero\" \/>\n\t<meta name=\"twitter:label2\" content=\"Tiempo de lectura\" \/>\n\t<meta name=\"twitter:data2\" content=\"1 minuto\" \/>\n<script type=\"application\/ld+json\" class=\"yoast-schema-graph\">{\"@context\":\"https:\/\/schema.org\",\"@graph\":[{\"@type\":\"Article\",\"@id\":\"https:\/\/soclose.mx\/blog\/tag\/juan-rulfo-frases-mujeres\/#article\",\"isPartOf\":{\"@id\":\"https:\/\/soclose.mx\/blog\/tag\/juan-rulfo-frases-mujeres\/\"},\"author\":{\"name\":\"Miguel Angel Romero\",\"@id\":\"https:\/\/soclose.mx\/blog\/#\/schema\/person\/cddec6ccd5d7037d286395fb411e23f1\"},\"headline\":\"Regresa el Paseo Nocturno en Bicicleta\u00a0de la\u00a0CDMX\",\"datePublished\":\"2022-02-23T06:15:12+00:00\",\"dateModified\":\"2022-02-23T06:42:50+00:00\",\"mainEntityOfPage\":{\"@id\":\"https:\/\/soclose.mx\/blog\/tag\/juan-rulfo-frases-mujeres\/\"},\"wordCount\":163,\"commentCount\":0,\"publisher\":{\"@id\":\"https:\/\/soclose.mx\/blog\/#organization\"},\"image\":{\"@id\":\"https:\/\/soclose.mx\/blog\/tag\/juan-rulfo-frases-mujeres\/#primaryimage\"},\"thumbnailUrl\":\"https:\/\/i0.wp.com\/soclose.mx\/blog\/wp-content\/uploads\/2022\/02\/Copia-de-Principal-So-Close-blog-1-8.png?fit=1240%2C700&ssl=1\",\"keywords\":[\"bicicleta\",\"cdmx\",\"paseo\"],\"articleSection\":[\"News feed\"],\"inLanguage\":\"es\",\"potentialAction\":[{\"@type\":\"CommentAction\",\"name\":\"Comment\",\"target\":[\"https:\/\/soclose.mx\/blog\/tag\/juan-rulfo-frases-mujeres\/#respond\"]}]},{\"@type\":\"WebPage\",\"@id\":\"https:\/\/soclose.mx\/blog\/tag\/juan-rulfo-frases-mujeres\/\",\"url\":\"https:\/\/soclose.mx\/blog\/tag\/juan-rulfo-frases-mujeres\/\",\"name\":\"Regresa el Paseo Nocturno en Bicicleta\u00a0de la\u00a0CDMX - So Close\",\"isPartOf\":{\"@id\":\"https:\/\/soclose.mx\/blog\/#website\"},\"primaryImageOfPage\":{\"@id\":\"https:\/\/soclose.mx\/blog\/tag\/juan-rulfo-frases-mujeres\/#primaryimage\"},\"image\":{\"@id\":\"https:\/\/soclose.mx\/blog\/tag\/juan-rulfo-frases-mujeres\/#primaryimage\"},\"thumbnailUrl\":\"https:\/\/i0.wp.com\/soclose.mx\/blog\/wp-content\/uploads\/2022\/02\/Copia-de-Principal-So-Close-blog-1-8.png?fit=1240%2C700&ssl=1\",\"datePublished\":\"2022-02-23T06:15:12+00:00\",\"dateModified\":\"2022-02-23T06:42:50+00:00\",\"description\":\"La\u00a0ruta del 26 de febrero\u00a0contar\u00e1 en total con 20 kil\u00f3metros de\u00a0ciclov\u00eda\u00a0recreativa para esta edici\u00f3n n\u00famero 40.\",\"breadcrumb\":{\"@id\":\"https:\/\/soclose.mx\/blog\/tag\/juan-rulfo-frases-mujeres\/#breadcrumb\"},\"inLanguage\":\"es\",\"potentialAction\":[{\"@type\":\"ReadAction\",\"target\":[\"https:\/\/soclose.mx\/blog\/tag\/juan-rulfo-frases-mujeres\/\"]}]},{\"@type\":\"ImageObject\",\"inLanguage\":\"es\",\"@id\":\"https:\/\/soclose.mx\/blog\/tag\/juan-rulfo-frases-mujeres\/#primaryimage\",\"url\":\"https:\/\/i0.wp.com\/soclose.mx\/blog\/wp-content\/uploads\/2022\/02\/Copia-de-Principal-So-Close-blog-1-8.png?fit=1240%2C700&ssl=1\",\"contentUrl\":\"https:\/\/i0.wp.com\/soclose.mx\/blog\/wp-content\/uploads\/2022\/02\/Copia-de-Principal-So-Close-blog-1-8.png?fit=1240%2C700&ssl=1\",\"width\":1240,\"height\":700},{\"@type\":\"BreadcrumbList\",\"@id\":\"https:\/\/soclose.mx\/blog\/tag\/juan-rulfo-frases-mujeres\/#breadcrumb\",\"itemListElement\":[{\"@type\":\"ListItem\",\"position\":1,\"name\":\"Inicio\",\"item\":\"https:\/\/soclose.mx\/blog\/\"},{\"@type\":\"ListItem\",\"position\":2,\"name\":\"Regresa el Paseo Nocturno en Bicicleta\u00a0de la\u00a0CDMX\"}]},{\"@type\":\"WebSite\",\"@id\":\"https:\/\/soclose.mx\/blog\/#website\",\"url\":\"https:\/\/soclose.mx\/blog\/\",\"name\":\"So Close\",\"description\":\"Hacemos contenidos de M\u00e9xico\",\"publisher\":{\"@id\":\"https:\/\/soclose.mx\/blog\/#organization\"},\"potentialAction\":[{\"@type\":\"SearchAction\",\"target\":{\"@type\":\"EntryPoint\",\"urlTemplate\":\"https:\/\/soclose.mx\/blog\/?s={search_term_string}\"},\"query-input\":{\"@type\":\"PropertyValueSpecification\",\"valueRequired\":true,\"valueName\":\"search_term_string\"}}],\"inLanguage\":\"es\"},{\"@type\":\"Organization\",\"@id\":\"https:\/\/soclose.mx\/blog\/#organization\",\"name\":\"So Close\",\"url\":\"https:\/\/soclose.mx\/blog\/\",\"logo\":{\"@type\":\"ImageObject\",\"inLanguage\":\"es\",\"@id\":\"https:\/\/soclose.mx\/blog\/#\/schema\/logo\/image\/\",\"url\":\"https:\/\/i0.wp.com\/soclose.mx\/blog\/wp-content\/uploads\/2020\/12\/LOGO_SOCLOSE_COLOR-e1608310133507.png?fit=2858%2C1264&ssl=1\",\"contentUrl\":\"https:\/\/i0.wp.com\/soclose.mx\/blog\/wp-content\/uploads\/2020\/12\/LOGO_SOCLOSE_COLOR-e1608310133507.png?fit=2858%2C1264&ssl=1\",\"width\":2858,\"height\":1264,\"caption\":\"So Close\"},\"image\":{\"@id\":\"https:\/\/soclose.mx\/blog\/#\/schema\/logo\/image\/\"}},{\"@type\":\"Person\",\"@id\":\"https:\/\/soclose.mx\/blog\/#\/schema\/person\/cddec6ccd5d7037d286395fb411e23f1\",\"name\":\"Miguel Angel Romero\",\"image\":{\"@type\":\"ImageObject\",\"inLanguage\":\"es\",\"@id\":\"https:\/\/soclose.mx\/blog\/#\/schema\/person\/image\/\",\"url\":\"https:\/\/secure.gravatar.com\/avatar\/45b44006b4f93497bb24d251f77bc39385015bfa120582412df580dbfcbb14f3?s=96&d=mm&r=g\",\"contentUrl\":\"https:\/\/secure.gravatar.com\/avatar\/45b44006b4f93497bb24d251f77bc39385015bfa120582412df580dbfcbb14f3?s=96&d=mm&r=g\",\"caption\":\"Miguel Angel Romero\"},\"sameAs\":[\"http:\/\/\/mikexever.blogspot.com\/\",\"www.facebook.com\/mikexever\/\",\"https:\/\/x.com\/Mikerecomienda\"],\"url\":\"https:\/\/soclose.mx\/blog\/author\/mike\/\"}]}<\/script>\n<!-- \/ Yoast SEO plugin. -->","yoast_head_json":{"title":"Regresa el Paseo Nocturno en Bicicleta\u00a0de la\u00a0CDMX - So Close","description":"La\u00a0ruta del 26 de febrero\u00a0contar\u00e1 en total con 20 kil\u00f3metros de\u00a0ciclov\u00eda\u00a0recreativa para esta edici\u00f3n n\u00famero 40.","robots":{"index":"index","follow":"follow","max-snippet":"max-snippet:-1","max-image-preview":"max-image-preview:large","max-video-preview":"max-video-preview:-1"},"canonical":"https:\/\/soclose.mx\/blog\/tag\/juan-rulfo-frases-mujeres\/","og_locale":"es_MX","og_type":"article","og_title":"Regresa el Paseo Nocturno en Bicicleta\u00a0de la\u00a0CDMX - So Close","og_description":"La\u00a0ruta del 26 de febrero\u00a0contar\u00e1 en total con 20 kil\u00f3metros de\u00a0ciclov\u00eda\u00a0recreativa para esta edici\u00f3n n\u00famero 40.","og_url":"https:\/\/soclose.mx\/blog\/tag\/juan-rulfo-frases-mujeres\/","og_site_name":"So Close","article_author":"www.facebook.com\/mikexever\/","article_published_time":"2022-02-23T06:15:12+00:00","article_modified_time":"2022-02-23T06:42:50+00:00","og_image":[{"width":1240,"height":700,"url":"https:\/\/i0.wp.com\/soclose.mx\/blog\/wp-content\/uploads\/2022\/02\/Copia-de-Principal-So-Close-blog-1-8.png?fit=1240%2C700&ssl=1","type":"image\/png"}],"author":"Miguel Angel Romero","twitter_card":"summary_large_image","twitter_creator":"@Mikerecomienda","twitter_misc":{"Escrito por":"Miguel Angel Romero","Tiempo de lectura":"1 minuto"},"schema":{"@context":"https:\/\/schema.org","@graph":[{"@type":"Article","@id":"https:\/\/soclose.mx\/blog\/tag\/juan-rulfo-frases-mujeres\/#article","isPartOf":{"@id":"https:\/\/soclose.mx\/blog\/tag\/juan-rulfo-frases-mujeres\/"},"author":{"name":"Miguel Angel Romero","@id":"https:\/\/soclose.mx\/blog\/#\/schema\/person\/cddec6ccd5d7037d286395fb411e23f1"},"headline":"Regresa el Paseo Nocturno en Bicicleta\u00a0de la\u00a0CDMX","datePublished":"2022-02-23T06:15:12+00:00","dateModified":"2022-02-23T06:42:50+00:00","mainEntityOfPage":{"@id":"https:\/\/soclose.mx\/blog\/tag\/juan-rulfo-frases-mujeres\/"},"wordCount":163,"commentCount":0,"publisher":{"@id":"https:\/\/soclose.mx\/blog\/#organization"},"image":{"@id":"https:\/\/soclose.mx\/blog\/tag\/juan-rulfo-frases-mujeres\/#primaryimage"},"thumbnailUrl":"https:\/\/i0.wp.com\/soclose.mx\/blog\/wp-content\/uploads\/2022\/02\/Copia-de-Principal-So-Close-blog-1-8.png?fit=1240%2C700&ssl=1","keywords":["bicicleta","cdmx","paseo"],"articleSection":["News feed"],"inLanguage":"es","potentialAction":[{"@type":"CommentAction","name":"Comment","target":["https:\/\/soclose.mx\/blog\/tag\/juan-rulfo-frases-mujeres\/#respond"]}]},{"@type":"WebPage","@id":"https:\/\/soclose.mx\/blog\/tag\/juan-rulfo-frases-mujeres\/","url":"https:\/\/soclose.mx\/blog\/tag\/juan-rulfo-frases-mujeres\/","name":"Regresa el Paseo Nocturno en Bicicleta\u00a0de la\u00a0CDMX - So Close","isPartOf":{"@id":"https:\/\/soclose.mx\/blog\/#website"},"primaryImageOfPage":{"@id":"https:\/\/soclose.mx\/blog\/tag\/juan-rulfo-frases-mujeres\/#primaryimage"},"image":{"@id":"https:\/\/soclose.mx\/blog\/tag\/juan-rulfo-frases-mujeres\/#primaryimage"},"thumbnailUrl":"https:\/\/i0.wp.com\/soclose.mx\/blog\/wp-content\/uploads\/2022\/02\/Copia-de-Principal-So-Close-blog-1-8.png?fit=1240%2C700&ssl=1","datePublished":"2022-02-23T06:15:12+00:00","dateModified":"2022-02-23T06:42:50+00:00","description":"La\u00a0ruta del 26 de febrero\u00a0contar\u00e1 en total con 20 kil\u00f3metros de\u00a0ciclov\u00eda\u00a0recreativa para esta edici\u00f3n n\u00famero 40.","breadcrumb":{"@id":"https:\/\/soclose.mx\/blog\/tag\/juan-rulfo-frases-mujeres\/#breadcrumb"},"inLanguage":"es","potentialAction":[{"@type":"ReadAction","target":["https:\/\/soclose.mx\/blog\/tag\/juan-rulfo-frases-mujeres\/"]}]},{"@type":"ImageObject","inLanguage":"es","@id":"https:\/\/soclose.mx\/blog\/tag\/juan-rulfo-frases-mujeres\/#primaryimage","url":"https:\/\/i0.wp.com\/soclose.mx\/blog\/wp-content\/uploads\/2022\/02\/Copia-de-Principal-So-Close-blog-1-8.png?fit=1240%2C700&ssl=1","contentUrl":"https:\/\/i0.wp.com\/soclose.mx\/blog\/wp-content\/uploads\/2022\/02\/Copia-de-Principal-So-Close-blog-1-8.png?fit=1240%2C700&ssl=1","width":1240,"height":700},{"@type":"BreadcrumbList","@id":"https:\/\/soclose.mx\/blog\/tag\/juan-rulfo-frases-mujeres\/#breadcrumb","itemListElement":[{"@type":"ListItem","position":1,"name":"Inicio","item":"https:\/\/soclose.mx\/blog\/"},{"@type":"ListItem","position":2,"name":"Regresa el Paseo Nocturno en Bicicleta\u00a0de la\u00a0CDMX"}]},{"@type":"WebSite","@id":"https:\/\/soclose.mx\/blog\/#website","url":"https:\/\/soclose.mx\/blog\/","name":"So Close","description":"Hacemos contenidos de M\u00e9xico","publisher":{"@id":"https:\/\/soclose.mx\/blog\/#organization"},"potentialAction":[{"@type":"SearchAction","target":{"@type":"EntryPoint","urlTemplate":"https:\/\/soclose.mx\/blog\/?s={search_term_string}"},"query-input":{"@type":"PropertyValueSpecification","valueRequired":true,"valueName":"search_term_string"}}],"inLanguage":"es"},{"@type":"Organization","@id":"https:\/\/soclose.mx\/blog\/#organization","name":"So Close","url":"https:\/\/soclose.mx\/blog\/","logo":{"@type":"ImageObject","inLanguage":"es","@id":"https:\/\/soclose.mx\/blog\/#\/schema\/logo\/image\/","url":"https:\/\/i0.wp.com\/soclose.mx\/blog\/wp-content\/uploads\/2020\/12\/LOGO_SOCLOSE_COLOR-e1608310133507.png?fit=2858%2C1264&ssl=1","contentUrl":"https:\/\/i0.wp.com\/soclose.mx\/blog\/wp-content\/uploads\/2020\/12\/LOGO_SOCLOSE_COLOR-e1608310133507.png?fit=2858%2C1264&ssl=1","width":2858,"height":1264,"caption":"So Close"},"image":{"@id":"https:\/\/soclose.mx\/blog\/#\/schema\/logo\/image\/"}},{"@type":"Person","@id":"https:\/\/soclose.mx\/blog\/#\/schema\/person\/cddec6ccd5d7037d286395fb411e23f1","name":"Miguel Angel Romero","image":{"@type":"ImageObject","inLanguage":"es","@id":"https:\/\/soclose.mx\/blog\/#\/schema\/person\/image\/","url":"https:\/\/secure.gravatar.com\/avatar\/45b44006b4f93497bb24d251f77bc39385015bfa120582412df580dbfcbb14f3?s=96&d=mm&r=g","contentUrl":"https:\/\/secure.gravatar.com\/avatar\/45b44006b4f93497bb24d251f77bc39385015bfa120582412df580dbfcbb14f3?s=96&d=mm&r=g","caption":"Miguel Angel Romero"},"sameAs":["http:\/\/\/mikexever.blogspot.com\/","www.facebook.com\/mikexever\/","https:\/\/x.com\/Mikerecomienda"],"url":"https:\/\/soclose.mx\/blog\/author\/mike\/"}]}},"jetpack_featured_media_url":"https:\/\/i0.wp.com\/soclose.mx\/blog\/wp-content\/uploads\/2022\/02\/Copia-de-Principal-So-Close-blog-1-8.png?fit=1240%2C700&ssl=1","jetpack-related-posts":[{"id":9984,"url":"https:\/\/soclose.mx\/blog\/news-feed\/vuelve-el-iconico-trenecito-del-bosque-de-chapultepec\/","url_meta":{"origin":9069,"position":0},"title":"El Trenecito, de m\u00e1s de un siglo, regresa a Chapultepec","author":"Daniel Ram\u00edrez","date":"26 mayo, 2022","format":false,"excerpt":"\u00a1Justo en nuestra infancia! Cu\u00e1ntos domingos, cu\u00e1ntos fines de semana pasamos en familia en Chapultepec montados en el incre\u00edble trenecito que recorr\u00eda el bosque. Ese transporte fue una tradici\u00f3n en los paseos por Chapultepec hasta que en 2006 se decidi\u00f3 detener su operaci\u00f3n por falta de presupuesto. Pero \"oh, Dios,\u2026","rel":"","context":"En &quot;News feed&quot;","block_context":{"text":"News feed","link":"https:\/\/soclose.mx\/blog\/category\/news-feed\/"},"img":{"alt_text":"","src":"https:\/\/i0.wp.com\/soclose.mx\/blog\/wp-content\/uploads\/2022\/05\/chapu.jpg?fit=1080%2C720&ssl=1&resize=350%2C200","width":350,"height":200,"srcset":"https:\/\/i0.wp.com\/soclose.mx\/blog\/wp-content\/uploads\/2022\/05\/chapu.jpg?fit=1080%2C720&ssl=1&resize=350%2C200 1x, https:\/\/i0.wp.com\/soclose.mx\/blog\/wp-content\/uploads\/2022\/05\/chapu.jpg?fit=1080%2C720&ssl=1&resize=525%2C300 1.5x, https:\/\/i0.wp.com\/soclose.mx\/blog\/wp-content\/uploads\/2022\/05\/chapu.jpg?fit=1080%2C720&ssl=1&resize=700%2C400 2x, https:\/\/i0.wp.com\/soclose.mx\/blog\/wp-content\/uploads\/2022\/05\/chapu.jpg?fit=1080%2C720&ssl=1&resize=1050%2C600 3x"},"classes":[]},{"id":7219,"url":"https:\/\/soclose.mx\/blog\/news-feed\/recorre-la-ciudad-de-mexico-al-ritmo-de-mariachi\/","url_meta":{"origin":9069,"position":1},"title":"Recorre la Ciudad de M\u00e9xico al ritmo de mariachi","author":"Miguel Angel Romero","date":"10 septiembre, 2021","format":false,"excerpt":"Las celebraciones del mes patrio no paran y qu\u00e9 mejor manera de hacerlo que al ritmo de mariachi, disfrutando la noche a bordo de un autob\u00fas. Mariachi Night Tour, el paseo nocturno recorrer\u00e1 los monumentos m\u00e1s emblem\u00e1ticos de la Ciudad de M\u00e9xico acompa\u00f1ado de la m\u00fasica de cuerdas, canto y\u2026","rel":"","context":"En &quot;News feed&quot;","block_context":{"text":"News feed","link":"https:\/\/soclose.mx\/blog\/category\/news-feed\/"},"img":{"alt_text":"","src":"https:\/\/i0.wp.com\/soclose.mx\/blog\/wp-content\/uploads\/2021\/09\/Principal-So-Close-blog-10-1.jpg?fit=1200%2C677&ssl=1&resize=350%2C200","width":350,"height":200,"srcset":"https:\/\/i0.wp.com\/soclose.mx\/blog\/wp-content\/uploads\/2021\/09\/Principal-So-Close-blog-10-1.jpg?fit=1200%2C677&ssl=1&resize=350%2C200 1x, https:\/\/i0.wp.com\/soclose.mx\/blog\/wp-content\/uploads\/2021\/09\/Principal-So-Close-blog-10-1.jpg?fit=1200%2C677&ssl=1&resize=525%2C300 1.5x, https:\/\/i0.wp.com\/soclose.mx\/blog\/wp-content\/uploads\/2021\/09\/Principal-So-Close-blog-10-1.jpg?fit=1200%2C677&ssl=1&resize=700%2C400 2x, https:\/\/i0.wp.com\/soclose.mx\/blog\/wp-content\/uploads\/2021\/09\/Principal-So-Close-blog-10-1.jpg?fit=1200%2C677&ssl=1&resize=1050%2C600 3x"},"classes":[]},{"id":14643,"url":"https:\/\/soclose.mx\/blog\/news-feed\/maraton-de-la-cdmx-2025-preparate-para-la-gran-carrera\/","url_meta":{"origin":9069,"position":2},"title":"Marat\u00f3n de la CDMX 2025: \u00a1Prep\u00e1rate para la gran carrera!","author":"So Close","date":"13 febrero, 2025","format":false,"excerpt":"El Marat\u00f3n de la CDMX 2025 es uno de los eventos deportivos m\u00e1s esperados del a\u00f1o. En su edici\u00f3n 2025, corredores de todo el mundo se dar\u00e1n cita en la capital mexicana para desafiar sus l\u00edmites y recorrer las emblem\u00e1ticas calles de la ciudad. Si eres un apasionado del running,\u2026","rel":"","context":"En &quot;News feed&quot;","block_context":{"text":"News feed","link":"https:\/\/soclose.mx\/blog\/category\/news-feed\/"},"img":{"alt_text":"Marat\u00f3n CDMX","src":"https:\/\/i0.wp.com\/soclose.mx\/blog\/wp-content\/uploads\/2025\/01\/Maraton-CDMX.jpg?fit=1200%2C675&ssl=1&resize=350%2C200","width":350,"height":200,"srcset":"https:\/\/i0.wp.com\/soclose.mx\/blog\/wp-content\/uploads\/2025\/01\/Maraton-CDMX.jpg?fit=1200%2C675&ssl=1&resize=350%2C200 1x, https:\/\/i0.wp.com\/soclose.mx\/blog\/wp-content\/uploads\/2025\/01\/Maraton-CDMX.jpg?fit=1200%2C675&ssl=1&resize=525%2C300 1.5x, https:\/\/i0.wp.com\/soclose.mx\/blog\/wp-content\/uploads\/2025\/01\/Maraton-CDMX.jpg?fit=1200%2C675&ssl=1&resize=700%2C400 2x, https:\/\/i0.wp.com\/soclose.mx\/blog\/wp-content\/uploads\/2025\/01\/Maraton-CDMX.jpg?fit=1200%2C675&ssl=1&resize=1050%2C600 3x"},"classes":[]},{"id":14854,"url":"https:\/\/soclose.mx\/blog\/news-feed\/todo-sobre-la-carrera-del-ajolotito-2025-en-la-cdmx-fechas-inscripciones-y-recorrido\/","url_meta":{"origin":9069,"position":3},"title":"Todo sobre la Carrera del Ajolotito 2025 en la CDMX: fechas, inscripciones y recorrido","author":"So Close","date":"3 junio, 2025","format":false,"excerpt":"La Carrera del Ajolotito 2025 en la CDMX es uno de los eventos deportivos recreativos m\u00e1s queridos y coloridos, pensado para celebrar y concientizar sobre la importancia del ajolote, especie emblem\u00e1tica de la capital y s\u00edmbolo de la riqueza natural de Xochimilco y Chapultepec. \u00bfEn qu\u00e9 consiste la Carrera del\u2026","rel":"","context":"En &quot;News feed&quot;","block_context":{"text":"News feed","link":"https:\/\/soclose.mx\/blog\/category\/news-feed\/"},"img":{"alt_text":"Carrera del ajolotito","src":"https:\/\/i0.wp.com\/soclose.mx\/blog\/wp-content\/uploads\/2025\/06\/Carrera-del-ajolotito.jpg?fit=1200%2C675&ssl=1&resize=350%2C200","width":350,"height":200,"srcset":"https:\/\/i0.wp.com\/soclose.mx\/blog\/wp-content\/uploads\/2025\/06\/Carrera-del-ajolotito.jpg?fit=1200%2C675&ssl=1&resize=350%2C200 1x, https:\/\/i0.wp.com\/soclose.mx\/blog\/wp-content\/uploads\/2025\/06\/Carrera-del-ajolotito.jpg?fit=1200%2C675&ssl=1&resize=525%2C300 1.5x, https:\/\/i0.wp.com\/soclose.mx\/blog\/wp-content\/uploads\/2025\/06\/Carrera-del-ajolotito.jpg?fit=1200%2C675&ssl=1&resize=700%2C400 2x, https:\/\/i0.wp.com\/soclose.mx\/blog\/wp-content\/uploads\/2025\/06\/Carrera-del-ajolotito.jpg?fit=1200%2C675&ssl=1&resize=1050%2C600 3x"},"classes":[]},{"id":7913,"url":"https:\/\/soclose.mx\/blog\/news-feed\/y-si-te-lanzas-a-la-noche-de-los-deseos-en-xochimilco\/","url_meta":{"origin":9069,"position":4},"title":"\u00bfY si te lanzas a la Noche de los Deseos en Xochimilco?","author":"Miguel Angel Romero","date":"2 diciembre, 2021","format":false,"excerpt":"La\u00a0Noche de los Deseos\u00a0llega a\u00a0Xochimilco, en la CDMX, un evento que busca la magia a trav\u00e9s de la m\u00fasica, la noche, el escenario y dejar que fluyan los buenos deseos. la\u00a0Noche de los Deseos\u00a0es una experiencia en las\u00a0trajineras, sin embargo, m\u00e1s all\u00e1 del recorrido, en medio de los canales podr\u00e1s\u2026","rel":"","context":"En &quot;News feed&quot;","block_context":{"text":"News feed","link":"https:\/\/soclose.mx\/blog\/category\/news-feed\/"},"img":{"alt_text":"","src":"https:\/\/i0.wp.com\/soclose.mx\/blog\/wp-content\/uploads\/2021\/11\/mexico-g3b40d3762_1920.jpg?fit=1200%2C794&ssl=1&resize=350%2C200","width":350,"height":200,"srcset":"https:\/\/i0.wp.com\/soclose.mx\/blog\/wp-content\/uploads\/2021\/11\/mexico-g3b40d3762_1920.jpg?fit=1200%2C794&ssl=1&resize=350%2C200 1x, https:\/\/i0.wp.com\/soclose.mx\/blog\/wp-content\/uploads\/2021\/11\/mexico-g3b40d3762_1920.jpg?fit=1200%2C794&ssl=1&resize=525%2C300 1.5x, https:\/\/i0.wp.com\/soclose.mx\/blog\/wp-content\/uploads\/2021\/11\/mexico-g3b40d3762_1920.jpg?fit=1200%2C794&ssl=1&resize=700%2C400 2x, https:\/\/i0.wp.com\/soclose.mx\/blog\/wp-content\/uploads\/2021\/11\/mexico-g3b40d3762_1920.jpg?fit=1200%2C794&ssl=1&resize=1050%2C600 3x"},"classes":[]},{"id":8173,"url":"https:\/\/soclose.mx\/blog\/lugares\/curiosidades-del-parque-la-marquesa\/","url_meta":{"origin":9069,"position":5},"title":"Curiosidades del Parque La Marquesa","author":"Miguel Angel Romero","date":"7 enero, 2022","format":false,"excerpt":"Todos hemos ido a \"La Marquesa\", al menos una vez en la vida, pero su nombre oficial es el Parque Nacional Insurgente Miguel Hidalgo y Costilla. Este se le debe a la Batalla del Monte de las Cruces, donde las fuerzas de Hidalgo derrotaron a las del oficial de la\u2026","rel":"","context":"En &quot;Lugares&quot;","block_context":{"text":"Lugares","link":"https:\/\/soclose.mx\/blog\/category\/lugares\/"},"img":{"alt_text":"","src":"https:\/\/i0.wp.com\/soclose.mx\/blog\/wp-content\/uploads\/2021\/12\/Copia-de-Principal-So-Close-blog-2-8.png?fit=1200%2C677&ssl=1&resize=350%2C200","width":350,"height":200,"srcset":"https:\/\/i0.wp.com\/soclose.mx\/blog\/wp-content\/uploads\/2021\/12\/Copia-de-Principal-So-Close-blog-2-8.png?fit=1200%2C677&ssl=1&resize=350%2C200 1x, https:\/\/i0.wp.com\/soclose.mx\/blog\/wp-content\/uploads\/2021\/12\/Copia-de-Principal-So-Close-blog-2-8.png?fit=1200%2C677&ssl=1&resize=525%2C300 1.5x, https:\/\/i0.wp.com\/soclose.mx\/blog\/wp-content\/uploads\/2021\/12\/Copia-de-Principal-So-Close-blog-2-8.png?fit=1200%2C677&ssl=1&resize=700%2C400 2x, https:\/\/i0.wp.com\/soclose.mx\/blog\/wp-content\/uploads\/2021\/12\/Copia-de-Principal-So-Close-blog-2-8.png?fit=1200%2C677&ssl=1&resize=1050%2C600 3x"},"classes":[]}],"jetpack_sharing_enabled":true,"_links":{"self":[{"href":"https:\/\/soclose.mx\/blog\/wp-json\/wp\/v2\/posts\/9069","targetHints":{"allow":["GET"]}}],"collection":[{"href":"https:\/\/soclose.mx\/blog\/wp-json\/wp\/v2\/posts"}],"about":[{"href":"https:\/\/soclose.mx\/blog\/wp-json\/wp\/v2\/types\/post"}],"author":[{"embeddable":true,"href":"https:\/\/soclose.mx\/blog\/wp-json\/wp\/v2\/users\/8"}],"replies":[{"embeddable":true,"href":"https:\/\/soclose.mx\/blog\/wp-json\/wp\/v2\/comments?post=9069"}],"version-history":[{"count":0,"href":"https:\/\/soclose.mx\/blog\/wp-json\/wp\/v2\/posts\/9069\/revisions"}],"wp:featuredmedia":[{"embeddable":true,"href":"https:\/\/soclose.mx\/blog\/wp-json\/wp\/v2\/media\/9070"}],"wp:attachment":[{"href":"https:\/\/soclose.mx\/blog\/wp-json\/wp\/v2\/media?parent=9069"}],"wp:term":[{"taxonomy":"category","embeddable":true,"href":"https:\/\/soclose.mx\/blog\/wp-json\/wp\/v2\/categories?post=9069"},{"taxonomy":"post_tag","embeddable":true,"href":"https:\/\/soclose.mx\/blog\/wp-json\/wp\/v2\/tags?post=9069"}],"curies":[{"name":"wp","href":"https:\/\/api.w.org\/{rel}","templated":true}]}}