{"id":9099,"date":"2022-02-24T23:43:57","date_gmt":"2022-02-25T05:43:57","guid":{"rendered":"https:\/\/soclose.mx\/blog\/?p=9099"},"modified":"2022-02-24T23:50:19","modified_gmt":"2022-02-25T05:50:19","slug":"el-significado-de-los-colores-y-el-escudo-de-la-bandera-de-mexico","status":"publish","type":"post","link":"https:\/\/soclose.mx\/blog\/ay-goeeee\/el-significado-de-los-colores-y-el-escudo-de-la-bandera-de-mexico\/","title":{"rendered":"El significado de los colores y el escudo de la bandera de M\u00e9xico"},"content":{"rendered":"<p class=\"title\">Seguramente en la escuela te lo ense\u00f1aron, pero si ya no recuerdas, aqu\u00ed te compartimos el verdadero significado de la <strong>bandera<\/strong>, as\u00ed como el origen e historia del <strong>Escudo Nacional<\/strong>.<\/p>\n<p class=\"title\">La <a href=\"https:\/\/soclose.mx\/blog\/tag\/banderas\/\" target=\"_blank\" rel=\"noopener\">bandera<\/a> est\u00e1 representada en los tres colores: el verde simboliza la esperanza del pueblo en el destino de su raza; el blanco la unidad, y el rojo la sangre que derramaron los h\u00e9roes por la Patria.<\/p>\n<p class=\"title\">El escudo se basa en la leyenda de fundaci\u00f3n de la ciudad de <strong>Tenochtitl\u00e1n,<\/strong> la actual <strong>Ciudad de M\u00e9xico.<\/strong> Narra que <strong>Huitzilopochtli<\/strong> profetiz\u00f3 a los aztecas que deb\u00edan buscar en un lago un \u00e1guila posada sobre un nopal con una serpiente entre sus garras. Al encontrar la escena, ah\u00ed fue donde instalaron los cimientos.<\/p>\n<p>El \u00e1guila era el s\u00edmbolo con el que se representaba la fuerza c\u00f3smica del sol, mientras que las fuerzas potenciales de la tierra estaban fundidas en la imagen de la serpiente..<\/p>\n<p>Mientras que el \u00e1guila devorando a la serpiente significa la comuni\u00f3n de esas fuerzas vitales, y el nopal, adem\u00e1s de representar un alimento prehisp\u00e1nico por excelencia, es una planta propia del paisaje mexicano.<\/p>\n","protected":false},"excerpt":{"rendered":"<p>Seguramente en la escuela te lo ense\u00f1aron, pero si ya no recuerdas, aqu\u00ed te compartimos el verdadero significado de la bandera, as\u00ed como el origen e historia del Escudo Nacional. La bandera est\u00e1 representada en los tres colores: el verde simboliza la esperanza del pueblo en el destino de su raza; el blanco la unidad, y el rojo la sangre que derramaron los h\u00e9roes por la Patria. El escudo se basa en la leyenda de fundaci\u00f3n de la ciudad de Tenochtitl\u00e1n, la actual Ciudad de M\u00e9xico. Narra que Huitzilopochtli profetiz\u00f3 a los aztecas que deb\u00edan buscar en un lago un<\/p>\n","protected":false},"author":8,"featured_media":9100,"comment_status":"open","ping_status":"open","sticky":false,"template":"","format":"standard","meta":{"_jetpack_memberships_contains_paid_content":false,"footnotes":""},"categories":[1],"tags":[1800,578],"class_list":["post-9099","post","type-post","status-publish","format-standard","has-post-thumbnail","hentry","category-ay-goeeee","tag-bandera","tag-mexico"],"yoast_head":"<!-- This site is optimized with the Yoast SEO plugin v26.7 - https:\/\/yoast.com\/wordpress\/plugins\/seo\/ -->\n<title>El significado de los colores y el escudo de la bandera de M\u00e9xico - So Close<\/title>\n<meta name=\"description\" content=\"Nuestra gran bandera tiene una historia que se remonta hasta la fundaci\u00f3n de la poderosa cultura mexica en el valle de M\u00e9xico.\" \/>\n<meta name=\"robots\" content=\"index, follow, max-snippet:-1, max-image-preview:large, max-video-preview:-1\" \/>\n<link rel=\"canonical\" href=\"https:\/\/soclose.mx\/blog\/tag\/juan-rulfo-frases-mujeres\/\" \/>\n<meta property=\"og:locale\" content=\"es_MX\" \/>\n<meta property=\"og:type\" content=\"article\" \/>\n<meta property=\"og:title\" content=\"El significado de los colores y el escudo de la bandera de M\u00e9xico - So Close\" \/>\n<meta property=\"og:description\" content=\"Nuestra gran bandera tiene una historia que se remonta hasta la fundaci\u00f3n de la poderosa cultura mexica en el valle de M\u00e9xico.\" \/>\n<meta property=\"og:url\" content=\"https:\/\/soclose.mx\/blog\/tag\/juan-rulfo-frases-mujeres\/\" \/>\n<meta property=\"og:site_name\" content=\"So Close\" \/>\n<meta property=\"article:author\" content=\"www.facebook.com\/mikexever\/\" \/>\n<meta property=\"article:published_time\" content=\"2022-02-25T05:43:57+00:00\" \/>\n<meta property=\"article:modified_time\" content=\"2022-02-25T05:50:19+00:00\" \/>\n<meta property=\"og:image\" content=\"https:\/\/i0.wp.com\/soclose.mx\/blog\/wp-content\/uploads\/2022\/02\/Copia-de-Principal-So-Close-blog-20.png?fit=1240%2C700&ssl=1\" \/>\n\t<meta property=\"og:image:width\" content=\"1240\" \/>\n\t<meta property=\"og:image:height\" content=\"700\" \/>\n\t<meta property=\"og:image:type\" content=\"image\/png\" \/>\n<meta name=\"author\" content=\"Miguel Angel Romero\" \/>\n<meta name=\"twitter:card\" content=\"summary_large_image\" \/>\n<meta name=\"twitter:creator\" content=\"@Mikerecomienda\" \/>\n<meta name=\"twitter:label1\" content=\"Escrito por\" \/>\n\t<meta name=\"twitter:data1\" content=\"Miguel Angel Romero\" \/>\n\t<meta name=\"twitter:label2\" content=\"Tiempo de lectura\" \/>\n\t<meta name=\"twitter:data2\" content=\"1 minuto\" \/>\n<script type=\"application\/ld+json\" class=\"yoast-schema-graph\">{\"@context\":\"https:\/\/schema.org\",\"@graph\":[{\"@type\":\"Article\",\"@id\":\"https:\/\/soclose.mx\/blog\/tag\/juan-rulfo-frases-mujeres\/#article\",\"isPartOf\":{\"@id\":\"https:\/\/soclose.mx\/blog\/tag\/juan-rulfo-frases-mujeres\/\"},\"author\":{\"name\":\"Miguel Angel Romero\",\"@id\":\"https:\/\/soclose.mx\/blog\/#\/schema\/person\/cddec6ccd5d7037d286395fb411e23f1\"},\"headline\":\"El significado de los colores y el escudo de la bandera de M\u00e9xico\",\"datePublished\":\"2022-02-25T05:43:57+00:00\",\"dateModified\":\"2022-02-25T05:50:19+00:00\",\"mainEntityOfPage\":{\"@id\":\"https:\/\/soclose.mx\/blog\/tag\/juan-rulfo-frases-mujeres\/\"},\"wordCount\":210,\"commentCount\":0,\"publisher\":{\"@id\":\"https:\/\/soclose.mx\/blog\/#organization\"},\"image\":{\"@id\":\"https:\/\/soclose.mx\/blog\/tag\/juan-rulfo-frases-mujeres\/#primaryimage\"},\"thumbnailUrl\":\"https:\/\/i0.wp.com\/soclose.mx\/blog\/wp-content\/uploads\/2022\/02\/Copia-de-Principal-So-Close-blog-20.png?fit=1240%2C700&ssl=1\",\"keywords\":[\"bandera\",\"mexico\"],\"articleSection\":[\"\u00a1Ay goeeee!\"],\"inLanguage\":\"es\",\"potentialAction\":[{\"@type\":\"CommentAction\",\"name\":\"Comment\",\"target\":[\"https:\/\/soclose.mx\/blog\/tag\/juan-rulfo-frases-mujeres\/#respond\"]}]},{\"@type\":\"WebPage\",\"@id\":\"https:\/\/soclose.mx\/blog\/tag\/juan-rulfo-frases-mujeres\/\",\"url\":\"https:\/\/soclose.mx\/blog\/tag\/juan-rulfo-frases-mujeres\/\",\"name\":\"El significado de los colores y el escudo de la bandera de M\u00e9xico - So Close\",\"isPartOf\":{\"@id\":\"https:\/\/soclose.mx\/blog\/#website\"},\"primaryImageOfPage\":{\"@id\":\"https:\/\/soclose.mx\/blog\/tag\/juan-rulfo-frases-mujeres\/#primaryimage\"},\"image\":{\"@id\":\"https:\/\/soclose.mx\/blog\/tag\/juan-rulfo-frases-mujeres\/#primaryimage\"},\"thumbnailUrl\":\"https:\/\/i0.wp.com\/soclose.mx\/blog\/wp-content\/uploads\/2022\/02\/Copia-de-Principal-So-Close-blog-20.png?fit=1240%2C700&ssl=1\",\"datePublished\":\"2022-02-25T05:43:57+00:00\",\"dateModified\":\"2022-02-25T05:50:19+00:00\",\"description\":\"Nuestra gran bandera tiene una historia que se remonta hasta la fundaci\u00f3n de la poderosa cultura mexica en el valle de M\u00e9xico.\",\"breadcrumb\":{\"@id\":\"https:\/\/soclose.mx\/blog\/tag\/juan-rulfo-frases-mujeres\/#breadcrumb\"},\"inLanguage\":\"es\",\"potentialAction\":[{\"@type\":\"ReadAction\",\"target\":[\"https:\/\/soclose.mx\/blog\/tag\/juan-rulfo-frases-mujeres\/\"]}]},{\"@type\":\"ImageObject\",\"inLanguage\":\"es\",\"@id\":\"https:\/\/soclose.mx\/blog\/tag\/juan-rulfo-frases-mujeres\/#primaryimage\",\"url\":\"https:\/\/i0.wp.com\/soclose.mx\/blog\/wp-content\/uploads\/2022\/02\/Copia-de-Principal-So-Close-blog-20.png?fit=1240%2C700&ssl=1\",\"contentUrl\":\"https:\/\/i0.wp.com\/soclose.mx\/blog\/wp-content\/uploads\/2022\/02\/Copia-de-Principal-So-Close-blog-20.png?fit=1240%2C700&ssl=1\",\"width\":1240,\"height\":700},{\"@type\":\"BreadcrumbList\",\"@id\":\"https:\/\/soclose.mx\/blog\/tag\/juan-rulfo-frases-mujeres\/#breadcrumb\",\"itemListElement\":[{\"@type\":\"ListItem\",\"position\":1,\"name\":\"Inicio\",\"item\":\"https:\/\/soclose.mx\/blog\/\"},{\"@type\":\"ListItem\",\"position\":2,\"name\":\"El significado de los colores y el escudo de la bandera de M\u00e9xico\"}]},{\"@type\":\"WebSite\",\"@id\":\"https:\/\/soclose.mx\/blog\/#website\",\"url\":\"https:\/\/soclose.mx\/blog\/\",\"name\":\"So Close\",\"description\":\"Hacemos contenidos de M\u00e9xico\",\"publisher\":{\"@id\":\"https:\/\/soclose.mx\/blog\/#organization\"},\"potentialAction\":[{\"@type\":\"SearchAction\",\"target\":{\"@type\":\"EntryPoint\",\"urlTemplate\":\"https:\/\/soclose.mx\/blog\/?s={search_term_string}\"},\"query-input\":{\"@type\":\"PropertyValueSpecification\",\"valueRequired\":true,\"valueName\":\"search_term_string\"}}],\"inLanguage\":\"es\"},{\"@type\":\"Organization\",\"@id\":\"https:\/\/soclose.mx\/blog\/#organization\",\"name\":\"So Close\",\"url\":\"https:\/\/soclose.mx\/blog\/\",\"logo\":{\"@type\":\"ImageObject\",\"inLanguage\":\"es\",\"@id\":\"https:\/\/soclose.mx\/blog\/#\/schema\/logo\/image\/\",\"url\":\"https:\/\/i0.wp.com\/soclose.mx\/blog\/wp-content\/uploads\/2020\/12\/LOGO_SOCLOSE_COLOR-e1608310133507.png?fit=2858%2C1264&ssl=1\",\"contentUrl\":\"https:\/\/i0.wp.com\/soclose.mx\/blog\/wp-content\/uploads\/2020\/12\/LOGO_SOCLOSE_COLOR-e1608310133507.png?fit=2858%2C1264&ssl=1\",\"width\":2858,\"height\":1264,\"caption\":\"So Close\"},\"image\":{\"@id\":\"https:\/\/soclose.mx\/blog\/#\/schema\/logo\/image\/\"}},{\"@type\":\"Person\",\"@id\":\"https:\/\/soclose.mx\/blog\/#\/schema\/person\/cddec6ccd5d7037d286395fb411e23f1\",\"name\":\"Miguel Angel Romero\",\"image\":{\"@type\":\"ImageObject\",\"inLanguage\":\"es\",\"@id\":\"https:\/\/soclose.mx\/blog\/#\/schema\/person\/image\/\",\"url\":\"https:\/\/secure.gravatar.com\/avatar\/45b44006b4f93497bb24d251f77bc39385015bfa120582412df580dbfcbb14f3?s=96&d=mm&r=g\",\"contentUrl\":\"https:\/\/secure.gravatar.com\/avatar\/45b44006b4f93497bb24d251f77bc39385015bfa120582412df580dbfcbb14f3?s=96&d=mm&r=g\",\"caption\":\"Miguel Angel Romero\"},\"sameAs\":[\"http:\/\/\/mikexever.blogspot.com\/\",\"www.facebook.com\/mikexever\/\",\"https:\/\/x.com\/Mikerecomienda\"],\"url\":\"https:\/\/soclose.mx\/blog\/author\/mike\/\"}]}<\/script>\n<!-- \/ Yoast SEO plugin. -->","yoast_head_json":{"title":"El significado de los colores y el escudo de la bandera de M\u00e9xico - So Close","description":"Nuestra gran bandera tiene una historia que se remonta hasta la fundaci\u00f3n de la poderosa cultura mexica en el valle de M\u00e9xico.","robots":{"index":"index","follow":"follow","max-snippet":"max-snippet:-1","max-image-preview":"max-image-preview:large","max-video-preview":"max-video-preview:-1"},"canonical":"https:\/\/soclose.mx\/blog\/tag\/juan-rulfo-frases-mujeres\/","og_locale":"es_MX","og_type":"article","og_title":"El significado de los colores y el escudo de la bandera de M\u00e9xico - So Close","og_description":"Nuestra gran bandera tiene una historia que se remonta hasta la fundaci\u00f3n de la poderosa cultura mexica en el valle de M\u00e9xico.","og_url":"https:\/\/soclose.mx\/blog\/tag\/juan-rulfo-frases-mujeres\/","og_site_name":"So Close","article_author":"www.facebook.com\/mikexever\/","article_published_time":"2022-02-25T05:43:57+00:00","article_modified_time":"2022-02-25T05:50:19+00:00","og_image":[{"width":1240,"height":700,"url":"https:\/\/i0.wp.com\/soclose.mx\/blog\/wp-content\/uploads\/2022\/02\/Copia-de-Principal-So-Close-blog-20.png?fit=1240%2C700&ssl=1","type":"image\/png"}],"author":"Miguel Angel Romero","twitter_card":"summary_large_image","twitter_creator":"@Mikerecomienda","twitter_misc":{"Escrito por":"Miguel Angel Romero","Tiempo de lectura":"1 minuto"},"schema":{"@context":"https:\/\/schema.org","@graph":[{"@type":"Article","@id":"https:\/\/soclose.mx\/blog\/tag\/juan-rulfo-frases-mujeres\/#article","isPartOf":{"@id":"https:\/\/soclose.mx\/blog\/tag\/juan-rulfo-frases-mujeres\/"},"author":{"name":"Miguel Angel Romero","@id":"https:\/\/soclose.mx\/blog\/#\/schema\/person\/cddec6ccd5d7037d286395fb411e23f1"},"headline":"El significado de los colores y el escudo de la bandera de M\u00e9xico","datePublished":"2022-02-25T05:43:57+00:00","dateModified":"2022-02-25T05:50:19+00:00","mainEntityOfPage":{"@id":"https:\/\/soclose.mx\/blog\/tag\/juan-rulfo-frases-mujeres\/"},"wordCount":210,"commentCount":0,"publisher":{"@id":"https:\/\/soclose.mx\/blog\/#organization"},"image":{"@id":"https:\/\/soclose.mx\/blog\/tag\/juan-rulfo-frases-mujeres\/#primaryimage"},"thumbnailUrl":"https:\/\/i0.wp.com\/soclose.mx\/blog\/wp-content\/uploads\/2022\/02\/Copia-de-Principal-So-Close-blog-20.png?fit=1240%2C700&ssl=1","keywords":["bandera","mexico"],"articleSection":["\u00a1Ay goeeee!"],"inLanguage":"es","potentialAction":[{"@type":"CommentAction","name":"Comment","target":["https:\/\/soclose.mx\/blog\/tag\/juan-rulfo-frases-mujeres\/#respond"]}]},{"@type":"WebPage","@id":"https:\/\/soclose.mx\/blog\/tag\/juan-rulfo-frases-mujeres\/","url":"https:\/\/soclose.mx\/blog\/tag\/juan-rulfo-frases-mujeres\/","name":"El significado de los colores y el escudo de la bandera de M\u00e9xico - So Close","isPartOf":{"@id":"https:\/\/soclose.mx\/blog\/#website"},"primaryImageOfPage":{"@id":"https:\/\/soclose.mx\/blog\/tag\/juan-rulfo-frases-mujeres\/#primaryimage"},"image":{"@id":"https:\/\/soclose.mx\/blog\/tag\/juan-rulfo-frases-mujeres\/#primaryimage"},"thumbnailUrl":"https:\/\/i0.wp.com\/soclose.mx\/blog\/wp-content\/uploads\/2022\/02\/Copia-de-Principal-So-Close-blog-20.png?fit=1240%2C700&ssl=1","datePublished":"2022-02-25T05:43:57+00:00","dateModified":"2022-02-25T05:50:19+00:00","description":"Nuestra gran bandera tiene una historia que se remonta hasta la fundaci\u00f3n de la poderosa cultura mexica en el valle de M\u00e9xico.","breadcrumb":{"@id":"https:\/\/soclose.mx\/blog\/tag\/juan-rulfo-frases-mujeres\/#breadcrumb"},"inLanguage":"es","potentialAction":[{"@type":"ReadAction","target":["https:\/\/soclose.mx\/blog\/tag\/juan-rulfo-frases-mujeres\/"]}]},{"@type":"ImageObject","inLanguage":"es","@id":"https:\/\/soclose.mx\/blog\/tag\/juan-rulfo-frases-mujeres\/#primaryimage","url":"https:\/\/i0.wp.com\/soclose.mx\/blog\/wp-content\/uploads\/2022\/02\/Copia-de-Principal-So-Close-blog-20.png?fit=1240%2C700&ssl=1","contentUrl":"https:\/\/i0.wp.com\/soclose.mx\/blog\/wp-content\/uploads\/2022\/02\/Copia-de-Principal-So-Close-blog-20.png?fit=1240%2C700&ssl=1","width":1240,"height":700},{"@type":"BreadcrumbList","@id":"https:\/\/soclose.mx\/blog\/tag\/juan-rulfo-frases-mujeres\/#breadcrumb","itemListElement":[{"@type":"ListItem","position":1,"name":"Inicio","item":"https:\/\/soclose.mx\/blog\/"},{"@type":"ListItem","position":2,"name":"El significado de los colores y el escudo de la bandera de M\u00e9xico"}]},{"@type":"WebSite","@id":"https:\/\/soclose.mx\/blog\/#website","url":"https:\/\/soclose.mx\/blog\/","name":"So Close","description":"Hacemos contenidos de M\u00e9xico","publisher":{"@id":"https:\/\/soclose.mx\/blog\/#organization"},"potentialAction":[{"@type":"SearchAction","target":{"@type":"EntryPoint","urlTemplate":"https:\/\/soclose.mx\/blog\/?s={search_term_string}"},"query-input":{"@type":"PropertyValueSpecification","valueRequired":true,"valueName":"search_term_string"}}],"inLanguage":"es"},{"@type":"Organization","@id":"https:\/\/soclose.mx\/blog\/#organization","name":"So Close","url":"https:\/\/soclose.mx\/blog\/","logo":{"@type":"ImageObject","inLanguage":"es","@id":"https:\/\/soclose.mx\/blog\/#\/schema\/logo\/image\/","url":"https:\/\/i0.wp.com\/soclose.mx\/blog\/wp-content\/uploads\/2020\/12\/LOGO_SOCLOSE_COLOR-e1608310133507.png?fit=2858%2C1264&ssl=1","contentUrl":"https:\/\/i0.wp.com\/soclose.mx\/blog\/wp-content\/uploads\/2020\/12\/LOGO_SOCLOSE_COLOR-e1608310133507.png?fit=2858%2C1264&ssl=1","width":2858,"height":1264,"caption":"So Close"},"image":{"@id":"https:\/\/soclose.mx\/blog\/#\/schema\/logo\/image\/"}},{"@type":"Person","@id":"https:\/\/soclose.mx\/blog\/#\/schema\/person\/cddec6ccd5d7037d286395fb411e23f1","name":"Miguel Angel Romero","image":{"@type":"ImageObject","inLanguage":"es","@id":"https:\/\/soclose.mx\/blog\/#\/schema\/person\/image\/","url":"https:\/\/secure.gravatar.com\/avatar\/45b44006b4f93497bb24d251f77bc39385015bfa120582412df580dbfcbb14f3?s=96&d=mm&r=g","contentUrl":"https:\/\/secure.gravatar.com\/avatar\/45b44006b4f93497bb24d251f77bc39385015bfa120582412df580dbfcbb14f3?s=96&d=mm&r=g","caption":"Miguel Angel Romero"},"sameAs":["http:\/\/\/mikexever.blogspot.com\/","www.facebook.com\/mikexever\/","https:\/\/x.com\/Mikerecomienda"],"url":"https:\/\/soclose.mx\/blog\/author\/mike\/"}]}},"jetpack_featured_media_url":"https:\/\/i0.wp.com\/soclose.mx\/blog\/wp-content\/uploads\/2022\/02\/Copia-de-Principal-So-Close-blog-20.png?fit=1240%2C700&ssl=1","jetpack-related-posts":[{"id":6043,"url":"https:\/\/soclose.mx\/blog\/news-feed\/la-bandera-trigarante-regresa-despues-de-200-anos-a-morelia\/","url_meta":{"origin":9099,"position":0},"title":"La Bandera Trigarante regresa despu\u00e9s de 200 a\u00f1os a Morelia","author":"So Close","date":"12 mayo, 2021","format":false,"excerpt":"La muestra 200 a\u00f1os de la promulgaci\u00f3n del Plan de Iguala podr\u00e1 visitarse del 11 al 20 de mayo en el Museo Regional Michoacano; entrada libre. Hace dos siglos, en mayo de 1821, el vallisoletano (proveniente de Valladolid) Agust\u00edn de Iturbide regresaba triunfante a su ciudad natal \u2013hoy Morelia\u2013, semanas\u2026","rel":"","context":"En &quot;News feed&quot;","block_context":{"text":"News feed","link":"https:\/\/soclose.mx\/blog\/category\/news-feed\/"},"img":{"alt_text":"","src":"https:\/\/i0.wp.com\/soclose.mx\/blog\/wp-content\/uploads\/2021\/05\/Museo-Regional-Michoacano.jpeg?fit=1200%2C677&ssl=1&resize=350%2C200","width":350,"height":200,"srcset":"https:\/\/i0.wp.com\/soclose.mx\/blog\/wp-content\/uploads\/2021\/05\/Museo-Regional-Michoacano.jpeg?fit=1200%2C677&ssl=1&resize=350%2C200 1x, https:\/\/i0.wp.com\/soclose.mx\/blog\/wp-content\/uploads\/2021\/05\/Museo-Regional-Michoacano.jpeg?fit=1200%2C677&ssl=1&resize=525%2C300 1.5x, https:\/\/i0.wp.com\/soclose.mx\/blog\/wp-content\/uploads\/2021\/05\/Museo-Regional-Michoacano.jpeg?fit=1200%2C677&ssl=1&resize=700%2C400 2x, https:\/\/i0.wp.com\/soclose.mx\/blog\/wp-content\/uploads\/2021\/05\/Museo-Regional-Michoacano.jpeg?fit=1200%2C677&ssl=1&resize=1050%2C600 3x"},"classes":[]},{"id":5989,"url":"https:\/\/soclose.mx\/blog\/news-feed\/cumplen-100-anos-escudo-y-lema-de-la-unam-por-mi-raza-hablara-el-espiritu\/","url_meta":{"origin":9099,"position":1},"title":"Cumplen 100 a\u00f1os escudo y lema de la UNAM: \u201cPor mi raza hablar\u00e1 el esp\u00edritu\u201d","author":"So Close","date":"27 abril, 2021","format":false,"excerpt":"Este 27 de abril se cumple un siglo de que el Consejo de Educaci\u00f3n mexicano aprobara, a propuesta del rector Jos\u00e9 Vasconcelos, el escudo y el lema de la Universidad Nacional Aut\u00f3noma de M\u00e9xico (UNAM). S\u00edmbolos de identidad universitaria, el escudo que muestra el lema \u201cPor mi raza hablar\u00e1 el\u2026","rel":"","context":"En &quot;News feed&quot;","block_context":{"text":"News feed","link":"https:\/\/soclose.mx\/blog\/category\/news-feed\/"},"img":{"alt_text":"","src":"https:\/\/i0.wp.com\/soclose.mx\/blog\/wp-content\/uploads\/2021\/04\/Principal-So-Close-blog.jpg?fit=1200%2C677&ssl=1&resize=350%2C200","width":350,"height":200,"srcset":"https:\/\/i0.wp.com\/soclose.mx\/blog\/wp-content\/uploads\/2021\/04\/Principal-So-Close-blog.jpg?fit=1200%2C677&ssl=1&resize=350%2C200 1x, https:\/\/i0.wp.com\/soclose.mx\/blog\/wp-content\/uploads\/2021\/04\/Principal-So-Close-blog.jpg?fit=1200%2C677&ssl=1&resize=525%2C300 1.5x, https:\/\/i0.wp.com\/soclose.mx\/blog\/wp-content\/uploads\/2021\/04\/Principal-So-Close-blog.jpg?fit=1200%2C677&ssl=1&resize=700%2C400 2x, https:\/\/i0.wp.com\/soclose.mx\/blog\/wp-content\/uploads\/2021\/04\/Principal-So-Close-blog.jpg?fit=1200%2C677&ssl=1&resize=1050%2C600 3x"},"classes":[]},{"id":7729,"url":"https:\/\/soclose.mx\/blog\/ay-goeeee\/conoce-las-estrofas-que-le-quitaron-al-himno-nacional\/","url_meta":{"origin":9099,"position":2},"title":"Conoce las estrofas que le quitaron al Himno Nacional","author":"Miguel Angel Romero","date":"16 noviembre, 2021","format":false,"excerpt":"Seguramente esos lunes por la ma\u00f1ana en los que ten\u00edas que entonar a todo pulm\u00f3n el Himno Nacional,\u00a0nunca te enteraste que existen dos estrofas que fueron prohibidas. Recordemos que la obra maestra de Francisco Gonz\u00e1lez Bocanegra y Jaime Nun\u00f3 \u00a0fue usada por primera vez como Himno Nacional Mexicano durante los\u2026","rel":"","context":"En &quot;\u00a1Ay goeeee!&quot;","block_context":{"text":"\u00a1Ay goeeee!","link":"https:\/\/soclose.mx\/blog\/category\/ay-goeeee\/"},"img":{"alt_text":"","src":"https:\/\/i0.wp.com\/soclose.mx\/blog\/wp-content\/uploads\/2021\/11\/Copia-de-Principal-So-Close-blog-4.png?fit=1200%2C677&ssl=1&resize=350%2C200","width":350,"height":200,"srcset":"https:\/\/i0.wp.com\/soclose.mx\/blog\/wp-content\/uploads\/2021\/11\/Copia-de-Principal-So-Close-blog-4.png?fit=1200%2C677&ssl=1&resize=350%2C200 1x, https:\/\/i0.wp.com\/soclose.mx\/blog\/wp-content\/uploads\/2021\/11\/Copia-de-Principal-So-Close-blog-4.png?fit=1200%2C677&ssl=1&resize=525%2C300 1.5x, https:\/\/i0.wp.com\/soclose.mx\/blog\/wp-content\/uploads\/2021\/11\/Copia-de-Principal-So-Close-blog-4.png?fit=1200%2C677&ssl=1&resize=700%2C400 2x, https:\/\/i0.wp.com\/soclose.mx\/blog\/wp-content\/uploads\/2021\/11\/Copia-de-Principal-So-Close-blog-4.png?fit=1200%2C677&ssl=1&resize=1050%2C600 3x"},"classes":[]},{"id":6762,"url":"https:\/\/soclose.mx\/blog\/news-feed\/inauguran-exposicion-conmemorativa-del-bicentenario-del-plan-de-iguala\/","url_meta":{"origin":9099,"position":3},"title":"Lista la exposici\u00f3n del bicentenario del Plan de Iguala para que la visites","author":"Miguel Angel Romero","date":"4 agosto, 2021","format":false,"excerpt":"En el marco de las conmemoraciones emblem\u00e1ticas de 2021, \u201cA\u00f1o de la Grandeza y la Independencia de M\u00e9xico\u201d, la exposici\u00f3n \"200 a\u00f1os de la Promulgaci\u00f3n del Plan de Iguala\", organizada por la Secretar\u00eda de Cultura del Gobierno de M\u00e9xico, a trav\u00e9s del Instituto Nacional de Antropolog\u00eda e Historia (INAH), llega\u2026","rel":"","context":"En &quot;News feed&quot;","block_context":{"text":"News feed","link":"https:\/\/soclose.mx\/blog\/category\/news-feed\/"},"img":{"alt_text":"","src":"https:\/\/i0.wp.com\/soclose.mx\/blog\/wp-content\/uploads\/2021\/08\/foto_home_inah.png?fit=800%2C536&ssl=1&resize=350%2C200","width":350,"height":200,"srcset":"https:\/\/i0.wp.com\/soclose.mx\/blog\/wp-content\/uploads\/2021\/08\/foto_home_inah.png?fit=800%2C536&ssl=1&resize=350%2C200 1x, https:\/\/i0.wp.com\/soclose.mx\/blog\/wp-content\/uploads\/2021\/08\/foto_home_inah.png?fit=800%2C536&ssl=1&resize=525%2C300 1.5x, https:\/\/i0.wp.com\/soclose.mx\/blog\/wp-content\/uploads\/2021\/08\/foto_home_inah.png?fit=800%2C536&ssl=1&resize=700%2C400 2x"},"classes":[]},{"id":12037,"url":"https:\/\/soclose.mx\/blog\/a-la-mexicana\/independencia-mexico-asi-se-festeja-otros-paises\/","url_meta":{"origin":9099,"position":4},"title":"As\u00ed festejan en otros pa\u00edses la Independencia de M\u00e9xico","author":"Emmanuel Oviedo","date":"10 septiembre, 2023","format":false,"excerpt":"M\u00e9xico, no es el \u00fanico que se viste de verde, blanco y rojo cuando festejamos la Independencia. En la casa, las comidas t\u00edpicas, y en los cielos la pirotecnia despu\u00e9s del famoso \"Grito\" en el Z\u00f3calo Capitalino. Pero tambi\u00e9n, fuera de nuestras casas y de nuestro territorio nacional, otros pa\u00edses\u2026","rel":"","context":"En &quot;A la mexicana&quot;","block_context":{"text":"A la mexicana","link":"https:\/\/soclose.mx\/blog\/category\/a-la-mexicana\/"},"img":{"alt_text":"Independencia de M\u00e9xico Como celebran otros pa\u00edses","src":"https:\/\/i0.wp.com\/soclose.mx\/blog\/wp-content\/uploads\/2023\/07\/Independencia-de-Mexico-como-celebran-otros-paises.jpg?fit=1200%2C702&ssl=1&resize=350%2C200","width":350,"height":200,"srcset":"https:\/\/i0.wp.com\/soclose.mx\/blog\/wp-content\/uploads\/2023\/07\/Independencia-de-Mexico-como-celebran-otros-paises.jpg?fit=1200%2C702&ssl=1&resize=350%2C200 1x, https:\/\/i0.wp.com\/soclose.mx\/blog\/wp-content\/uploads\/2023\/07\/Independencia-de-Mexico-como-celebran-otros-paises.jpg?fit=1200%2C702&ssl=1&resize=525%2C300 1.5x, https:\/\/i0.wp.com\/soclose.mx\/blog\/wp-content\/uploads\/2023\/07\/Independencia-de-Mexico-como-celebran-otros-paises.jpg?fit=1200%2C702&ssl=1&resize=700%2C400 2x, https:\/\/i0.wp.com\/soclose.mx\/blog\/wp-content\/uploads\/2023\/07\/Independencia-de-Mexico-como-celebran-otros-paises.jpg?fit=1200%2C702&ssl=1&resize=1050%2C600 3x"},"classes":[]},{"id":9971,"url":"https:\/\/soclose.mx\/blog\/ay-goeeee\/de-edificio-nazi-a-refugio-de-comunidad-triqui\/","url_meta":{"origin":9099,"position":5},"title":"De edificio Nazi a refugio de comunidad triqui","author":"Daniel Ram\u00edrez","date":"25 mayo, 2022","format":false,"excerpt":"En el n\u00famero 23 de la calle de L\u00f3pez, en el Centro Hist\u00f3rico de la Ciudad de M\u00e9xico, se encuentra un edificio que alberga una comunidad triqui que vende artesan\u00edas y cosas t\u00edpicas mexicanas. Quien pase por ah\u00ed quiz\u00e1 no se imagina que ese lugar fue un sitio donde se\u2026","rel":"","context":"En &quot;\u00a1Ay goeeee!&quot;","block_context":{"text":"\u00a1Ay goeeee!","link":"https:\/\/soclose.mx\/blog\/category\/ay-goeeee\/"},"img":{"alt_text":"","src":"https:\/\/i0.wp.com\/soclose.mx\/blog\/wp-content\/uploads\/2022\/05\/WhatsApp-Image-2022-05-25-at-7.59.21-PM.jpeg?fit=847%2C699&ssl=1&resize=350%2C200","width":350,"height":200,"srcset":"https:\/\/i0.wp.com\/soclose.mx\/blog\/wp-content\/uploads\/2022\/05\/WhatsApp-Image-2022-05-25-at-7.59.21-PM.jpeg?fit=847%2C699&ssl=1&resize=350%2C200 1x, https:\/\/i0.wp.com\/soclose.mx\/blog\/wp-content\/uploads\/2022\/05\/WhatsApp-Image-2022-05-25-at-7.59.21-PM.jpeg?fit=847%2C699&ssl=1&resize=525%2C300 1.5x, https:\/\/i0.wp.com\/soclose.mx\/blog\/wp-content\/uploads\/2022\/05\/WhatsApp-Image-2022-05-25-at-7.59.21-PM.jpeg?fit=847%2C699&ssl=1&resize=700%2C400 2x"},"classes":[]}],"jetpack_sharing_enabled":true,"_links":{"self":[{"href":"https:\/\/soclose.mx\/blog\/wp-json\/wp\/v2\/posts\/9099","targetHints":{"allow":["GET"]}}],"collection":[{"href":"https:\/\/soclose.mx\/blog\/wp-json\/wp\/v2\/posts"}],"about":[{"href":"https:\/\/soclose.mx\/blog\/wp-json\/wp\/v2\/types\/post"}],"author":[{"embeddable":true,"href":"https:\/\/soclose.mx\/blog\/wp-json\/wp\/v2\/users\/8"}],"replies":[{"embeddable":true,"href":"https:\/\/soclose.mx\/blog\/wp-json\/wp\/v2\/comments?post=9099"}],"version-history":[{"count":0,"href":"https:\/\/soclose.mx\/blog\/wp-json\/wp\/v2\/posts\/9099\/revisions"}],"wp:featuredmedia":[{"embeddable":true,"href":"https:\/\/soclose.mx\/blog\/wp-json\/wp\/v2\/media\/9100"}],"wp:attachment":[{"href":"https:\/\/soclose.mx\/blog\/wp-json\/wp\/v2\/media?parent=9099"}],"wp:term":[{"taxonomy":"category","embeddable":true,"href":"https:\/\/soclose.mx\/blog\/wp-json\/wp\/v2\/categories?post=9099"},{"taxonomy":"post_tag","embeddable":true,"href":"https:\/\/soclose.mx\/blog\/wp-json\/wp\/v2\/tags?post=9099"}],"curies":[{"name":"wp","href":"https:\/\/api.w.org\/{rel}","templated":true}]}}