{"id":9128,"date":"2022-03-01T09:52:50","date_gmt":"2022-03-01T15:52:50","guid":{"rendered":"https:\/\/soclose.mx\/blog\/?p=9128"},"modified":"2022-02-28T22:33:37","modified_gmt":"2022-03-01T04:33:37","slug":"porfirio-diaz-tiene-una-avenida-con-su-nombre-en-francia","status":"publish","type":"post","link":"https:\/\/soclose.mx\/blog\/a-la-mexicana\/porfirio-diaz-tiene-una-avenida-con-su-nombre-en-francia\/","title":{"rendered":"Porfirio D\u00edaz tiene una avenida con su nombre&#8230; \u00bfen Francia?"},"content":{"rendered":"<p>As\u00ed es, por muy raro que parezca, tras ser exiliado de <a href=\"https:\/\/soclose.mx\/blog\/?s=mexico\" target=\"_blank\" rel=\"noopener\"><strong>M\u00e9xico<\/strong><\/a>, <strong>Porfirio D\u00edaz<\/strong> vivi\u00f3 sus \u00faltimos a\u00f1os en <strong>Francia<\/strong>, en este tiempo pas\u00f3 de ser considerado un h\u00e9roe tras luchar con los franceses a ser uno de los villanos, pero esto no impidi\u00f3 que en una localidad francesa se colocara su nombre en una avenida.<\/p>\n<p>Barcelonnette, ubicada en el Valle del Ubaye, cerca de los Alpes, es el lugar que rinde un homenaje al presidente mexicano que m\u00e1s tiempo estuvo en el poder.<br \/>\n<iframe loading=\"lazy\" style=\"border: 0;\" src=\"https:\/\/www.google.com\/maps\/embed?pb=!1m18!1m12!1m3!1d2851.2653635376687!2d6.653485191104744!3d44.38667414550449!2m3!1f0!2f0!3f0!3m2!1i1024!2i768!4f13.1!3m3!1m2!1s0x12cc91851a0c31ad%3A0xb355032d4912cce9!2sAv.%20Porfirio%20Diaz%2C%2004400%20Barcelonnette%2C%20Francia!5e0!3m2!1ses-419!2smx!4v1646107555731!5m2!1ses-419!2smx\" width=\"600\" height=\"450\" allowfullscreen=\"allowfullscreen\"><\/iframe><\/p>\n<p>El poblado es conocido por tener locales con comida mexicana y que combina la cultura de <strong>M\u00e9xico<\/strong> con la alpina, por lo que incluso esta localidad es conocida como <strong>La Mexicana<\/strong>.<\/p>\n<p>La avenida est\u00e1 rodeada de vallas de metas y varios \u00e1rboles, adem\u00e1s que de impresionantes casas, algunas de ellas de descendientes de migrantes franceses que vivieron en\u00a0 nuestro pa\u00eds y comenzaron a trabajar en el pa\u00eds.<\/p>\n<p>Recordemos que\u00a0 D\u00edaz muri\u00f3 el 2 de julio de 1915 en <strong>Par\u00eds, Francia<\/strong>. En un principio sus restos fueron sepultados en la iglesia de Saint Honor\u00e9 d\u2019Eylau, pero en 1921 fueron trasladados al pante\u00f3n de Montparnasse.<\/p>\n<p>&nbsp;<\/p>\n","protected":false},"excerpt":{"rendered":"<p>As\u00ed es, por muy raro que parezca, tras ser exiliado de M\u00e9xico, Porfirio D\u00edaz vivi\u00f3 sus \u00faltimos a\u00f1os en Francia, en este tiempo pas\u00f3 de ser considerado un h\u00e9roe tras luchar con los franceses a ser uno de los villanos, pero esto no impidi\u00f3 que en una localidad francesa se colocara su nombre en una avenida. Barcelonnette, ubicada en el Valle del Ubaye, cerca de los Alpes, es el lugar que rinde un homenaje al presidente mexicano que m\u00e1s tiempo estuvo en el poder. El poblado es conocido por tener locales con comida mexicana y que combina la cultura de<\/p>\n","protected":false},"author":8,"featured_media":9129,"comment_status":"open","ping_status":"open","sticky":false,"template":"","format":"standard","meta":{"_jetpack_memberships_contains_paid_content":false,"footnotes":""},"categories":[1778],"tags":[389,1052],"class_list":["post-9128","post","type-post","status-publish","format-standard","has-post-thumbnail","hentry","category-a-la-mexicana","tag-francia","tag-porfirio-diaz"],"yoast_head":"<!-- This site is optimized with the Yoast SEO plugin v26.7 - https:\/\/yoast.com\/wordpress\/plugins\/seo\/ -->\n<title>Porfirio D\u00edaz tiene una avenida con su nombre... \u00bfen Francia? - So Close<\/title>\n<meta name=\"description\" content=\"En 1907 se estableci\u00f3 que una avenida en una localidad en Francia llevar\u00e1 el nombre del ex mandatario mexicano.\" \/>\n<meta name=\"robots\" content=\"index, follow, max-snippet:-1, max-image-preview:large, max-video-preview:-1\" \/>\n<link rel=\"canonical\" href=\"https:\/\/soclose.mx\/blog\/tag\/juan-rulfo-frases-mujeres\/\" \/>\n<meta property=\"og:locale\" content=\"es_MX\" \/>\n<meta property=\"og:type\" content=\"article\" \/>\n<meta property=\"og:title\" content=\"Porfirio D\u00edaz tiene una avenida con su nombre... \u00bfen Francia? - So Close\" \/>\n<meta property=\"og:description\" content=\"En 1907 se estableci\u00f3 que una avenida en una localidad en Francia llevar\u00e1 el nombre del ex mandatario mexicano.\" \/>\n<meta property=\"og:url\" content=\"https:\/\/soclose.mx\/blog\/tag\/juan-rulfo-frases-mujeres\/\" \/>\n<meta property=\"og:site_name\" content=\"So Close\" \/>\n<meta property=\"article:author\" content=\"www.facebook.com\/mikexever\/\" \/>\n<meta property=\"article:published_time\" content=\"2022-03-01T15:52:50+00:00\" \/>\n<meta property=\"og:image\" content=\"https:\/\/i0.wp.com\/soclose.mx\/blog\/wp-content\/uploads\/2022\/02\/Copia-de-Principal-So-Close-blog-1-13.png?fit=1240%2C700&ssl=1\" \/>\n\t<meta property=\"og:image:width\" content=\"1240\" \/>\n\t<meta property=\"og:image:height\" content=\"700\" \/>\n\t<meta property=\"og:image:type\" content=\"image\/png\" \/>\n<meta name=\"author\" content=\"Miguel Angel Romero\" \/>\n<meta name=\"twitter:card\" content=\"summary_large_image\" \/>\n<meta name=\"twitter:creator\" content=\"@Mikerecomienda\" \/>\n<meta name=\"twitter:label1\" content=\"Escrito por\" \/>\n\t<meta name=\"twitter:data1\" content=\"Miguel Angel Romero\" \/>\n\t<meta name=\"twitter:label2\" content=\"Tiempo de lectura\" \/>\n\t<meta name=\"twitter:data2\" content=\"1 minuto\" \/>\n<script type=\"application\/ld+json\" class=\"yoast-schema-graph\">{\"@context\":\"https:\/\/schema.org\",\"@graph\":[{\"@type\":\"Article\",\"@id\":\"https:\/\/soclose.mx\/blog\/tag\/juan-rulfo-frases-mujeres\/#article\",\"isPartOf\":{\"@id\":\"https:\/\/soclose.mx\/blog\/tag\/juan-rulfo-frases-mujeres\/\"},\"author\":{\"name\":\"Miguel Angel Romero\",\"@id\":\"https:\/\/soclose.mx\/blog\/#\/schema\/person\/cddec6ccd5d7037d286395fb411e23f1\"},\"headline\":\"Porfirio D\u00edaz tiene una avenida con su nombre&#8230; \u00bfen Francia?\",\"datePublished\":\"2022-03-01T15:52:50+00:00\",\"mainEntityOfPage\":{\"@id\":\"https:\/\/soclose.mx\/blog\/tag\/juan-rulfo-frases-mujeres\/\"},\"wordCount\":209,\"commentCount\":0,\"publisher\":{\"@id\":\"https:\/\/soclose.mx\/blog\/#organization\"},\"image\":{\"@id\":\"https:\/\/soclose.mx\/blog\/tag\/juan-rulfo-frases-mujeres\/#primaryimage\"},\"thumbnailUrl\":\"https:\/\/i0.wp.com\/soclose.mx\/blog\/wp-content\/uploads\/2022\/02\/Copia-de-Principal-So-Close-blog-1-13.png?fit=1240%2C700&ssl=1\",\"keywords\":[\"francia\",\"porfirio d\u00edaz\"],\"articleSection\":[\"A la mexicana\"],\"inLanguage\":\"es\",\"potentialAction\":[{\"@type\":\"CommentAction\",\"name\":\"Comment\",\"target\":[\"https:\/\/soclose.mx\/blog\/tag\/juan-rulfo-frases-mujeres\/#respond\"]}]},{\"@type\":\"WebPage\",\"@id\":\"https:\/\/soclose.mx\/blog\/tag\/juan-rulfo-frases-mujeres\/\",\"url\":\"https:\/\/soclose.mx\/blog\/tag\/juan-rulfo-frases-mujeres\/\",\"name\":\"Porfirio D\u00edaz tiene una avenida con su nombre... \u00bfen Francia? - So Close\",\"isPartOf\":{\"@id\":\"https:\/\/soclose.mx\/blog\/#website\"},\"primaryImageOfPage\":{\"@id\":\"https:\/\/soclose.mx\/blog\/tag\/juan-rulfo-frases-mujeres\/#primaryimage\"},\"image\":{\"@id\":\"https:\/\/soclose.mx\/blog\/tag\/juan-rulfo-frases-mujeres\/#primaryimage\"},\"thumbnailUrl\":\"https:\/\/i0.wp.com\/soclose.mx\/blog\/wp-content\/uploads\/2022\/02\/Copia-de-Principal-So-Close-blog-1-13.png?fit=1240%2C700&ssl=1\",\"datePublished\":\"2022-03-01T15:52:50+00:00\",\"description\":\"En 1907 se estableci\u00f3 que una avenida en una localidad en Francia llevar\u00e1 el nombre del ex mandatario mexicano.\",\"breadcrumb\":{\"@id\":\"https:\/\/soclose.mx\/blog\/tag\/juan-rulfo-frases-mujeres\/#breadcrumb\"},\"inLanguage\":\"es\",\"potentialAction\":[{\"@type\":\"ReadAction\",\"target\":[\"https:\/\/soclose.mx\/blog\/tag\/juan-rulfo-frases-mujeres\/\"]}]},{\"@type\":\"ImageObject\",\"inLanguage\":\"es\",\"@id\":\"https:\/\/soclose.mx\/blog\/tag\/juan-rulfo-frases-mujeres\/#primaryimage\",\"url\":\"https:\/\/i0.wp.com\/soclose.mx\/blog\/wp-content\/uploads\/2022\/02\/Copia-de-Principal-So-Close-blog-1-13.png?fit=1240%2C700&ssl=1\",\"contentUrl\":\"https:\/\/i0.wp.com\/soclose.mx\/blog\/wp-content\/uploads\/2022\/02\/Copia-de-Principal-So-Close-blog-1-13.png?fit=1240%2C700&ssl=1\",\"width\":1240,\"height\":700},{\"@type\":\"BreadcrumbList\",\"@id\":\"https:\/\/soclose.mx\/blog\/tag\/juan-rulfo-frases-mujeres\/#breadcrumb\",\"itemListElement\":[{\"@type\":\"ListItem\",\"position\":1,\"name\":\"Inicio\",\"item\":\"https:\/\/soclose.mx\/blog\/\"},{\"@type\":\"ListItem\",\"position\":2,\"name\":\"Porfirio D\u00edaz tiene una avenida con su nombre&#8230; \u00bfen Francia?\"}]},{\"@type\":\"WebSite\",\"@id\":\"https:\/\/soclose.mx\/blog\/#website\",\"url\":\"https:\/\/soclose.mx\/blog\/\",\"name\":\"So Close\",\"description\":\"Hacemos contenidos de M\u00e9xico\",\"publisher\":{\"@id\":\"https:\/\/soclose.mx\/blog\/#organization\"},\"potentialAction\":[{\"@type\":\"SearchAction\",\"target\":{\"@type\":\"EntryPoint\",\"urlTemplate\":\"https:\/\/soclose.mx\/blog\/?s={search_term_string}\"},\"query-input\":{\"@type\":\"PropertyValueSpecification\",\"valueRequired\":true,\"valueName\":\"search_term_string\"}}],\"inLanguage\":\"es\"},{\"@type\":\"Organization\",\"@id\":\"https:\/\/soclose.mx\/blog\/#organization\",\"name\":\"So Close\",\"url\":\"https:\/\/soclose.mx\/blog\/\",\"logo\":{\"@type\":\"ImageObject\",\"inLanguage\":\"es\",\"@id\":\"https:\/\/soclose.mx\/blog\/#\/schema\/logo\/image\/\",\"url\":\"https:\/\/i0.wp.com\/soclose.mx\/blog\/wp-content\/uploads\/2020\/12\/LOGO_SOCLOSE_COLOR-e1608310133507.png?fit=2858%2C1264&ssl=1\",\"contentUrl\":\"https:\/\/i0.wp.com\/soclose.mx\/blog\/wp-content\/uploads\/2020\/12\/LOGO_SOCLOSE_COLOR-e1608310133507.png?fit=2858%2C1264&ssl=1\",\"width\":2858,\"height\":1264,\"caption\":\"So Close\"},\"image\":{\"@id\":\"https:\/\/soclose.mx\/blog\/#\/schema\/logo\/image\/\"}},{\"@type\":\"Person\",\"@id\":\"https:\/\/soclose.mx\/blog\/#\/schema\/person\/cddec6ccd5d7037d286395fb411e23f1\",\"name\":\"Miguel Angel Romero\",\"image\":{\"@type\":\"ImageObject\",\"inLanguage\":\"es\",\"@id\":\"https:\/\/soclose.mx\/blog\/#\/schema\/person\/image\/\",\"url\":\"https:\/\/secure.gravatar.com\/avatar\/45b44006b4f93497bb24d251f77bc39385015bfa120582412df580dbfcbb14f3?s=96&d=mm&r=g\",\"contentUrl\":\"https:\/\/secure.gravatar.com\/avatar\/45b44006b4f93497bb24d251f77bc39385015bfa120582412df580dbfcbb14f3?s=96&d=mm&r=g\",\"caption\":\"Miguel Angel Romero\"},\"sameAs\":[\"http:\/\/\/mikexever.blogspot.com\/\",\"www.facebook.com\/mikexever\/\",\"https:\/\/x.com\/Mikerecomienda\"],\"url\":\"https:\/\/soclose.mx\/blog\/author\/mike\/\"}]}<\/script>\n<!-- \/ Yoast SEO plugin. -->","yoast_head_json":{"title":"Porfirio D\u00edaz tiene una avenida con su nombre... \u00bfen Francia? - So Close","description":"En 1907 se estableci\u00f3 que una avenida en una localidad en Francia llevar\u00e1 el nombre del ex mandatario mexicano.","robots":{"index":"index","follow":"follow","max-snippet":"max-snippet:-1","max-image-preview":"max-image-preview:large","max-video-preview":"max-video-preview:-1"},"canonical":"https:\/\/soclose.mx\/blog\/tag\/juan-rulfo-frases-mujeres\/","og_locale":"es_MX","og_type":"article","og_title":"Porfirio D\u00edaz tiene una avenida con su nombre... \u00bfen Francia? - So Close","og_description":"En 1907 se estableci\u00f3 que una avenida en una localidad en Francia llevar\u00e1 el nombre del ex mandatario mexicano.","og_url":"https:\/\/soclose.mx\/blog\/tag\/juan-rulfo-frases-mujeres\/","og_site_name":"So Close","article_author":"www.facebook.com\/mikexever\/","article_published_time":"2022-03-01T15:52:50+00:00","og_image":[{"width":1240,"height":700,"url":"https:\/\/i0.wp.com\/soclose.mx\/blog\/wp-content\/uploads\/2022\/02\/Copia-de-Principal-So-Close-blog-1-13.png?fit=1240%2C700&ssl=1","type":"image\/png"}],"author":"Miguel Angel Romero","twitter_card":"summary_large_image","twitter_creator":"@Mikerecomienda","twitter_misc":{"Escrito por":"Miguel Angel Romero","Tiempo de lectura":"1 minuto"},"schema":{"@context":"https:\/\/schema.org","@graph":[{"@type":"Article","@id":"https:\/\/soclose.mx\/blog\/tag\/juan-rulfo-frases-mujeres\/#article","isPartOf":{"@id":"https:\/\/soclose.mx\/blog\/tag\/juan-rulfo-frases-mujeres\/"},"author":{"name":"Miguel Angel Romero","@id":"https:\/\/soclose.mx\/blog\/#\/schema\/person\/cddec6ccd5d7037d286395fb411e23f1"},"headline":"Porfirio D\u00edaz tiene una avenida con su nombre&#8230; \u00bfen Francia?","datePublished":"2022-03-01T15:52:50+00:00","mainEntityOfPage":{"@id":"https:\/\/soclose.mx\/blog\/tag\/juan-rulfo-frases-mujeres\/"},"wordCount":209,"commentCount":0,"publisher":{"@id":"https:\/\/soclose.mx\/blog\/#organization"},"image":{"@id":"https:\/\/soclose.mx\/blog\/tag\/juan-rulfo-frases-mujeres\/#primaryimage"},"thumbnailUrl":"https:\/\/i0.wp.com\/soclose.mx\/blog\/wp-content\/uploads\/2022\/02\/Copia-de-Principal-So-Close-blog-1-13.png?fit=1240%2C700&ssl=1","keywords":["francia","porfirio d\u00edaz"],"articleSection":["A la mexicana"],"inLanguage":"es","potentialAction":[{"@type":"CommentAction","name":"Comment","target":["https:\/\/soclose.mx\/blog\/tag\/juan-rulfo-frases-mujeres\/#respond"]}]},{"@type":"WebPage","@id":"https:\/\/soclose.mx\/blog\/tag\/juan-rulfo-frases-mujeres\/","url":"https:\/\/soclose.mx\/blog\/tag\/juan-rulfo-frases-mujeres\/","name":"Porfirio D\u00edaz tiene una avenida con su nombre... \u00bfen Francia? - So Close","isPartOf":{"@id":"https:\/\/soclose.mx\/blog\/#website"},"primaryImageOfPage":{"@id":"https:\/\/soclose.mx\/blog\/tag\/juan-rulfo-frases-mujeres\/#primaryimage"},"image":{"@id":"https:\/\/soclose.mx\/blog\/tag\/juan-rulfo-frases-mujeres\/#primaryimage"},"thumbnailUrl":"https:\/\/i0.wp.com\/soclose.mx\/blog\/wp-content\/uploads\/2022\/02\/Copia-de-Principal-So-Close-blog-1-13.png?fit=1240%2C700&ssl=1","datePublished":"2022-03-01T15:52:50+00:00","description":"En 1907 se estableci\u00f3 que una avenida en una localidad en Francia llevar\u00e1 el nombre del ex mandatario mexicano.","breadcrumb":{"@id":"https:\/\/soclose.mx\/blog\/tag\/juan-rulfo-frases-mujeres\/#breadcrumb"},"inLanguage":"es","potentialAction":[{"@type":"ReadAction","target":["https:\/\/soclose.mx\/blog\/tag\/juan-rulfo-frases-mujeres\/"]}]},{"@type":"ImageObject","inLanguage":"es","@id":"https:\/\/soclose.mx\/blog\/tag\/juan-rulfo-frases-mujeres\/#primaryimage","url":"https:\/\/i0.wp.com\/soclose.mx\/blog\/wp-content\/uploads\/2022\/02\/Copia-de-Principal-So-Close-blog-1-13.png?fit=1240%2C700&ssl=1","contentUrl":"https:\/\/i0.wp.com\/soclose.mx\/blog\/wp-content\/uploads\/2022\/02\/Copia-de-Principal-So-Close-blog-1-13.png?fit=1240%2C700&ssl=1","width":1240,"height":700},{"@type":"BreadcrumbList","@id":"https:\/\/soclose.mx\/blog\/tag\/juan-rulfo-frases-mujeres\/#breadcrumb","itemListElement":[{"@type":"ListItem","position":1,"name":"Inicio","item":"https:\/\/soclose.mx\/blog\/"},{"@type":"ListItem","position":2,"name":"Porfirio D\u00edaz tiene una avenida con su nombre&#8230; \u00bfen Francia?"}]},{"@type":"WebSite","@id":"https:\/\/soclose.mx\/blog\/#website","url":"https:\/\/soclose.mx\/blog\/","name":"So Close","description":"Hacemos contenidos de M\u00e9xico","publisher":{"@id":"https:\/\/soclose.mx\/blog\/#organization"},"potentialAction":[{"@type":"SearchAction","target":{"@type":"EntryPoint","urlTemplate":"https:\/\/soclose.mx\/blog\/?s={search_term_string}"},"query-input":{"@type":"PropertyValueSpecification","valueRequired":true,"valueName":"search_term_string"}}],"inLanguage":"es"},{"@type":"Organization","@id":"https:\/\/soclose.mx\/blog\/#organization","name":"So Close","url":"https:\/\/soclose.mx\/blog\/","logo":{"@type":"ImageObject","inLanguage":"es","@id":"https:\/\/soclose.mx\/blog\/#\/schema\/logo\/image\/","url":"https:\/\/i0.wp.com\/soclose.mx\/blog\/wp-content\/uploads\/2020\/12\/LOGO_SOCLOSE_COLOR-e1608310133507.png?fit=2858%2C1264&ssl=1","contentUrl":"https:\/\/i0.wp.com\/soclose.mx\/blog\/wp-content\/uploads\/2020\/12\/LOGO_SOCLOSE_COLOR-e1608310133507.png?fit=2858%2C1264&ssl=1","width":2858,"height":1264,"caption":"So Close"},"image":{"@id":"https:\/\/soclose.mx\/blog\/#\/schema\/logo\/image\/"}},{"@type":"Person","@id":"https:\/\/soclose.mx\/blog\/#\/schema\/person\/cddec6ccd5d7037d286395fb411e23f1","name":"Miguel Angel Romero","image":{"@type":"ImageObject","inLanguage":"es","@id":"https:\/\/soclose.mx\/blog\/#\/schema\/person\/image\/","url":"https:\/\/secure.gravatar.com\/avatar\/45b44006b4f93497bb24d251f77bc39385015bfa120582412df580dbfcbb14f3?s=96&d=mm&r=g","contentUrl":"https:\/\/secure.gravatar.com\/avatar\/45b44006b4f93497bb24d251f77bc39385015bfa120582412df580dbfcbb14f3?s=96&d=mm&r=g","caption":"Miguel Angel Romero"},"sameAs":["http:\/\/\/mikexever.blogspot.com\/","www.facebook.com\/mikexever\/","https:\/\/x.com\/Mikerecomienda"],"url":"https:\/\/soclose.mx\/blog\/author\/mike\/"}]}},"jetpack_featured_media_url":"https:\/\/i0.wp.com\/soclose.mx\/blog\/wp-content\/uploads\/2022\/02\/Copia-de-Principal-So-Close-blog-1-13.png?fit=1240%2C700&ssl=1","jetpack-related-posts":[{"id":6429,"url":"https:\/\/soclose.mx\/blog\/ay-goeeee\/10-datos-de-frida-kahlo-antes-de-ser-artista\/","url_meta":{"origin":9128,"position":0},"title":"10 datos de Frida Kahlo antes de ser artista","author":"So Close","date":"6 julio, 2021","format":false,"excerpt":"Magdalena Carmen Frida Kahlo Calder\u00f3n, nombre completo de la artista mexicana Frida Kahlo, naci\u00f3 el 6 de julio de 1907 en la Ciudad de M\u00e9xico y como todos sabemos, se cas\u00f3 con Diego Rivera, pero antes de eso y antes de conocer todo su arte, \u00bfqu\u00e9 vivi\u00f3 la peque\u00f1a \"Friducha\"?\u2026","rel":"","context":"En &quot;\u00a1Ay goeeee!&quot;","block_context":{"text":"\u00a1Ay goeeee!","link":"https:\/\/soclose.mx\/blog\/category\/ay-goeeee\/"},"img":{"alt_text":"","src":"https:\/\/i0.wp.com\/soclose.mx\/blog\/wp-content\/uploads\/2021\/07\/frida-kahlo.jpeg?fit=1200%2C677&ssl=1&resize=350%2C200","width":350,"height":200,"srcset":"https:\/\/i0.wp.com\/soclose.mx\/blog\/wp-content\/uploads\/2021\/07\/frida-kahlo.jpeg?fit=1200%2C677&ssl=1&resize=350%2C200 1x, https:\/\/i0.wp.com\/soclose.mx\/blog\/wp-content\/uploads\/2021\/07\/frida-kahlo.jpeg?fit=1200%2C677&ssl=1&resize=525%2C300 1.5x, https:\/\/i0.wp.com\/soclose.mx\/blog\/wp-content\/uploads\/2021\/07\/frida-kahlo.jpeg?fit=1200%2C677&ssl=1&resize=700%2C400 2x, https:\/\/i0.wp.com\/soclose.mx\/blog\/wp-content\/uploads\/2021\/07\/frida-kahlo.jpeg?fit=1200%2C677&ssl=1&resize=1050%2C600 3x"},"classes":[]},{"id":9379,"url":"https:\/\/soclose.mx\/blog\/ay-goeeee\/quien-fue-el-ahora-mas-famoso-felipe-angeles\/","url_meta":{"origin":9128,"position":1},"title":"\u00bfQui\u00e9n fue (el ahora m\u00e1s famoso) Felipe \u00c1ngeles?","author":"Miguel Angel Romero","date":"30 marzo, 2022","format":false,"excerpt":"\u00c9ste nombre lo hemos escuchado durante, al menos un a\u00f1o, casi por todas partes y no es para menos, as\u00ed se llama el \"esperado\" nuevo aeropuerto de nuestro pa\u00eds, pero, \u00bfsabes qui\u00e9n fue Felipe \u00c1ngeles? Fue un personaje clave de la Revoluci\u00f3n Mexicana, pues fue el \u00fanico general del ej\u00e9rcito\u2026","rel":"","context":"En &quot;\u00a1Ay goeeee!&quot;","block_context":{"text":"\u00a1Ay goeeee!","link":"https:\/\/soclose.mx\/blog\/category\/ay-goeeee\/"},"img":{"alt_text":"","src":"https:\/\/i0.wp.com\/soclose.mx\/blog\/wp-content\/uploads\/2022\/03\/Copia-de-Principal-So-Close-blog-7-1.png?fit=1200%2C677&ssl=1&resize=350%2C200","width":350,"height":200,"srcset":"https:\/\/i0.wp.com\/soclose.mx\/blog\/wp-content\/uploads\/2022\/03\/Copia-de-Principal-So-Close-blog-7-1.png?fit=1200%2C677&ssl=1&resize=350%2C200 1x, https:\/\/i0.wp.com\/soclose.mx\/blog\/wp-content\/uploads\/2022\/03\/Copia-de-Principal-So-Close-blog-7-1.png?fit=1200%2C677&ssl=1&resize=525%2C300 1.5x, https:\/\/i0.wp.com\/soclose.mx\/blog\/wp-content\/uploads\/2022\/03\/Copia-de-Principal-So-Close-blog-7-1.png?fit=1200%2C677&ssl=1&resize=700%2C400 2x, https:\/\/i0.wp.com\/soclose.mx\/blog\/wp-content\/uploads\/2022\/03\/Copia-de-Principal-So-Close-blog-7-1.png?fit=1200%2C677&ssl=1&resize=1050%2C600 3x"},"classes":[]},{"id":12205,"url":"https:\/\/soclose.mx\/blog\/a-la-mexicana\/datos-curiosos-no-conocias-ex-presidentes-mexico\/","url_meta":{"origin":9128,"position":2},"title":"Ex presidentes de M\u00e9xico: Datos curiosos que no conoc\u00edas","author":"Emmanuel Oviedo","date":"7 agosto, 2023","format":false,"excerpt":"La historia es mucho m\u00e1s que los libros de texto oficiales, fechas y nombres de pa\u00edses involucrados casi siempre en alguna guerra o conflicto. \u00bfTe imaginas que de pronto la clase de historia se convirtiera en una sorpresiva conferencia de chismes, amor\u00edos, datos curiosos y que los protagonistas sean los\u2026","rel":"","context":"En &quot;A la mexicana&quot;","block_context":{"text":"A la mexicana","link":"https:\/\/soclose.mx\/blog\/category\/a-la-mexicana\/"},"img":{"alt_text":"Ex presidentes de M\u00e9xico datos curiosos","src":"https:\/\/i0.wp.com\/soclose.mx\/blog\/wp-content\/uploads\/2023\/08\/Ex-presidentes-de-Mexico-datos-curiosos-chismes.jpg?fit=1200%2C984&ssl=1&resize=350%2C200","width":350,"height":200,"srcset":"https:\/\/i0.wp.com\/soclose.mx\/blog\/wp-content\/uploads\/2023\/08\/Ex-presidentes-de-Mexico-datos-curiosos-chismes.jpg?fit=1200%2C984&ssl=1&resize=350%2C200 1x, https:\/\/i0.wp.com\/soclose.mx\/blog\/wp-content\/uploads\/2023\/08\/Ex-presidentes-de-Mexico-datos-curiosos-chismes.jpg?fit=1200%2C984&ssl=1&resize=525%2C300 1.5x, https:\/\/i0.wp.com\/soclose.mx\/blog\/wp-content\/uploads\/2023\/08\/Ex-presidentes-de-Mexico-datos-curiosos-chismes.jpg?fit=1200%2C984&ssl=1&resize=700%2C400 2x, https:\/\/i0.wp.com\/soclose.mx\/blog\/wp-content\/uploads\/2023\/08\/Ex-presidentes-de-Mexico-datos-curiosos-chismes.jpg?fit=1200%2C984&ssl=1&resize=1050%2C600 3x"},"classes":[]},{"id":8532,"url":"https:\/\/soclose.mx\/blog\/ay-goeeee\/el-curioso-origen-del-tradicional-mariachi\/","url_meta":{"origin":9128,"position":3},"title":"El curioso origen del tradicional mariachi","author":"Miguel Angel Romero","date":"21 enero, 2022","format":false,"excerpt":"Entre las im\u00e1genes m\u00e1s representativas que nos vienen a la cabeza cuando hablamos de\u00a0M\u00e9xico se encuentra sin duda las canciones y el traje del mariachi, \u00bfcierto? Existen diferentes teor\u00edas sobre la aparici\u00f3n del mariachi, la m\u00e1s conocida indica que proviene del franc\u00e9s marriage, es decir boda o matrimonio, en la\u2026","rel":"","context":"En &quot;\u00a1Ay goeeee!&quot;","block_context":{"text":"\u00a1Ay goeeee!","link":"https:\/\/soclose.mx\/blog\/category\/ay-goeeee\/"},"img":{"alt_text":"","src":"https:\/\/i0.wp.com\/soclose.mx\/blog\/wp-content\/uploads\/2022\/01\/Copia-de-Principal-So-Close-blog-2-9.png?fit=1200%2C677&ssl=1&resize=350%2C200","width":350,"height":200,"srcset":"https:\/\/i0.wp.com\/soclose.mx\/blog\/wp-content\/uploads\/2022\/01\/Copia-de-Principal-So-Close-blog-2-9.png?fit=1200%2C677&ssl=1&resize=350%2C200 1x, https:\/\/i0.wp.com\/soclose.mx\/blog\/wp-content\/uploads\/2022\/01\/Copia-de-Principal-So-Close-blog-2-9.png?fit=1200%2C677&ssl=1&resize=525%2C300 1.5x, https:\/\/i0.wp.com\/soclose.mx\/blog\/wp-content\/uploads\/2022\/01\/Copia-de-Principal-So-Close-blog-2-9.png?fit=1200%2C677&ssl=1&resize=700%2C400 2x, https:\/\/i0.wp.com\/soclose.mx\/blog\/wp-content\/uploads\/2022\/01\/Copia-de-Principal-So-Close-blog-2-9.png?fit=1200%2C677&ssl=1&resize=1050%2C600 3x"},"classes":[]},{"id":6591,"url":"https:\/\/soclose.mx\/blog\/ay-goeeee\/5-datos-que-hacen-a-pancho-villa-un-revolucionario-nato\/","url_meta":{"origin":9128,"position":4},"title":"5 datos que hacen a Pancho Villa un revolucionario nato","author":"So Close","date":"21 julio, 2021","format":false,"excerpt":"Doroteo Arango Ar\u00e1mbula, mejor conocido como Pancho Villa, en la Hacienda en la que trabajaba, el m\u00e1s joven de los L\u00f3pez Negrete, intent\u00f3 abusar de su hermana, por lo Villa le dispar\u00f3. En 1910, al iniciar la Revoluci\u00f3n Mexicana, se uni\u00f3 a las filas maderistas para luchar contra la dictadura\u2026","rel":"","context":"En &quot;\u00a1Ay goeeee!&quot;","block_context":{"text":"\u00a1Ay goeeee!","link":"https:\/\/soclose.mx\/blog\/category\/ay-goeeee\/"},"img":{"alt_text":"Pancho Villa cartel recompensa","src":"https:\/\/i0.wp.com\/soclose.mx\/blog\/wp-content\/uploads\/2021\/07\/pancho-villa-emiliano-zapata.jpeg?fit=1200%2C677&ssl=1&resize=350%2C200","width":350,"height":200,"srcset":"https:\/\/i0.wp.com\/soclose.mx\/blog\/wp-content\/uploads\/2021\/07\/pancho-villa-emiliano-zapata.jpeg?fit=1200%2C677&ssl=1&resize=350%2C200 1x, https:\/\/i0.wp.com\/soclose.mx\/blog\/wp-content\/uploads\/2021\/07\/pancho-villa-emiliano-zapata.jpeg?fit=1200%2C677&ssl=1&resize=525%2C300 1.5x, https:\/\/i0.wp.com\/soclose.mx\/blog\/wp-content\/uploads\/2021\/07\/pancho-villa-emiliano-zapata.jpeg?fit=1200%2C677&ssl=1&resize=700%2C400 2x, https:\/\/i0.wp.com\/soclose.mx\/blog\/wp-content\/uploads\/2021\/07\/pancho-villa-emiliano-zapata.jpeg?fit=1200%2C677&ssl=1&resize=1050%2C600 3x"},"classes":[]},{"id":11076,"url":"https:\/\/soclose.mx\/blog\/ay-goeeee\/joto-cual-es-el-origen-de-este-termino\/","url_meta":{"origin":9128,"position":5},"title":"&#8220;Joto&#8221;, \u00bfcu\u00e1l es el origen de este t\u00e9rmino?","author":"Daniel Ram\u00edrez","date":"27 agosto, 2022","format":false,"excerpt":"El idioma espa\u00f1ol es muy rico y muy variado y conforme va pasando el tiempo, nuevos t\u00e9rminos se van agregando. Pero ahora nos detendremos para conocer el origen y uso de una palabra que hist\u00f3ricamente no ha sido usada de buena manera: \u201cjoto\u201d. El t\u00e9rmino naci\u00f3 en la c\u00e1rcel de\u2026","rel":"","context":"En &quot;\u00a1Ay goeeee!&quot;","block_context":{"text":"\u00a1Ay goeeee!","link":"https:\/\/soclose.mx\/blog\/category\/ay-goeeee\/"},"img":{"alt_text":"","src":"https:\/\/i0.wp.com\/soclose.mx\/blog\/wp-content\/uploads\/2022\/08\/lecumberri-joto.jpg?fit=660%2C420&ssl=1&resize=350%2C200","width":350,"height":200,"srcset":"https:\/\/i0.wp.com\/soclose.mx\/blog\/wp-content\/uploads\/2022\/08\/lecumberri-joto.jpg?fit=660%2C420&ssl=1&resize=350%2C200 1x, https:\/\/i0.wp.com\/soclose.mx\/blog\/wp-content\/uploads\/2022\/08\/lecumberri-joto.jpg?fit=660%2C420&ssl=1&resize=525%2C300 1.5x"},"classes":[]}],"jetpack_sharing_enabled":true,"_links":{"self":[{"href":"https:\/\/soclose.mx\/blog\/wp-json\/wp\/v2\/posts\/9128","targetHints":{"allow":["GET"]}}],"collection":[{"href":"https:\/\/soclose.mx\/blog\/wp-json\/wp\/v2\/posts"}],"about":[{"href":"https:\/\/soclose.mx\/blog\/wp-json\/wp\/v2\/types\/post"}],"author":[{"embeddable":true,"href":"https:\/\/soclose.mx\/blog\/wp-json\/wp\/v2\/users\/8"}],"replies":[{"embeddable":true,"href":"https:\/\/soclose.mx\/blog\/wp-json\/wp\/v2\/comments?post=9128"}],"version-history":[{"count":0,"href":"https:\/\/soclose.mx\/blog\/wp-json\/wp\/v2\/posts\/9128\/revisions"}],"wp:featuredmedia":[{"embeddable":true,"href":"https:\/\/soclose.mx\/blog\/wp-json\/wp\/v2\/media\/9129"}],"wp:attachment":[{"href":"https:\/\/soclose.mx\/blog\/wp-json\/wp\/v2\/media?parent=9128"}],"wp:term":[{"taxonomy":"category","embeddable":true,"href":"https:\/\/soclose.mx\/blog\/wp-json\/wp\/v2\/categories?post=9128"},{"taxonomy":"post_tag","embeddable":true,"href":"https:\/\/soclose.mx\/blog\/wp-json\/wp\/v2\/tags?post=9128"}],"curies":[{"name":"wp","href":"https:\/\/api.w.org\/{rel}","templated":true}]}}