{"id":9142,"date":"2022-03-01T00:01:43","date_gmt":"2022-03-01T06:01:43","guid":{"rendered":"https:\/\/soclose.mx\/blog\/?p=9142"},"modified":"2023-08-01T14:02:18","modified_gmt":"2023-08-01T20:02:18","slug":"el-es-jorge-viladoms-el-pianista-mexicano-que-se-presento-en-la-expo-dubai","status":"publish","type":"post","link":"https:\/\/soclose.mx\/blog\/news-feed\/el-es-jorge-viladoms-el-pianista-mexicano-que-se-presento-en-la-expo-dubai\/","title":{"rendered":"\u00c9l es Jorge Viladoms, el pianista mexicano que se present\u00f3 en la expo Dubai"},"content":{"rendered":"<p class=\"bajada\">El pianista <a href=\"https:\/\/soclose.mx\/blog\/?s=mexicano\" target=\"_blank\" rel=\"noopener\">mexicano<\/a> <strong>Jorge Viladoms<\/strong>\u00a0 estuvo acompa\u00f1ado de la bailarina <strong>Valeria<\/strong>\u00a0<strong>Alavez<\/strong>\u00a0y del violonchelista\u00a0<strong>Rolando<\/strong>\u00a0<strong>Fern\u00e1ndez<\/strong>\u00a0<strong>Lara<\/strong>, quienes deleitaron al p\u00fablico en los\u00a0<strong>Emiratos<\/strong>\u00a0<strong>\u00c1rabes<\/strong>\u00a0<strong>Unidos.<\/strong><\/p>\n<p class=\"bajada\">El espect\u00e1culo de primer nivel incluy\u00f3 interpretaciones de los compositores <strong>Philip Glass, Astor Piazzolla, Johann Sebastian Bach <\/strong>y del mexicano<strong> Manuel M. Ponce<\/strong>.<\/p>\n<p><strong>Viladoms<\/strong> naci\u00f3\u00a0en\u00a0<strong>Durango<\/strong>\u00a0en 1985 y comenz\u00f3\u00a0a tocar el piano a los\u00a0<strong>15<\/strong>\u00a0<strong>a\u00f1os<\/strong>. Luego de cuatro a\u00f1os de estudio ingres\u00f3\u00a0a la clase profesional en el\u00a0<strong>Conservatorio<\/strong>\u00a0<strong>de<\/strong>\u00a0<strong>M\u00fasica<\/strong>\u00a0<strong>de<\/strong>\u00a0<strong>Lausana<\/strong>\u00a0en\u00a0<strong>Suiza<\/strong><\/p>\n<p>Actualmente act\u00faa en las escenas internacionales m\u00e1s grandes siguiendo una carrera multifac\u00e9tica como pianista de concierto, profesor en el <strong>Conservatorio de Lausana<\/strong>, fundador de la <strong>Fundaci\u00f3n<\/strong>\u00a0<strong>Crescendo con la M\u00fasica y Embajador Rolex para las Artes en M\u00e9xico<\/strong>.<\/p>\n<p>Si quieres disfrutar su participaci\u00f3n, puedes verlo en la p\u00e1gina de <a href=\"https:\/\/fb.watch\/btrHuJ43mZ\/\" target=\"_blank\" rel=\"noopener\">Fb oficial<\/a>.<\/p>\n<p>&nbsp;<\/p>\n<p>&nbsp;<\/p>\n<p>&nbsp;<\/p>\n","protected":false},"excerpt":{"rendered":"<p>El pianista mexicano Jorge Viladoms\u00a0 estuvo acompa\u00f1ado de la bailarina Valeria\u00a0Alavez\u00a0y del violonchelista\u00a0Rolando\u00a0Fern\u00e1ndez\u00a0Lara, quienes deleitaron al p\u00fablico en los\u00a0Emiratos\u00a0\u00c1rabes\u00a0Unidos. El espect\u00e1culo de primer nivel incluy\u00f3 interpretaciones de los compositores Philip Glass, Astor Piazzolla, Johann Sebastian Bach y del mexicano Manuel M. Ponce. Viladoms naci\u00f3\u00a0en\u00a0Durango\u00a0en 1985 y comenz\u00f3\u00a0a tocar el piano a los\u00a015\u00a0a\u00f1os. Luego de cuatro a\u00f1os de estudio ingres\u00f3\u00a0a la clase profesional en el\u00a0Conservatorio\u00a0de\u00a0M\u00fasica\u00a0de\u00a0Lausana\u00a0en\u00a0Suiza Actualmente act\u00faa en las escenas internacionales m\u00e1s grandes siguiendo una carrera multifac\u00e9tica como pianista de concierto, profesor en el Conservatorio de Lausana, fundador de la Fundaci\u00f3n\u00a0Crescendo con la M\u00fasica y Embajador Rolex para las Artes en<\/p>\n","protected":false},"author":8,"featured_media":9143,"comment_status":"open","ping_status":"open","sticky":false,"template":"","format":"standard","meta":{"_jetpack_memberships_contains_paid_content":false,"footnotes":""},"categories":[628],"tags":[1808,1809],"class_list":["post-9142","post","type-post","status-publish","format-standard","has-post-thumbnail","hentry","category-news-feed","tag-jorge-viladoms","tag-pianista"],"yoast_head":"<!-- This site is optimized with the Yoast SEO plugin v26.7 - https:\/\/yoast.com\/wordpress\/plugins\/seo\/ -->\n<title>\u00c9l es Jorge Viladoms, el pianista mexicano que se present\u00f3 en la expo Dubai - So Close<\/title>\n<meta name=\"description\" content=\"Viladoms naci\u00f3\u00a0en\u00a0Durango\u00a0en 1985 y comenz\u00f3\u00a0a tocar el piano a los\u00a015\u00a0a\u00f1os.\" \/>\n<meta name=\"robots\" content=\"index, follow, max-snippet:-1, max-image-preview:large, max-video-preview:-1\" \/>\n<link rel=\"canonical\" href=\"https:\/\/soclose.mx\/blog\/tag\/juan-rulfo-frases-mujeres\/\" \/>\n<meta property=\"og:locale\" content=\"es_MX\" \/>\n<meta property=\"og:type\" content=\"article\" \/>\n<meta property=\"og:title\" content=\"\u00c9l es Jorge Viladoms, el pianista mexicano que se present\u00f3 en la expo Dubai - So Close\" \/>\n<meta property=\"og:description\" content=\"Viladoms naci\u00f3\u00a0en\u00a0Durango\u00a0en 1985 y comenz\u00f3\u00a0a tocar el piano a los\u00a015\u00a0a\u00f1os.\" \/>\n<meta property=\"og:url\" content=\"https:\/\/soclose.mx\/blog\/tag\/juan-rulfo-frases-mujeres\/\" \/>\n<meta property=\"og:site_name\" content=\"So Close\" \/>\n<meta property=\"article:author\" content=\"www.facebook.com\/mikexever\/\" \/>\n<meta property=\"article:published_time\" content=\"2022-03-01T06:01:43+00:00\" \/>\n<meta property=\"article:modified_time\" content=\"2023-08-01T20:02:18+00:00\" \/>\n<meta property=\"og:image\" content=\"https:\/\/i0.wp.com\/soclose.mx\/blog\/wp-content\/uploads\/2022\/02\/Copia-de-Principal-So-Close-blog-4-4.png?fit=1240%2C700&ssl=1\" \/>\n\t<meta property=\"og:image:width\" content=\"1240\" \/>\n\t<meta property=\"og:image:height\" content=\"700\" \/>\n\t<meta property=\"og:image:type\" content=\"image\/png\" \/>\n<meta name=\"author\" content=\"Miguel Angel Romero\" \/>\n<meta name=\"twitter:card\" content=\"summary_large_image\" \/>\n<meta name=\"twitter:creator\" content=\"@Mikerecomienda\" \/>\n<meta name=\"twitter:label1\" content=\"Escrito por\" \/>\n\t<meta name=\"twitter:data1\" content=\"Miguel Angel Romero\" \/>\n\t<meta name=\"twitter:label2\" content=\"Tiempo de lectura\" \/>\n\t<meta name=\"twitter:data2\" content=\"1 minuto\" \/>\n<script type=\"application\/ld+json\" class=\"yoast-schema-graph\">{\"@context\":\"https:\/\/schema.org\",\"@graph\":[{\"@type\":\"Article\",\"@id\":\"https:\/\/soclose.mx\/blog\/tag\/juan-rulfo-frases-mujeres\/#article\",\"isPartOf\":{\"@id\":\"https:\/\/soclose.mx\/blog\/tag\/juan-rulfo-frases-mujeres\/\"},\"author\":{\"name\":\"Miguel Angel Romero\",\"@id\":\"https:\/\/soclose.mx\/blog\/#\/schema\/person\/cddec6ccd5d7037d286395fb411e23f1\"},\"headline\":\"\u00c9l es Jorge Viladoms, el pianista mexicano que se present\u00f3 en la expo Dubai\",\"datePublished\":\"2022-03-01T06:01:43+00:00\",\"dateModified\":\"2023-08-01T20:02:18+00:00\",\"mainEntityOfPage\":{\"@id\":\"https:\/\/soclose.mx\/blog\/tag\/juan-rulfo-frases-mujeres\/\"},\"wordCount\":167,\"commentCount\":0,\"publisher\":{\"@id\":\"https:\/\/soclose.mx\/blog\/#organization\"},\"image\":{\"@id\":\"https:\/\/soclose.mx\/blog\/tag\/juan-rulfo-frases-mujeres\/#primaryimage\"},\"thumbnailUrl\":\"https:\/\/i0.wp.com\/soclose.mx\/blog\/wp-content\/uploads\/2022\/02\/Copia-de-Principal-So-Close-blog-4-4.png?fit=1240%2C700&ssl=1\",\"keywords\":[\"Jorge Viladoms\",\"pianista\"],\"articleSection\":[\"News feed\"],\"inLanguage\":\"es\",\"potentialAction\":[{\"@type\":\"CommentAction\",\"name\":\"Comment\",\"target\":[\"https:\/\/soclose.mx\/blog\/tag\/juan-rulfo-frases-mujeres\/#respond\"]}]},{\"@type\":\"WebPage\",\"@id\":\"https:\/\/soclose.mx\/blog\/tag\/juan-rulfo-frases-mujeres\/\",\"url\":\"https:\/\/soclose.mx\/blog\/tag\/juan-rulfo-frases-mujeres\/\",\"name\":\"\u00c9l es Jorge Viladoms, el pianista mexicano que se present\u00f3 en la expo Dubai - So Close\",\"isPartOf\":{\"@id\":\"https:\/\/soclose.mx\/blog\/#website\"},\"primaryImageOfPage\":{\"@id\":\"https:\/\/soclose.mx\/blog\/tag\/juan-rulfo-frases-mujeres\/#primaryimage\"},\"image\":{\"@id\":\"https:\/\/soclose.mx\/blog\/tag\/juan-rulfo-frases-mujeres\/#primaryimage\"},\"thumbnailUrl\":\"https:\/\/i0.wp.com\/soclose.mx\/blog\/wp-content\/uploads\/2022\/02\/Copia-de-Principal-So-Close-blog-4-4.png?fit=1240%2C700&ssl=1\",\"datePublished\":\"2022-03-01T06:01:43+00:00\",\"dateModified\":\"2023-08-01T20:02:18+00:00\",\"description\":\"Viladoms naci\u00f3\u00a0en\u00a0Durango\u00a0en 1985 y comenz\u00f3\u00a0a tocar el piano a los\u00a015\u00a0a\u00f1os.\",\"breadcrumb\":{\"@id\":\"https:\/\/soclose.mx\/blog\/tag\/juan-rulfo-frases-mujeres\/#breadcrumb\"},\"inLanguage\":\"es\",\"potentialAction\":[{\"@type\":\"ReadAction\",\"target\":[\"https:\/\/soclose.mx\/blog\/tag\/juan-rulfo-frases-mujeres\/\"]}]},{\"@type\":\"ImageObject\",\"inLanguage\":\"es\",\"@id\":\"https:\/\/soclose.mx\/blog\/tag\/juan-rulfo-frases-mujeres\/#primaryimage\",\"url\":\"https:\/\/i0.wp.com\/soclose.mx\/blog\/wp-content\/uploads\/2022\/02\/Copia-de-Principal-So-Close-blog-4-4.png?fit=1240%2C700&ssl=1\",\"contentUrl\":\"https:\/\/i0.wp.com\/soclose.mx\/blog\/wp-content\/uploads\/2022\/02\/Copia-de-Principal-So-Close-blog-4-4.png?fit=1240%2C700&ssl=1\",\"width\":1240,\"height\":700},{\"@type\":\"BreadcrumbList\",\"@id\":\"https:\/\/soclose.mx\/blog\/tag\/juan-rulfo-frases-mujeres\/#breadcrumb\",\"itemListElement\":[{\"@type\":\"ListItem\",\"position\":1,\"name\":\"Inicio\",\"item\":\"https:\/\/soclose.mx\/blog\/\"},{\"@type\":\"ListItem\",\"position\":2,\"name\":\"\u00c9l es Jorge Viladoms, el pianista mexicano que se present\u00f3 en la expo Dubai\"}]},{\"@type\":\"WebSite\",\"@id\":\"https:\/\/soclose.mx\/blog\/#website\",\"url\":\"https:\/\/soclose.mx\/blog\/\",\"name\":\"So Close\",\"description\":\"Hacemos contenidos de M\u00e9xico\",\"publisher\":{\"@id\":\"https:\/\/soclose.mx\/blog\/#organization\"},\"potentialAction\":[{\"@type\":\"SearchAction\",\"target\":{\"@type\":\"EntryPoint\",\"urlTemplate\":\"https:\/\/soclose.mx\/blog\/?s={search_term_string}\"},\"query-input\":{\"@type\":\"PropertyValueSpecification\",\"valueRequired\":true,\"valueName\":\"search_term_string\"}}],\"inLanguage\":\"es\"},{\"@type\":\"Organization\",\"@id\":\"https:\/\/soclose.mx\/blog\/#organization\",\"name\":\"So Close\",\"url\":\"https:\/\/soclose.mx\/blog\/\",\"logo\":{\"@type\":\"ImageObject\",\"inLanguage\":\"es\",\"@id\":\"https:\/\/soclose.mx\/blog\/#\/schema\/logo\/image\/\",\"url\":\"https:\/\/i0.wp.com\/soclose.mx\/blog\/wp-content\/uploads\/2020\/12\/LOGO_SOCLOSE_COLOR-e1608310133507.png?fit=2858%2C1264&ssl=1\",\"contentUrl\":\"https:\/\/i0.wp.com\/soclose.mx\/blog\/wp-content\/uploads\/2020\/12\/LOGO_SOCLOSE_COLOR-e1608310133507.png?fit=2858%2C1264&ssl=1\",\"width\":2858,\"height\":1264,\"caption\":\"So Close\"},\"image\":{\"@id\":\"https:\/\/soclose.mx\/blog\/#\/schema\/logo\/image\/\"}},{\"@type\":\"Person\",\"@id\":\"https:\/\/soclose.mx\/blog\/#\/schema\/person\/cddec6ccd5d7037d286395fb411e23f1\",\"name\":\"Miguel Angel Romero\",\"image\":{\"@type\":\"ImageObject\",\"inLanguage\":\"es\",\"@id\":\"https:\/\/soclose.mx\/blog\/#\/schema\/person\/image\/\",\"url\":\"https:\/\/secure.gravatar.com\/avatar\/45b44006b4f93497bb24d251f77bc39385015bfa120582412df580dbfcbb14f3?s=96&d=mm&r=g\",\"contentUrl\":\"https:\/\/secure.gravatar.com\/avatar\/45b44006b4f93497bb24d251f77bc39385015bfa120582412df580dbfcbb14f3?s=96&d=mm&r=g\",\"caption\":\"Miguel Angel Romero\"},\"sameAs\":[\"http:\/\/\/mikexever.blogspot.com\/\",\"www.facebook.com\/mikexever\/\",\"https:\/\/x.com\/Mikerecomienda\"],\"url\":\"https:\/\/soclose.mx\/blog\/author\/mike\/\"}]}<\/script>\n<!-- \/ Yoast SEO plugin. -->","yoast_head_json":{"title":"\u00c9l es Jorge Viladoms, el pianista mexicano que se present\u00f3 en la expo Dubai - So Close","description":"Viladoms naci\u00f3\u00a0en\u00a0Durango\u00a0en 1985 y comenz\u00f3\u00a0a tocar el piano a los\u00a015\u00a0a\u00f1os.","robots":{"index":"index","follow":"follow","max-snippet":"max-snippet:-1","max-image-preview":"max-image-preview:large","max-video-preview":"max-video-preview:-1"},"canonical":"https:\/\/soclose.mx\/blog\/tag\/juan-rulfo-frases-mujeres\/","og_locale":"es_MX","og_type":"article","og_title":"\u00c9l es Jorge Viladoms, el pianista mexicano que se present\u00f3 en la expo Dubai - So Close","og_description":"Viladoms naci\u00f3\u00a0en\u00a0Durango\u00a0en 1985 y comenz\u00f3\u00a0a tocar el piano a los\u00a015\u00a0a\u00f1os.","og_url":"https:\/\/soclose.mx\/blog\/tag\/juan-rulfo-frases-mujeres\/","og_site_name":"So Close","article_author":"www.facebook.com\/mikexever\/","article_published_time":"2022-03-01T06:01:43+00:00","article_modified_time":"2023-08-01T20:02:18+00:00","og_image":[{"width":1240,"height":700,"url":"https:\/\/i0.wp.com\/soclose.mx\/blog\/wp-content\/uploads\/2022\/02\/Copia-de-Principal-So-Close-blog-4-4.png?fit=1240%2C700&ssl=1","type":"image\/png"}],"author":"Miguel Angel Romero","twitter_card":"summary_large_image","twitter_creator":"@Mikerecomienda","twitter_misc":{"Escrito por":"Miguel Angel Romero","Tiempo de lectura":"1 minuto"},"schema":{"@context":"https:\/\/schema.org","@graph":[{"@type":"Article","@id":"https:\/\/soclose.mx\/blog\/tag\/juan-rulfo-frases-mujeres\/#article","isPartOf":{"@id":"https:\/\/soclose.mx\/blog\/tag\/juan-rulfo-frases-mujeres\/"},"author":{"name":"Miguel Angel Romero","@id":"https:\/\/soclose.mx\/blog\/#\/schema\/person\/cddec6ccd5d7037d286395fb411e23f1"},"headline":"\u00c9l es Jorge Viladoms, el pianista mexicano que se present\u00f3 en la expo Dubai","datePublished":"2022-03-01T06:01:43+00:00","dateModified":"2023-08-01T20:02:18+00:00","mainEntityOfPage":{"@id":"https:\/\/soclose.mx\/blog\/tag\/juan-rulfo-frases-mujeres\/"},"wordCount":167,"commentCount":0,"publisher":{"@id":"https:\/\/soclose.mx\/blog\/#organization"},"image":{"@id":"https:\/\/soclose.mx\/blog\/tag\/juan-rulfo-frases-mujeres\/#primaryimage"},"thumbnailUrl":"https:\/\/i0.wp.com\/soclose.mx\/blog\/wp-content\/uploads\/2022\/02\/Copia-de-Principal-So-Close-blog-4-4.png?fit=1240%2C700&ssl=1","keywords":["Jorge Viladoms","pianista"],"articleSection":["News feed"],"inLanguage":"es","potentialAction":[{"@type":"CommentAction","name":"Comment","target":["https:\/\/soclose.mx\/blog\/tag\/juan-rulfo-frases-mujeres\/#respond"]}]},{"@type":"WebPage","@id":"https:\/\/soclose.mx\/blog\/tag\/juan-rulfo-frases-mujeres\/","url":"https:\/\/soclose.mx\/blog\/tag\/juan-rulfo-frases-mujeres\/","name":"\u00c9l es Jorge Viladoms, el pianista mexicano que se present\u00f3 en la expo Dubai - So Close","isPartOf":{"@id":"https:\/\/soclose.mx\/blog\/#website"},"primaryImageOfPage":{"@id":"https:\/\/soclose.mx\/blog\/tag\/juan-rulfo-frases-mujeres\/#primaryimage"},"image":{"@id":"https:\/\/soclose.mx\/blog\/tag\/juan-rulfo-frases-mujeres\/#primaryimage"},"thumbnailUrl":"https:\/\/i0.wp.com\/soclose.mx\/blog\/wp-content\/uploads\/2022\/02\/Copia-de-Principal-So-Close-blog-4-4.png?fit=1240%2C700&ssl=1","datePublished":"2022-03-01T06:01:43+00:00","dateModified":"2023-08-01T20:02:18+00:00","description":"Viladoms naci\u00f3\u00a0en\u00a0Durango\u00a0en 1985 y comenz\u00f3\u00a0a tocar el piano a los\u00a015\u00a0a\u00f1os.","breadcrumb":{"@id":"https:\/\/soclose.mx\/blog\/tag\/juan-rulfo-frases-mujeres\/#breadcrumb"},"inLanguage":"es","potentialAction":[{"@type":"ReadAction","target":["https:\/\/soclose.mx\/blog\/tag\/juan-rulfo-frases-mujeres\/"]}]},{"@type":"ImageObject","inLanguage":"es","@id":"https:\/\/soclose.mx\/blog\/tag\/juan-rulfo-frases-mujeres\/#primaryimage","url":"https:\/\/i0.wp.com\/soclose.mx\/blog\/wp-content\/uploads\/2022\/02\/Copia-de-Principal-So-Close-blog-4-4.png?fit=1240%2C700&ssl=1","contentUrl":"https:\/\/i0.wp.com\/soclose.mx\/blog\/wp-content\/uploads\/2022\/02\/Copia-de-Principal-So-Close-blog-4-4.png?fit=1240%2C700&ssl=1","width":1240,"height":700},{"@type":"BreadcrumbList","@id":"https:\/\/soclose.mx\/blog\/tag\/juan-rulfo-frases-mujeres\/#breadcrumb","itemListElement":[{"@type":"ListItem","position":1,"name":"Inicio","item":"https:\/\/soclose.mx\/blog\/"},{"@type":"ListItem","position":2,"name":"\u00c9l es Jorge Viladoms, el pianista mexicano que se present\u00f3 en la expo Dubai"}]},{"@type":"WebSite","@id":"https:\/\/soclose.mx\/blog\/#website","url":"https:\/\/soclose.mx\/blog\/","name":"So Close","description":"Hacemos contenidos de M\u00e9xico","publisher":{"@id":"https:\/\/soclose.mx\/blog\/#organization"},"potentialAction":[{"@type":"SearchAction","target":{"@type":"EntryPoint","urlTemplate":"https:\/\/soclose.mx\/blog\/?s={search_term_string}"},"query-input":{"@type":"PropertyValueSpecification","valueRequired":true,"valueName":"search_term_string"}}],"inLanguage":"es"},{"@type":"Organization","@id":"https:\/\/soclose.mx\/blog\/#organization","name":"So Close","url":"https:\/\/soclose.mx\/blog\/","logo":{"@type":"ImageObject","inLanguage":"es","@id":"https:\/\/soclose.mx\/blog\/#\/schema\/logo\/image\/","url":"https:\/\/i0.wp.com\/soclose.mx\/blog\/wp-content\/uploads\/2020\/12\/LOGO_SOCLOSE_COLOR-e1608310133507.png?fit=2858%2C1264&ssl=1","contentUrl":"https:\/\/i0.wp.com\/soclose.mx\/blog\/wp-content\/uploads\/2020\/12\/LOGO_SOCLOSE_COLOR-e1608310133507.png?fit=2858%2C1264&ssl=1","width":2858,"height":1264,"caption":"So Close"},"image":{"@id":"https:\/\/soclose.mx\/blog\/#\/schema\/logo\/image\/"}},{"@type":"Person","@id":"https:\/\/soclose.mx\/blog\/#\/schema\/person\/cddec6ccd5d7037d286395fb411e23f1","name":"Miguel Angel Romero","image":{"@type":"ImageObject","inLanguage":"es","@id":"https:\/\/soclose.mx\/blog\/#\/schema\/person\/image\/","url":"https:\/\/secure.gravatar.com\/avatar\/45b44006b4f93497bb24d251f77bc39385015bfa120582412df580dbfcbb14f3?s=96&d=mm&r=g","contentUrl":"https:\/\/secure.gravatar.com\/avatar\/45b44006b4f93497bb24d251f77bc39385015bfa120582412df580dbfcbb14f3?s=96&d=mm&r=g","caption":"Miguel Angel Romero"},"sameAs":["http:\/\/\/mikexever.blogspot.com\/","www.facebook.com\/mikexever\/","https:\/\/x.com\/Mikerecomienda"],"url":"https:\/\/soclose.mx\/blog\/author\/mike\/"}]}},"jetpack_featured_media_url":"https:\/\/i0.wp.com\/soclose.mx\/blog\/wp-content\/uploads\/2022\/02\/Copia-de-Principal-So-Close-blog-4-4.png?fit=1240%2C700&ssl=1","jetpack-related-posts":[{"id":9680,"url":"https:\/\/soclose.mx\/blog\/para-todos\/ella-es-la-pianista-mexicana-que-conquisto-el-royal-albert-hall\/","url_meta":{"origin":9142,"position":0},"title":"Ella es la pianista mexicana que conquist\u00f3 el Royal Albert Hall","author":"Miguel Angel Romero","date":"29 abril, 2022","format":false,"excerpt":"Mar\u00eda Hanneman, la pianista que a sus 16 a\u00f1os se ha presentado en grandes salas de concierto como el Palacio de Bellas Artes\u00a0y el\u00a0Carnegie Hall, en\u00a0Nueva York, debut\u00f3 el Royal Albert Hall de Londres. En febrero de 2021 gan\u00f3 el primer lugar en la\u00a0Grand Prize Virtuoso International Music Competition de\u2026","rel":"","context":"En &quot;Para todos&quot;","block_context":{"text":"Para todos","link":"https:\/\/soclose.mx\/blog\/category\/para-todos\/"},"img":{"alt_text":"","src":"https:\/\/i0.wp.com\/soclose.mx\/blog\/wp-content\/uploads\/2022\/04\/Copia-de-Principal-So-Close-blog-3-3.png?fit=1200%2C677&ssl=1&resize=350%2C200","width":350,"height":200,"srcset":"https:\/\/i0.wp.com\/soclose.mx\/blog\/wp-content\/uploads\/2022\/04\/Copia-de-Principal-So-Close-blog-3-3.png?fit=1200%2C677&ssl=1&resize=350%2C200 1x, https:\/\/i0.wp.com\/soclose.mx\/blog\/wp-content\/uploads\/2022\/04\/Copia-de-Principal-So-Close-blog-3-3.png?fit=1200%2C677&ssl=1&resize=525%2C300 1.5x, https:\/\/i0.wp.com\/soclose.mx\/blog\/wp-content\/uploads\/2022\/04\/Copia-de-Principal-So-Close-blog-3-3.png?fit=1200%2C677&ssl=1&resize=700%2C400 2x, https:\/\/i0.wp.com\/soclose.mx\/blog\/wp-content\/uploads\/2022\/04\/Copia-de-Principal-So-Close-blog-3-3.png?fit=1200%2C677&ssl=1&resize=1050%2C600 3x"},"classes":[]},{"id":6326,"url":"https:\/\/soclose.mx\/blog\/news-feed\/video-jorge-escutia-el-joven-baritono-mexicano-que-va-rumbo-a-suiza\/","url_meta":{"origin":9142,"position":1},"title":"VIDEO | Jorge Escutia, el joven bar\u00edtono mexicano que va rumbo a Suiza","author":"So Close","date":"28 junio, 2021","format":false,"excerpt":"Se llama Jorge Escutia, es bar\u00edtono de la Facultad de M\u00fasica de la UNAM, becario de la Academia de M\u00fasica Antigua y fue aceptado para estudiar la licenciatura especializada en m\u00fasica antigua en la Schola Cantorum Basiliensis en Suiza. Todo sucedi\u00f3 luego de que el a\u00f1o pasado realiz\u00f3 un ciclo\u2026","rel":"","context":"En &quot;News feed&quot;","block_context":{"text":"News feed","link":"https:\/\/soclose.mx\/blog\/category\/news-feed\/"},"img":{"alt_text":"","src":"https:\/\/i0.wp.com\/soclose.mx\/blog\/wp-content\/uploads\/2021\/06\/baritono.jpeg?fit=1200%2C677&ssl=1&resize=350%2C200","width":350,"height":200,"srcset":"https:\/\/i0.wp.com\/soclose.mx\/blog\/wp-content\/uploads\/2021\/06\/baritono.jpeg?fit=1200%2C677&ssl=1&resize=350%2C200 1x, https:\/\/i0.wp.com\/soclose.mx\/blog\/wp-content\/uploads\/2021\/06\/baritono.jpeg?fit=1200%2C677&ssl=1&resize=525%2C300 1.5x, https:\/\/i0.wp.com\/soclose.mx\/blog\/wp-content\/uploads\/2021\/06\/baritono.jpeg?fit=1200%2C677&ssl=1&resize=700%2C400 2x, https:\/\/i0.wp.com\/soclose.mx\/blog\/wp-content\/uploads\/2021\/06\/baritono.jpeg?fit=1200%2C677&ssl=1&resize=1050%2C600 3x"},"classes":[]},{"id":10670,"url":"https:\/\/soclose.mx\/blog\/a-la-mexicana\/restaurantes-mexicanos-dentro-de-los-10-mejores-del-mundo\/","url_meta":{"origin":9142,"position":2},"title":"Restaurantes mexicanos, \u00a1dentro de los 10 mejores del mundo!","author":"Daniel Ram\u00edrez","date":"21 julio, 2022","format":false,"excerpt":"\u00bfHas escuchado hablar de los premios Oscar de la gastronom\u00eda? Pues el ranking The World\u2019s 50 Best\u00a0es considerado su equivalente. Y dentro de este conteo mundial, dos restaurantes mexicanos destacaron en la \u00faltima entrega de premios celebrada el pasado lunes 18 de julio de 2022. Pujol, de Enrique Olvera, y\u2026","rel":"","context":"En &quot;A la mexicana&quot;","block_context":{"text":"A la mexicana","link":"https:\/\/soclose.mx\/blog\/category\/a-la-mexicana\/"},"img":{"alt_text":"","src":"https:\/\/i0.wp.com\/soclose.mx\/blog\/wp-content\/uploads\/2022\/07\/pexels-cup-of-couple-8471716-scaled.jpg?fit=1200%2C800&ssl=1&resize=350%2C200","width":350,"height":200,"srcset":"https:\/\/i0.wp.com\/soclose.mx\/blog\/wp-content\/uploads\/2022\/07\/pexels-cup-of-couple-8471716-scaled.jpg?fit=1200%2C800&ssl=1&resize=350%2C200 1x, https:\/\/i0.wp.com\/soclose.mx\/blog\/wp-content\/uploads\/2022\/07\/pexels-cup-of-couple-8471716-scaled.jpg?fit=1200%2C800&ssl=1&resize=525%2C300 1.5x, https:\/\/i0.wp.com\/soclose.mx\/blog\/wp-content\/uploads\/2022\/07\/pexels-cup-of-couple-8471716-scaled.jpg?fit=1200%2C800&ssl=1&resize=700%2C400 2x, https:\/\/i0.wp.com\/soclose.mx\/blog\/wp-content\/uploads\/2022\/07\/pexels-cup-of-couple-8471716-scaled.jpg?fit=1200%2C800&ssl=1&resize=1050%2C600 3x"},"classes":[]},{"id":8105,"url":"https:\/\/soclose.mx\/blog\/news-feed\/los-mexicanos-que-se-fueron-al-mictlan-en-el-2021\/","url_meta":{"origin":9142,"position":3},"title":"Los mexicanos que se fueron al Mictl\u00e1n en el 2021","author":"Miguel Angel Romero","date":"24 diciembre, 2021","format":false,"excerpt":"Este 2021 y para siempre, no hay mejor manera que reconocer a quienes nos dejaron este a\u00f1o y por eso, te enlistamos a algunos famosos que se nos adelantaron... El cantante Vicente Fern\u00e1ndez\u00a0muri\u00f3 el pasado 12 de diciembre a las 6:15 de la ma\u00f1ana, a los 81 a\u00f1os, tras complicarse\u2026","rel":"","context":"En &quot;News feed&quot;","block_context":{"text":"News feed","link":"https:\/\/soclose.mx\/blog\/category\/news-feed\/"},"img":{"alt_text":"","src":"https:\/\/i0.wp.com\/soclose.mx\/blog\/wp-content\/uploads\/2021\/12\/Copia-de-Principal-So-Close-blog-3-4.png?fit=1200%2C677&ssl=1&resize=350%2C200","width":350,"height":200,"srcset":"https:\/\/i0.wp.com\/soclose.mx\/blog\/wp-content\/uploads\/2021\/12\/Copia-de-Principal-So-Close-blog-3-4.png?fit=1200%2C677&ssl=1&resize=350%2C200 1x, https:\/\/i0.wp.com\/soclose.mx\/blog\/wp-content\/uploads\/2021\/12\/Copia-de-Principal-So-Close-blog-3-4.png?fit=1200%2C677&ssl=1&resize=525%2C300 1.5x, https:\/\/i0.wp.com\/soclose.mx\/blog\/wp-content\/uploads\/2021\/12\/Copia-de-Principal-So-Close-blog-3-4.png?fit=1200%2C677&ssl=1&resize=700%2C400 2x, https:\/\/i0.wp.com\/soclose.mx\/blog\/wp-content\/uploads\/2021\/12\/Copia-de-Principal-So-Close-blog-3-4.png?fit=1200%2C677&ssl=1&resize=1050%2C600 3x"},"classes":[]},{"id":9887,"url":"https:\/\/soclose.mx\/blog\/para-todos\/el-mexicano-diego-luna-de-el-abuelo-y-yo-a-la-portada-de-vanity-fair\/","url_meta":{"origin":9142,"position":4},"title":"Diego Luna, de El abuelo y yo, a la portada de Vanity Fair","author":"Daniel Ram\u00edrez","date":"17 mayo, 2022","format":false,"excerpt":"Qu\u00e9 lejano aquel 1992 cuando se estren\u00f3 la telenovela \"El abuelo y yo\", protagonizada por Ludwika Paleta, Gael Garc\u00eda Bernal y Jorge Mart\u00ednez de Hoyos. En esa producci\u00f3n tambi\u00e9n particip\u00f3 el actor mexicano Diego Luna. El peque\u00f1o Diego de apenas 11 a\u00f1os de edad, se convirti\u00f3 en unos de los\u2026","rel":"","context":"En &quot;A la mexicana&quot;","block_context":{"text":"A la mexicana","link":"https:\/\/soclose.mx\/blog\/category\/a-la-mexicana\/"},"img":{"alt_text":"","src":"https:\/\/i0.wp.com\/soclose.mx\/blog\/wp-content\/uploads\/2022\/05\/Captura-de-Pantalla-2022-05-17-a-las-20.03.23.png?fit=919%2C681&ssl=1&resize=350%2C200","width":350,"height":200,"srcset":"https:\/\/i0.wp.com\/soclose.mx\/blog\/wp-content\/uploads\/2022\/05\/Captura-de-Pantalla-2022-05-17-a-las-20.03.23.png?fit=919%2C681&ssl=1&resize=350%2C200 1x, https:\/\/i0.wp.com\/soclose.mx\/blog\/wp-content\/uploads\/2022\/05\/Captura-de-Pantalla-2022-05-17-a-las-20.03.23.png?fit=919%2C681&ssl=1&resize=525%2C300 1.5x, https:\/\/i0.wp.com\/soclose.mx\/blog\/wp-content\/uploads\/2022\/05\/Captura-de-Pantalla-2022-05-17-a-las-20.03.23.png?fit=919%2C681&ssl=1&resize=700%2C400 2x"},"classes":[]},{"id":10106,"url":"https:\/\/soclose.mx\/blog\/a-la-mexicana\/video-papa-de-sinaloa-da-leccion-a-su-hijo-por-humillar-a-un-companero\/","url_meta":{"origin":9142,"position":5},"title":"Video: Pap\u00e1 de Sinaloa da lecci\u00f3n a su hijo por humillar a un compa\u00f1ero","author":"Daniel Ram\u00edrez","date":"4 junio, 2022","format":false,"excerpt":"Dicen por ah\u00ed que el dinero no compra la educaci\u00f3n y cuando somos j\u00f3venes, no le damos valor al esfuerzo de nuestros padres por ganarlo y d\u00e1rnoslo. Pero un pap\u00e1 de Mazatl\u00e1n, Sinaloa, le hizo ver esto a su hijo, luego de enterarse que se burl\u00f3 de un compa\u00f1ero por\u2026","rel":"","context":"En &quot;A la mexicana&quot;","block_context":{"text":"A la mexicana","link":"https:\/\/soclose.mx\/blog\/category\/a-la-mexicana\/"},"img":{"alt_text":"","src":"https:\/\/i0.wp.com\/soclose.mx\/blog\/wp-content\/uploads\/2022\/06\/brett-jordan-Yd4lXGfsXEk-unsplash-scaled.jpg?fit=1200%2C829&ssl=1&resize=350%2C200","width":350,"height":200,"srcset":"https:\/\/i0.wp.com\/soclose.mx\/blog\/wp-content\/uploads\/2022\/06\/brett-jordan-Yd4lXGfsXEk-unsplash-scaled.jpg?fit=1200%2C829&ssl=1&resize=350%2C200 1x, https:\/\/i0.wp.com\/soclose.mx\/blog\/wp-content\/uploads\/2022\/06\/brett-jordan-Yd4lXGfsXEk-unsplash-scaled.jpg?fit=1200%2C829&ssl=1&resize=525%2C300 1.5x, https:\/\/i0.wp.com\/soclose.mx\/blog\/wp-content\/uploads\/2022\/06\/brett-jordan-Yd4lXGfsXEk-unsplash-scaled.jpg?fit=1200%2C829&ssl=1&resize=700%2C400 2x, https:\/\/i0.wp.com\/soclose.mx\/blog\/wp-content\/uploads\/2022\/06\/brett-jordan-Yd4lXGfsXEk-unsplash-scaled.jpg?fit=1200%2C829&ssl=1&resize=1050%2C600 3x"},"classes":[]}],"jetpack_sharing_enabled":true,"_links":{"self":[{"href":"https:\/\/soclose.mx\/blog\/wp-json\/wp\/v2\/posts\/9142","targetHints":{"allow":["GET"]}}],"collection":[{"href":"https:\/\/soclose.mx\/blog\/wp-json\/wp\/v2\/posts"}],"about":[{"href":"https:\/\/soclose.mx\/blog\/wp-json\/wp\/v2\/types\/post"}],"author":[{"embeddable":true,"href":"https:\/\/soclose.mx\/blog\/wp-json\/wp\/v2\/users\/8"}],"replies":[{"embeddable":true,"href":"https:\/\/soclose.mx\/blog\/wp-json\/wp\/v2\/comments?post=9142"}],"version-history":[{"count":0,"href":"https:\/\/soclose.mx\/blog\/wp-json\/wp\/v2\/posts\/9142\/revisions"}],"wp:featuredmedia":[{"embeddable":true,"href":"https:\/\/soclose.mx\/blog\/wp-json\/wp\/v2\/media\/9143"}],"wp:attachment":[{"href":"https:\/\/soclose.mx\/blog\/wp-json\/wp\/v2\/media?parent=9142"}],"wp:term":[{"taxonomy":"category","embeddable":true,"href":"https:\/\/soclose.mx\/blog\/wp-json\/wp\/v2\/categories?post=9142"},{"taxonomy":"post_tag","embeddable":true,"href":"https:\/\/soclose.mx\/blog\/wp-json\/wp\/v2\/tags?post=9142"}],"curies":[{"name":"wp","href":"https:\/\/api.w.org\/{rel}","templated":true}]}}