{"id":9170,"date":"2022-03-02T23:35:55","date_gmt":"2022-03-03T05:35:55","guid":{"rendered":"https:\/\/soclose.mx\/blog\/?p=9170"},"modified":"2022-03-02T23:35:55","modified_gmt":"2022-03-03T05:35:55","slug":"frida-kahlo-y-diego-rivera-llegan-a-la-novela-grafica","status":"publish","type":"post","link":"https:\/\/soclose.mx\/blog\/a-la-mexicana\/frida-kahlo-y-diego-rivera-llegan-a-la-novela-grafica\/","title":{"rendered":"Frida Kahlo y Diego Rivera llegan a la novela gr\u00e1fica"},"content":{"rendered":"<p>Inspirado en <strong>La fabulosa vida de\u00a0Diego Rivera\u00a0de Bertram D. Wolfe<\/strong>, el ilustrador mexicano\u00a0<strong>Francisco de la Mora<\/strong> decidi\u00f3 llevar a <a href=\"https:\/\/soclose.mx\/blog\/?s=diego+rivera\" target=\"_blank\" rel=\"noopener\"><strong>Diego Rivera<\/strong><\/a> a la novela gr\u00e1fica.<\/p>\n<p>Diego Rivera, como se titula la historieta\u00a0 ilustrada por <strong>Jos\u00e9 Luis Pescador<\/strong> y publicada por el sello ingl\u00e9s <strong>SelfMadeHero<\/strong>, (empresa que dedica sus n\u00fameros a personajes emblem\u00e1ticos de las letras, el arte y la cultura) es un homenaje al artista mexicano.<\/p>\n<p><img data-recalc-dims=\"1\" fetchpriority=\"high\" decoding=\"async\" class=\"alignnone size-full wp-image-9171\" src=\"https:\/\/i0.wp.com\/soclose.mx\/blog\/wp-content\/uploads\/2022\/03\/f768x1-484003_484130_148.jpg?resize=768%2C1047&#038;ssl=1\" alt=\"\" width=\"768\" height=\"1047\" srcset=\"https:\/\/i0.wp.com\/soclose.mx\/blog\/wp-content\/uploads\/2022\/03\/f768x1-484003_484130_148.jpg?w=768&amp;ssl=1 768w, https:\/\/i0.wp.com\/soclose.mx\/blog\/wp-content\/uploads\/2022\/03\/f768x1-484003_484130_148.jpg?resize=220%2C300&amp;ssl=1 220w, https:\/\/i0.wp.com\/soclose.mx\/blog\/wp-content\/uploads\/2022\/03\/f768x1-484003_484130_148.jpg?resize=751%2C1024&amp;ssl=1 751w, https:\/\/i0.wp.com\/soclose.mx\/blog\/wp-content\/uploads\/2022\/03\/f768x1-484003_484130_148.jpg?resize=585%2C798&amp;ssl=1 585w\" sizes=\"(max-width: 768px) 100vw, 768px\" \/><\/p>\n<p>En la historieta de 184 p\u00e1ginas aparece la infancia del muralista en <strong>Guanajuato<\/strong>, la llegada de su familia a la <strong>Ciudad de M\u00e9xico<\/strong>, su incursi\u00f3n temprana en el arte, su estancia en Europa, su consolidaci\u00f3n como artista u y por su puesto su relaci\u00f3n con <a href=\"https:\/\/soclose.mx\/blog\/?s=kahlo\" target=\"_blank\" rel=\"noopener\"><strong>Frida Kahlo<\/strong><\/a>.<\/p>\n<p>Por el momento, s\u00f3lo est\u00e1 disponible en ingl\u00e9s.<\/p>\n","protected":false},"excerpt":{"rendered":"<p>Inspirado en La fabulosa vida de\u00a0Diego Rivera\u00a0de Bertram D. Wolfe, el ilustrador mexicano\u00a0Francisco de la Mora decidi\u00f3 llevar a Diego Rivera a la novela gr\u00e1fica. Diego Rivera, como se titula la historieta\u00a0 ilustrada por Jos\u00e9 Luis Pescador y publicada por el sello ingl\u00e9s SelfMadeHero, (empresa que dedica sus n\u00fameros a personajes emblem\u00e1ticos de las letras, el arte y la cultura) es un homenaje al artista mexicano. En la historieta de 184 p\u00e1ginas aparece la infancia del muralista en Guanajuato, la llegada de su familia a la Ciudad de M\u00e9xico, su incursi\u00f3n temprana en el arte, su estancia en Europa, su<\/p>\n","protected":false},"author":8,"featured_media":9172,"comment_status":"open","ping_status":"open","sticky":false,"template":"","format":"standard","meta":{"_jetpack_memberships_contains_paid_content":false,"footnotes":""},"categories":[1778],"tags":[126,127],"class_list":["post-9170","post","type-post","status-publish","format-standard","has-post-thumbnail","hentry","category-a-la-mexicana","tag-diego-rivera","tag-frida-kahlo"],"yoast_head":"<!-- This site is optimized with the Yoast SEO plugin v26.7 - https:\/\/yoast.com\/wordpress\/plugins\/seo\/ -->\n<title>Frida Kahlo y Diego Rivera llegan a la novela gr\u00e1fica - So Close<\/title>\n<meta name=\"description\" content=\"La vida de la pareja mexicana llega a la novela gr\u00e1fica, escrita e ilustrada por Francisco de la Mora y Jos\u00e9 Luis Pescador\" \/>\n<meta name=\"robots\" content=\"index, follow, max-snippet:-1, max-image-preview:large, max-video-preview:-1\" \/>\n<link rel=\"canonical\" href=\"https:\/\/soclose.mx\/blog\/tag\/juan-rulfo-frases-mujeres\/\" \/>\n<meta property=\"og:locale\" content=\"es_MX\" \/>\n<meta property=\"og:type\" content=\"article\" \/>\n<meta property=\"og:title\" content=\"Frida Kahlo y Diego Rivera llegan a la novela gr\u00e1fica - So Close\" \/>\n<meta property=\"og:description\" content=\"La vida de la pareja mexicana llega a la novela gr\u00e1fica, escrita e ilustrada por Francisco de la Mora y Jos\u00e9 Luis Pescador\" \/>\n<meta property=\"og:url\" content=\"https:\/\/soclose.mx\/blog\/tag\/juan-rulfo-frases-mujeres\/\" \/>\n<meta property=\"og:site_name\" content=\"So Close\" \/>\n<meta property=\"article:author\" content=\"www.facebook.com\/mikexever\/\" \/>\n<meta property=\"article:published_time\" content=\"2022-03-03T05:35:55+00:00\" \/>\n<meta property=\"og:image\" content=\"https:\/\/i0.wp.com\/soclose.mx\/blog\/wp-content\/uploads\/2022\/03\/f960x540-484000_558075_0.jpg?fit=960%2C540&ssl=1\" \/>\n\t<meta property=\"og:image:width\" content=\"960\" \/>\n\t<meta property=\"og:image:height\" content=\"540\" \/>\n\t<meta property=\"og:image:type\" content=\"image\/jpeg\" \/>\n<meta name=\"author\" content=\"Miguel Angel Romero\" \/>\n<meta name=\"twitter:card\" content=\"summary_large_image\" \/>\n<meta name=\"twitter:creator\" content=\"@Mikerecomienda\" \/>\n<meta name=\"twitter:label1\" content=\"Escrito por\" \/>\n\t<meta name=\"twitter:data1\" content=\"Miguel Angel Romero\" \/>\n\t<meta name=\"twitter:label2\" content=\"Tiempo de lectura\" \/>\n\t<meta name=\"twitter:data2\" content=\"1 minuto\" \/>\n<script type=\"application\/ld+json\" class=\"yoast-schema-graph\">{\"@context\":\"https:\/\/schema.org\",\"@graph\":[{\"@type\":\"Article\",\"@id\":\"https:\/\/soclose.mx\/blog\/tag\/juan-rulfo-frases-mujeres\/#article\",\"isPartOf\":{\"@id\":\"https:\/\/soclose.mx\/blog\/tag\/juan-rulfo-frases-mujeres\/\"},\"author\":{\"name\":\"Miguel Angel Romero\",\"@id\":\"https:\/\/soclose.mx\/blog\/#\/schema\/person\/cddec6ccd5d7037d286395fb411e23f1\"},\"headline\":\"Frida Kahlo y Diego Rivera llegan a la novela gr\u00e1fica\",\"datePublished\":\"2022-03-03T05:35:55+00:00\",\"mainEntityOfPage\":{\"@id\":\"https:\/\/soclose.mx\/blog\/tag\/juan-rulfo-frases-mujeres\/\"},\"wordCount\":145,\"commentCount\":0,\"publisher\":{\"@id\":\"https:\/\/soclose.mx\/blog\/#organization\"},\"image\":{\"@id\":\"https:\/\/soclose.mx\/blog\/tag\/juan-rulfo-frases-mujeres\/#primaryimage\"},\"thumbnailUrl\":\"https:\/\/i0.wp.com\/soclose.mx\/blog\/wp-content\/uploads\/2022\/03\/f960x540-484000_558075_0.jpg?fit=960%2C540&ssl=1\",\"keywords\":[\"diego rivera\",\"frida kahlo\"],\"articleSection\":[\"A la mexicana\"],\"inLanguage\":\"es\",\"potentialAction\":[{\"@type\":\"CommentAction\",\"name\":\"Comment\",\"target\":[\"https:\/\/soclose.mx\/blog\/tag\/juan-rulfo-frases-mujeres\/#respond\"]}]},{\"@type\":\"WebPage\",\"@id\":\"https:\/\/soclose.mx\/blog\/tag\/juan-rulfo-frases-mujeres\/\",\"url\":\"https:\/\/soclose.mx\/blog\/tag\/juan-rulfo-frases-mujeres\/\",\"name\":\"Frida Kahlo y Diego Rivera llegan a la novela gr\u00e1fica - So Close\",\"isPartOf\":{\"@id\":\"https:\/\/soclose.mx\/blog\/#website\"},\"primaryImageOfPage\":{\"@id\":\"https:\/\/soclose.mx\/blog\/tag\/juan-rulfo-frases-mujeres\/#primaryimage\"},\"image\":{\"@id\":\"https:\/\/soclose.mx\/blog\/tag\/juan-rulfo-frases-mujeres\/#primaryimage\"},\"thumbnailUrl\":\"https:\/\/i0.wp.com\/soclose.mx\/blog\/wp-content\/uploads\/2022\/03\/f960x540-484000_558075_0.jpg?fit=960%2C540&ssl=1\",\"datePublished\":\"2022-03-03T05:35:55+00:00\",\"description\":\"La vida de la pareja mexicana llega a la novela gr\u00e1fica, escrita e ilustrada por Francisco de la Mora y Jos\u00e9 Luis Pescador\",\"breadcrumb\":{\"@id\":\"https:\/\/soclose.mx\/blog\/tag\/juan-rulfo-frases-mujeres\/#breadcrumb\"},\"inLanguage\":\"es\",\"potentialAction\":[{\"@type\":\"ReadAction\",\"target\":[\"https:\/\/soclose.mx\/blog\/tag\/juan-rulfo-frases-mujeres\/\"]}]},{\"@type\":\"ImageObject\",\"inLanguage\":\"es\",\"@id\":\"https:\/\/soclose.mx\/blog\/tag\/juan-rulfo-frases-mujeres\/#primaryimage\",\"url\":\"https:\/\/i0.wp.com\/soclose.mx\/blog\/wp-content\/uploads\/2022\/03\/f960x540-484000_558075_0.jpg?fit=960%2C540&ssl=1\",\"contentUrl\":\"https:\/\/i0.wp.com\/soclose.mx\/blog\/wp-content\/uploads\/2022\/03\/f960x540-484000_558075_0.jpg?fit=960%2C540&ssl=1\",\"width\":960,\"height\":540},{\"@type\":\"BreadcrumbList\",\"@id\":\"https:\/\/soclose.mx\/blog\/tag\/juan-rulfo-frases-mujeres\/#breadcrumb\",\"itemListElement\":[{\"@type\":\"ListItem\",\"position\":1,\"name\":\"Inicio\",\"item\":\"https:\/\/soclose.mx\/blog\/\"},{\"@type\":\"ListItem\",\"position\":2,\"name\":\"Frida Kahlo y Diego Rivera llegan a la novela gr\u00e1fica\"}]},{\"@type\":\"WebSite\",\"@id\":\"https:\/\/soclose.mx\/blog\/#website\",\"url\":\"https:\/\/soclose.mx\/blog\/\",\"name\":\"So Close\",\"description\":\"Hacemos contenidos de M\u00e9xico\",\"publisher\":{\"@id\":\"https:\/\/soclose.mx\/blog\/#organization\"},\"potentialAction\":[{\"@type\":\"SearchAction\",\"target\":{\"@type\":\"EntryPoint\",\"urlTemplate\":\"https:\/\/soclose.mx\/blog\/?s={search_term_string}\"},\"query-input\":{\"@type\":\"PropertyValueSpecification\",\"valueRequired\":true,\"valueName\":\"search_term_string\"}}],\"inLanguage\":\"es\"},{\"@type\":\"Organization\",\"@id\":\"https:\/\/soclose.mx\/blog\/#organization\",\"name\":\"So Close\",\"url\":\"https:\/\/soclose.mx\/blog\/\",\"logo\":{\"@type\":\"ImageObject\",\"inLanguage\":\"es\",\"@id\":\"https:\/\/soclose.mx\/blog\/#\/schema\/logo\/image\/\",\"url\":\"https:\/\/i0.wp.com\/soclose.mx\/blog\/wp-content\/uploads\/2020\/12\/LOGO_SOCLOSE_COLOR-e1608310133507.png?fit=2858%2C1264&ssl=1\",\"contentUrl\":\"https:\/\/i0.wp.com\/soclose.mx\/blog\/wp-content\/uploads\/2020\/12\/LOGO_SOCLOSE_COLOR-e1608310133507.png?fit=2858%2C1264&ssl=1\",\"width\":2858,\"height\":1264,\"caption\":\"So Close\"},\"image\":{\"@id\":\"https:\/\/soclose.mx\/blog\/#\/schema\/logo\/image\/\"}},{\"@type\":\"Person\",\"@id\":\"https:\/\/soclose.mx\/blog\/#\/schema\/person\/cddec6ccd5d7037d286395fb411e23f1\",\"name\":\"Miguel Angel Romero\",\"image\":{\"@type\":\"ImageObject\",\"inLanguage\":\"es\",\"@id\":\"https:\/\/soclose.mx\/blog\/#\/schema\/person\/image\/\",\"url\":\"https:\/\/secure.gravatar.com\/avatar\/45b44006b4f93497bb24d251f77bc39385015bfa120582412df580dbfcbb14f3?s=96&d=mm&r=g\",\"contentUrl\":\"https:\/\/secure.gravatar.com\/avatar\/45b44006b4f93497bb24d251f77bc39385015bfa120582412df580dbfcbb14f3?s=96&d=mm&r=g\",\"caption\":\"Miguel Angel Romero\"},\"sameAs\":[\"http:\/\/\/mikexever.blogspot.com\/\",\"www.facebook.com\/mikexever\/\",\"https:\/\/x.com\/Mikerecomienda\"],\"url\":\"https:\/\/soclose.mx\/blog\/author\/mike\/\"}]}<\/script>\n<!-- \/ Yoast SEO plugin. -->","yoast_head_json":{"title":"Frida Kahlo y Diego Rivera llegan a la novela gr\u00e1fica - So Close","description":"La vida de la pareja mexicana llega a la novela gr\u00e1fica, escrita e ilustrada por Francisco de la Mora y Jos\u00e9 Luis Pescador","robots":{"index":"index","follow":"follow","max-snippet":"max-snippet:-1","max-image-preview":"max-image-preview:large","max-video-preview":"max-video-preview:-1"},"canonical":"https:\/\/soclose.mx\/blog\/tag\/juan-rulfo-frases-mujeres\/","og_locale":"es_MX","og_type":"article","og_title":"Frida Kahlo y Diego Rivera llegan a la novela gr\u00e1fica - So Close","og_description":"La vida de la pareja mexicana llega a la novela gr\u00e1fica, escrita e ilustrada por Francisco de la Mora y Jos\u00e9 Luis Pescador","og_url":"https:\/\/soclose.mx\/blog\/tag\/juan-rulfo-frases-mujeres\/","og_site_name":"So Close","article_author":"www.facebook.com\/mikexever\/","article_published_time":"2022-03-03T05:35:55+00:00","og_image":[{"width":960,"height":540,"url":"https:\/\/i0.wp.com\/soclose.mx\/blog\/wp-content\/uploads\/2022\/03\/f960x540-484000_558075_0.jpg?fit=960%2C540&ssl=1","type":"image\/jpeg"}],"author":"Miguel Angel Romero","twitter_card":"summary_large_image","twitter_creator":"@Mikerecomienda","twitter_misc":{"Escrito por":"Miguel Angel Romero","Tiempo de lectura":"1 minuto"},"schema":{"@context":"https:\/\/schema.org","@graph":[{"@type":"Article","@id":"https:\/\/soclose.mx\/blog\/tag\/juan-rulfo-frases-mujeres\/#article","isPartOf":{"@id":"https:\/\/soclose.mx\/blog\/tag\/juan-rulfo-frases-mujeres\/"},"author":{"name":"Miguel Angel Romero","@id":"https:\/\/soclose.mx\/blog\/#\/schema\/person\/cddec6ccd5d7037d286395fb411e23f1"},"headline":"Frida Kahlo y Diego Rivera llegan a la novela gr\u00e1fica","datePublished":"2022-03-03T05:35:55+00:00","mainEntityOfPage":{"@id":"https:\/\/soclose.mx\/blog\/tag\/juan-rulfo-frases-mujeres\/"},"wordCount":145,"commentCount":0,"publisher":{"@id":"https:\/\/soclose.mx\/blog\/#organization"},"image":{"@id":"https:\/\/soclose.mx\/blog\/tag\/juan-rulfo-frases-mujeres\/#primaryimage"},"thumbnailUrl":"https:\/\/i0.wp.com\/soclose.mx\/blog\/wp-content\/uploads\/2022\/03\/f960x540-484000_558075_0.jpg?fit=960%2C540&ssl=1","keywords":["diego rivera","frida kahlo"],"articleSection":["A la mexicana"],"inLanguage":"es","potentialAction":[{"@type":"CommentAction","name":"Comment","target":["https:\/\/soclose.mx\/blog\/tag\/juan-rulfo-frases-mujeres\/#respond"]}]},{"@type":"WebPage","@id":"https:\/\/soclose.mx\/blog\/tag\/juan-rulfo-frases-mujeres\/","url":"https:\/\/soclose.mx\/blog\/tag\/juan-rulfo-frases-mujeres\/","name":"Frida Kahlo y Diego Rivera llegan a la novela gr\u00e1fica - So Close","isPartOf":{"@id":"https:\/\/soclose.mx\/blog\/#website"},"primaryImageOfPage":{"@id":"https:\/\/soclose.mx\/blog\/tag\/juan-rulfo-frases-mujeres\/#primaryimage"},"image":{"@id":"https:\/\/soclose.mx\/blog\/tag\/juan-rulfo-frases-mujeres\/#primaryimage"},"thumbnailUrl":"https:\/\/i0.wp.com\/soclose.mx\/blog\/wp-content\/uploads\/2022\/03\/f960x540-484000_558075_0.jpg?fit=960%2C540&ssl=1","datePublished":"2022-03-03T05:35:55+00:00","description":"La vida de la pareja mexicana llega a la novela gr\u00e1fica, escrita e ilustrada por Francisco de la Mora y Jos\u00e9 Luis Pescador","breadcrumb":{"@id":"https:\/\/soclose.mx\/blog\/tag\/juan-rulfo-frases-mujeres\/#breadcrumb"},"inLanguage":"es","potentialAction":[{"@type":"ReadAction","target":["https:\/\/soclose.mx\/blog\/tag\/juan-rulfo-frases-mujeres\/"]}]},{"@type":"ImageObject","inLanguage":"es","@id":"https:\/\/soclose.mx\/blog\/tag\/juan-rulfo-frases-mujeres\/#primaryimage","url":"https:\/\/i0.wp.com\/soclose.mx\/blog\/wp-content\/uploads\/2022\/03\/f960x540-484000_558075_0.jpg?fit=960%2C540&ssl=1","contentUrl":"https:\/\/i0.wp.com\/soclose.mx\/blog\/wp-content\/uploads\/2022\/03\/f960x540-484000_558075_0.jpg?fit=960%2C540&ssl=1","width":960,"height":540},{"@type":"BreadcrumbList","@id":"https:\/\/soclose.mx\/blog\/tag\/juan-rulfo-frases-mujeres\/#breadcrumb","itemListElement":[{"@type":"ListItem","position":1,"name":"Inicio","item":"https:\/\/soclose.mx\/blog\/"},{"@type":"ListItem","position":2,"name":"Frida Kahlo y Diego Rivera llegan a la novela gr\u00e1fica"}]},{"@type":"WebSite","@id":"https:\/\/soclose.mx\/blog\/#website","url":"https:\/\/soclose.mx\/blog\/","name":"So Close","description":"Hacemos contenidos de M\u00e9xico","publisher":{"@id":"https:\/\/soclose.mx\/blog\/#organization"},"potentialAction":[{"@type":"SearchAction","target":{"@type":"EntryPoint","urlTemplate":"https:\/\/soclose.mx\/blog\/?s={search_term_string}"},"query-input":{"@type":"PropertyValueSpecification","valueRequired":true,"valueName":"search_term_string"}}],"inLanguage":"es"},{"@type":"Organization","@id":"https:\/\/soclose.mx\/blog\/#organization","name":"So Close","url":"https:\/\/soclose.mx\/blog\/","logo":{"@type":"ImageObject","inLanguage":"es","@id":"https:\/\/soclose.mx\/blog\/#\/schema\/logo\/image\/","url":"https:\/\/i0.wp.com\/soclose.mx\/blog\/wp-content\/uploads\/2020\/12\/LOGO_SOCLOSE_COLOR-e1608310133507.png?fit=2858%2C1264&ssl=1","contentUrl":"https:\/\/i0.wp.com\/soclose.mx\/blog\/wp-content\/uploads\/2020\/12\/LOGO_SOCLOSE_COLOR-e1608310133507.png?fit=2858%2C1264&ssl=1","width":2858,"height":1264,"caption":"So Close"},"image":{"@id":"https:\/\/soclose.mx\/blog\/#\/schema\/logo\/image\/"}},{"@type":"Person","@id":"https:\/\/soclose.mx\/blog\/#\/schema\/person\/cddec6ccd5d7037d286395fb411e23f1","name":"Miguel Angel Romero","image":{"@type":"ImageObject","inLanguage":"es","@id":"https:\/\/soclose.mx\/blog\/#\/schema\/person\/image\/","url":"https:\/\/secure.gravatar.com\/avatar\/45b44006b4f93497bb24d251f77bc39385015bfa120582412df580dbfcbb14f3?s=96&d=mm&r=g","contentUrl":"https:\/\/secure.gravatar.com\/avatar\/45b44006b4f93497bb24d251f77bc39385015bfa120582412df580dbfcbb14f3?s=96&d=mm&r=g","caption":"Miguel Angel Romero"},"sameAs":["http:\/\/\/mikexever.blogspot.com\/","www.facebook.com\/mikexever\/","https:\/\/x.com\/Mikerecomienda"],"url":"https:\/\/soclose.mx\/blog\/author\/mike\/"}]}},"jetpack_featured_media_url":"https:\/\/i0.wp.com\/soclose.mx\/blog\/wp-content\/uploads\/2022\/03\/f960x540-484000_558075_0.jpg?fit=960%2C540&ssl=1","jetpack-related-posts":[{"id":6429,"url":"https:\/\/soclose.mx\/blog\/ay-goeeee\/10-datos-de-frida-kahlo-antes-de-ser-artista\/","url_meta":{"origin":9170,"position":0},"title":"10 datos de Frida Kahlo antes de ser artista","author":"So Close","date":"6 julio, 2021","format":false,"excerpt":"Magdalena Carmen Frida Kahlo Calder\u00f3n, nombre completo de la artista mexicana Frida Kahlo, naci\u00f3 el 6 de julio de 1907 en la Ciudad de M\u00e9xico y como todos sabemos, se cas\u00f3 con Diego Rivera, pero antes de eso y antes de conocer todo su arte, \u00bfqu\u00e9 vivi\u00f3 la peque\u00f1a \"Friducha\"?\u2026","rel":"","context":"En &quot;\u00a1Ay goeeee!&quot;","block_context":{"text":"\u00a1Ay goeeee!","link":"https:\/\/soclose.mx\/blog\/category\/ay-goeeee\/"},"img":{"alt_text":"","src":"https:\/\/i0.wp.com\/soclose.mx\/blog\/wp-content\/uploads\/2021\/07\/frida-kahlo.jpeg?fit=1200%2C677&ssl=1&resize=350%2C200","width":350,"height":200,"srcset":"https:\/\/i0.wp.com\/soclose.mx\/blog\/wp-content\/uploads\/2021\/07\/frida-kahlo.jpeg?fit=1200%2C677&ssl=1&resize=350%2C200 1x, https:\/\/i0.wp.com\/soclose.mx\/blog\/wp-content\/uploads\/2021\/07\/frida-kahlo.jpeg?fit=1200%2C677&ssl=1&resize=525%2C300 1.5x, https:\/\/i0.wp.com\/soclose.mx\/blog\/wp-content\/uploads\/2021\/07\/frida-kahlo.jpeg?fit=1200%2C677&ssl=1&resize=700%2C400 2x, https:\/\/i0.wp.com\/soclose.mx\/blog\/wp-content\/uploads\/2021\/07\/frida-kahlo.jpeg?fit=1200%2C677&ssl=1&resize=1050%2C600 3x"},"classes":[]},{"id":6843,"url":"https:\/\/soclose.mx\/blog\/ay-goeeee\/7-curiosidades-de-la-pintura-de-diego-rivera-desnudo-con-alcatraces\/","url_meta":{"origin":9170,"position":1},"title":"7 curiosidades de la pintura de Diego Rivera: &#8220;Desnudo con alcatraces&#8221;","author":"So Close","date":"10 agosto, 2021","format":false,"excerpt":"El pintor y muralista Diego Rivera, tambi\u00e9n conocido por su relaci\u00f3n con Frida Kahlo, entre sus obras realiz\u00f3 una que tuvo un peculiar impacto en su \u00e9poca, pero tambi\u00e9n gener\u00f3 atenci\u00f3n porque rompi\u00f3 un estereotipo de modelos al dibujar a una mujer que no era la cl\u00e1sica de origen cauc\u00e1sico.\u2026","rel":"","context":"En &quot;\u00a1Ay goeeee!&quot;","block_context":{"text":"\u00a1Ay goeeee!","link":"https:\/\/soclose.mx\/blog\/category\/ay-goeeee\/"},"img":{"alt_text":"","src":"https:\/\/i0.wp.com\/soclose.mx\/blog\/wp-content\/uploads\/2021\/08\/Desnudo-con-alcatraces.jpeg?fit=1200%2C677&ssl=1&resize=350%2C200","width":350,"height":200,"srcset":"https:\/\/i0.wp.com\/soclose.mx\/blog\/wp-content\/uploads\/2021\/08\/Desnudo-con-alcatraces.jpeg?fit=1200%2C677&ssl=1&resize=350%2C200 1x, https:\/\/i0.wp.com\/soclose.mx\/blog\/wp-content\/uploads\/2021\/08\/Desnudo-con-alcatraces.jpeg?fit=1200%2C677&ssl=1&resize=525%2C300 1.5x, https:\/\/i0.wp.com\/soclose.mx\/blog\/wp-content\/uploads\/2021\/08\/Desnudo-con-alcatraces.jpeg?fit=1200%2C677&ssl=1&resize=700%2C400 2x, https:\/\/i0.wp.com\/soclose.mx\/blog\/wp-content\/uploads\/2021\/08\/Desnudo-con-alcatraces.jpeg?fit=1200%2C677&ssl=1&resize=1050%2C600 3x"},"classes":[]},{"id":9007,"url":"https:\/\/soclose.mx\/blog\/ay-goeeee\/nick-muray-el-otro-amor-de-frida-kahlo\/","url_meta":{"origin":9170,"position":2},"title":"Nickolas Muray: el otro amor de Frida Kahlo","author":"Miguel Angel Romero","date":"12 abril, 2022","format":false,"excerpt":"Nickolas Muray fue uno de los fot\u00f3grafos m\u00e1s relevantes entre los a\u00f1os 20 y 40, su nombre tambi\u00e9n resuena al ser de las personas m\u00e1s allegadas a Frida Kahlo. En su trayectoria profesional captur\u00f3 a celebridades del mundo pol\u00edtico, literario, musical y art\u00edstico como\u00a0Marilyn Monroe, David Herbert Richards Lawrence, Anna\u2026","rel":"","context":"En &quot;\u00a1Ay goeeee!&quot;","block_context":{"text":"\u00a1Ay goeeee!","link":"https:\/\/soclose.mx\/blog\/category\/ay-goeeee\/"},"img":{"alt_text":"","src":"https:\/\/i0.wp.com\/soclose.mx\/blog\/wp-content\/uploads\/2022\/02\/Copia-de-Principal-So-Close-blog-2-4.png?fit=1200%2C677&ssl=1&resize=350%2C200","width":350,"height":200,"srcset":"https:\/\/i0.wp.com\/soclose.mx\/blog\/wp-content\/uploads\/2022\/02\/Copia-de-Principal-So-Close-blog-2-4.png?fit=1200%2C677&ssl=1&resize=350%2C200 1x, https:\/\/i0.wp.com\/soclose.mx\/blog\/wp-content\/uploads\/2022\/02\/Copia-de-Principal-So-Close-blog-2-4.png?fit=1200%2C677&ssl=1&resize=525%2C300 1.5x, https:\/\/i0.wp.com\/soclose.mx\/blog\/wp-content\/uploads\/2022\/02\/Copia-de-Principal-So-Close-blog-2-4.png?fit=1200%2C677&ssl=1&resize=700%2C400 2x, https:\/\/i0.wp.com\/soclose.mx\/blog\/wp-content\/uploads\/2022\/02\/Copia-de-Principal-So-Close-blog-2-4.png?fit=1200%2C677&ssl=1&resize=1050%2C600 3x"},"classes":[]},{"id":10499,"url":"https:\/\/soclose.mx\/blog\/a-la-mexicana\/conoce-yo-y-mis-pericos-una-de-las-pinturas-de-frida-kahlo-mas-caras-en-la-historia-del-arte\/","url_meta":{"origin":9170,"position":3},"title":"Conoce &#8220;Yo y mis Pericos&#8221;, una de las pinturas de Frida Kahlo m\u00e1s caras en la historia del arte","author":"Daniel Ram\u00edrez","date":"5 julio, 2022","format":false,"excerpt":"Pintar, pintamos todos, pero pocos fueron tocados con la varita m\u00e1gica para ser capaces de realizar cuadros incre\u00edbles. Como Frida Kahlo, la pintora mexicana quien hizo verdaderas maravillas con las que deslumbr\u00f3 y deleit\u00f3 al mundo entero. Muestra de ello es el valor que tienen sus obras, como el cuadro\u2026","rel":"","context":"En &quot;A la mexicana&quot;","block_context":{"text":"A la mexicana","link":"https:\/\/soclose.mx\/blog\/category\/a-la-mexicana\/"},"img":{"alt_text":"","src":"https:\/\/i0.wp.com\/soclose.mx\/blog\/wp-content\/uploads\/2022\/07\/pexels-tim-mossholder-10681850-scaled.jpg?fit=1200%2C800&ssl=1&resize=350%2C200","width":350,"height":200,"srcset":"https:\/\/i0.wp.com\/soclose.mx\/blog\/wp-content\/uploads\/2022\/07\/pexels-tim-mossholder-10681850-scaled.jpg?fit=1200%2C800&ssl=1&resize=350%2C200 1x, https:\/\/i0.wp.com\/soclose.mx\/blog\/wp-content\/uploads\/2022\/07\/pexels-tim-mossholder-10681850-scaled.jpg?fit=1200%2C800&ssl=1&resize=525%2C300 1.5x, https:\/\/i0.wp.com\/soclose.mx\/blog\/wp-content\/uploads\/2022\/07\/pexels-tim-mossholder-10681850-scaled.jpg?fit=1200%2C800&ssl=1&resize=700%2C400 2x, https:\/\/i0.wp.com\/soclose.mx\/blog\/wp-content\/uploads\/2022\/07\/pexels-tim-mossholder-10681850-scaled.jpg?fit=1200%2C800&ssl=1&resize=1050%2C600 3x"},"classes":[]},{"id":10573,"url":"https:\/\/soclose.mx\/blog\/ay-goeeee\/frida-kahlo-mas-famosa-que-vincent-van-gogh-y-picasso\/","url_meta":{"origin":9170,"position":4},"title":"Frida Kahlo, m\u00e1s famosa que Vincent van Gogh y Picasso","author":"Daniel Ram\u00edrez","date":"12 julio, 2022","format":false,"excerpt":"\u00bfQu\u00e9 hiciste durante la etapa m\u00e1s cr\u00edtica de la pandemia de COVID-19? Si buscaste en Google sobre la vida, obra y otras cosas de Frida Kahlo, fuiste parte de millones que lo hicieron en esa etapa. Ken Bromley Arts Supplies, una empresa dedicada a la venta de materiales de arte,\u2026","rel":"","context":"En &quot;\u00a1Ay goeeee!&quot;","block_context":{"text":"\u00a1Ay goeeee!","link":"https:\/\/soclose.mx\/blog\/category\/ay-goeeee\/"},"img":{"alt_text":"","src":"https:\/\/i0.wp.com\/soclose.mx\/blog\/wp-content\/uploads\/2018\/05\/frida-kahlo.jpg?fit=1140%2C730&ssl=1&resize=350%2C200","width":350,"height":200,"srcset":"https:\/\/i0.wp.com\/soclose.mx\/blog\/wp-content\/uploads\/2018\/05\/frida-kahlo.jpg?fit=1140%2C730&ssl=1&resize=350%2C200 1x, https:\/\/i0.wp.com\/soclose.mx\/blog\/wp-content\/uploads\/2018\/05\/frida-kahlo.jpg?fit=1140%2C730&ssl=1&resize=525%2C300 1.5x, https:\/\/i0.wp.com\/soclose.mx\/blog\/wp-content\/uploads\/2018\/05\/frida-kahlo.jpg?fit=1140%2C730&ssl=1&resize=700%2C400 2x, https:\/\/i0.wp.com\/soclose.mx\/blog\/wp-content\/uploads\/2018\/05\/frida-kahlo.jpg?fit=1140%2C730&ssl=1&resize=1050%2C600 3x"},"classes":[]},{"id":6918,"url":"https:\/\/soclose.mx\/blog\/news-feed\/museo-mural-diego-rivera-exhibe-registros-sobre-la-diversidad\/","url_meta":{"origin":9170,"position":5},"title":"Museo Mural Diego Rivera exhibe registros sobre la diversidad","author":"Miguel Angel Romero","date":"19 agosto, 2021","format":false,"excerpt":"La exposici\u00f3n que alberga el Museo Mural Diego Rivera, Imagograf\u00edas de diversidad: el entre-medio de la cultura,\u00a0 explora m\u00e1s de 50 expresiones gr\u00e1ficas, las cuales permiten reflexionar sobre la diversidad desde el campo de la cultura y el arte. La muestra cuenta con\u00a0 obras de artistas como Pablo O\u2019Higgins, Fernando\u2026","rel":"","context":"En &quot;News feed&quot;","block_context":{"text":"News feed","link":"https:\/\/soclose.mx\/blog\/category\/news-feed\/"},"img":{"alt_text":"","src":"https:\/\/i0.wp.com\/soclose.mx\/blog\/wp-content\/uploads\/2021\/08\/Principal-So-Close-blog-17.jpg?fit=1200%2C677&ssl=1&resize=350%2C200","width":350,"height":200,"srcset":"https:\/\/i0.wp.com\/soclose.mx\/blog\/wp-content\/uploads\/2021\/08\/Principal-So-Close-blog-17.jpg?fit=1200%2C677&ssl=1&resize=350%2C200 1x, https:\/\/i0.wp.com\/soclose.mx\/blog\/wp-content\/uploads\/2021\/08\/Principal-So-Close-blog-17.jpg?fit=1200%2C677&ssl=1&resize=525%2C300 1.5x, https:\/\/i0.wp.com\/soclose.mx\/blog\/wp-content\/uploads\/2021\/08\/Principal-So-Close-blog-17.jpg?fit=1200%2C677&ssl=1&resize=700%2C400 2x, https:\/\/i0.wp.com\/soclose.mx\/blog\/wp-content\/uploads\/2021\/08\/Principal-So-Close-blog-17.jpg?fit=1200%2C677&ssl=1&resize=1050%2C600 3x"},"classes":[]}],"jetpack_sharing_enabled":true,"_links":{"self":[{"href":"https:\/\/soclose.mx\/blog\/wp-json\/wp\/v2\/posts\/9170","targetHints":{"allow":["GET"]}}],"collection":[{"href":"https:\/\/soclose.mx\/blog\/wp-json\/wp\/v2\/posts"}],"about":[{"href":"https:\/\/soclose.mx\/blog\/wp-json\/wp\/v2\/types\/post"}],"author":[{"embeddable":true,"href":"https:\/\/soclose.mx\/blog\/wp-json\/wp\/v2\/users\/8"}],"replies":[{"embeddable":true,"href":"https:\/\/soclose.mx\/blog\/wp-json\/wp\/v2\/comments?post=9170"}],"version-history":[{"count":0,"href":"https:\/\/soclose.mx\/blog\/wp-json\/wp\/v2\/posts\/9170\/revisions"}],"wp:featuredmedia":[{"embeddable":true,"href":"https:\/\/soclose.mx\/blog\/wp-json\/wp\/v2\/media\/9172"}],"wp:attachment":[{"href":"https:\/\/soclose.mx\/blog\/wp-json\/wp\/v2\/media?parent=9170"}],"wp:term":[{"taxonomy":"category","embeddable":true,"href":"https:\/\/soclose.mx\/blog\/wp-json\/wp\/v2\/categories?post=9170"},{"taxonomy":"post_tag","embeddable":true,"href":"https:\/\/soclose.mx\/blog\/wp-json\/wp\/v2\/tags?post=9170"}],"curies":[{"name":"wp","href":"https:\/\/api.w.org\/{rel}","templated":true}]}}