{"id":9174,"date":"2022-03-03T21:48:02","date_gmt":"2022-03-04T03:48:02","guid":{"rendered":"https:\/\/soclose.mx\/blog\/?p=9174"},"modified":"2022-12-21T10:40:55","modified_gmt":"2022-12-21T16:40:55","slug":"regresan-las-actividades-presenciales-de-los-museos-de-la-cdmx","status":"publish","type":"post","link":"https:\/\/soclose.mx\/blog\/para-todos\/regresan-las-actividades-presenciales-de-los-museos-de-la-cdmx\/","title":{"rendered":"Regresan las actividades presenciales de los museos de la CDMX"},"content":{"rendered":"<p>La <strong>Secretar\u00eda de Cultura<\/strong> reabre algunos <a href=\"https:\/\/soclose.mx\/blog\/?s=museo\" target=\"_blank\" rel=\"noopener\">espacios muse\u00edsticos<\/a> del <strong>Instituto Nacional de Antropolog\u00eda e Historia (INAH)<\/strong>, los cuales reanudan actividades presenciales con una amplia oferta eventos.<\/p>\n<p>En el\u00a0<strong>Museo Nacional de Historia<\/strong> (MNH), <strong>Castillo de Chapultepec<\/strong>, la m\u00fasica regresa al Patio del Alc\u00e1zar con los conciertos a celebrarse los s\u00e1bados de marzo, a las 13:00 horas.<\/p>\n<p>En ese mismo espacio del MNH, el s\u00e1bado 12, a las 15:00 horas, tendr\u00e1 lugar la puesta en escena\u00a0<strong>Josefa Ortiz, la incorregible<\/strong><em>,\u00a0<\/em>que ahondar\u00e1 en la \u00faltima hora de su encarcelamiento.<\/p>\n<p>Por su parte, la obra\u00a0<strong>Leona, memorias de una guerrera,<\/strong> a realizarse los jueves 17, 24 y 31 de marzo, a las 13:00 horas, es un homenaje esc\u00e9nico a la vida y obra de<strong> Leona Vicario<\/strong>. Tanto los conciertos como las obras de teatro est\u00e1n incluidos en el boleto de entrada del museo.<\/p>\n<p>Por su parte, el\u00a0<strong>Museo Nacional de las Intervenciones<\/strong>\u00a0 tambi\u00e9n reactiva sus actividades presenciales con las \u201c<strong>Charlas con un personaje de la historia. Capit\u00e1n John O\u2019Reilly<\/strong>\u201d, sobre este militar irland\u00e9s conocido por desertar del ej\u00e9rcito estadounidense para unirse al mexicano.<\/p>\n<p>El domingo 6, a las 15:00 horas, se realizar\u00e1 el concierto con la Banda de Gaitas del Batall\u00f3n de San Patricio, cuyo acceso gratuito estar\u00e1 limitado a 100 personas, en la explanada que lleva el nombre de este grupo militar.<\/p>\n<p>En el marco del<strong> D\u00eda Internacional de la Mujer<\/strong>, en el Portal de Peregrinos, el 8 de marzo, a las 12:00 horas, se presentar\u00e1 el mon\u00f3logo \u201cSoberan\u00eda y la mujer en la Revoluci\u00f3n Mexicana\u201d, donde la actriz <strong>Mar\u00eda In\u00e9s Villegas<\/strong> abordar\u00e1 la participaci\u00f3n femenina en esa lucha armada. Cupo limitado a 60 personas.<\/p>\n<p>A su vez, la exposici\u00f3n <strong>Ni\u00f1os h\u00e9roes, un lunes de 1847<\/strong>, la cual relata sucesos y batallas de la Intervenci\u00f3n Norteamericana de ese a\u00f1o, a trav\u00e9s de c\u00f3mics y mu\u00f1ecos de fieltro, contin\u00faa en exhibici\u00f3n en el <strong>Patio de Escudos del MNH<\/strong>, hasta mayo pr\u00f3ximo. Solo se permite la entrada a 10 personas cada media hora.<\/p>\n<p>Fuente: INBA<\/p>\n","protected":false},"excerpt":{"rendered":"<p>La Secretar\u00eda de Cultura reabre algunos espacios muse\u00edsticos del Instituto Nacional de Antropolog\u00eda e Historia (INAH), los cuales reanudan actividades presenciales con una amplia oferta eventos. En el\u00a0Museo Nacional de Historia (MNH), Castillo de Chapultepec, la m\u00fasica regresa al Patio del Alc\u00e1zar con los conciertos a celebrarse los s\u00e1bados de marzo, a las 13:00 horas. En ese mismo espacio del MNH, el s\u00e1bado 12, a las 15:00 horas, tendr\u00e1 lugar la puesta en escena\u00a0Josefa Ortiz, la incorregible,\u00a0que ahondar\u00e1 en la \u00faltima hora de su encarcelamiento. Por su parte, la obra\u00a0Leona, memorias de una guerrera, a realizarse los jueves 17, 24<\/p>\n","protected":false},"author":8,"featured_media":9176,"comment_status":"open","ping_status":"open","sticky":false,"template":"","format":"standard","meta":{"_jetpack_memberships_contains_paid_content":false,"footnotes":""},"categories":[1674],"tags":[218,914],"class_list":["post-9174","post","type-post","status-publish","format-standard","has-post-thumbnail","hentry","category-para-todos","tag-cdmx","tag-museos"],"yoast_head":"<!-- This site is optimized with the Yoast SEO plugin v26.7 - https:\/\/yoast.com\/wordpress\/plugins\/seo\/ -->\n<title>Regresan las actividades presenciales de los museos de la CDMX - So Close<\/title>\n<meta name=\"description\" content=\"Los museos nacionales de Historia, de las Intervenciones y de las Culturas del Mundo han preparado una serie de eventos.\" \/>\n<meta name=\"robots\" content=\"index, follow, max-snippet:-1, max-image-preview:large, max-video-preview:-1\" \/>\n<link rel=\"canonical\" href=\"https:\/\/soclose.mx\/blog\/tag\/juan-rulfo-frases-mujeres\/\" \/>\n<meta property=\"og:locale\" content=\"es_MX\" \/>\n<meta property=\"og:type\" content=\"article\" \/>\n<meta property=\"og:title\" content=\"Regresan las actividades presenciales de los museos de la CDMX - So Close\" \/>\n<meta property=\"og:description\" content=\"Los museos nacionales de Historia, de las Intervenciones y de las Culturas del Mundo han preparado una serie de eventos.\" \/>\n<meta property=\"og:url\" content=\"https:\/\/soclose.mx\/blog\/tag\/juan-rulfo-frases-mujeres\/\" \/>\n<meta property=\"og:site_name\" content=\"So Close\" \/>\n<meta property=\"article:author\" content=\"www.facebook.com\/mikexever\/\" \/>\n<meta property=\"article:published_time\" content=\"2022-03-04T03:48:02+00:00\" \/>\n<meta property=\"article:modified_time\" content=\"2022-12-21T16:40:55+00:00\" \/>\n<meta property=\"og:image\" content=\"https:\/\/i0.wp.com\/soclose.mx\/blog\/wp-content\/uploads\/2022\/03\/Copia-de-Principal-So-Close-blog-3.png?fit=1240%2C700&ssl=1\" \/>\n\t<meta property=\"og:image:width\" content=\"1240\" \/>\n\t<meta property=\"og:image:height\" content=\"700\" \/>\n\t<meta property=\"og:image:type\" content=\"image\/png\" \/>\n<meta name=\"author\" content=\"Miguel Angel Romero\" \/>\n<meta name=\"twitter:card\" content=\"summary_large_image\" \/>\n<meta name=\"twitter:creator\" content=\"@Mikerecomienda\" \/>\n<meta name=\"twitter:label1\" content=\"Escrito por\" \/>\n\t<meta name=\"twitter:data1\" content=\"Miguel Angel Romero\" \/>\n\t<meta name=\"twitter:label2\" content=\"Tiempo de lectura\" \/>\n\t<meta name=\"twitter:data2\" content=\"2 minutos\" \/>\n<script type=\"application\/ld+json\" class=\"yoast-schema-graph\">{\"@context\":\"https:\/\/schema.org\",\"@graph\":[{\"@type\":\"Article\",\"@id\":\"https:\/\/soclose.mx\/blog\/tag\/juan-rulfo-frases-mujeres\/#article\",\"isPartOf\":{\"@id\":\"https:\/\/soclose.mx\/blog\/tag\/juan-rulfo-frases-mujeres\/\"},\"author\":{\"name\":\"Miguel Angel Romero\",\"@id\":\"https:\/\/soclose.mx\/blog\/#\/schema\/person\/cddec6ccd5d7037d286395fb411e23f1\"},\"headline\":\"Regresan las actividades presenciales de los museos de la CDMX\",\"datePublished\":\"2022-03-04T03:48:02+00:00\",\"dateModified\":\"2022-12-21T16:40:55+00:00\",\"mainEntityOfPage\":{\"@id\":\"https:\/\/soclose.mx\/blog\/tag\/juan-rulfo-frases-mujeres\/\"},\"wordCount\":360,\"commentCount\":0,\"publisher\":{\"@id\":\"https:\/\/soclose.mx\/blog\/#organization\"},\"image\":{\"@id\":\"https:\/\/soclose.mx\/blog\/tag\/juan-rulfo-frases-mujeres\/#primaryimage\"},\"thumbnailUrl\":\"https:\/\/i0.wp.com\/soclose.mx\/blog\/wp-content\/uploads\/2022\/03\/Copia-de-Principal-So-Close-blog-3.png?fit=1240%2C700&ssl=1\",\"keywords\":[\"cdmx\",\"museos\"],\"articleSection\":[\"Para todos\"],\"inLanguage\":\"es\",\"potentialAction\":[{\"@type\":\"CommentAction\",\"name\":\"Comment\",\"target\":[\"https:\/\/soclose.mx\/blog\/tag\/juan-rulfo-frases-mujeres\/#respond\"]}]},{\"@type\":\"WebPage\",\"@id\":\"https:\/\/soclose.mx\/blog\/tag\/juan-rulfo-frases-mujeres\/\",\"url\":\"https:\/\/soclose.mx\/blog\/tag\/juan-rulfo-frases-mujeres\/\",\"name\":\"Regresan las actividades presenciales de los museos de la CDMX - So Close\",\"isPartOf\":{\"@id\":\"https:\/\/soclose.mx\/blog\/#website\"},\"primaryImageOfPage\":{\"@id\":\"https:\/\/soclose.mx\/blog\/tag\/juan-rulfo-frases-mujeres\/#primaryimage\"},\"image\":{\"@id\":\"https:\/\/soclose.mx\/blog\/tag\/juan-rulfo-frases-mujeres\/#primaryimage\"},\"thumbnailUrl\":\"https:\/\/i0.wp.com\/soclose.mx\/blog\/wp-content\/uploads\/2022\/03\/Copia-de-Principal-So-Close-blog-3.png?fit=1240%2C700&ssl=1\",\"datePublished\":\"2022-03-04T03:48:02+00:00\",\"dateModified\":\"2022-12-21T16:40:55+00:00\",\"description\":\"Los museos nacionales de Historia, de las Intervenciones y de las Culturas del Mundo han preparado una serie de eventos.\",\"breadcrumb\":{\"@id\":\"https:\/\/soclose.mx\/blog\/tag\/juan-rulfo-frases-mujeres\/#breadcrumb\"},\"inLanguage\":\"es\",\"potentialAction\":[{\"@type\":\"ReadAction\",\"target\":[\"https:\/\/soclose.mx\/blog\/tag\/juan-rulfo-frases-mujeres\/\"]}]},{\"@type\":\"ImageObject\",\"inLanguage\":\"es\",\"@id\":\"https:\/\/soclose.mx\/blog\/tag\/juan-rulfo-frases-mujeres\/#primaryimage\",\"url\":\"https:\/\/i0.wp.com\/soclose.mx\/blog\/wp-content\/uploads\/2022\/03\/Copia-de-Principal-So-Close-blog-3.png?fit=1240%2C700&ssl=1\",\"contentUrl\":\"https:\/\/i0.wp.com\/soclose.mx\/blog\/wp-content\/uploads\/2022\/03\/Copia-de-Principal-So-Close-blog-3.png?fit=1240%2C700&ssl=1\",\"width\":1240,\"height\":700},{\"@type\":\"BreadcrumbList\",\"@id\":\"https:\/\/soclose.mx\/blog\/tag\/juan-rulfo-frases-mujeres\/#breadcrumb\",\"itemListElement\":[{\"@type\":\"ListItem\",\"position\":1,\"name\":\"Inicio\",\"item\":\"https:\/\/soclose.mx\/blog\/\"},{\"@type\":\"ListItem\",\"position\":2,\"name\":\"Regresan las actividades presenciales de los museos de la CDMX\"}]},{\"@type\":\"WebSite\",\"@id\":\"https:\/\/soclose.mx\/blog\/#website\",\"url\":\"https:\/\/soclose.mx\/blog\/\",\"name\":\"So Close\",\"description\":\"Hacemos contenidos de M\u00e9xico\",\"publisher\":{\"@id\":\"https:\/\/soclose.mx\/blog\/#organization\"},\"potentialAction\":[{\"@type\":\"SearchAction\",\"target\":{\"@type\":\"EntryPoint\",\"urlTemplate\":\"https:\/\/soclose.mx\/blog\/?s={search_term_string}\"},\"query-input\":{\"@type\":\"PropertyValueSpecification\",\"valueRequired\":true,\"valueName\":\"search_term_string\"}}],\"inLanguage\":\"es\"},{\"@type\":\"Organization\",\"@id\":\"https:\/\/soclose.mx\/blog\/#organization\",\"name\":\"So Close\",\"url\":\"https:\/\/soclose.mx\/blog\/\",\"logo\":{\"@type\":\"ImageObject\",\"inLanguage\":\"es\",\"@id\":\"https:\/\/soclose.mx\/blog\/#\/schema\/logo\/image\/\",\"url\":\"https:\/\/i0.wp.com\/soclose.mx\/blog\/wp-content\/uploads\/2020\/12\/LOGO_SOCLOSE_COLOR-e1608310133507.png?fit=2858%2C1264&ssl=1\",\"contentUrl\":\"https:\/\/i0.wp.com\/soclose.mx\/blog\/wp-content\/uploads\/2020\/12\/LOGO_SOCLOSE_COLOR-e1608310133507.png?fit=2858%2C1264&ssl=1\",\"width\":2858,\"height\":1264,\"caption\":\"So Close\"},\"image\":{\"@id\":\"https:\/\/soclose.mx\/blog\/#\/schema\/logo\/image\/\"}},{\"@type\":\"Person\",\"@id\":\"https:\/\/soclose.mx\/blog\/#\/schema\/person\/cddec6ccd5d7037d286395fb411e23f1\",\"name\":\"Miguel Angel Romero\",\"image\":{\"@type\":\"ImageObject\",\"inLanguage\":\"es\",\"@id\":\"https:\/\/soclose.mx\/blog\/#\/schema\/person\/image\/\",\"url\":\"https:\/\/secure.gravatar.com\/avatar\/45b44006b4f93497bb24d251f77bc39385015bfa120582412df580dbfcbb14f3?s=96&d=mm&r=g\",\"contentUrl\":\"https:\/\/secure.gravatar.com\/avatar\/45b44006b4f93497bb24d251f77bc39385015bfa120582412df580dbfcbb14f3?s=96&d=mm&r=g\",\"caption\":\"Miguel Angel Romero\"},\"sameAs\":[\"http:\/\/\/mikexever.blogspot.com\/\",\"www.facebook.com\/mikexever\/\",\"https:\/\/x.com\/Mikerecomienda\"],\"url\":\"https:\/\/soclose.mx\/blog\/author\/mike\/\"}]}<\/script>\n<!-- \/ Yoast SEO plugin. -->","yoast_head_json":{"title":"Regresan las actividades presenciales de los museos de la CDMX - So Close","description":"Los museos nacionales de Historia, de las Intervenciones y de las Culturas del Mundo han preparado una serie de eventos.","robots":{"index":"index","follow":"follow","max-snippet":"max-snippet:-1","max-image-preview":"max-image-preview:large","max-video-preview":"max-video-preview:-1"},"canonical":"https:\/\/soclose.mx\/blog\/tag\/juan-rulfo-frases-mujeres\/","og_locale":"es_MX","og_type":"article","og_title":"Regresan las actividades presenciales de los museos de la CDMX - So Close","og_description":"Los museos nacionales de Historia, de las Intervenciones y de las Culturas del Mundo han preparado una serie de eventos.","og_url":"https:\/\/soclose.mx\/blog\/tag\/juan-rulfo-frases-mujeres\/","og_site_name":"So Close","article_author":"www.facebook.com\/mikexever\/","article_published_time":"2022-03-04T03:48:02+00:00","article_modified_time":"2022-12-21T16:40:55+00:00","og_image":[{"width":1240,"height":700,"url":"https:\/\/i0.wp.com\/soclose.mx\/blog\/wp-content\/uploads\/2022\/03\/Copia-de-Principal-So-Close-blog-3.png?fit=1240%2C700&ssl=1","type":"image\/png"}],"author":"Miguel Angel Romero","twitter_card":"summary_large_image","twitter_creator":"@Mikerecomienda","twitter_misc":{"Escrito por":"Miguel Angel Romero","Tiempo de lectura":"2 minutos"},"schema":{"@context":"https:\/\/schema.org","@graph":[{"@type":"Article","@id":"https:\/\/soclose.mx\/blog\/tag\/juan-rulfo-frases-mujeres\/#article","isPartOf":{"@id":"https:\/\/soclose.mx\/blog\/tag\/juan-rulfo-frases-mujeres\/"},"author":{"name":"Miguel Angel Romero","@id":"https:\/\/soclose.mx\/blog\/#\/schema\/person\/cddec6ccd5d7037d286395fb411e23f1"},"headline":"Regresan las actividades presenciales de los museos de la CDMX","datePublished":"2022-03-04T03:48:02+00:00","dateModified":"2022-12-21T16:40:55+00:00","mainEntityOfPage":{"@id":"https:\/\/soclose.mx\/blog\/tag\/juan-rulfo-frases-mujeres\/"},"wordCount":360,"commentCount":0,"publisher":{"@id":"https:\/\/soclose.mx\/blog\/#organization"},"image":{"@id":"https:\/\/soclose.mx\/blog\/tag\/juan-rulfo-frases-mujeres\/#primaryimage"},"thumbnailUrl":"https:\/\/i0.wp.com\/soclose.mx\/blog\/wp-content\/uploads\/2022\/03\/Copia-de-Principal-So-Close-blog-3.png?fit=1240%2C700&ssl=1","keywords":["cdmx","museos"],"articleSection":["Para todos"],"inLanguage":"es","potentialAction":[{"@type":"CommentAction","name":"Comment","target":["https:\/\/soclose.mx\/blog\/tag\/juan-rulfo-frases-mujeres\/#respond"]}]},{"@type":"WebPage","@id":"https:\/\/soclose.mx\/blog\/tag\/juan-rulfo-frases-mujeres\/","url":"https:\/\/soclose.mx\/blog\/tag\/juan-rulfo-frases-mujeres\/","name":"Regresan las actividades presenciales de los museos de la CDMX - So Close","isPartOf":{"@id":"https:\/\/soclose.mx\/blog\/#website"},"primaryImageOfPage":{"@id":"https:\/\/soclose.mx\/blog\/tag\/juan-rulfo-frases-mujeres\/#primaryimage"},"image":{"@id":"https:\/\/soclose.mx\/blog\/tag\/juan-rulfo-frases-mujeres\/#primaryimage"},"thumbnailUrl":"https:\/\/i0.wp.com\/soclose.mx\/blog\/wp-content\/uploads\/2022\/03\/Copia-de-Principal-So-Close-blog-3.png?fit=1240%2C700&ssl=1","datePublished":"2022-03-04T03:48:02+00:00","dateModified":"2022-12-21T16:40:55+00:00","description":"Los museos nacionales de Historia, de las Intervenciones y de las Culturas del Mundo han preparado una serie de eventos.","breadcrumb":{"@id":"https:\/\/soclose.mx\/blog\/tag\/juan-rulfo-frases-mujeres\/#breadcrumb"},"inLanguage":"es","potentialAction":[{"@type":"ReadAction","target":["https:\/\/soclose.mx\/blog\/tag\/juan-rulfo-frases-mujeres\/"]}]},{"@type":"ImageObject","inLanguage":"es","@id":"https:\/\/soclose.mx\/blog\/tag\/juan-rulfo-frases-mujeres\/#primaryimage","url":"https:\/\/i0.wp.com\/soclose.mx\/blog\/wp-content\/uploads\/2022\/03\/Copia-de-Principal-So-Close-blog-3.png?fit=1240%2C700&ssl=1","contentUrl":"https:\/\/i0.wp.com\/soclose.mx\/blog\/wp-content\/uploads\/2022\/03\/Copia-de-Principal-So-Close-blog-3.png?fit=1240%2C700&ssl=1","width":1240,"height":700},{"@type":"BreadcrumbList","@id":"https:\/\/soclose.mx\/blog\/tag\/juan-rulfo-frases-mujeres\/#breadcrumb","itemListElement":[{"@type":"ListItem","position":1,"name":"Inicio","item":"https:\/\/soclose.mx\/blog\/"},{"@type":"ListItem","position":2,"name":"Regresan las actividades presenciales de los museos de la CDMX"}]},{"@type":"WebSite","@id":"https:\/\/soclose.mx\/blog\/#website","url":"https:\/\/soclose.mx\/blog\/","name":"So Close","description":"Hacemos contenidos de M\u00e9xico","publisher":{"@id":"https:\/\/soclose.mx\/blog\/#organization"},"potentialAction":[{"@type":"SearchAction","target":{"@type":"EntryPoint","urlTemplate":"https:\/\/soclose.mx\/blog\/?s={search_term_string}"},"query-input":{"@type":"PropertyValueSpecification","valueRequired":true,"valueName":"search_term_string"}}],"inLanguage":"es"},{"@type":"Organization","@id":"https:\/\/soclose.mx\/blog\/#organization","name":"So Close","url":"https:\/\/soclose.mx\/blog\/","logo":{"@type":"ImageObject","inLanguage":"es","@id":"https:\/\/soclose.mx\/blog\/#\/schema\/logo\/image\/","url":"https:\/\/i0.wp.com\/soclose.mx\/blog\/wp-content\/uploads\/2020\/12\/LOGO_SOCLOSE_COLOR-e1608310133507.png?fit=2858%2C1264&ssl=1","contentUrl":"https:\/\/i0.wp.com\/soclose.mx\/blog\/wp-content\/uploads\/2020\/12\/LOGO_SOCLOSE_COLOR-e1608310133507.png?fit=2858%2C1264&ssl=1","width":2858,"height":1264,"caption":"So Close"},"image":{"@id":"https:\/\/soclose.mx\/blog\/#\/schema\/logo\/image\/"}},{"@type":"Person","@id":"https:\/\/soclose.mx\/blog\/#\/schema\/person\/cddec6ccd5d7037d286395fb411e23f1","name":"Miguel Angel Romero","image":{"@type":"ImageObject","inLanguage":"es","@id":"https:\/\/soclose.mx\/blog\/#\/schema\/person\/image\/","url":"https:\/\/secure.gravatar.com\/avatar\/45b44006b4f93497bb24d251f77bc39385015bfa120582412df580dbfcbb14f3?s=96&d=mm&r=g","contentUrl":"https:\/\/secure.gravatar.com\/avatar\/45b44006b4f93497bb24d251f77bc39385015bfa120582412df580dbfcbb14f3?s=96&d=mm&r=g","caption":"Miguel Angel Romero"},"sameAs":["http:\/\/\/mikexever.blogspot.com\/","www.facebook.com\/mikexever\/","https:\/\/x.com\/Mikerecomienda"],"url":"https:\/\/soclose.mx\/blog\/author\/mike\/"}]}},"jetpack_featured_media_url":"https:\/\/i0.wp.com\/soclose.mx\/blog\/wp-content\/uploads\/2022\/03\/Copia-de-Principal-So-Close-blog-3.png?fit=1240%2C700&ssl=1","jetpack-related-posts":[{"id":6508,"url":"https:\/\/soclose.mx\/blog\/news-feed\/estos-son-los-talleres-de-verano-en-museos-y-zonas-arqueologicas-de-todo-mexico\/","url_meta":{"origin":9174,"position":0},"title":"Estos son los talleres de verano en museos y zonas arqueol\u00f3gicas de todo M\u00e9xico","author":"So Close","date":"12 julio, 2021","format":false,"excerpt":"El Instituto Nacional de Antropolog\u00eda e Historia (INAH) prepar\u00f3 una serie de actividades did\u00e1cticas y l\u00fadicas para este verano, en las modalidades virtual y presencial. En el marco de la campa\u00f1a \u201cContigo en la distancia\u201d, de la Secretar\u00eda de Cultura del Gobierno de M\u00e9xico, el Museo Casa de Carranza impartir\u00e1\u2026","rel":"","context":"En &quot;News feed&quot;","block_context":{"text":"News feed","link":"https:\/\/soclose.mx\/blog\/category\/news-feed\/"},"img":{"alt_text":"","src":"https:\/\/i0.wp.com\/soclose.mx\/blog\/wp-content\/uploads\/2021\/07\/Ex-Convento-de-Culhuacan.jpeg?fit=1200%2C677&ssl=1&resize=350%2C200","width":350,"height":200,"srcset":"https:\/\/i0.wp.com\/soclose.mx\/blog\/wp-content\/uploads\/2021\/07\/Ex-Convento-de-Culhuacan.jpeg?fit=1200%2C677&ssl=1&resize=350%2C200 1x, https:\/\/i0.wp.com\/soclose.mx\/blog\/wp-content\/uploads\/2021\/07\/Ex-Convento-de-Culhuacan.jpeg?fit=1200%2C677&ssl=1&resize=525%2C300 1.5x, https:\/\/i0.wp.com\/soclose.mx\/blog\/wp-content\/uploads\/2021\/07\/Ex-Convento-de-Culhuacan.jpeg?fit=1200%2C677&ssl=1&resize=700%2C400 2x, https:\/\/i0.wp.com\/soclose.mx\/blog\/wp-content\/uploads\/2021\/07\/Ex-Convento-de-Culhuacan.jpeg?fit=1200%2C677&ssl=1&resize=1050%2C600 3x"},"classes":[]},{"id":8480,"url":"https:\/\/soclose.mx\/blog\/news-feed\/regresan-charlie-brown-y-snoopy-a-la-cdmx\/","url_meta":{"origin":9174,"position":1},"title":"Regresan Charlie Brown y Snoopy a la CDMX","author":"Miguel Angel Romero","date":"12 enero, 2022","format":false,"excerpt":"Con 70 a\u00f1os de vida, la tira c\u00f3mica creada por Charles M. Schulz se ha robado los corazones de varias generaciones en todo el mundo, y M\u00e9xico no es la excepci\u00f3n. A m\u00e1s de cuatro a\u00f1os de haber tocado tierras aztecas, la exposici\u00f3n interactiva de Peanuts regresa a la capital\u2026","rel":"","context":"En &quot;News feed&quot;","block_context":{"text":"News feed","link":"https:\/\/soclose.mx\/blog\/category\/news-feed\/"},"img":{"alt_text":"","src":"https:\/\/i0.wp.com\/soclose.mx\/blog\/wp-content\/uploads\/2022\/01\/Copia-de-Principal-So-Close-blog-14.png?fit=1200%2C677&ssl=1&resize=350%2C200","width":350,"height":200,"srcset":"https:\/\/i0.wp.com\/soclose.mx\/blog\/wp-content\/uploads\/2022\/01\/Copia-de-Principal-So-Close-blog-14.png?fit=1200%2C677&ssl=1&resize=350%2C200 1x, https:\/\/i0.wp.com\/soclose.mx\/blog\/wp-content\/uploads\/2022\/01\/Copia-de-Principal-So-Close-blog-14.png?fit=1200%2C677&ssl=1&resize=525%2C300 1.5x, https:\/\/i0.wp.com\/soclose.mx\/blog\/wp-content\/uploads\/2022\/01\/Copia-de-Principal-So-Close-blog-14.png?fit=1200%2C677&ssl=1&resize=700%2C400 2x, https:\/\/i0.wp.com\/soclose.mx\/blog\/wp-content\/uploads\/2022\/01\/Copia-de-Principal-So-Close-blog-14.png?fit=1200%2C677&ssl=1&resize=1050%2C600 3x"},"classes":[]},{"id":5881,"url":"https:\/\/soclose.mx\/blog\/para-todos\/siete-zonas-arqueologicas-y-cuatro-museos-en-campeche-regresan-a-su-horario-habitual\/","url_meta":{"origin":9174,"position":2},"title":"Siete zonas arqueol\u00f3gicas y cuatro museos en Campeche regresan a su horario habitual","author":"So Close","date":"24 marzo, 2021","format":false,"excerpt":"Luego de que el estado de Campeche regres\u00f3 a sem\u00e1foro epidemiol\u00f3gico en color verde, en el cual se mantuvo por cuatro meses, la Secretar\u00eda de Cultura del Gobierno de M\u00e9xico, a trav\u00e9s del Instituto Nacional de Antropolog\u00eda e Historia (INAH), regulariz\u00f3 a partir de esta semana los horarios de visita\u2026","rel":"","context":"En &quot;Para todos&quot;","block_context":{"text":"Para todos","link":"https:\/\/soclose.mx\/blog\/category\/para-todos\/"},"img":{"alt_text":"","src":"https:\/\/i0.wp.com\/soclose.mx\/blog\/wp-content\/uploads\/2021\/03\/Principal-So-Close-blog-1.jpeg?fit=1200%2C677&ssl=1&resize=350%2C200","width":350,"height":200,"srcset":"https:\/\/i0.wp.com\/soclose.mx\/blog\/wp-content\/uploads\/2021\/03\/Principal-So-Close-blog-1.jpeg?fit=1200%2C677&ssl=1&resize=350%2C200 1x, https:\/\/i0.wp.com\/soclose.mx\/blog\/wp-content\/uploads\/2021\/03\/Principal-So-Close-blog-1.jpeg?fit=1200%2C677&ssl=1&resize=525%2C300 1.5x, https:\/\/i0.wp.com\/soclose.mx\/blog\/wp-content\/uploads\/2021\/03\/Principal-So-Close-blog-1.jpeg?fit=1200%2C677&ssl=1&resize=700%2C400 2x, https:\/\/i0.wp.com\/soclose.mx\/blog\/wp-content\/uploads\/2021\/03\/Principal-So-Close-blog-1.jpeg?fit=1200%2C677&ssl=1&resize=1050%2C600 3x"},"classes":[]},{"id":14727,"url":"https:\/\/soclose.mx\/blog\/news-feed\/lady-gaga-en-la-cdmx-2025-regresa-a-tierra-azteca-con-mayhem\/","url_meta":{"origin":9174,"position":3},"title":"Lady Gaga en la CDMX 2025: regresa a Tierra Azteca con &#8220;Mayhem&#8221;","author":"So Close","date":"3 marzo, 2025","format":false,"excerpt":"Despu\u00e9s de m\u00e1s de una d\u00e9cada, Lady Gaga en la CDMX 2025, regresa ahora con su gira mundial \"Mayhem\", que promete ser un espect\u00e1culo inolvidable. El concierto tendr\u00e1 lugar el s\u00e1bado 26 de abril de 2025 en el Estadio GNP Seguros, ubicado en Viaducto Piedad y R\u00edo Churubusco. Detalles del\u2026","rel":"","context":"En &quot;News feed&quot;","block_context":{"text":"News feed","link":"https:\/\/soclose.mx\/blog\/category\/news-feed\/"},"img":{"alt_text":"Lady Gaga en M\u00e9xico","src":"https:\/\/i0.wp.com\/soclose.mx\/blog\/wp-content\/uploads\/2025\/03\/Lady-Gaga-en-Mexico.jpg?fit=1200%2C675&ssl=1&resize=350%2C200","width":350,"height":200,"srcset":"https:\/\/i0.wp.com\/soclose.mx\/blog\/wp-content\/uploads\/2025\/03\/Lady-Gaga-en-Mexico.jpg?fit=1200%2C675&ssl=1&resize=350%2C200 1x, https:\/\/i0.wp.com\/soclose.mx\/blog\/wp-content\/uploads\/2025\/03\/Lady-Gaga-en-Mexico.jpg?fit=1200%2C675&ssl=1&resize=525%2C300 1.5x, https:\/\/i0.wp.com\/soclose.mx\/blog\/wp-content\/uploads\/2025\/03\/Lady-Gaga-en-Mexico.jpg?fit=1200%2C675&ssl=1&resize=700%2C400 2x, https:\/\/i0.wp.com\/soclose.mx\/blog\/wp-content\/uploads\/2025\/03\/Lady-Gaga-en-Mexico.jpg?fit=1200%2C675&ssl=1&resize=1050%2C600 3x"},"classes":[]},{"id":10183,"url":"https:\/\/soclose.mx\/blog\/news-feed\/vuelve-el-desfile-de-alebrijes-monumentales-en-la-cdmx\/","url_meta":{"origin":9174,"position":4},"title":"Vuelve el desfile de alebrijes monumentales en la CDMX","author":"Daniel Ram\u00edrez","date":"10 junio, 2022","format":false,"excerpt":"Los alebrijes mexicanos son una de las cosas incre\u00edbles que tiene nuestra cultura, los dise\u00f1os son sorprendentes y hacen volar la imaginaci\u00f3n. Por eso, el Desfile y concurso de alebrijes estar\u00e1 de regreso en la Ciudad de M\u00e9xico y adem\u00e1s de disfrutarlos, podr\u00e1s participar creando uno propio. Se llevar\u00e1n a\u2026","rel":"","context":"En &quot;News feed&quot;","block_context":{"text":"News feed","link":"https:\/\/soclose.mx\/blog\/category\/news-feed\/"},"img":{"alt_text":"","src":"https:\/\/i0.wp.com\/soclose.mx\/blog\/wp-content\/uploads\/2022\/06\/Captura-de-Pantalla-2022-06-10-a-las-20.35.26.png?fit=804%2C537&ssl=1&resize=350%2C200","width":350,"height":200,"srcset":"https:\/\/i0.wp.com\/soclose.mx\/blog\/wp-content\/uploads\/2022\/06\/Captura-de-Pantalla-2022-06-10-a-las-20.35.26.png?fit=804%2C537&ssl=1&resize=350%2C200 1x, https:\/\/i0.wp.com\/soclose.mx\/blog\/wp-content\/uploads\/2022\/06\/Captura-de-Pantalla-2022-06-10-a-las-20.35.26.png?fit=804%2C537&ssl=1&resize=525%2C300 1.5x, https:\/\/i0.wp.com\/soclose.mx\/blog\/wp-content\/uploads\/2022\/06\/Captura-de-Pantalla-2022-06-10-a-las-20.35.26.png?fit=804%2C537&ssl=1&resize=700%2C400 2x"},"classes":[]},{"id":6891,"url":"https:\/\/soclose.mx\/blog\/comida-mexicana\/9-eventos-en-puebla-para-celebrar-200-anos-del-chile-en-nogada\/","url_meta":{"origin":9174,"position":5},"title":"9 eventos (en Puebla) para celebrar 200 a\u00f1os del Chile en Nogada","author":"Miguel Angel Romero","date":"18 agosto, 2021","format":false,"excerpt":"200 a\u00f1os se dicen muy f\u00e1cil, pero cumplirlos es de festejarse y el estado de\u00a0Puebla\u00a0est\u00e1 de manteles largos porque uno de los platillos m\u00e1s representativos de M\u00e9xico, el chile en nogada, lo realizar\u00e1 con\u00a0un sinf\u00edn de actividades. Coloquio.\u00a0Historia, cultura y turismo, se transmite v\u00eda la p\u00e1gina de Facebook de la\u2026","rel":"","context":"En &quot;Comida mexicana&quot;","block_context":{"text":"Comida mexicana","link":"https:\/\/soclose.mx\/blog\/category\/comida-mexicana\/"},"img":{"alt_text":"","src":"https:\/\/i0.wp.com\/soclose.mx\/blog\/wp-content\/uploads\/2021\/08\/Principal-So-Close-blog-11.jpg?fit=1200%2C677&ssl=1&resize=350%2C200","width":350,"height":200,"srcset":"https:\/\/i0.wp.com\/soclose.mx\/blog\/wp-content\/uploads\/2021\/08\/Principal-So-Close-blog-11.jpg?fit=1200%2C677&ssl=1&resize=350%2C200 1x, https:\/\/i0.wp.com\/soclose.mx\/blog\/wp-content\/uploads\/2021\/08\/Principal-So-Close-blog-11.jpg?fit=1200%2C677&ssl=1&resize=525%2C300 1.5x, https:\/\/i0.wp.com\/soclose.mx\/blog\/wp-content\/uploads\/2021\/08\/Principal-So-Close-blog-11.jpg?fit=1200%2C677&ssl=1&resize=700%2C400 2x, https:\/\/i0.wp.com\/soclose.mx\/blog\/wp-content\/uploads\/2021\/08\/Principal-So-Close-blog-11.jpg?fit=1200%2C677&ssl=1&resize=1050%2C600 3x"},"classes":[]}],"jetpack_sharing_enabled":true,"_links":{"self":[{"href":"https:\/\/soclose.mx\/blog\/wp-json\/wp\/v2\/posts\/9174","targetHints":{"allow":["GET"]}}],"collection":[{"href":"https:\/\/soclose.mx\/blog\/wp-json\/wp\/v2\/posts"}],"about":[{"href":"https:\/\/soclose.mx\/blog\/wp-json\/wp\/v2\/types\/post"}],"author":[{"embeddable":true,"href":"https:\/\/soclose.mx\/blog\/wp-json\/wp\/v2\/users\/8"}],"replies":[{"embeddable":true,"href":"https:\/\/soclose.mx\/blog\/wp-json\/wp\/v2\/comments?post=9174"}],"version-history":[{"count":0,"href":"https:\/\/soclose.mx\/blog\/wp-json\/wp\/v2\/posts\/9174\/revisions"}],"wp:featuredmedia":[{"embeddable":true,"href":"https:\/\/soclose.mx\/blog\/wp-json\/wp\/v2\/media\/9176"}],"wp:attachment":[{"href":"https:\/\/soclose.mx\/blog\/wp-json\/wp\/v2\/media?parent=9174"}],"wp:term":[{"taxonomy":"category","embeddable":true,"href":"https:\/\/soclose.mx\/blog\/wp-json\/wp\/v2\/categories?post=9174"},{"taxonomy":"post_tag","embeddable":true,"href":"https:\/\/soclose.mx\/blog\/wp-json\/wp\/v2\/tags?post=9174"}],"curies":[{"name":"wp","href":"https:\/\/api.w.org\/{rel}","templated":true}]}}