{"id":9186,"date":"2022-03-15T09:57:20","date_gmt":"2022-03-15T15:57:20","guid":{"rendered":"https:\/\/soclose.mx\/blog\/?p=9186"},"modified":"2022-03-03T23:12:35","modified_gmt":"2022-03-04T05:12:35","slug":"la-biblioteca-publica-mas-grande-del-mundo-estara-en-guadalajara","status":"publish","type":"post","link":"https:\/\/soclose.mx\/blog\/news-feed\/la-biblioteca-publica-mas-grande-del-mundo-estara-en-guadalajara\/","title":{"rendered":"La biblioteca p\u00fablica m\u00e1s grande del mundo estar\u00e1 en Guadalajara"},"content":{"rendered":"<p>As\u00ed es, a partir del 23 de abril, <a href=\"https:\/\/soclose.mx\/blog\/?s=guadalajara\" target=\"_blank\" rel=\"noopener\">Guadalajara<\/a> contar\u00e1 con la biblioteca p\u00fablica m\u00e1s grande del mundo que \u201cse instalar\u00e1&#8221; a lo largo de los 2.8 kil\u00f3metros del <strong>Paseo Fray Antonio Alcalde<\/strong>.<\/p>\n<p>Esto es debido a los festejos para celebrar el nombramiento de <strong>Guadalajara Capital Mundial del Libro<\/strong> hecho por la <strong>UNESCO<\/strong>.<\/p>\n<p>Habr\u00e1 kioscos especializados de editoriales nacionales e internacionales que ofertar\u00e1n sus <a href=\"https:\/\/soclose.mx\/blog\/?s=libros\" target=\"_blank\" rel=\"noopener\">libros,<\/a> toda el \u00e1rea contar\u00e1 con wifi gratuito.<\/p>\n<p>Adem\u00e1s, muchas atracciones en abril, ofrecer\u00e1n tres conciertos con la <strong>Orquesta Filarm\u00f3nica de Jalisco (OFJ)<\/strong> con tres tipos de m\u00fasica distinto: cl\u00e1sica, folcl\u00f3rica y rock, adem\u00e1s de dos conciertos masivos uno de trova cubana y otro de un cantante espa\u00f1ol.<\/p>\n<p>Tambi\u00e9n, habr\u00e1 exposiciones y festivales gastron\u00f3micos de distintas ciudades del mundo durante las 52 semanas que dura esta fiesta.<\/p>\n","protected":false},"excerpt":{"rendered":"<p>As\u00ed es, a partir del 23 de abril, Guadalajara contar\u00e1 con la biblioteca p\u00fablica m\u00e1s grande del mundo que \u201cse instalar\u00e1&#8221; a lo largo de los 2.8 kil\u00f3metros del Paseo Fray Antonio Alcalde. Esto es debido a los festejos para celebrar el nombramiento de Guadalajara Capital Mundial del Libro hecho por la UNESCO. Habr\u00e1 kioscos especializados de editoriales nacionales e internacionales que ofertar\u00e1n sus libros, toda el \u00e1rea contar\u00e1 con wifi gratuito. Adem\u00e1s, muchas atracciones en abril, ofrecer\u00e1n tres conciertos con la Orquesta Filarm\u00f3nica de Jalisco (OFJ) con tres tipos de m\u00fasica distinto: cl\u00e1sica, folcl\u00f3rica y rock, adem\u00e1s de dos<\/p>\n","protected":false},"author":8,"featured_media":9188,"comment_status":"open","ping_status":"open","sticky":false,"template":"","format":"standard","meta":{"_jetpack_memberships_contains_paid_content":false,"footnotes":""},"categories":[628],"tags":[1662,461,142],"class_list":["post-9186","post","type-post","status-publish","format-standard","has-post-thumbnail","hentry","category-news-feed","tag-biblioteca","tag-guadalajara","tag-libros"],"yoast_head":"<!-- This site is optimized with the Yoast SEO plugin v26.7 - https:\/\/yoast.com\/wordpress\/plugins\/seo\/ -->\n<title>La biblioteca p\u00fablica m\u00e1s grande del mundo estar\u00e1 en Guadalajara - So Close<\/title>\n<meta name=\"description\" content=\"Esto es debido a los festejos para celebrar el nombramiento de Guadalajara Capital Mundial del Libro hecho por la UNESCO.\" \/>\n<meta name=\"robots\" content=\"index, follow, max-snippet:-1, max-image-preview:large, max-video-preview:-1\" \/>\n<link rel=\"canonical\" href=\"https:\/\/soclose.mx\/blog\/tag\/juan-rulfo-frases-mujeres\/\" \/>\n<meta property=\"og:locale\" content=\"es_MX\" \/>\n<meta property=\"og:type\" content=\"article\" \/>\n<meta property=\"og:title\" content=\"La biblioteca p\u00fablica m\u00e1s grande del mundo estar\u00e1 en Guadalajara - So Close\" \/>\n<meta property=\"og:description\" content=\"Esto es debido a los festejos para celebrar el nombramiento de Guadalajara Capital Mundial del Libro hecho por la UNESCO.\" \/>\n<meta property=\"og:url\" content=\"https:\/\/soclose.mx\/blog\/tag\/juan-rulfo-frases-mujeres\/\" \/>\n<meta property=\"og:site_name\" content=\"So Close\" \/>\n<meta property=\"article:author\" content=\"www.facebook.com\/mikexever\/\" \/>\n<meta property=\"article:published_time\" content=\"2022-03-15T15:57:20+00:00\" \/>\n<meta property=\"og:image\" content=\"https:\/\/i0.wp.com\/soclose.mx\/blog\/wp-content\/uploads\/2022\/03\/Copia-de-Principal-So-Close-blog-2-1.png?fit=1240%2C700&ssl=1\" \/>\n\t<meta property=\"og:image:width\" content=\"1240\" \/>\n\t<meta property=\"og:image:height\" content=\"700\" \/>\n\t<meta property=\"og:image:type\" content=\"image\/png\" \/>\n<meta name=\"author\" content=\"Miguel Angel Romero\" \/>\n<meta name=\"twitter:card\" content=\"summary_large_image\" \/>\n<meta name=\"twitter:creator\" content=\"@Mikerecomienda\" \/>\n<meta name=\"twitter:label1\" content=\"Escrito por\" \/>\n\t<meta name=\"twitter:data1\" content=\"Miguel Angel Romero\" \/>\n\t<meta name=\"twitter:label2\" content=\"Tiempo de lectura\" \/>\n\t<meta name=\"twitter:data2\" content=\"1 minuto\" \/>\n<script type=\"application\/ld+json\" class=\"yoast-schema-graph\">{\"@context\":\"https:\/\/schema.org\",\"@graph\":[{\"@type\":\"Article\",\"@id\":\"https:\/\/soclose.mx\/blog\/tag\/juan-rulfo-frases-mujeres\/#article\",\"isPartOf\":{\"@id\":\"https:\/\/soclose.mx\/blog\/tag\/juan-rulfo-frases-mujeres\/\"},\"author\":{\"name\":\"Miguel Angel Romero\",\"@id\":\"https:\/\/soclose.mx\/blog\/#\/schema\/person\/cddec6ccd5d7037d286395fb411e23f1\"},\"headline\":\"La biblioteca p\u00fablica m\u00e1s grande del mundo estar\u00e1 en Guadalajara\",\"datePublished\":\"2022-03-15T15:57:20+00:00\",\"mainEntityOfPage\":{\"@id\":\"https:\/\/soclose.mx\/blog\/tag\/juan-rulfo-frases-mujeres\/\"},\"wordCount\":154,\"commentCount\":0,\"publisher\":{\"@id\":\"https:\/\/soclose.mx\/blog\/#organization\"},\"image\":{\"@id\":\"https:\/\/soclose.mx\/blog\/tag\/juan-rulfo-frases-mujeres\/#primaryimage\"},\"thumbnailUrl\":\"https:\/\/i0.wp.com\/soclose.mx\/blog\/wp-content\/uploads\/2022\/03\/Copia-de-Principal-So-Close-blog-2-1.png?fit=1240%2C700&ssl=1\",\"keywords\":[\"biblioteca\",\"guadalajara\",\"libros\"],\"articleSection\":[\"News feed\"],\"inLanguage\":\"es\",\"potentialAction\":[{\"@type\":\"CommentAction\",\"name\":\"Comment\",\"target\":[\"https:\/\/soclose.mx\/blog\/tag\/juan-rulfo-frases-mujeres\/#respond\"]}]},{\"@type\":\"WebPage\",\"@id\":\"https:\/\/soclose.mx\/blog\/tag\/juan-rulfo-frases-mujeres\/\",\"url\":\"https:\/\/soclose.mx\/blog\/tag\/juan-rulfo-frases-mujeres\/\",\"name\":\"La biblioteca p\u00fablica m\u00e1s grande del mundo estar\u00e1 en Guadalajara - So Close\",\"isPartOf\":{\"@id\":\"https:\/\/soclose.mx\/blog\/#website\"},\"primaryImageOfPage\":{\"@id\":\"https:\/\/soclose.mx\/blog\/tag\/juan-rulfo-frases-mujeres\/#primaryimage\"},\"image\":{\"@id\":\"https:\/\/soclose.mx\/blog\/tag\/juan-rulfo-frases-mujeres\/#primaryimage\"},\"thumbnailUrl\":\"https:\/\/i0.wp.com\/soclose.mx\/blog\/wp-content\/uploads\/2022\/03\/Copia-de-Principal-So-Close-blog-2-1.png?fit=1240%2C700&ssl=1\",\"datePublished\":\"2022-03-15T15:57:20+00:00\",\"description\":\"Esto es debido a los festejos para celebrar el nombramiento de Guadalajara Capital Mundial del Libro hecho por la UNESCO.\",\"breadcrumb\":{\"@id\":\"https:\/\/soclose.mx\/blog\/tag\/juan-rulfo-frases-mujeres\/#breadcrumb\"},\"inLanguage\":\"es\",\"potentialAction\":[{\"@type\":\"ReadAction\",\"target\":[\"https:\/\/soclose.mx\/blog\/tag\/juan-rulfo-frases-mujeres\/\"]}]},{\"@type\":\"ImageObject\",\"inLanguage\":\"es\",\"@id\":\"https:\/\/soclose.mx\/blog\/tag\/juan-rulfo-frases-mujeres\/#primaryimage\",\"url\":\"https:\/\/i0.wp.com\/soclose.mx\/blog\/wp-content\/uploads\/2022\/03\/Copia-de-Principal-So-Close-blog-2-1.png?fit=1240%2C700&ssl=1\",\"contentUrl\":\"https:\/\/i0.wp.com\/soclose.mx\/blog\/wp-content\/uploads\/2022\/03\/Copia-de-Principal-So-Close-blog-2-1.png?fit=1240%2C700&ssl=1\",\"width\":1240,\"height\":700},{\"@type\":\"BreadcrumbList\",\"@id\":\"https:\/\/soclose.mx\/blog\/tag\/juan-rulfo-frases-mujeres\/#breadcrumb\",\"itemListElement\":[{\"@type\":\"ListItem\",\"position\":1,\"name\":\"Inicio\",\"item\":\"https:\/\/soclose.mx\/blog\/\"},{\"@type\":\"ListItem\",\"position\":2,\"name\":\"La biblioteca p\u00fablica m\u00e1s grande del mundo estar\u00e1 en Guadalajara\"}]},{\"@type\":\"WebSite\",\"@id\":\"https:\/\/soclose.mx\/blog\/#website\",\"url\":\"https:\/\/soclose.mx\/blog\/\",\"name\":\"So Close\",\"description\":\"Hacemos contenidos de M\u00e9xico\",\"publisher\":{\"@id\":\"https:\/\/soclose.mx\/blog\/#organization\"},\"potentialAction\":[{\"@type\":\"SearchAction\",\"target\":{\"@type\":\"EntryPoint\",\"urlTemplate\":\"https:\/\/soclose.mx\/blog\/?s={search_term_string}\"},\"query-input\":{\"@type\":\"PropertyValueSpecification\",\"valueRequired\":true,\"valueName\":\"search_term_string\"}}],\"inLanguage\":\"es\"},{\"@type\":\"Organization\",\"@id\":\"https:\/\/soclose.mx\/blog\/#organization\",\"name\":\"So Close\",\"url\":\"https:\/\/soclose.mx\/blog\/\",\"logo\":{\"@type\":\"ImageObject\",\"inLanguage\":\"es\",\"@id\":\"https:\/\/soclose.mx\/blog\/#\/schema\/logo\/image\/\",\"url\":\"https:\/\/i0.wp.com\/soclose.mx\/blog\/wp-content\/uploads\/2020\/12\/LOGO_SOCLOSE_COLOR-e1608310133507.png?fit=2858%2C1264&ssl=1\",\"contentUrl\":\"https:\/\/i0.wp.com\/soclose.mx\/blog\/wp-content\/uploads\/2020\/12\/LOGO_SOCLOSE_COLOR-e1608310133507.png?fit=2858%2C1264&ssl=1\",\"width\":2858,\"height\":1264,\"caption\":\"So Close\"},\"image\":{\"@id\":\"https:\/\/soclose.mx\/blog\/#\/schema\/logo\/image\/\"}},{\"@type\":\"Person\",\"@id\":\"https:\/\/soclose.mx\/blog\/#\/schema\/person\/cddec6ccd5d7037d286395fb411e23f1\",\"name\":\"Miguel Angel Romero\",\"image\":{\"@type\":\"ImageObject\",\"inLanguage\":\"es\",\"@id\":\"https:\/\/soclose.mx\/blog\/#\/schema\/person\/image\/\",\"url\":\"https:\/\/secure.gravatar.com\/avatar\/45b44006b4f93497bb24d251f77bc39385015bfa120582412df580dbfcbb14f3?s=96&d=mm&r=g\",\"contentUrl\":\"https:\/\/secure.gravatar.com\/avatar\/45b44006b4f93497bb24d251f77bc39385015bfa120582412df580dbfcbb14f3?s=96&d=mm&r=g\",\"caption\":\"Miguel Angel Romero\"},\"sameAs\":[\"http:\/\/\/mikexever.blogspot.com\/\",\"www.facebook.com\/mikexever\/\",\"https:\/\/x.com\/Mikerecomienda\"],\"url\":\"https:\/\/soclose.mx\/blog\/author\/mike\/\"}]}<\/script>\n<!-- \/ Yoast SEO plugin. -->","yoast_head_json":{"title":"La biblioteca p\u00fablica m\u00e1s grande del mundo estar\u00e1 en Guadalajara - So Close","description":"Esto es debido a los festejos para celebrar el nombramiento de Guadalajara Capital Mundial del Libro hecho por la UNESCO.","robots":{"index":"index","follow":"follow","max-snippet":"max-snippet:-1","max-image-preview":"max-image-preview:large","max-video-preview":"max-video-preview:-1"},"canonical":"https:\/\/soclose.mx\/blog\/tag\/juan-rulfo-frases-mujeres\/","og_locale":"es_MX","og_type":"article","og_title":"La biblioteca p\u00fablica m\u00e1s grande del mundo estar\u00e1 en Guadalajara - So Close","og_description":"Esto es debido a los festejos para celebrar el nombramiento de Guadalajara Capital Mundial del Libro hecho por la UNESCO.","og_url":"https:\/\/soclose.mx\/blog\/tag\/juan-rulfo-frases-mujeres\/","og_site_name":"So Close","article_author":"www.facebook.com\/mikexever\/","article_published_time":"2022-03-15T15:57:20+00:00","og_image":[{"width":1240,"height":700,"url":"https:\/\/i0.wp.com\/soclose.mx\/blog\/wp-content\/uploads\/2022\/03\/Copia-de-Principal-So-Close-blog-2-1.png?fit=1240%2C700&ssl=1","type":"image\/png"}],"author":"Miguel Angel Romero","twitter_card":"summary_large_image","twitter_creator":"@Mikerecomienda","twitter_misc":{"Escrito por":"Miguel Angel Romero","Tiempo de lectura":"1 minuto"},"schema":{"@context":"https:\/\/schema.org","@graph":[{"@type":"Article","@id":"https:\/\/soclose.mx\/blog\/tag\/juan-rulfo-frases-mujeres\/#article","isPartOf":{"@id":"https:\/\/soclose.mx\/blog\/tag\/juan-rulfo-frases-mujeres\/"},"author":{"name":"Miguel Angel Romero","@id":"https:\/\/soclose.mx\/blog\/#\/schema\/person\/cddec6ccd5d7037d286395fb411e23f1"},"headline":"La biblioteca p\u00fablica m\u00e1s grande del mundo estar\u00e1 en Guadalajara","datePublished":"2022-03-15T15:57:20+00:00","mainEntityOfPage":{"@id":"https:\/\/soclose.mx\/blog\/tag\/juan-rulfo-frases-mujeres\/"},"wordCount":154,"commentCount":0,"publisher":{"@id":"https:\/\/soclose.mx\/blog\/#organization"},"image":{"@id":"https:\/\/soclose.mx\/blog\/tag\/juan-rulfo-frases-mujeres\/#primaryimage"},"thumbnailUrl":"https:\/\/i0.wp.com\/soclose.mx\/blog\/wp-content\/uploads\/2022\/03\/Copia-de-Principal-So-Close-blog-2-1.png?fit=1240%2C700&ssl=1","keywords":["biblioteca","guadalajara","libros"],"articleSection":["News feed"],"inLanguage":"es","potentialAction":[{"@type":"CommentAction","name":"Comment","target":["https:\/\/soclose.mx\/blog\/tag\/juan-rulfo-frases-mujeres\/#respond"]}]},{"@type":"WebPage","@id":"https:\/\/soclose.mx\/blog\/tag\/juan-rulfo-frases-mujeres\/","url":"https:\/\/soclose.mx\/blog\/tag\/juan-rulfo-frases-mujeres\/","name":"La biblioteca p\u00fablica m\u00e1s grande del mundo estar\u00e1 en Guadalajara - So Close","isPartOf":{"@id":"https:\/\/soclose.mx\/blog\/#website"},"primaryImageOfPage":{"@id":"https:\/\/soclose.mx\/blog\/tag\/juan-rulfo-frases-mujeres\/#primaryimage"},"image":{"@id":"https:\/\/soclose.mx\/blog\/tag\/juan-rulfo-frases-mujeres\/#primaryimage"},"thumbnailUrl":"https:\/\/i0.wp.com\/soclose.mx\/blog\/wp-content\/uploads\/2022\/03\/Copia-de-Principal-So-Close-blog-2-1.png?fit=1240%2C700&ssl=1","datePublished":"2022-03-15T15:57:20+00:00","description":"Esto es debido a los festejos para celebrar el nombramiento de Guadalajara Capital Mundial del Libro hecho por la UNESCO.","breadcrumb":{"@id":"https:\/\/soclose.mx\/blog\/tag\/juan-rulfo-frases-mujeres\/#breadcrumb"},"inLanguage":"es","potentialAction":[{"@type":"ReadAction","target":["https:\/\/soclose.mx\/blog\/tag\/juan-rulfo-frases-mujeres\/"]}]},{"@type":"ImageObject","inLanguage":"es","@id":"https:\/\/soclose.mx\/blog\/tag\/juan-rulfo-frases-mujeres\/#primaryimage","url":"https:\/\/i0.wp.com\/soclose.mx\/blog\/wp-content\/uploads\/2022\/03\/Copia-de-Principal-So-Close-blog-2-1.png?fit=1240%2C700&ssl=1","contentUrl":"https:\/\/i0.wp.com\/soclose.mx\/blog\/wp-content\/uploads\/2022\/03\/Copia-de-Principal-So-Close-blog-2-1.png?fit=1240%2C700&ssl=1","width":1240,"height":700},{"@type":"BreadcrumbList","@id":"https:\/\/soclose.mx\/blog\/tag\/juan-rulfo-frases-mujeres\/#breadcrumb","itemListElement":[{"@type":"ListItem","position":1,"name":"Inicio","item":"https:\/\/soclose.mx\/blog\/"},{"@type":"ListItem","position":2,"name":"La biblioteca p\u00fablica m\u00e1s grande del mundo estar\u00e1 en Guadalajara"}]},{"@type":"WebSite","@id":"https:\/\/soclose.mx\/blog\/#website","url":"https:\/\/soclose.mx\/blog\/","name":"So Close","description":"Hacemos contenidos de M\u00e9xico","publisher":{"@id":"https:\/\/soclose.mx\/blog\/#organization"},"potentialAction":[{"@type":"SearchAction","target":{"@type":"EntryPoint","urlTemplate":"https:\/\/soclose.mx\/blog\/?s={search_term_string}"},"query-input":{"@type":"PropertyValueSpecification","valueRequired":true,"valueName":"search_term_string"}}],"inLanguage":"es"},{"@type":"Organization","@id":"https:\/\/soclose.mx\/blog\/#organization","name":"So Close","url":"https:\/\/soclose.mx\/blog\/","logo":{"@type":"ImageObject","inLanguage":"es","@id":"https:\/\/soclose.mx\/blog\/#\/schema\/logo\/image\/","url":"https:\/\/i0.wp.com\/soclose.mx\/blog\/wp-content\/uploads\/2020\/12\/LOGO_SOCLOSE_COLOR-e1608310133507.png?fit=2858%2C1264&ssl=1","contentUrl":"https:\/\/i0.wp.com\/soclose.mx\/blog\/wp-content\/uploads\/2020\/12\/LOGO_SOCLOSE_COLOR-e1608310133507.png?fit=2858%2C1264&ssl=1","width":2858,"height":1264,"caption":"So Close"},"image":{"@id":"https:\/\/soclose.mx\/blog\/#\/schema\/logo\/image\/"}},{"@type":"Person","@id":"https:\/\/soclose.mx\/blog\/#\/schema\/person\/cddec6ccd5d7037d286395fb411e23f1","name":"Miguel Angel Romero","image":{"@type":"ImageObject","inLanguage":"es","@id":"https:\/\/soclose.mx\/blog\/#\/schema\/person\/image\/","url":"https:\/\/secure.gravatar.com\/avatar\/45b44006b4f93497bb24d251f77bc39385015bfa120582412df580dbfcbb14f3?s=96&d=mm&r=g","contentUrl":"https:\/\/secure.gravatar.com\/avatar\/45b44006b4f93497bb24d251f77bc39385015bfa120582412df580dbfcbb14f3?s=96&d=mm&r=g","caption":"Miguel Angel Romero"},"sameAs":["http:\/\/\/mikexever.blogspot.com\/","www.facebook.com\/mikexever\/","https:\/\/x.com\/Mikerecomienda"],"url":"https:\/\/soclose.mx\/blog\/author\/mike\/"}]}},"jetpack_featured_media_url":"https:\/\/i0.wp.com\/soclose.mx\/blog\/wp-content\/uploads\/2022\/03\/Copia-de-Principal-So-Close-blog-2-1.png?fit=1240%2C700&ssl=1","jetpack-related-posts":[{"id":14972,"url":"https:\/\/soclose.mx\/blog\/news-feed\/mundial-social-mexico-2026-eventos-actividades-y-como-participar\/","url_meta":{"origin":9186,"position":0},"title":"Mundial Social M\u00e9xico 2026: eventos, actividades y c\u00f3mo participar","author":"So Close","date":"18 noviembre, 2025","format":false,"excerpt":"El Mundial Social M\u00e9xico 2026 es una iniciativa inclusiva y cultural que acompa\u00f1a la realizaci\u00f3n de la Copa Mundial de F\u00fatbol 2026, organizada conjuntamente por M\u00e9xico, Estados Unidos y Canad\u00e1. Su objetivo es que todo M\u00e9xico participe en actividades de salud, culturales y tur\u00edsticas, gratuitas y abiertas para todos. \u00bfQu\u00e9\u2026","rel":"","context":"En &quot;News feed&quot;","block_context":{"text":"News feed","link":"https:\/\/soclose.mx\/blog\/category\/news-feed\/"},"img":{"alt_text":"Mundial Social M\u00e9xico 2026","src":"https:\/\/i0.wp.com\/soclose.mx\/blog\/wp-content\/uploads\/2025\/11\/Mundial-Social-Mexico-2026.jpg?fit=1200%2C675&ssl=1&resize=350%2C200","width":350,"height":200,"srcset":"https:\/\/i0.wp.com\/soclose.mx\/blog\/wp-content\/uploads\/2025\/11\/Mundial-Social-Mexico-2026.jpg?fit=1200%2C675&ssl=1&resize=350%2C200 1x, https:\/\/i0.wp.com\/soclose.mx\/blog\/wp-content\/uploads\/2025\/11\/Mundial-Social-Mexico-2026.jpg?fit=1200%2C675&ssl=1&resize=525%2C300 1.5x, https:\/\/i0.wp.com\/soclose.mx\/blog\/wp-content\/uploads\/2025\/11\/Mundial-Social-Mexico-2026.jpg?fit=1200%2C675&ssl=1&resize=700%2C400 2x, https:\/\/i0.wp.com\/soclose.mx\/blog\/wp-content\/uploads\/2025\/11\/Mundial-Social-Mexico-2026.jpg?fit=1200%2C675&ssl=1&resize=1050%2C600 3x"},"classes":[]},{"id":9135,"url":"https:\/\/soclose.mx\/blog\/news-feed\/llega-gdluz-el-festival-de-la-luz-mas-grande-de-latinoamerica\/","url_meta":{"origin":9186,"position":1},"title":"Llega GDLuz, el Festival de la Luz m\u00e1s grande de Latinoam\u00e9rica","author":"Miguel Angel Romero","date":"28 febrero, 2022","format":false,"excerpt":"El Festival de la Luz mejor conocido como GDLuz\u00a0est\u00e1 listo para prender sus miles de focos para provocar una experiencia inmersiva e interactiva entre los visitantes\u00a0que acudan al Centro Hist\u00f3rico tapat\u00edo, del 2 al 5 de marzo. Bajo el marco del 480 aniversario de la fundaci\u00f3n de Guadalajara, que se\u2026","rel":"","context":"En &quot;News feed&quot;","block_context":{"text":"News feed","link":"https:\/\/soclose.mx\/blog\/category\/news-feed\/"},"img":{"alt_text":"","src":"https:\/\/i0.wp.com\/soclose.mx\/blog\/wp-content\/uploads\/2022\/02\/Copia-de-Principal-So-Close-blog-3-8.png?fit=1200%2C677&ssl=1&resize=350%2C200","width":350,"height":200,"srcset":"https:\/\/i0.wp.com\/soclose.mx\/blog\/wp-content\/uploads\/2022\/02\/Copia-de-Principal-So-Close-blog-3-8.png?fit=1200%2C677&ssl=1&resize=350%2C200 1x, https:\/\/i0.wp.com\/soclose.mx\/blog\/wp-content\/uploads\/2022\/02\/Copia-de-Principal-So-Close-blog-3-8.png?fit=1200%2C677&ssl=1&resize=525%2C300 1.5x, https:\/\/i0.wp.com\/soclose.mx\/blog\/wp-content\/uploads\/2022\/02\/Copia-de-Principal-So-Close-blog-3-8.png?fit=1200%2C677&ssl=1&resize=700%2C400 2x, https:\/\/i0.wp.com\/soclose.mx\/blog\/wp-content\/uploads\/2022\/02\/Copia-de-Principal-So-Close-blog-3-8.png?fit=1200%2C677&ssl=1&resize=1050%2C600 3x"},"classes":[]},{"id":14822,"url":"https:\/\/soclose.mx\/blog\/news-feed\/lo-que-debes-saber-del-dia-al-desnudo-2025-en-la-cdmx\/","url_meta":{"origin":9186,"position":2},"title":"Lo que debes saber del D\u00eda al Desnudo 2025 en la CDMX","author":"So Close","date":"13 mayo, 2025","format":false,"excerpt":"La Ciudad de M\u00e9xico se prepara para la tercera edici\u00f3n consecutiva del D\u00eda al Desnudo 2025, un evento \u00fanico que busca generar un di\u00e1logo profundo sobre el autoconocimiento y el respeto al propio cuerpo a trav\u00e9s de la desnudez pac\u00edfica.\u00a0 Este a\u00f1o, la cita es el s\u00e1bado 31 de mayo\u2026","rel":"","context":"En &quot;News feed&quot;","block_context":{"text":"News feed","link":"https:\/\/soclose.mx\/blog\/category\/news-feed\/"},"img":{"alt_text":"Cuerpo de mujer","src":"https:\/\/i0.wp.com\/soclose.mx\/blog\/wp-content\/uploads\/2025\/05\/Mujer.jpg?fit=1200%2C675&ssl=1&resize=350%2C200","width":350,"height":200,"srcset":"https:\/\/i0.wp.com\/soclose.mx\/blog\/wp-content\/uploads\/2025\/05\/Mujer.jpg?fit=1200%2C675&ssl=1&resize=350%2C200 1x, https:\/\/i0.wp.com\/soclose.mx\/blog\/wp-content\/uploads\/2025\/05\/Mujer.jpg?fit=1200%2C675&ssl=1&resize=525%2C300 1.5x, https:\/\/i0.wp.com\/soclose.mx\/blog\/wp-content\/uploads\/2025\/05\/Mujer.jpg?fit=1200%2C675&ssl=1&resize=700%2C400 2x, https:\/\/i0.wp.com\/soclose.mx\/blog\/wp-content\/uploads\/2025\/05\/Mujer.jpg?fit=1200%2C675&ssl=1&resize=1050%2C600 3x"},"classes":[]},{"id":6899,"url":"https:\/\/soclose.mx\/blog\/news-feed\/llega-exposicion-de-leonardo-da-vinci-a-veracruz\/","url_meta":{"origin":9186,"position":3},"title":"Llega exposici\u00f3n de Leonardo Da Vinci a Veracruz","author":"Miguel Angel Romero","date":"18 agosto, 2021","format":false,"excerpt":"La exposici\u00f3n de Leonardo Da Vinci,\u00a0titulada \u201cEl Genio\u201d,\u00a0la cual tendr\u00e1 lugar en el\u00a0Museo de la Ciudad de Veracruz, se podr\u00e1 disfrutar del 23 de agosto al 23 de diciembre. Se trata de 43 piezas r\u00e9plicas que han recorrido muchas partes del pa\u00eds, as\u00ed como tambi\u00e9n en Croacia, Israel y Francia,\u2026","rel":"","context":"En &quot;News feed&quot;","block_context":{"text":"News feed","link":"https:\/\/soclose.mx\/blog\/category\/news-feed\/"},"img":{"alt_text":"","src":"https:\/\/i0.wp.com\/soclose.mx\/blog\/wp-content\/uploads\/2021\/08\/Principal-So-Close-blog-12.jpg?fit=1200%2C677&ssl=1&resize=350%2C200","width":350,"height":200,"srcset":"https:\/\/i0.wp.com\/soclose.mx\/blog\/wp-content\/uploads\/2021\/08\/Principal-So-Close-blog-12.jpg?fit=1200%2C677&ssl=1&resize=350%2C200 1x, https:\/\/i0.wp.com\/soclose.mx\/blog\/wp-content\/uploads\/2021\/08\/Principal-So-Close-blog-12.jpg?fit=1200%2C677&ssl=1&resize=525%2C300 1.5x, https:\/\/i0.wp.com\/soclose.mx\/blog\/wp-content\/uploads\/2021\/08\/Principal-So-Close-blog-12.jpg?fit=1200%2C677&ssl=1&resize=700%2C400 2x, https:\/\/i0.wp.com\/soclose.mx\/blog\/wp-content\/uploads\/2021\/08\/Principal-So-Close-blog-12.jpg?fit=1200%2C677&ssl=1&resize=1050%2C600 3x"},"classes":[]},{"id":9748,"url":"https:\/\/soclose.mx\/blog\/a-la-mexicana\/las-conchanclas-de-guadalajara-jalisco\/","url_meta":{"origin":9186,"position":4},"title":"Las \u201cconchanclas\u201d de Guadalajara, Jalisco","author":"Daniel Ram\u00edrez","date":"6 mayo, 2022","format":false,"excerpt":"De la familia de \u201clas manteconchas\u201d, \u201cConchacrepas\u201d y las conchas rellenas de chilaquiles, llegan las \u201cConchanclas\u201d. La chancla es un elemento importante en la cultura popular mexicana y alguien tuvo la atinada idea de hacerle un homenaje en forma de pan. La panader\u00eda Karycar, en Guadalajara, Jalisco, fue la encargada\u2026","rel":"","context":"En &quot;\u00a1Ay goeeee!&quot;","block_context":{"text":"\u00a1Ay goeeee!","link":"https:\/\/soclose.mx\/blog\/category\/ay-goeeee\/"},"img":{"alt_text":"","src":"https:\/\/i0.wp.com\/soclose.mx\/blog\/wp-content\/uploads\/2022\/05\/coccha.jpeg?fit=1080%2C810&ssl=1&resize=350%2C200","width":350,"height":200,"srcset":"https:\/\/i0.wp.com\/soclose.mx\/blog\/wp-content\/uploads\/2022\/05\/coccha.jpeg?fit=1080%2C810&ssl=1&resize=350%2C200 1x, https:\/\/i0.wp.com\/soclose.mx\/blog\/wp-content\/uploads\/2022\/05\/coccha.jpeg?fit=1080%2C810&ssl=1&resize=525%2C300 1.5x, https:\/\/i0.wp.com\/soclose.mx\/blog\/wp-content\/uploads\/2022\/05\/coccha.jpeg?fit=1080%2C810&ssl=1&resize=700%2C400 2x, https:\/\/i0.wp.com\/soclose.mx\/blog\/wp-content\/uploads\/2022\/05\/coccha.jpeg?fit=1080%2C810&ssl=1&resize=1050%2C600 3x"},"classes":[]},{"id":14619,"url":"https:\/\/soclose.mx\/blog\/news-feed\/mundial-2026-fechas-boletos-y-datos-curiosos\/","url_meta":{"origin":9186,"position":5},"title":"Mundial 2026: fechas, boletos y datos curiosos","author":"So Close","date":"14 enero, 2025","format":false,"excerpt":"\u00a1Prep\u00e1rate para la fiesta futbol\u00edstica m\u00e1s grande del mundo! El Mundial 2026 ser\u00e1 un evento sin precedentes, ya que por primera vez en la historia, tres pa\u00edses ser\u00e1n los anfitriones: Estados Unidos, M\u00e9xico y Canad\u00e1. Con un formato ampliado y sedes de primer nivel, esta Copa del Mundo promete ser\u2026","rel":"","context":"En &quot;News feed&quot;","block_context":{"text":"News feed","link":"https:\/\/soclose.mx\/blog\/category\/news-feed\/"},"img":{"alt_text":"Mundial de futbol 2026","src":"https:\/\/i0.wp.com\/soclose.mx\/blog\/wp-content\/uploads\/2025\/01\/Mundial-de-futbol-2026.jpg?fit=1200%2C675&ssl=1&resize=350%2C200","width":350,"height":200,"srcset":"https:\/\/i0.wp.com\/soclose.mx\/blog\/wp-content\/uploads\/2025\/01\/Mundial-de-futbol-2026.jpg?fit=1200%2C675&ssl=1&resize=350%2C200 1x, https:\/\/i0.wp.com\/soclose.mx\/blog\/wp-content\/uploads\/2025\/01\/Mundial-de-futbol-2026.jpg?fit=1200%2C675&ssl=1&resize=525%2C300 1.5x, https:\/\/i0.wp.com\/soclose.mx\/blog\/wp-content\/uploads\/2025\/01\/Mundial-de-futbol-2026.jpg?fit=1200%2C675&ssl=1&resize=700%2C400 2x, https:\/\/i0.wp.com\/soclose.mx\/blog\/wp-content\/uploads\/2025\/01\/Mundial-de-futbol-2026.jpg?fit=1200%2C675&ssl=1&resize=1050%2C600 3x"},"classes":[]}],"jetpack_sharing_enabled":true,"_links":{"self":[{"href":"https:\/\/soclose.mx\/blog\/wp-json\/wp\/v2\/posts\/9186","targetHints":{"allow":["GET"]}}],"collection":[{"href":"https:\/\/soclose.mx\/blog\/wp-json\/wp\/v2\/posts"}],"about":[{"href":"https:\/\/soclose.mx\/blog\/wp-json\/wp\/v2\/types\/post"}],"author":[{"embeddable":true,"href":"https:\/\/soclose.mx\/blog\/wp-json\/wp\/v2\/users\/8"}],"replies":[{"embeddable":true,"href":"https:\/\/soclose.mx\/blog\/wp-json\/wp\/v2\/comments?post=9186"}],"version-history":[{"count":0,"href":"https:\/\/soclose.mx\/blog\/wp-json\/wp\/v2\/posts\/9186\/revisions"}],"wp:featuredmedia":[{"embeddable":true,"href":"https:\/\/soclose.mx\/blog\/wp-json\/wp\/v2\/media\/9188"}],"wp:attachment":[{"href":"https:\/\/soclose.mx\/blog\/wp-json\/wp\/v2\/media?parent=9186"}],"wp:term":[{"taxonomy":"category","embeddable":true,"href":"https:\/\/soclose.mx\/blog\/wp-json\/wp\/v2\/categories?post=9186"},{"taxonomy":"post_tag","embeddable":true,"href":"https:\/\/soclose.mx\/blog\/wp-json\/wp\/v2\/tags?post=9186"}],"curies":[{"name":"wp","href":"https:\/\/api.w.org\/{rel}","templated":true}]}}