{"id":9216,"date":"2022-04-22T09:35:40","date_gmt":"2022-04-22T14:35:40","guid":{"rendered":"https:\/\/soclose.mx\/blog\/?p=9216"},"modified":"2022-04-03T00:11:13","modified_gmt":"2022-04-03T06:11:13","slug":"si-yucatan-fue-independiente-por-que-se-integro-a-mexico","status":"publish","type":"post","link":"https:\/\/soclose.mx\/blog\/lugares\/si-yucatan-fue-independiente-por-que-se-integro-a-mexico\/","title":{"rendered":"Si Yucat\u00e1n fue independiente\u2026 \u00bfpor qu\u00e9 se integr\u00f3 a M\u00e9xico?"},"content":{"rendered":"<p class=\"letter-capitular\">Debido al gobierno que imperaba en nuestro pa\u00eds en 1841, <a href=\"https:\/\/soclose.mx\/blog\/?s=yucatan\" target=\"_blank\" rel=\"noopener\"><strong>Yucat\u00e1n<\/strong><\/a>, en ese momento, tambi\u00e9n integrado por <strong>Campeche, Quintana Roo y Tabasco<\/strong>, rompi\u00f3 relaciones con <a href=\"https:\/\/soclose.mx\/blog\/?s=mexico\" target=\"_blank\" rel=\"noopener\">M\u00e9xico<\/a> y se erigi\u00f3 como\u00a0<strong>Rep\u00fablica Libre e Independiente<\/strong>\u00a0de la naci\u00f3n mexicana.<\/p>\n<p>El conflicto que provoc\u00f3 la ruptura entre el\u00a0<strong>gobierno centralista (1840-1843)<\/strong>\u00a0y los estados se desencaden\u00f3 debido a que el presidente ten\u00eda la facultad de designar gobernadores y tomar decisiones en cada una de las entidades.<\/p>\n<p>Fue as\u00ed que en 1841, la C\u00e1mara de Diputados local aprob\u00f3 el acta de <strong>independencia de la Pen\u00ednsula<\/strong>, donde se estableci\u00f3 que \u201cel pueblo de Yucat\u00e1n, en pleno uso de su soberan\u00eda se erig\u00eda en Rep\u00fablica Libre e Independiente de la naci\u00f3n mexicana\u201d.<\/p>\n<p>De acuerdo con datos del<strong> Instituto Nacional para el Federalismo y el Desarrollo Municipal (Inafed)<\/strong>, el gobierno de\u00a0<strong>M\u00e9xico no acept\u00f3 la independencia de Yucat\u00e1n<\/strong> y envi\u00f3 a una avanzada militar para enfrentar a los separatistas.<\/p>\n<p>Para 1845 los convenios para que\u00a0<strong>Yucat\u00e1n\u00a0<\/strong>se reintegrara a M\u00e9xico fueron suprimidos y el 1 de enero de 1846, la Asamblea Legislativa de\u00a0<strong>Yucat\u00e1n<\/strong>\u00a0declar\u00f3, de nueva cuenta, la independencia de la Pen\u00ednsula.<\/p>\n<p>El <strong>segundo periodo independiente de Yucat\u00e1n<\/strong>\u00a0fue breve debido a la crisis generada por la <strong>Guerra de Castas<\/strong> entre mayas y mestizos, lo que oblig\u00f3 al gobierno yucateco a solicitar ayuda militar a M\u00e9xico, a cambio de su reincorporaci\u00f3n a nuestro pa\u00eds.<\/p>\n","protected":false},"excerpt":{"rendered":"<p>Debido al gobierno que imperaba en nuestro pa\u00eds en 1841, Yucat\u00e1n, en ese momento, tambi\u00e9n integrado por Campeche, Quintana Roo y Tabasco, rompi\u00f3 relaciones con M\u00e9xico y se erigi\u00f3 como\u00a0Rep\u00fablica Libre e Independiente\u00a0de la naci\u00f3n mexicana. El conflicto que provoc\u00f3 la ruptura entre el\u00a0gobierno centralista (1840-1843)\u00a0y los estados se desencaden\u00f3 debido a que el presidente ten\u00eda la facultad de designar gobernadores y tomar decisiones en cada una de las entidades. Fue as\u00ed que en 1841, la C\u00e1mara de Diputados local aprob\u00f3 el acta de independencia de la Pen\u00ednsula, donde se estableci\u00f3 que \u201cel pueblo de Yucat\u00e1n, en pleno uso de<\/p>\n","protected":false},"author":8,"featured_media":9217,"comment_status":"open","ping_status":"open","sticky":false,"template":"","format":"standard","meta":{"_jetpack_memberships_contains_paid_content":false,"footnotes":""},"categories":[3],"tags":[578,1818],"class_list":["post-9216","post","type-post","status-publish","format-standard","has-post-thumbnail","hentry","category-lugares","tag-mexico","tag-peninsula-de-yucatan"],"yoast_head":"<!-- This site is optimized with the Yoast SEO plugin v26.7 - https:\/\/yoast.com\/wordpress\/plugins\/seo\/ -->\n<title>Si Yucat\u00e1n fue independiente\u2026 \u00bfpor qu\u00e9 se integr\u00f3 a M\u00e9xico? - So Close<\/title>\n<meta name=\"description\" content=\"En 1841, la C\u00e1mara de Diputados local aprob\u00f3 el acta de independencia de la Pen\u00ednsula de Yucat\u00e1n.\" \/>\n<meta name=\"robots\" content=\"index, follow, max-snippet:-1, max-image-preview:large, max-video-preview:-1\" \/>\n<link rel=\"canonical\" href=\"https:\/\/soclose.mx\/blog\/tag\/juan-rulfo-frases-mujeres\/\" \/>\n<meta property=\"og:locale\" content=\"es_MX\" \/>\n<meta property=\"og:type\" content=\"article\" \/>\n<meta property=\"og:title\" content=\"Si Yucat\u00e1n fue independiente\u2026 \u00bfpor qu\u00e9 se integr\u00f3 a M\u00e9xico? - So Close\" \/>\n<meta property=\"og:description\" content=\"En 1841, la C\u00e1mara de Diputados local aprob\u00f3 el acta de independencia de la Pen\u00ednsula de Yucat\u00e1n.\" \/>\n<meta property=\"og:url\" content=\"https:\/\/soclose.mx\/blog\/tag\/juan-rulfo-frases-mujeres\/\" \/>\n<meta property=\"og:site_name\" content=\"So Close\" \/>\n<meta property=\"article:author\" content=\"www.facebook.com\/mikexever\/\" \/>\n<meta property=\"article:published_time\" content=\"2022-04-22T14:35:40+00:00\" \/>\n<meta property=\"og:image\" content=\"https:\/\/i0.wp.com\/soclose.mx\/blog\/wp-content\/uploads\/2022\/03\/Copia-de-Principal-So-Close-blog-9.png?fit=1240%2C700&ssl=1\" \/>\n\t<meta property=\"og:image:width\" content=\"1240\" \/>\n\t<meta property=\"og:image:height\" content=\"700\" \/>\n\t<meta property=\"og:image:type\" content=\"image\/png\" \/>\n<meta name=\"author\" content=\"Miguel Angel Romero\" \/>\n<meta name=\"twitter:card\" content=\"summary_large_image\" \/>\n<meta name=\"twitter:creator\" content=\"@Mikerecomienda\" \/>\n<meta name=\"twitter:label1\" content=\"Escrito por\" \/>\n\t<meta name=\"twitter:data1\" content=\"Miguel Angel Romero\" \/>\n\t<meta name=\"twitter:label2\" content=\"Tiempo de lectura\" \/>\n\t<meta name=\"twitter:data2\" content=\"2 minutos\" \/>\n<script type=\"application\/ld+json\" class=\"yoast-schema-graph\">{\"@context\":\"https:\/\/schema.org\",\"@graph\":[{\"@type\":\"Article\",\"@id\":\"https:\/\/soclose.mx\/blog\/tag\/juan-rulfo-frases-mujeres\/#article\",\"isPartOf\":{\"@id\":\"https:\/\/soclose.mx\/blog\/tag\/juan-rulfo-frases-mujeres\/\"},\"author\":{\"name\":\"Miguel Angel Romero\",\"@id\":\"https:\/\/soclose.mx\/blog\/#\/schema\/person\/cddec6ccd5d7037d286395fb411e23f1\"},\"headline\":\"Si Yucat\u00e1n fue independiente\u2026 \u00bfpor qu\u00e9 se integr\u00f3 a M\u00e9xico?\",\"datePublished\":\"2022-04-22T14:35:40+00:00\",\"mainEntityOfPage\":{\"@id\":\"https:\/\/soclose.mx\/blog\/tag\/juan-rulfo-frases-mujeres\/\"},\"wordCount\":260,\"commentCount\":0,\"publisher\":{\"@id\":\"https:\/\/soclose.mx\/blog\/#organization\"},\"image\":{\"@id\":\"https:\/\/soclose.mx\/blog\/tag\/juan-rulfo-frases-mujeres\/#primaryimage\"},\"thumbnailUrl\":\"https:\/\/i0.wp.com\/soclose.mx\/blog\/wp-content\/uploads\/2022\/03\/Copia-de-Principal-So-Close-blog-9.png?fit=1240%2C700&ssl=1\",\"keywords\":[\"mexico\",\"Pen\u00ednsula de Yucat\u00e1n\"],\"articleSection\":[\"Lugares\"],\"inLanguage\":\"es\",\"potentialAction\":[{\"@type\":\"CommentAction\",\"name\":\"Comment\",\"target\":[\"https:\/\/soclose.mx\/blog\/tag\/juan-rulfo-frases-mujeres\/#respond\"]}]},{\"@type\":\"WebPage\",\"@id\":\"https:\/\/soclose.mx\/blog\/tag\/juan-rulfo-frases-mujeres\/\",\"url\":\"https:\/\/soclose.mx\/blog\/tag\/juan-rulfo-frases-mujeres\/\",\"name\":\"Si Yucat\u00e1n fue independiente\u2026 \u00bfpor qu\u00e9 se integr\u00f3 a M\u00e9xico? - So Close\",\"isPartOf\":{\"@id\":\"https:\/\/soclose.mx\/blog\/#website\"},\"primaryImageOfPage\":{\"@id\":\"https:\/\/soclose.mx\/blog\/tag\/juan-rulfo-frases-mujeres\/#primaryimage\"},\"image\":{\"@id\":\"https:\/\/soclose.mx\/blog\/tag\/juan-rulfo-frases-mujeres\/#primaryimage\"},\"thumbnailUrl\":\"https:\/\/i0.wp.com\/soclose.mx\/blog\/wp-content\/uploads\/2022\/03\/Copia-de-Principal-So-Close-blog-9.png?fit=1240%2C700&ssl=1\",\"datePublished\":\"2022-04-22T14:35:40+00:00\",\"description\":\"En 1841, la C\u00e1mara de Diputados local aprob\u00f3 el acta de independencia de la Pen\u00ednsula de Yucat\u00e1n.\",\"breadcrumb\":{\"@id\":\"https:\/\/soclose.mx\/blog\/tag\/juan-rulfo-frases-mujeres\/#breadcrumb\"},\"inLanguage\":\"es\",\"potentialAction\":[{\"@type\":\"ReadAction\",\"target\":[\"https:\/\/soclose.mx\/blog\/tag\/juan-rulfo-frases-mujeres\/\"]}]},{\"@type\":\"ImageObject\",\"inLanguage\":\"es\",\"@id\":\"https:\/\/soclose.mx\/blog\/tag\/juan-rulfo-frases-mujeres\/#primaryimage\",\"url\":\"https:\/\/i0.wp.com\/soclose.mx\/blog\/wp-content\/uploads\/2022\/03\/Copia-de-Principal-So-Close-blog-9.png?fit=1240%2C700&ssl=1\",\"contentUrl\":\"https:\/\/i0.wp.com\/soclose.mx\/blog\/wp-content\/uploads\/2022\/03\/Copia-de-Principal-So-Close-blog-9.png?fit=1240%2C700&ssl=1\",\"width\":1240,\"height\":700},{\"@type\":\"BreadcrumbList\",\"@id\":\"https:\/\/soclose.mx\/blog\/tag\/juan-rulfo-frases-mujeres\/#breadcrumb\",\"itemListElement\":[{\"@type\":\"ListItem\",\"position\":1,\"name\":\"Inicio\",\"item\":\"https:\/\/soclose.mx\/blog\/\"},{\"@type\":\"ListItem\",\"position\":2,\"name\":\"Si Yucat\u00e1n fue independiente\u2026 \u00bfpor qu\u00e9 se integr\u00f3 a M\u00e9xico?\"}]},{\"@type\":\"WebSite\",\"@id\":\"https:\/\/soclose.mx\/blog\/#website\",\"url\":\"https:\/\/soclose.mx\/blog\/\",\"name\":\"So Close\",\"description\":\"Hacemos contenidos de M\u00e9xico\",\"publisher\":{\"@id\":\"https:\/\/soclose.mx\/blog\/#organization\"},\"potentialAction\":[{\"@type\":\"SearchAction\",\"target\":{\"@type\":\"EntryPoint\",\"urlTemplate\":\"https:\/\/soclose.mx\/blog\/?s={search_term_string}\"},\"query-input\":{\"@type\":\"PropertyValueSpecification\",\"valueRequired\":true,\"valueName\":\"search_term_string\"}}],\"inLanguage\":\"es\"},{\"@type\":\"Organization\",\"@id\":\"https:\/\/soclose.mx\/blog\/#organization\",\"name\":\"So Close\",\"url\":\"https:\/\/soclose.mx\/blog\/\",\"logo\":{\"@type\":\"ImageObject\",\"inLanguage\":\"es\",\"@id\":\"https:\/\/soclose.mx\/blog\/#\/schema\/logo\/image\/\",\"url\":\"https:\/\/i0.wp.com\/soclose.mx\/blog\/wp-content\/uploads\/2020\/12\/LOGO_SOCLOSE_COLOR-e1608310133507.png?fit=2858%2C1264&ssl=1\",\"contentUrl\":\"https:\/\/i0.wp.com\/soclose.mx\/blog\/wp-content\/uploads\/2020\/12\/LOGO_SOCLOSE_COLOR-e1608310133507.png?fit=2858%2C1264&ssl=1\",\"width\":2858,\"height\":1264,\"caption\":\"So Close\"},\"image\":{\"@id\":\"https:\/\/soclose.mx\/blog\/#\/schema\/logo\/image\/\"}},{\"@type\":\"Person\",\"@id\":\"https:\/\/soclose.mx\/blog\/#\/schema\/person\/cddec6ccd5d7037d286395fb411e23f1\",\"name\":\"Miguel Angel Romero\",\"image\":{\"@type\":\"ImageObject\",\"inLanguage\":\"es\",\"@id\":\"https:\/\/soclose.mx\/blog\/#\/schema\/person\/image\/\",\"url\":\"https:\/\/secure.gravatar.com\/avatar\/45b44006b4f93497bb24d251f77bc39385015bfa120582412df580dbfcbb14f3?s=96&d=mm&r=g\",\"contentUrl\":\"https:\/\/secure.gravatar.com\/avatar\/45b44006b4f93497bb24d251f77bc39385015bfa120582412df580dbfcbb14f3?s=96&d=mm&r=g\",\"caption\":\"Miguel Angel Romero\"},\"sameAs\":[\"http:\/\/\/mikexever.blogspot.com\/\",\"www.facebook.com\/mikexever\/\",\"https:\/\/x.com\/Mikerecomienda\"],\"url\":\"https:\/\/soclose.mx\/blog\/author\/mike\/\"}]}<\/script>\n<!-- \/ Yoast SEO plugin. -->","yoast_head_json":{"title":"Si Yucat\u00e1n fue independiente\u2026 \u00bfpor qu\u00e9 se integr\u00f3 a M\u00e9xico? - So Close","description":"En 1841, la C\u00e1mara de Diputados local aprob\u00f3 el acta de independencia de la Pen\u00ednsula de Yucat\u00e1n.","robots":{"index":"index","follow":"follow","max-snippet":"max-snippet:-1","max-image-preview":"max-image-preview:large","max-video-preview":"max-video-preview:-1"},"canonical":"https:\/\/soclose.mx\/blog\/tag\/juan-rulfo-frases-mujeres\/","og_locale":"es_MX","og_type":"article","og_title":"Si Yucat\u00e1n fue independiente\u2026 \u00bfpor qu\u00e9 se integr\u00f3 a M\u00e9xico? - So Close","og_description":"En 1841, la C\u00e1mara de Diputados local aprob\u00f3 el acta de independencia de la Pen\u00ednsula de Yucat\u00e1n.","og_url":"https:\/\/soclose.mx\/blog\/tag\/juan-rulfo-frases-mujeres\/","og_site_name":"So Close","article_author":"www.facebook.com\/mikexever\/","article_published_time":"2022-04-22T14:35:40+00:00","og_image":[{"width":1240,"height":700,"url":"https:\/\/i0.wp.com\/soclose.mx\/blog\/wp-content\/uploads\/2022\/03\/Copia-de-Principal-So-Close-blog-9.png?fit=1240%2C700&ssl=1","type":"image\/png"}],"author":"Miguel Angel Romero","twitter_card":"summary_large_image","twitter_creator":"@Mikerecomienda","twitter_misc":{"Escrito por":"Miguel Angel Romero","Tiempo de lectura":"2 minutos"},"schema":{"@context":"https:\/\/schema.org","@graph":[{"@type":"Article","@id":"https:\/\/soclose.mx\/blog\/tag\/juan-rulfo-frases-mujeres\/#article","isPartOf":{"@id":"https:\/\/soclose.mx\/blog\/tag\/juan-rulfo-frases-mujeres\/"},"author":{"name":"Miguel Angel Romero","@id":"https:\/\/soclose.mx\/blog\/#\/schema\/person\/cddec6ccd5d7037d286395fb411e23f1"},"headline":"Si Yucat\u00e1n fue independiente\u2026 \u00bfpor qu\u00e9 se integr\u00f3 a M\u00e9xico?","datePublished":"2022-04-22T14:35:40+00:00","mainEntityOfPage":{"@id":"https:\/\/soclose.mx\/blog\/tag\/juan-rulfo-frases-mujeres\/"},"wordCount":260,"commentCount":0,"publisher":{"@id":"https:\/\/soclose.mx\/blog\/#organization"},"image":{"@id":"https:\/\/soclose.mx\/blog\/tag\/juan-rulfo-frases-mujeres\/#primaryimage"},"thumbnailUrl":"https:\/\/i0.wp.com\/soclose.mx\/blog\/wp-content\/uploads\/2022\/03\/Copia-de-Principal-So-Close-blog-9.png?fit=1240%2C700&ssl=1","keywords":["mexico","Pen\u00ednsula de Yucat\u00e1n"],"articleSection":["Lugares"],"inLanguage":"es","potentialAction":[{"@type":"CommentAction","name":"Comment","target":["https:\/\/soclose.mx\/blog\/tag\/juan-rulfo-frases-mujeres\/#respond"]}]},{"@type":"WebPage","@id":"https:\/\/soclose.mx\/blog\/tag\/juan-rulfo-frases-mujeres\/","url":"https:\/\/soclose.mx\/blog\/tag\/juan-rulfo-frases-mujeres\/","name":"Si Yucat\u00e1n fue independiente\u2026 \u00bfpor qu\u00e9 se integr\u00f3 a M\u00e9xico? - So Close","isPartOf":{"@id":"https:\/\/soclose.mx\/blog\/#website"},"primaryImageOfPage":{"@id":"https:\/\/soclose.mx\/blog\/tag\/juan-rulfo-frases-mujeres\/#primaryimage"},"image":{"@id":"https:\/\/soclose.mx\/blog\/tag\/juan-rulfo-frases-mujeres\/#primaryimage"},"thumbnailUrl":"https:\/\/i0.wp.com\/soclose.mx\/blog\/wp-content\/uploads\/2022\/03\/Copia-de-Principal-So-Close-blog-9.png?fit=1240%2C700&ssl=1","datePublished":"2022-04-22T14:35:40+00:00","description":"En 1841, la C\u00e1mara de Diputados local aprob\u00f3 el acta de independencia de la Pen\u00ednsula de Yucat\u00e1n.","breadcrumb":{"@id":"https:\/\/soclose.mx\/blog\/tag\/juan-rulfo-frases-mujeres\/#breadcrumb"},"inLanguage":"es","potentialAction":[{"@type":"ReadAction","target":["https:\/\/soclose.mx\/blog\/tag\/juan-rulfo-frases-mujeres\/"]}]},{"@type":"ImageObject","inLanguage":"es","@id":"https:\/\/soclose.mx\/blog\/tag\/juan-rulfo-frases-mujeres\/#primaryimage","url":"https:\/\/i0.wp.com\/soclose.mx\/blog\/wp-content\/uploads\/2022\/03\/Copia-de-Principal-So-Close-blog-9.png?fit=1240%2C700&ssl=1","contentUrl":"https:\/\/i0.wp.com\/soclose.mx\/blog\/wp-content\/uploads\/2022\/03\/Copia-de-Principal-So-Close-blog-9.png?fit=1240%2C700&ssl=1","width":1240,"height":700},{"@type":"BreadcrumbList","@id":"https:\/\/soclose.mx\/blog\/tag\/juan-rulfo-frases-mujeres\/#breadcrumb","itemListElement":[{"@type":"ListItem","position":1,"name":"Inicio","item":"https:\/\/soclose.mx\/blog\/"},{"@type":"ListItem","position":2,"name":"Si Yucat\u00e1n fue independiente\u2026 \u00bfpor qu\u00e9 se integr\u00f3 a M\u00e9xico?"}]},{"@type":"WebSite","@id":"https:\/\/soclose.mx\/blog\/#website","url":"https:\/\/soclose.mx\/blog\/","name":"So Close","description":"Hacemos contenidos de M\u00e9xico","publisher":{"@id":"https:\/\/soclose.mx\/blog\/#organization"},"potentialAction":[{"@type":"SearchAction","target":{"@type":"EntryPoint","urlTemplate":"https:\/\/soclose.mx\/blog\/?s={search_term_string}"},"query-input":{"@type":"PropertyValueSpecification","valueRequired":true,"valueName":"search_term_string"}}],"inLanguage":"es"},{"@type":"Organization","@id":"https:\/\/soclose.mx\/blog\/#organization","name":"So Close","url":"https:\/\/soclose.mx\/blog\/","logo":{"@type":"ImageObject","inLanguage":"es","@id":"https:\/\/soclose.mx\/blog\/#\/schema\/logo\/image\/","url":"https:\/\/i0.wp.com\/soclose.mx\/blog\/wp-content\/uploads\/2020\/12\/LOGO_SOCLOSE_COLOR-e1608310133507.png?fit=2858%2C1264&ssl=1","contentUrl":"https:\/\/i0.wp.com\/soclose.mx\/blog\/wp-content\/uploads\/2020\/12\/LOGO_SOCLOSE_COLOR-e1608310133507.png?fit=2858%2C1264&ssl=1","width":2858,"height":1264,"caption":"So Close"},"image":{"@id":"https:\/\/soclose.mx\/blog\/#\/schema\/logo\/image\/"}},{"@type":"Person","@id":"https:\/\/soclose.mx\/blog\/#\/schema\/person\/cddec6ccd5d7037d286395fb411e23f1","name":"Miguel Angel Romero","image":{"@type":"ImageObject","inLanguage":"es","@id":"https:\/\/soclose.mx\/blog\/#\/schema\/person\/image\/","url":"https:\/\/secure.gravatar.com\/avatar\/45b44006b4f93497bb24d251f77bc39385015bfa120582412df580dbfcbb14f3?s=96&d=mm&r=g","contentUrl":"https:\/\/secure.gravatar.com\/avatar\/45b44006b4f93497bb24d251f77bc39385015bfa120582412df580dbfcbb14f3?s=96&d=mm&r=g","caption":"Miguel Angel Romero"},"sameAs":["http:\/\/\/mikexever.blogspot.com\/","www.facebook.com\/mikexever\/","https:\/\/x.com\/Mikerecomienda"],"url":"https:\/\/soclose.mx\/blog\/author\/mike\/"}]}},"jetpack_featured_media_url":"https:\/\/i0.wp.com\/soclose.mx\/blog\/wp-content\/uploads\/2022\/03\/Copia-de-Principal-So-Close-blog-9.png?fit=1240%2C700&ssl=1","jetpack-related-posts":[{"id":9045,"url":"https:\/\/soclose.mx\/blog\/news-feed\/lengua-maya-se-vuelve-patrimonio-cultural-intangible-de-yucatan\/","url_meta":{"origin":9216,"position":0},"title":"Lengua maya se vuelve Patrimonio Cultural Intangible de Yucat\u00e1n","author":"Miguel Angel Romero","date":"22 febrero, 2022","format":false,"excerpt":"La\u00a0lengua maya\u00a0o\u00a0Maayat\u2019aan\u00a0se convirti\u00f3, tras una declaratoria del Congreso local, en\u00a0Patrimonio Cultural Intangible\u00a0de\u00a0Yucat\u00e1n, estado del sureste mexicano que preserva tesoros\u00a0precolombinos\u00a0y ciudades de la\u00a0civilizaci\u00f3n mesoamericana. El decreto fue aprobado en el marco del D\u00eda Internacional de la Lengua Materna, el 21 de febrero. La medida declara lengua maya a todas las expresiones,\u2026","rel":"","context":"En &quot;News feed&quot;","block_context":{"text":"News feed","link":"https:\/\/soclose.mx\/blog\/category\/news-feed\/"},"img":{"alt_text":"","src":"https:\/\/i0.wp.com\/soclose.mx\/blog\/wp-content\/uploads\/2022\/02\/Copia-de-Principal-So-Close-blog-2-5.png?fit=1200%2C677&ssl=1&resize=350%2C200","width":350,"height":200,"srcset":"https:\/\/i0.wp.com\/soclose.mx\/blog\/wp-content\/uploads\/2022\/02\/Copia-de-Principal-So-Close-blog-2-5.png?fit=1200%2C677&ssl=1&resize=350%2C200 1x, https:\/\/i0.wp.com\/soclose.mx\/blog\/wp-content\/uploads\/2022\/02\/Copia-de-Principal-So-Close-blog-2-5.png?fit=1200%2C677&ssl=1&resize=525%2C300 1.5x, https:\/\/i0.wp.com\/soclose.mx\/blog\/wp-content\/uploads\/2022\/02\/Copia-de-Principal-So-Close-blog-2-5.png?fit=1200%2C677&ssl=1&resize=700%2C400 2x, https:\/\/i0.wp.com\/soclose.mx\/blog\/wp-content\/uploads\/2022\/02\/Copia-de-Principal-So-Close-blog-2-5.png?fit=1200%2C677&ssl=1&resize=1050%2C600 3x"},"classes":[]},{"id":10035,"url":"https:\/\/soclose.mx\/blog\/lugares\/resurge-en-merida-ciudad-maya-de-1500-anos-de-antiguedad\/","url_meta":{"origin":9216,"position":1},"title":"Resurge en M\u00e9rida ciudad maya de 1,500 a\u00f1os de antig\u00fcedad","author":"Daniel Ram\u00edrez","date":"31 mayo, 2022","format":false,"excerpt":"Si ya est\u00e1s planeando tus vacaciones de verano, una buena opci\u00f3n podr\u00eda ser M\u00e9rida, Yucat\u00e1n, un lugar que tiene algunas de las playas m\u00e1s bellas del pa\u00eds. Pero hay otro motivo para visitar la pen\u00ednsula, ya que en el municipio de Kanas\u00edn, a solo 10 kil\u00f3metros de la capital de\u2026","rel":"","context":"En &quot;Lugares&quot;","block_context":{"text":"Lugares","link":"https:\/\/soclose.mx\/blog\/category\/lugares\/"},"img":{"alt_text":"","src":"https:\/\/i0.wp.com\/soclose.mx\/blog\/wp-content\/uploads\/2022\/05\/Captura-de-Pantalla-2022-05-31-a-las-17.30.36.png?fit=1089%2C660&ssl=1&resize=350%2C200","width":350,"height":200,"srcset":"https:\/\/i0.wp.com\/soclose.mx\/blog\/wp-content\/uploads\/2022\/05\/Captura-de-Pantalla-2022-05-31-a-las-17.30.36.png?fit=1089%2C660&ssl=1&resize=350%2C200 1x, https:\/\/i0.wp.com\/soclose.mx\/blog\/wp-content\/uploads\/2022\/05\/Captura-de-Pantalla-2022-05-31-a-las-17.30.36.png?fit=1089%2C660&ssl=1&resize=525%2C300 1.5x, https:\/\/i0.wp.com\/soclose.mx\/blog\/wp-content\/uploads\/2022\/05\/Captura-de-Pantalla-2022-05-31-a-las-17.30.36.png?fit=1089%2C660&ssl=1&resize=700%2C400 2x, https:\/\/i0.wp.com\/soclose.mx\/blog\/wp-content\/uploads\/2022\/05\/Captura-de-Pantalla-2022-05-31-a-las-17.30.36.png?fit=1089%2C660&ssl=1&resize=1050%2C600 3x"},"classes":[]},{"id":7200,"url":"https:\/\/soclose.mx\/blog\/ay-goeeee\/3-ventajas-para-dormir-en-una-hamaca\/","url_meta":{"origin":9216,"position":2},"title":"3 ventajas para dormir en una hamaca","author":"Miguel Angel Romero","date":"15 septiembre, 2021","format":false,"excerpt":"Habr\u00e1 que aclararlo, las primeras hamacas\u00a0no se tejieron en\u00a0Yucat\u00e1n, sino en las\u00a0Antillas, pues anteriormente eran confeccionadas con filamentos de corteza. El origen de estas tiene aproximadamente mil a\u00f1os, se piensa que pudo llegar a la Pen\u00ednsula de Yucat\u00e1n por lo menos dos siglos antes de la llegada de los espa\u00f1oles,\u2026","rel":"","context":"En &quot;\u00a1Ay goeeee!&quot;","block_context":{"text":"\u00a1Ay goeeee!","link":"https:\/\/soclose.mx\/blog\/category\/ay-goeeee\/"},"img":{"alt_text":"","src":"https:\/\/i0.wp.com\/soclose.mx\/blog\/wp-content\/uploads\/2021\/09\/Principal-So-Close-blog-6-1.jpg?fit=1200%2C677&ssl=1&resize=350%2C200","width":350,"height":200,"srcset":"https:\/\/i0.wp.com\/soclose.mx\/blog\/wp-content\/uploads\/2021\/09\/Principal-So-Close-blog-6-1.jpg?fit=1200%2C677&ssl=1&resize=350%2C200 1x, https:\/\/i0.wp.com\/soclose.mx\/blog\/wp-content\/uploads\/2021\/09\/Principal-So-Close-blog-6-1.jpg?fit=1200%2C677&ssl=1&resize=525%2C300 1.5x, https:\/\/i0.wp.com\/soclose.mx\/blog\/wp-content\/uploads\/2021\/09\/Principal-So-Close-blog-6-1.jpg?fit=1200%2C677&ssl=1&resize=700%2C400 2x, https:\/\/i0.wp.com\/soclose.mx\/blog\/wp-content\/uploads\/2021\/09\/Principal-So-Close-blog-6-1.jpg?fit=1200%2C677&ssl=1&resize=1050%2C600 3x"},"classes":[]},{"id":5893,"url":"https:\/\/soclose.mx\/blog\/ay-goeeee\/video-las-prendas-mayas-que-visten-a-yucatan\/","url_meta":{"origin":9216,"position":3},"title":"Video | Las prendas mayas que visten a Yucat\u00e1n","author":"So Close","date":"1 abril, 2021","format":false,"excerpt":"En los mayas de la pen\u00ednsula de Yucat\u00e1n\u00a0el hipil se mantiene desde la segunda mitad del siglo XIX hasta principios del XX, indica Claudia Vanegas, doctora en historia por la UNAM. Pero no solo eso, en Yucat\u00e1n existen diversas prendas que forman parte de su identidad: El fust\u00e1n: enagua blanca\u2026","rel":"","context":"En &quot;\u00a1Ay goeeee!&quot;","block_context":{"text":"\u00a1Ay goeeee!","link":"https:\/\/soclose.mx\/blog\/category\/ay-goeeee\/"},"img":{"alt_text":"Hipil prenda de Yucat\u00e1n","src":"https:\/\/i0.wp.com\/soclose.mx\/blog\/wp-content\/uploads\/2021\/04\/hipil-prenda-de-yucatan-1.jpeg?fit=1200%2C677&ssl=1&resize=350%2C200","width":350,"height":200,"srcset":"https:\/\/i0.wp.com\/soclose.mx\/blog\/wp-content\/uploads\/2021\/04\/hipil-prenda-de-yucatan-1.jpeg?fit=1200%2C677&ssl=1&resize=350%2C200 1x, https:\/\/i0.wp.com\/soclose.mx\/blog\/wp-content\/uploads\/2021\/04\/hipil-prenda-de-yucatan-1.jpeg?fit=1200%2C677&ssl=1&resize=525%2C300 1.5x, https:\/\/i0.wp.com\/soclose.mx\/blog\/wp-content\/uploads\/2021\/04\/hipil-prenda-de-yucatan-1.jpeg?fit=1200%2C677&ssl=1&resize=700%2C400 2x, https:\/\/i0.wp.com\/soclose.mx\/blog\/wp-content\/uploads\/2021\/04\/hipil-prenda-de-yucatan-1.jpeg?fit=1200%2C677&ssl=1&resize=1050%2C600 3x"},"classes":[]},{"id":13718,"url":"https:\/\/soclose.mx\/blog\/a-la-mexicana\/la-controversia-y-sorpresa-de-la-estatua-de-poseidon-en-yucatan\/","url_meta":{"origin":9216,"position":4},"title":"La Controversia y Sorpresa de la Estatua de Poseid\u00f3n en Yucat\u00e1n","author":"So Close","date":"3 julio, 2024","format":false,"excerpt":"En mayo de 2024, las playas de Progreso, Yucat\u00e1n, M\u00e9xico, se vistieron de controversia y sorpresa por la aparici\u00f3n de una estatua de Poseid\u00f3n, el dios griego del mar. Esta inesperada adici\u00f3n al paisaje costero no tard\u00f3 en generar revuelo, desatando tanto debate como una ola de memes virales. Un\u2026","rel":"","context":"En &quot;A la mexicana&quot;","block_context":{"text":"A la mexicana","link":"https:\/\/soclose.mx\/blog\/category\/a-la-mexicana\/"},"img":{"alt_text":"Estatua de Poseid\u00f3n en Yucat\u00e1n","src":"https:\/\/i0.wp.com\/soclose.mx\/blog\/wp-content\/uploads\/2024\/07\/Screen-Shot-2024-07-03-at-19.38.37.jpg?fit=658%2C560&ssl=1&resize=350%2C200","width":350,"height":200,"srcset":"https:\/\/i0.wp.com\/soclose.mx\/blog\/wp-content\/uploads\/2024\/07\/Screen-Shot-2024-07-03-at-19.38.37.jpg?fit=658%2C560&ssl=1&resize=350%2C200 1x, https:\/\/i0.wp.com\/soclose.mx\/blog\/wp-content\/uploads\/2024\/07\/Screen-Shot-2024-07-03-at-19.38.37.jpg?fit=658%2C560&ssl=1&resize=525%2C300 1.5x"},"classes":[]},{"id":10380,"url":"https:\/\/soclose.mx\/blog\/lugares\/el-cenote-mas-profundo-del-mundo-esta-en-mexico-conocelo\/","url_meta":{"origin":9216,"position":5},"title":"El cenote m\u00e1s profundo del mundo est\u00e1 en M\u00e9xico. \u00a1Con\u00f3celo!","author":"Daniel Ram\u00edrez","date":"28 junio, 2022","format":false,"excerpt":"Quiz\u00e1 hemos visitado y sabido de la existencia de infinidad de cenotes en los estados de Yucat\u00e1n y Quintana Roo, \u00bfpero en Tamaulipas, ap\u00e1? Este hermoso estado de la rep\u00fablica mexicana alberga una de las maravillas naturales m\u00e1s impresionantes y enigm\u00e1ticas: la Poza del Zacat\u00f3n. Este impresionante cenote se encuentra\u2026","rel":"","context":"En &quot;Lugares&quot;","block_context":{"text":"Lugares","link":"https:\/\/soclose.mx\/blog\/category\/lugares\/"},"img":{"alt_text":"","src":"https:\/\/i0.wp.com\/soclose.mx\/blog\/wp-content\/uploads\/2022\/06\/WhatsApp-Image-2022-06-28-at-10.05.21-AM.jpeg?fit=802%2C424&ssl=1&resize=350%2C200","width":350,"height":200,"srcset":"https:\/\/i0.wp.com\/soclose.mx\/blog\/wp-content\/uploads\/2022\/06\/WhatsApp-Image-2022-06-28-at-10.05.21-AM.jpeg?fit=802%2C424&ssl=1&resize=350%2C200 1x, https:\/\/i0.wp.com\/soclose.mx\/blog\/wp-content\/uploads\/2022\/06\/WhatsApp-Image-2022-06-28-at-10.05.21-AM.jpeg?fit=802%2C424&ssl=1&resize=525%2C300 1.5x, https:\/\/i0.wp.com\/soclose.mx\/blog\/wp-content\/uploads\/2022\/06\/WhatsApp-Image-2022-06-28-at-10.05.21-AM.jpeg?fit=802%2C424&ssl=1&resize=700%2C400 2x"},"classes":[]}],"jetpack_sharing_enabled":true,"_links":{"self":[{"href":"https:\/\/soclose.mx\/blog\/wp-json\/wp\/v2\/posts\/9216","targetHints":{"allow":["GET"]}}],"collection":[{"href":"https:\/\/soclose.mx\/blog\/wp-json\/wp\/v2\/posts"}],"about":[{"href":"https:\/\/soclose.mx\/blog\/wp-json\/wp\/v2\/types\/post"}],"author":[{"embeddable":true,"href":"https:\/\/soclose.mx\/blog\/wp-json\/wp\/v2\/users\/8"}],"replies":[{"embeddable":true,"href":"https:\/\/soclose.mx\/blog\/wp-json\/wp\/v2\/comments?post=9216"}],"version-history":[{"count":0,"href":"https:\/\/soclose.mx\/blog\/wp-json\/wp\/v2\/posts\/9216\/revisions"}],"wp:featuredmedia":[{"embeddable":true,"href":"https:\/\/soclose.mx\/blog\/wp-json\/wp\/v2\/media\/9217"}],"wp:attachment":[{"href":"https:\/\/soclose.mx\/blog\/wp-json\/wp\/v2\/media?parent=9216"}],"wp:term":[{"taxonomy":"category","embeddable":true,"href":"https:\/\/soclose.mx\/blog\/wp-json\/wp\/v2\/categories?post=9216"},{"taxonomy":"post_tag","embeddable":true,"href":"https:\/\/soclose.mx\/blog\/wp-json\/wp\/v2\/tags?post=9216"}],"curies":[{"name":"wp","href":"https:\/\/api.w.org\/{rel}","templated":true}]}}