{"id":9233,"date":"2022-03-08T19:36:23","date_gmt":"2022-03-09T01:36:23","guid":{"rendered":"https:\/\/soclose.mx\/blog\/?p=9233"},"modified":"2022-03-08T23:10:06","modified_gmt":"2022-03-09T05:10:06","slug":"despues-de-2-anos-por-la-pandemia-reabre-la-biblioteca-vasconcelos","status":"publish","type":"post","link":"https:\/\/soclose.mx\/blog\/news-feed\/despues-de-2-anos-por-la-pandemia-reabre-la-biblioteca-vasconcelos\/","title":{"rendered":"Despu\u00e9s de 2 a\u00f1os por la pandemia, reabre la Biblioteca Vasconcelos"},"content":{"rendered":"<p>Aunque el recinto no ha estado del todo inactivo, pues fue sede para la vacunaci\u00f3n contra el coronavirus, la <strong>Biblioteca Vasconcelos<\/strong> finalmente anuncia su reapertura, luego de suspender actividades en marzo de 2020.<\/p>\n<p>La <a href=\"https:\/\/soclose.mx\/blog\/?s=BIBLIOTECA\" target=\"_blank\" rel=\"noopener\">biblioteca<\/a>, ubicada en <strong>Buenavista<\/strong>, reabrir\u00e1 sus puertas el lunes 7 de marzo de 2022, mientras que el 23 de marzo se reanudar\u00e1n las actividades culturales en el recinto.<\/p>\n<p>D\u00edas despu\u00e9s, para ser exactos, el 18 de abril, la sala de Braille, Lengua de se\u00f1as mexicana, m\u00fasica e infantil retomar\u00e1n actividades, al igual que los servicios digitales en planta baja, pero con aforo limitado.<\/p>\n<p><strong>La Biblioteca Vasconcelos<\/strong> anunci\u00f3 que el plazo de devoluci\u00f3n de libros que fueron prestados hace dos a\u00f1os ser\u00e1 del <strong>7 al 22 de marzo<\/strong>.<\/p>\n<p>El recinto anunci\u00f3 que todos los usuarios que tengan credencial para pr\u00e9stamo a domicilio, tendr\u00e1n actualizaci\u00f3n de vigencia por un a\u00f1o a partir del 1 de marzo de 2022.<\/p>\n<p>Sin embargo, aquellos que quieran renovar su pl\u00e1stico, deben cumplir con la condici\u00f3n de no adeudar ning\u00fan pr\u00e9stamo.<\/p>\n","protected":false},"excerpt":{"rendered":"<p>Aunque el recinto no ha estado del todo inactivo, pues fue sede para la vacunaci\u00f3n contra el coronavirus, la Biblioteca Vasconcelos finalmente anuncia su reapertura, luego de suspender actividades en marzo de 2020. La biblioteca, ubicada en Buenavista, reabrir\u00e1 sus puertas el lunes 7 de marzo de 2022, mientras que el 23 de marzo se reanudar\u00e1n las actividades culturales en el recinto. D\u00edas despu\u00e9s, para ser exactos, el 18 de abril, la sala de Braille, Lengua de se\u00f1as mexicana, m\u00fasica e infantil retomar\u00e1n actividades, al igual que los servicios digitales en planta baja, pero con aforo limitado. La Biblioteca Vasconcelos<\/p>\n","protected":false},"author":8,"featured_media":9236,"comment_status":"open","ping_status":"open","sticky":false,"template":"","format":"standard","meta":{"_jetpack_memberships_contains_paid_content":false,"footnotes":""},"categories":[628],"tags":[1822],"class_list":["post-9233","post","type-post","status-publish","format-standard","has-post-thumbnail","hentry","category-news-feed","tag-biblioteca-vasconcelos"],"yoast_head":"<!-- This site is optimized with the Yoast SEO plugin v26.7 - https:\/\/yoast.com\/wordpress\/plugins\/seo\/ -->\n<title>Despu\u00e9s de 2 a\u00f1os por la pandemia, reabre la Biblioteca Vasconcelos - So Close<\/title>\n<meta name=\"description\" content=\"Conoce las fechas de reapertura y devoluci\u00f3n de libros de la famosa biblioteca de la CDMX.\" \/>\n<meta name=\"robots\" content=\"index, follow, max-snippet:-1, max-image-preview:large, max-video-preview:-1\" \/>\n<link rel=\"canonical\" href=\"https:\/\/soclose.mx\/blog\/tag\/juan-rulfo-frases-mujeres\/\" \/>\n<meta property=\"og:locale\" content=\"es_MX\" \/>\n<meta property=\"og:type\" content=\"article\" \/>\n<meta property=\"og:title\" content=\"Despu\u00e9s de 2 a\u00f1os por la pandemia, reabre la Biblioteca Vasconcelos - So Close\" \/>\n<meta property=\"og:description\" content=\"Conoce las fechas de reapertura y devoluci\u00f3n de libros de la famosa biblioteca de la CDMX.\" \/>\n<meta property=\"og:url\" content=\"https:\/\/soclose.mx\/blog\/tag\/juan-rulfo-frases-mujeres\/\" \/>\n<meta property=\"og:site_name\" content=\"So Close\" \/>\n<meta property=\"article:author\" content=\"www.facebook.com\/mikexever\/\" \/>\n<meta property=\"article:published_time\" content=\"2022-03-09T01:36:23+00:00\" \/>\n<meta property=\"article:modified_time\" content=\"2022-03-09T05:10:06+00:00\" \/>\n<meta property=\"og:image\" content=\"https:\/\/i0.wp.com\/soclose.mx\/blog\/wp-content\/uploads\/2022\/03\/Copia-de-Principal-So-Close-blog-4-1.png?fit=1240%2C700&ssl=1\" \/>\n\t<meta property=\"og:image:width\" content=\"1240\" \/>\n\t<meta property=\"og:image:height\" content=\"700\" \/>\n\t<meta property=\"og:image:type\" content=\"image\/png\" \/>\n<meta name=\"author\" content=\"Miguel Angel Romero\" \/>\n<meta name=\"twitter:card\" content=\"summary_large_image\" \/>\n<meta name=\"twitter:creator\" content=\"@Mikerecomienda\" \/>\n<meta name=\"twitter:label1\" content=\"Escrito por\" \/>\n\t<meta name=\"twitter:data1\" content=\"Miguel Angel Romero\" \/>\n\t<meta name=\"twitter:label2\" content=\"Tiempo de lectura\" \/>\n\t<meta name=\"twitter:data2\" content=\"1 minuto\" \/>\n<script type=\"application\/ld+json\" class=\"yoast-schema-graph\">{\"@context\":\"https:\/\/schema.org\",\"@graph\":[{\"@type\":\"Article\",\"@id\":\"https:\/\/soclose.mx\/blog\/tag\/juan-rulfo-frases-mujeres\/#article\",\"isPartOf\":{\"@id\":\"https:\/\/soclose.mx\/blog\/tag\/juan-rulfo-frases-mujeres\/\"},\"author\":{\"name\":\"Miguel Angel Romero\",\"@id\":\"https:\/\/soclose.mx\/blog\/#\/schema\/person\/cddec6ccd5d7037d286395fb411e23f1\"},\"headline\":\"Despu\u00e9s de 2 a\u00f1os por la pandemia, reabre la Biblioteca Vasconcelos\",\"datePublished\":\"2022-03-09T01:36:23+00:00\",\"dateModified\":\"2022-03-09T05:10:06+00:00\",\"mainEntityOfPage\":{\"@id\":\"https:\/\/soclose.mx\/blog\/tag\/juan-rulfo-frases-mujeres\/\"},\"wordCount\":188,\"commentCount\":0,\"publisher\":{\"@id\":\"https:\/\/soclose.mx\/blog\/#organization\"},\"image\":{\"@id\":\"https:\/\/soclose.mx\/blog\/tag\/juan-rulfo-frases-mujeres\/#primaryimage\"},\"thumbnailUrl\":\"https:\/\/i0.wp.com\/soclose.mx\/blog\/wp-content\/uploads\/2022\/03\/Copia-de-Principal-So-Close-blog-4-1.png?fit=1240%2C700&ssl=1\",\"keywords\":[\"Biblioteca Vasconcelos\"],\"articleSection\":[\"News feed\"],\"inLanguage\":\"es\",\"potentialAction\":[{\"@type\":\"CommentAction\",\"name\":\"Comment\",\"target\":[\"https:\/\/soclose.mx\/blog\/tag\/juan-rulfo-frases-mujeres\/#respond\"]}]},{\"@type\":\"WebPage\",\"@id\":\"https:\/\/soclose.mx\/blog\/tag\/juan-rulfo-frases-mujeres\/\",\"url\":\"https:\/\/soclose.mx\/blog\/tag\/juan-rulfo-frases-mujeres\/\",\"name\":\"Despu\u00e9s de 2 a\u00f1os por la pandemia, reabre la Biblioteca Vasconcelos - So Close\",\"isPartOf\":{\"@id\":\"https:\/\/soclose.mx\/blog\/#website\"},\"primaryImageOfPage\":{\"@id\":\"https:\/\/soclose.mx\/blog\/tag\/juan-rulfo-frases-mujeres\/#primaryimage\"},\"image\":{\"@id\":\"https:\/\/soclose.mx\/blog\/tag\/juan-rulfo-frases-mujeres\/#primaryimage\"},\"thumbnailUrl\":\"https:\/\/i0.wp.com\/soclose.mx\/blog\/wp-content\/uploads\/2022\/03\/Copia-de-Principal-So-Close-blog-4-1.png?fit=1240%2C700&ssl=1\",\"datePublished\":\"2022-03-09T01:36:23+00:00\",\"dateModified\":\"2022-03-09T05:10:06+00:00\",\"description\":\"Conoce las fechas de reapertura y devoluci\u00f3n de libros de la famosa biblioteca de la CDMX.\",\"breadcrumb\":{\"@id\":\"https:\/\/soclose.mx\/blog\/tag\/juan-rulfo-frases-mujeres\/#breadcrumb\"},\"inLanguage\":\"es\",\"potentialAction\":[{\"@type\":\"ReadAction\",\"target\":[\"https:\/\/soclose.mx\/blog\/tag\/juan-rulfo-frases-mujeres\/\"]}]},{\"@type\":\"ImageObject\",\"inLanguage\":\"es\",\"@id\":\"https:\/\/soclose.mx\/blog\/tag\/juan-rulfo-frases-mujeres\/#primaryimage\",\"url\":\"https:\/\/i0.wp.com\/soclose.mx\/blog\/wp-content\/uploads\/2022\/03\/Copia-de-Principal-So-Close-blog-4-1.png?fit=1240%2C700&ssl=1\",\"contentUrl\":\"https:\/\/i0.wp.com\/soclose.mx\/blog\/wp-content\/uploads\/2022\/03\/Copia-de-Principal-So-Close-blog-4-1.png?fit=1240%2C700&ssl=1\",\"width\":1240,\"height\":700},{\"@type\":\"BreadcrumbList\",\"@id\":\"https:\/\/soclose.mx\/blog\/tag\/juan-rulfo-frases-mujeres\/#breadcrumb\",\"itemListElement\":[{\"@type\":\"ListItem\",\"position\":1,\"name\":\"Inicio\",\"item\":\"https:\/\/soclose.mx\/blog\/\"},{\"@type\":\"ListItem\",\"position\":2,\"name\":\"Despu\u00e9s de 2 a\u00f1os por la pandemia, reabre la Biblioteca Vasconcelos\"}]},{\"@type\":\"WebSite\",\"@id\":\"https:\/\/soclose.mx\/blog\/#website\",\"url\":\"https:\/\/soclose.mx\/blog\/\",\"name\":\"So Close\",\"description\":\"Hacemos contenidos de M\u00e9xico\",\"publisher\":{\"@id\":\"https:\/\/soclose.mx\/blog\/#organization\"},\"potentialAction\":[{\"@type\":\"SearchAction\",\"target\":{\"@type\":\"EntryPoint\",\"urlTemplate\":\"https:\/\/soclose.mx\/blog\/?s={search_term_string}\"},\"query-input\":{\"@type\":\"PropertyValueSpecification\",\"valueRequired\":true,\"valueName\":\"search_term_string\"}}],\"inLanguage\":\"es\"},{\"@type\":\"Organization\",\"@id\":\"https:\/\/soclose.mx\/blog\/#organization\",\"name\":\"So Close\",\"url\":\"https:\/\/soclose.mx\/blog\/\",\"logo\":{\"@type\":\"ImageObject\",\"inLanguage\":\"es\",\"@id\":\"https:\/\/soclose.mx\/blog\/#\/schema\/logo\/image\/\",\"url\":\"https:\/\/i0.wp.com\/soclose.mx\/blog\/wp-content\/uploads\/2020\/12\/LOGO_SOCLOSE_COLOR-e1608310133507.png?fit=2858%2C1264&ssl=1\",\"contentUrl\":\"https:\/\/i0.wp.com\/soclose.mx\/blog\/wp-content\/uploads\/2020\/12\/LOGO_SOCLOSE_COLOR-e1608310133507.png?fit=2858%2C1264&ssl=1\",\"width\":2858,\"height\":1264,\"caption\":\"So Close\"},\"image\":{\"@id\":\"https:\/\/soclose.mx\/blog\/#\/schema\/logo\/image\/\"}},{\"@type\":\"Person\",\"@id\":\"https:\/\/soclose.mx\/blog\/#\/schema\/person\/cddec6ccd5d7037d286395fb411e23f1\",\"name\":\"Miguel Angel Romero\",\"image\":{\"@type\":\"ImageObject\",\"inLanguage\":\"es\",\"@id\":\"https:\/\/soclose.mx\/blog\/#\/schema\/person\/image\/\",\"url\":\"https:\/\/secure.gravatar.com\/avatar\/45b44006b4f93497bb24d251f77bc39385015bfa120582412df580dbfcbb14f3?s=96&d=mm&r=g\",\"contentUrl\":\"https:\/\/secure.gravatar.com\/avatar\/45b44006b4f93497bb24d251f77bc39385015bfa120582412df580dbfcbb14f3?s=96&d=mm&r=g\",\"caption\":\"Miguel Angel Romero\"},\"sameAs\":[\"http:\/\/\/mikexever.blogspot.com\/\",\"www.facebook.com\/mikexever\/\",\"https:\/\/x.com\/Mikerecomienda\"],\"url\":\"https:\/\/soclose.mx\/blog\/author\/mike\/\"}]}<\/script>\n<!-- \/ Yoast SEO plugin. -->","yoast_head_json":{"title":"Despu\u00e9s de 2 a\u00f1os por la pandemia, reabre la Biblioteca Vasconcelos - So Close","description":"Conoce las fechas de reapertura y devoluci\u00f3n de libros de la famosa biblioteca de la CDMX.","robots":{"index":"index","follow":"follow","max-snippet":"max-snippet:-1","max-image-preview":"max-image-preview:large","max-video-preview":"max-video-preview:-1"},"canonical":"https:\/\/soclose.mx\/blog\/tag\/juan-rulfo-frases-mujeres\/","og_locale":"es_MX","og_type":"article","og_title":"Despu\u00e9s de 2 a\u00f1os por la pandemia, reabre la Biblioteca Vasconcelos - So Close","og_description":"Conoce las fechas de reapertura y devoluci\u00f3n de libros de la famosa biblioteca de la CDMX.","og_url":"https:\/\/soclose.mx\/blog\/tag\/juan-rulfo-frases-mujeres\/","og_site_name":"So Close","article_author":"www.facebook.com\/mikexever\/","article_published_time":"2022-03-09T01:36:23+00:00","article_modified_time":"2022-03-09T05:10:06+00:00","og_image":[{"width":1240,"height":700,"url":"https:\/\/i0.wp.com\/soclose.mx\/blog\/wp-content\/uploads\/2022\/03\/Copia-de-Principal-So-Close-blog-4-1.png?fit=1240%2C700&ssl=1","type":"image\/png"}],"author":"Miguel Angel Romero","twitter_card":"summary_large_image","twitter_creator":"@Mikerecomienda","twitter_misc":{"Escrito por":"Miguel Angel Romero","Tiempo de lectura":"1 minuto"},"schema":{"@context":"https:\/\/schema.org","@graph":[{"@type":"Article","@id":"https:\/\/soclose.mx\/blog\/tag\/juan-rulfo-frases-mujeres\/#article","isPartOf":{"@id":"https:\/\/soclose.mx\/blog\/tag\/juan-rulfo-frases-mujeres\/"},"author":{"name":"Miguel Angel Romero","@id":"https:\/\/soclose.mx\/blog\/#\/schema\/person\/cddec6ccd5d7037d286395fb411e23f1"},"headline":"Despu\u00e9s de 2 a\u00f1os por la pandemia, reabre la Biblioteca Vasconcelos","datePublished":"2022-03-09T01:36:23+00:00","dateModified":"2022-03-09T05:10:06+00:00","mainEntityOfPage":{"@id":"https:\/\/soclose.mx\/blog\/tag\/juan-rulfo-frases-mujeres\/"},"wordCount":188,"commentCount":0,"publisher":{"@id":"https:\/\/soclose.mx\/blog\/#organization"},"image":{"@id":"https:\/\/soclose.mx\/blog\/tag\/juan-rulfo-frases-mujeres\/#primaryimage"},"thumbnailUrl":"https:\/\/i0.wp.com\/soclose.mx\/blog\/wp-content\/uploads\/2022\/03\/Copia-de-Principal-So-Close-blog-4-1.png?fit=1240%2C700&ssl=1","keywords":["Biblioteca Vasconcelos"],"articleSection":["News feed"],"inLanguage":"es","potentialAction":[{"@type":"CommentAction","name":"Comment","target":["https:\/\/soclose.mx\/blog\/tag\/juan-rulfo-frases-mujeres\/#respond"]}]},{"@type":"WebPage","@id":"https:\/\/soclose.mx\/blog\/tag\/juan-rulfo-frases-mujeres\/","url":"https:\/\/soclose.mx\/blog\/tag\/juan-rulfo-frases-mujeres\/","name":"Despu\u00e9s de 2 a\u00f1os por la pandemia, reabre la Biblioteca Vasconcelos - So Close","isPartOf":{"@id":"https:\/\/soclose.mx\/blog\/#website"},"primaryImageOfPage":{"@id":"https:\/\/soclose.mx\/blog\/tag\/juan-rulfo-frases-mujeres\/#primaryimage"},"image":{"@id":"https:\/\/soclose.mx\/blog\/tag\/juan-rulfo-frases-mujeres\/#primaryimage"},"thumbnailUrl":"https:\/\/i0.wp.com\/soclose.mx\/blog\/wp-content\/uploads\/2022\/03\/Copia-de-Principal-So-Close-blog-4-1.png?fit=1240%2C700&ssl=1","datePublished":"2022-03-09T01:36:23+00:00","dateModified":"2022-03-09T05:10:06+00:00","description":"Conoce las fechas de reapertura y devoluci\u00f3n de libros de la famosa biblioteca de la CDMX.","breadcrumb":{"@id":"https:\/\/soclose.mx\/blog\/tag\/juan-rulfo-frases-mujeres\/#breadcrumb"},"inLanguage":"es","potentialAction":[{"@type":"ReadAction","target":["https:\/\/soclose.mx\/blog\/tag\/juan-rulfo-frases-mujeres\/"]}]},{"@type":"ImageObject","inLanguage":"es","@id":"https:\/\/soclose.mx\/blog\/tag\/juan-rulfo-frases-mujeres\/#primaryimage","url":"https:\/\/i0.wp.com\/soclose.mx\/blog\/wp-content\/uploads\/2022\/03\/Copia-de-Principal-So-Close-blog-4-1.png?fit=1240%2C700&ssl=1","contentUrl":"https:\/\/i0.wp.com\/soclose.mx\/blog\/wp-content\/uploads\/2022\/03\/Copia-de-Principal-So-Close-blog-4-1.png?fit=1240%2C700&ssl=1","width":1240,"height":700},{"@type":"BreadcrumbList","@id":"https:\/\/soclose.mx\/blog\/tag\/juan-rulfo-frases-mujeres\/#breadcrumb","itemListElement":[{"@type":"ListItem","position":1,"name":"Inicio","item":"https:\/\/soclose.mx\/blog\/"},{"@type":"ListItem","position":2,"name":"Despu\u00e9s de 2 a\u00f1os por la pandemia, reabre la Biblioteca Vasconcelos"}]},{"@type":"WebSite","@id":"https:\/\/soclose.mx\/blog\/#website","url":"https:\/\/soclose.mx\/blog\/","name":"So Close","description":"Hacemos contenidos de M\u00e9xico","publisher":{"@id":"https:\/\/soclose.mx\/blog\/#organization"},"potentialAction":[{"@type":"SearchAction","target":{"@type":"EntryPoint","urlTemplate":"https:\/\/soclose.mx\/blog\/?s={search_term_string}"},"query-input":{"@type":"PropertyValueSpecification","valueRequired":true,"valueName":"search_term_string"}}],"inLanguage":"es"},{"@type":"Organization","@id":"https:\/\/soclose.mx\/blog\/#organization","name":"So Close","url":"https:\/\/soclose.mx\/blog\/","logo":{"@type":"ImageObject","inLanguage":"es","@id":"https:\/\/soclose.mx\/blog\/#\/schema\/logo\/image\/","url":"https:\/\/i0.wp.com\/soclose.mx\/blog\/wp-content\/uploads\/2020\/12\/LOGO_SOCLOSE_COLOR-e1608310133507.png?fit=2858%2C1264&ssl=1","contentUrl":"https:\/\/i0.wp.com\/soclose.mx\/blog\/wp-content\/uploads\/2020\/12\/LOGO_SOCLOSE_COLOR-e1608310133507.png?fit=2858%2C1264&ssl=1","width":2858,"height":1264,"caption":"So Close"},"image":{"@id":"https:\/\/soclose.mx\/blog\/#\/schema\/logo\/image\/"}},{"@type":"Person","@id":"https:\/\/soclose.mx\/blog\/#\/schema\/person\/cddec6ccd5d7037d286395fb411e23f1","name":"Miguel Angel Romero","image":{"@type":"ImageObject","inLanguage":"es","@id":"https:\/\/soclose.mx\/blog\/#\/schema\/person\/image\/","url":"https:\/\/secure.gravatar.com\/avatar\/45b44006b4f93497bb24d251f77bc39385015bfa120582412df580dbfcbb14f3?s=96&d=mm&r=g","contentUrl":"https:\/\/secure.gravatar.com\/avatar\/45b44006b4f93497bb24d251f77bc39385015bfa120582412df580dbfcbb14f3?s=96&d=mm&r=g","caption":"Miguel Angel Romero"},"sameAs":["http:\/\/\/mikexever.blogspot.com\/","www.facebook.com\/mikexever\/","https:\/\/x.com\/Mikerecomienda"],"url":"https:\/\/soclose.mx\/blog\/author\/mike\/"}]}},"jetpack_featured_media_url":"https:\/\/i0.wp.com\/soclose.mx\/blog\/wp-content\/uploads\/2022\/03\/Copia-de-Principal-So-Close-blog-4-1.png?fit=1240%2C700&ssl=1","jetpack-related-posts":[{"id":5989,"url":"https:\/\/soclose.mx\/blog\/news-feed\/cumplen-100-anos-escudo-y-lema-de-la-unam-por-mi-raza-hablara-el-espiritu\/","url_meta":{"origin":9233,"position":0},"title":"Cumplen 100 a\u00f1os escudo y lema de la UNAM: \u201cPor mi raza hablar\u00e1 el esp\u00edritu\u201d","author":"So Close","date":"27 abril, 2021","format":false,"excerpt":"Este 27 de abril se cumple un siglo de que el Consejo de Educaci\u00f3n mexicano aprobara, a propuesta del rector Jos\u00e9 Vasconcelos, el escudo y el lema de la Universidad Nacional Aut\u00f3noma de M\u00e9xico (UNAM). S\u00edmbolos de identidad universitaria, el escudo que muestra el lema \u201cPor mi raza hablar\u00e1 el\u2026","rel":"","context":"En &quot;News feed&quot;","block_context":{"text":"News feed","link":"https:\/\/soclose.mx\/blog\/category\/news-feed\/"},"img":{"alt_text":"","src":"https:\/\/i0.wp.com\/soclose.mx\/blog\/wp-content\/uploads\/2021\/04\/Principal-So-Close-blog.jpg?fit=1200%2C677&ssl=1&resize=350%2C200","width":350,"height":200,"srcset":"https:\/\/i0.wp.com\/soclose.mx\/blog\/wp-content\/uploads\/2021\/04\/Principal-So-Close-blog.jpg?fit=1200%2C677&ssl=1&resize=350%2C200 1x, https:\/\/i0.wp.com\/soclose.mx\/blog\/wp-content\/uploads\/2021\/04\/Principal-So-Close-blog.jpg?fit=1200%2C677&ssl=1&resize=525%2C300 1.5x, https:\/\/i0.wp.com\/soclose.mx\/blog\/wp-content\/uploads\/2021\/04\/Principal-So-Close-blog.jpg?fit=1200%2C677&ssl=1&resize=700%2C400 2x, https:\/\/i0.wp.com\/soclose.mx\/blog\/wp-content\/uploads\/2021\/04\/Principal-So-Close-blog.jpg?fit=1200%2C677&ssl=1&resize=1050%2C600 3x"},"classes":[]},{"id":11624,"url":"https:\/\/soclose.mx\/blog\/a-la-mexicana\/dia-de-la-madre-10-de-mayo-mexico\/","url_meta":{"origin":9233,"position":1},"title":"D\u00eda de la Madre: 10 de Mayo y su origen en M\u00e9xico","author":"Mar\u00eda Ju\u00e1rez","date":"26 abril, 2023","format":false,"excerpt":"En M\u00e9xico se celebra el D\u00eda de la Madre el d\u00eda 10 de mayo, sin importar qu\u00e9 d\u00eda de la semana sea. La tradici\u00f3n se ha convertido en M\u00e9xico en unos de los d\u00edas de fiesta m\u00e1s celebrados, pero \u00bfCu\u00e1l es su origen? Se trata de una fecha en la\u2026","rel":"","context":"En &quot;A la mexicana&quot;","block_context":{"text":"A la mexicana","link":"https:\/\/soclose.mx\/blog\/category\/a-la-mexicana\/"},"img":{"alt_text":"D\u00eda de la Madre","src":"https:\/\/i0.wp.com\/soclose.mx\/blog\/wp-content\/uploads\/2023\/04\/Dia-de-la-Madre-10-de-mayo.jpg?fit=1200%2C796&ssl=1&resize=350%2C200","width":350,"height":200,"srcset":"https:\/\/i0.wp.com\/soclose.mx\/blog\/wp-content\/uploads\/2023\/04\/Dia-de-la-Madre-10-de-mayo.jpg?fit=1200%2C796&ssl=1&resize=350%2C200 1x, https:\/\/i0.wp.com\/soclose.mx\/blog\/wp-content\/uploads\/2023\/04\/Dia-de-la-Madre-10-de-mayo.jpg?fit=1200%2C796&ssl=1&resize=525%2C300 1.5x, https:\/\/i0.wp.com\/soclose.mx\/blog\/wp-content\/uploads\/2023\/04\/Dia-de-la-Madre-10-de-mayo.jpg?fit=1200%2C796&ssl=1&resize=700%2C400 2x, https:\/\/i0.wp.com\/soclose.mx\/blog\/wp-content\/uploads\/2023\/04\/Dia-de-la-Madre-10-de-mayo.jpg?fit=1200%2C796&ssl=1&resize=1050%2C600 3x"},"classes":[]},{"id":14505,"url":"https:\/\/soclose.mx\/blog\/news-feed\/don-omar-en-mexico-en-2025-fechas-precios-boletos-y-mas\/","url_meta":{"origin":9233,"position":2},"title":"Don Omar en M\u00e9xico en 2025: Fechas, precios, boletos y m\u00e1s","author":"So Close","date":"3 diciembre, 2024","format":false,"excerpt":"El Rey del Reggaet\u00f3n, Don Omar, est\u00e1 de regreso en M\u00e9xico con su esperada gira \"Back to Reggaet\u00f3n\". Los fan\u00e1ticos del g\u00e9nero urbano podr\u00e1n disfrutar de Don Omar en M\u00e9xico en 2025 con sus \u00e9xitos m\u00e1s ic\u00f3nicos en una serie de conciertos que recorrer\u00e1n varias ciudades del pa\u00eds a lo\u2026","rel":"","context":"En &quot;News feed&quot;","block_context":{"text":"News feed","link":"https:\/\/soclose.mx\/blog\/category\/news-feed\/"},"img":{"alt_text":"Don Omar en M\u00e9xico en 2025","src":"https:\/\/i0.wp.com\/soclose.mx\/blog\/wp-content\/uploads\/2024\/12\/Don-Omar-en-Mexico-en-2025.jpg?fit=1200%2C675&ssl=1&resize=350%2C200","width":350,"height":200,"srcset":"https:\/\/i0.wp.com\/soclose.mx\/blog\/wp-content\/uploads\/2024\/12\/Don-Omar-en-Mexico-en-2025.jpg?fit=1200%2C675&ssl=1&resize=350%2C200 1x, https:\/\/i0.wp.com\/soclose.mx\/blog\/wp-content\/uploads\/2024\/12\/Don-Omar-en-Mexico-en-2025.jpg?fit=1200%2C675&ssl=1&resize=525%2C300 1.5x, https:\/\/i0.wp.com\/soclose.mx\/blog\/wp-content\/uploads\/2024\/12\/Don-Omar-en-Mexico-en-2025.jpg?fit=1200%2C675&ssl=1&resize=700%2C400 2x, https:\/\/i0.wp.com\/soclose.mx\/blog\/wp-content\/uploads\/2024\/12\/Don-Omar-en-Mexico-en-2025.jpg?fit=1200%2C675&ssl=1&resize=1050%2C600 3x"},"classes":[]},{"id":5852,"url":"https:\/\/soclose.mx\/blog\/news-feed\/reabre-el-museo-nacional-de-antropologia\/","url_meta":{"origin":9233,"position":3},"title":"Reabre el Museo Nacional de Antropolog\u00eda","author":"So Close","date":"9 marzo, 2021","format":false,"excerpt":"La Secretar\u00eda de Cultura del Gobierno de M\u00e9xico anuncia, a trav\u00e9s del Instituto Nacional de Antropolog\u00eda e Historia (INAH), que el Museo Nacional de Antropolog\u00eda (MNA) se encuentra listo para reabrir sus puertas al p\u00fablico bajo la nueva normalidad, a partir del martes 9 de marzo. Se seguir\u00e1n las medidas\u2026","rel":"","context":"En &quot;News feed&quot;","block_context":{"text":"News feed","link":"https:\/\/soclose.mx\/blog\/category\/news-feed\/"},"img":{"alt_text":"","src":"https:\/\/i0.wp.com\/soclose.mx\/blog\/wp-content\/uploads\/2021\/03\/museo-antropologia.jpg?fit=1200%2C677&ssl=1&resize=350%2C200","width":350,"height":200,"srcset":"https:\/\/i0.wp.com\/soclose.mx\/blog\/wp-content\/uploads\/2021\/03\/museo-antropologia.jpg?fit=1200%2C677&ssl=1&resize=350%2C200 1x, https:\/\/i0.wp.com\/soclose.mx\/blog\/wp-content\/uploads\/2021\/03\/museo-antropologia.jpg?fit=1200%2C677&ssl=1&resize=525%2C300 1.5x, https:\/\/i0.wp.com\/soclose.mx\/blog\/wp-content\/uploads\/2021\/03\/museo-antropologia.jpg?fit=1200%2C677&ssl=1&resize=700%2C400 2x, https:\/\/i0.wp.com\/soclose.mx\/blog\/wp-content\/uploads\/2021\/03\/museo-antropologia.jpg?fit=1200%2C677&ssl=1&resize=1050%2C600 3x"},"classes":[]},{"id":6101,"url":"https:\/\/soclose.mx\/blog\/news-feed\/el-museo-de-el-carmen-en-la-ciudad-de-mexico-reabre-al-publico\/","url_meta":{"origin":9233,"position":4},"title":"El Museo de El Carmen, en la Ciudad de M\u00e9xico reabre al p\u00fablico","author":"So Close","date":"21 mayo, 2021","format":false,"excerpt":"Este s\u00e1bado 22 de mayo reabrir\u00e1 el Museo de El Carmen, ubicado en San \u00c1ngel, en la Ciudad de M\u00e9xico, bajo estrictos protocolos sanitarios. Podr\u00e1 visitarse de mi\u00e9rcoles a viernes, de 12:00 a 14:00 horas, y s\u00e1bados y domingos, de 11:00 a 14:00 horas; lunes y martes estar\u00e1 cerrado. El\u2026","rel":"","context":"En &quot;News feed&quot;","block_context":{"text":"News feed","link":"https:\/\/soclose.mx\/blog\/category\/news-feed\/"},"img":{"alt_text":"","src":"https:\/\/i0.wp.com\/soclose.mx\/blog\/wp-content\/uploads\/2021\/05\/museodelcarmen-cdmx.jpeg?fit=1200%2C677&ssl=1&resize=350%2C200","width":350,"height":200,"srcset":"https:\/\/i0.wp.com\/soclose.mx\/blog\/wp-content\/uploads\/2021\/05\/museodelcarmen-cdmx.jpeg?fit=1200%2C677&ssl=1&resize=350%2C200 1x, https:\/\/i0.wp.com\/soclose.mx\/blog\/wp-content\/uploads\/2021\/05\/museodelcarmen-cdmx.jpeg?fit=1200%2C677&ssl=1&resize=525%2C300 1.5x, https:\/\/i0.wp.com\/soclose.mx\/blog\/wp-content\/uploads\/2021\/05\/museodelcarmen-cdmx.jpeg?fit=1200%2C677&ssl=1&resize=700%2C400 2x, https:\/\/i0.wp.com\/soclose.mx\/blog\/wp-content\/uploads\/2021\/05\/museodelcarmen-cdmx.jpeg?fit=1200%2C677&ssl=1&resize=1050%2C600 3x"},"classes":[]},{"id":6132,"url":"https:\/\/soclose.mx\/blog\/news-feed\/reabre-al-publico-museo-regional-de-tlaxcala\/","url_meta":{"origin":9233,"position":5},"title":"Reabre al p\u00fablico Museo Regional de Tlaxcala","author":"So Close","date":"1 junio, 2021","format":false,"excerpt":"El Museo Regional de Tlaxcala, ubicado en la ciudad de Tlaxcala, se encuentra listo para abrir nuevamente sus puertas al p\u00fablico a partir de hoy 1 de junio, bajo estrictos protocolos sanitarios, a fin de procurar una estad\u00eda segura para los visitantes y para los trabajadores del recinto. El museo,\u2026","rel":"","context":"En &quot;News feed&quot;","block_context":{"text":"News feed","link":"https:\/\/soclose.mx\/blog\/category\/news-feed\/"},"img":{"alt_text":"","src":"https:\/\/i0.wp.com\/soclose.mx\/blog\/wp-content\/uploads\/2021\/06\/museo-regional-tlaxcala.jpg?fit=1200%2C677&ssl=1&resize=350%2C200","width":350,"height":200,"srcset":"https:\/\/i0.wp.com\/soclose.mx\/blog\/wp-content\/uploads\/2021\/06\/museo-regional-tlaxcala.jpg?fit=1200%2C677&ssl=1&resize=350%2C200 1x, https:\/\/i0.wp.com\/soclose.mx\/blog\/wp-content\/uploads\/2021\/06\/museo-regional-tlaxcala.jpg?fit=1200%2C677&ssl=1&resize=525%2C300 1.5x, https:\/\/i0.wp.com\/soclose.mx\/blog\/wp-content\/uploads\/2021\/06\/museo-regional-tlaxcala.jpg?fit=1200%2C677&ssl=1&resize=700%2C400 2x, https:\/\/i0.wp.com\/soclose.mx\/blog\/wp-content\/uploads\/2021\/06\/museo-regional-tlaxcala.jpg?fit=1200%2C677&ssl=1&resize=1050%2C600 3x"},"classes":[]}],"jetpack_sharing_enabled":true,"_links":{"self":[{"href":"https:\/\/soclose.mx\/blog\/wp-json\/wp\/v2\/posts\/9233","targetHints":{"allow":["GET"]}}],"collection":[{"href":"https:\/\/soclose.mx\/blog\/wp-json\/wp\/v2\/posts"}],"about":[{"href":"https:\/\/soclose.mx\/blog\/wp-json\/wp\/v2\/types\/post"}],"author":[{"embeddable":true,"href":"https:\/\/soclose.mx\/blog\/wp-json\/wp\/v2\/users\/8"}],"replies":[{"embeddable":true,"href":"https:\/\/soclose.mx\/blog\/wp-json\/wp\/v2\/comments?post=9233"}],"version-history":[{"count":0,"href":"https:\/\/soclose.mx\/blog\/wp-json\/wp\/v2\/posts\/9233\/revisions"}],"wp:featuredmedia":[{"embeddable":true,"href":"https:\/\/soclose.mx\/blog\/wp-json\/wp\/v2\/media\/9236"}],"wp:attachment":[{"href":"https:\/\/soclose.mx\/blog\/wp-json\/wp\/v2\/media?parent=9233"}],"wp:term":[{"taxonomy":"category","embeddable":true,"href":"https:\/\/soclose.mx\/blog\/wp-json\/wp\/v2\/categories?post=9233"},{"taxonomy":"post_tag","embeddable":true,"href":"https:\/\/soclose.mx\/blog\/wp-json\/wp\/v2\/tags?post=9233"}],"curies":[{"name":"wp","href":"https:\/\/api.w.org\/{rel}","templated":true}]}}