{"id":9256,"date":"2022-03-09T08:01:50","date_gmt":"2022-03-09T14:01:50","guid":{"rendered":"https:\/\/soclose.mx\/blog\/?p=9256"},"modified":"2022-03-06T23:49:36","modified_gmt":"2022-03-07T05:49:36","slug":"colorean-de-huipiles-el-consejo-de-europa-en-francia","status":"publish","type":"post","link":"https:\/\/soclose.mx\/blog\/a-la-mexicana\/colorean-de-huipiles-el-consejo-de-europa-en-francia\/","title":{"rendered":"Colorean de huipiles el Consejo de Europa en Francia"},"content":{"rendered":"<p><strong>Veintisiete <a href=\"https:\/\/soclose.mx\/blog\/?s=huipiles\" target=\"_blank\" rel=\"noopener\">huipiles<\/a>, quechqe\u00e9mitles, enredos y faldas<\/strong> forman parte de la exposici\u00f3n &#8220;Textiles de M\u00e9xico&#8221;, organizada por la <strong>Representaci\u00f3n Permanente de M\u00e9xico del Consejo de Europa<\/strong> en <strong>Francia<\/strong>.<\/p>\n<p>Los modelos expuestos en <strong>Estrasburgo<\/strong>\u00a0 son prehisp\u00e1nicos o con influencia espa\u00f1ola y de fibras como el algod\u00f3n, la lana, la seda y la fibra de palma.<\/p>\n<p>Las piezas de esta exposici\u00f3n, que antes se hab\u00edan utilizado en desfiles en <strong>Ginebra (Suiza) y M\u00e9xico<\/strong>, pertenecen a una colecci\u00f3n particular.<\/p>\n<p>Su due\u00f1a es la diplom\u00e1tica <strong>Eva Pizano<\/strong>, que lleg\u00f3 a Estrasburgo hace dos meses para trabajar en la representaci\u00f3n mexicana ante el <strong>Consejo de Europa<\/strong>.<\/p>\n<p>En cuanto a la coloraci\u00f3n, llevan tintes naturales, animales (rojos de la cochinilla y violetas del caracol morado porphyra) y vegetales (rojo, rosa, violeta, marr\u00f3n, ocre, naranja, verde y azul \u00edndigo de \u00e1rboles y plantas mexicanas).<\/p>\n<blockquote class=\"twitter-tweet\">\n<p dir=\"ltr\" lang=\"es\">M\u00e9xico llena el Consejo de Europa de huipiles, quechqu\u00e9mitles y enredos<a href=\"https:\/\/t.co\/rqXzxUuIQA\">https:\/\/t.co\/rqXzxUuIQA<\/a> <a href=\"https:\/\/t.co\/MINjVtljet\">pic.twitter.com\/MINjVtljet<\/a><\/p>\n<p>\u2014 Pulso Online (@pulso_mx) <a href=\"https:\/\/twitter.com\/pulso_mx\/status\/1500194992601669633?ref_src=twsrc%5Etfw\">March 5, 2022<\/a><\/p><\/blockquote>\n<p><script async src=\"https:\/\/platform.twitter.com\/widgets.js\" charset=\"utf-8\"><\/script><\/p>\n","protected":false},"excerpt":{"rendered":"<p>Veintisiete huipiles, quechqe\u00e9mitles, enredos y faldas forman parte de la exposici\u00f3n &#8220;Textiles de M\u00e9xico&#8221;, organizada por la Representaci\u00f3n Permanente de M\u00e9xico del Consejo de Europa en Francia. Los modelos expuestos en Estrasburgo\u00a0 son prehisp\u00e1nicos o con influencia espa\u00f1ola y de fibras como el algod\u00f3n, la lana, la seda y la fibra de palma. Las piezas de esta exposici\u00f3n, que antes se hab\u00edan utilizado en desfiles en Ginebra (Suiza) y M\u00e9xico, pertenecen a una colecci\u00f3n particular. Su due\u00f1a es la diplom\u00e1tica Eva Pizano, que lleg\u00f3 a Estrasburgo hace dos meses para trabajar en la representaci\u00f3n mexicana ante el Consejo de Europa.<\/p>\n","protected":false},"author":8,"featured_media":9258,"comment_status":"open","ping_status":"open","sticky":false,"template":"","format":"standard","meta":{"_jetpack_memberships_contains_paid_content":false,"footnotes":""},"categories":[1778,628],"tags":[389,1827],"class_list":["post-9256","post","type-post","status-publish","format-standard","has-post-thumbnail","hentry","category-a-la-mexicana","category-news-feed","tag-francia","tag-huipiles"],"yoast_head":"<!-- This site is optimized with the Yoast SEO plugin v26.7 - https:\/\/yoast.com\/wordpress\/plugins\/seo\/ -->\n<title>Colorean de huipiles el Consejo de Europa en Francia - So Close<\/title>\n<meta name=\"description\" content=\"Las piezas de esta exposici\u00f3n, que antes se hab\u00edan utilizado en desfiles en Ginebra (Suiza) y M\u00e9xico, pertenecen a una colecci\u00f3n particular.\" \/>\n<meta name=\"robots\" content=\"index, follow, max-snippet:-1, max-image-preview:large, max-video-preview:-1\" \/>\n<link rel=\"canonical\" href=\"https:\/\/soclose.mx\/blog\/tag\/juan-rulfo-frases-mujeres\/\" \/>\n<meta property=\"og:locale\" content=\"es_MX\" \/>\n<meta property=\"og:type\" content=\"article\" \/>\n<meta property=\"og:title\" content=\"Colorean de huipiles el Consejo de Europa en Francia - So Close\" \/>\n<meta property=\"og:description\" content=\"Las piezas de esta exposici\u00f3n, que antes se hab\u00edan utilizado en desfiles en Ginebra (Suiza) y M\u00e9xico, pertenecen a una colecci\u00f3n particular.\" \/>\n<meta property=\"og:url\" content=\"https:\/\/soclose.mx\/blog\/tag\/juan-rulfo-frases-mujeres\/\" \/>\n<meta property=\"og:site_name\" content=\"So Close\" \/>\n<meta property=\"article:author\" content=\"www.facebook.com\/mikexever\/\" \/>\n<meta property=\"article:published_time\" content=\"2022-03-09T14:01:50+00:00\" \/>\n<meta property=\"og:image\" content=\"https:\/\/i0.wp.com\/soclose.mx\/blog\/wp-content\/uploads\/2022\/03\/Copia-de-Principal-So-Close-blog-4-2.png?fit=1240%2C700&ssl=1\" \/>\n\t<meta property=\"og:image:width\" content=\"1240\" \/>\n\t<meta property=\"og:image:height\" content=\"700\" \/>\n\t<meta property=\"og:image:type\" content=\"image\/png\" \/>\n<meta name=\"author\" content=\"Miguel Angel Romero\" \/>\n<meta name=\"twitter:card\" content=\"summary_large_image\" \/>\n<meta name=\"twitter:creator\" content=\"@Mikerecomienda\" \/>\n<meta name=\"twitter:label1\" content=\"Escrito por\" \/>\n\t<meta name=\"twitter:data1\" content=\"Miguel Angel Romero\" \/>\n\t<meta name=\"twitter:label2\" content=\"Tiempo de lectura\" \/>\n\t<meta name=\"twitter:data2\" content=\"1 minuto\" \/>\n<script type=\"application\/ld+json\" class=\"yoast-schema-graph\">{\"@context\":\"https:\/\/schema.org\",\"@graph\":[{\"@type\":\"Article\",\"@id\":\"https:\/\/soclose.mx\/blog\/tag\/juan-rulfo-frases-mujeres\/#article\",\"isPartOf\":{\"@id\":\"https:\/\/soclose.mx\/blog\/tag\/juan-rulfo-frases-mujeres\/\"},\"author\":{\"name\":\"Miguel Angel Romero\",\"@id\":\"https:\/\/soclose.mx\/blog\/#\/schema\/person\/cddec6ccd5d7037d286395fb411e23f1\"},\"headline\":\"Colorean de huipiles el Consejo de Europa en Francia\",\"datePublished\":\"2022-03-09T14:01:50+00:00\",\"mainEntityOfPage\":{\"@id\":\"https:\/\/soclose.mx\/blog\/tag\/juan-rulfo-frases-mujeres\/\"},\"wordCount\":187,\"commentCount\":0,\"publisher\":{\"@id\":\"https:\/\/soclose.mx\/blog\/#organization\"},\"image\":{\"@id\":\"https:\/\/soclose.mx\/blog\/tag\/juan-rulfo-frases-mujeres\/#primaryimage\"},\"thumbnailUrl\":\"https:\/\/i0.wp.com\/soclose.mx\/blog\/wp-content\/uploads\/2022\/03\/Copia-de-Principal-So-Close-blog-4-2.png?fit=1240%2C700&ssl=1\",\"keywords\":[\"francia\",\"huipiles\"],\"articleSection\":[\"A la mexicana\",\"News feed\"],\"inLanguage\":\"es\",\"potentialAction\":[{\"@type\":\"CommentAction\",\"name\":\"Comment\",\"target\":[\"https:\/\/soclose.mx\/blog\/tag\/juan-rulfo-frases-mujeres\/#respond\"]}]},{\"@type\":\"WebPage\",\"@id\":\"https:\/\/soclose.mx\/blog\/tag\/juan-rulfo-frases-mujeres\/\",\"url\":\"https:\/\/soclose.mx\/blog\/tag\/juan-rulfo-frases-mujeres\/\",\"name\":\"Colorean de huipiles el Consejo de Europa en Francia - So Close\",\"isPartOf\":{\"@id\":\"https:\/\/soclose.mx\/blog\/#website\"},\"primaryImageOfPage\":{\"@id\":\"https:\/\/soclose.mx\/blog\/tag\/juan-rulfo-frases-mujeres\/#primaryimage\"},\"image\":{\"@id\":\"https:\/\/soclose.mx\/blog\/tag\/juan-rulfo-frases-mujeres\/#primaryimage\"},\"thumbnailUrl\":\"https:\/\/i0.wp.com\/soclose.mx\/blog\/wp-content\/uploads\/2022\/03\/Copia-de-Principal-So-Close-blog-4-2.png?fit=1240%2C700&ssl=1\",\"datePublished\":\"2022-03-09T14:01:50+00:00\",\"description\":\"Las piezas de esta exposici\u00f3n, que antes se hab\u00edan utilizado en desfiles en Ginebra (Suiza) y M\u00e9xico, pertenecen a una colecci\u00f3n particular.\",\"breadcrumb\":{\"@id\":\"https:\/\/soclose.mx\/blog\/tag\/juan-rulfo-frases-mujeres\/#breadcrumb\"},\"inLanguage\":\"es\",\"potentialAction\":[{\"@type\":\"ReadAction\",\"target\":[\"https:\/\/soclose.mx\/blog\/tag\/juan-rulfo-frases-mujeres\/\"]}]},{\"@type\":\"ImageObject\",\"inLanguage\":\"es\",\"@id\":\"https:\/\/soclose.mx\/blog\/tag\/juan-rulfo-frases-mujeres\/#primaryimage\",\"url\":\"https:\/\/i0.wp.com\/soclose.mx\/blog\/wp-content\/uploads\/2022\/03\/Copia-de-Principal-So-Close-blog-4-2.png?fit=1240%2C700&ssl=1\",\"contentUrl\":\"https:\/\/i0.wp.com\/soclose.mx\/blog\/wp-content\/uploads\/2022\/03\/Copia-de-Principal-So-Close-blog-4-2.png?fit=1240%2C700&ssl=1\",\"width\":1240,\"height\":700},{\"@type\":\"BreadcrumbList\",\"@id\":\"https:\/\/soclose.mx\/blog\/tag\/juan-rulfo-frases-mujeres\/#breadcrumb\",\"itemListElement\":[{\"@type\":\"ListItem\",\"position\":1,\"name\":\"Inicio\",\"item\":\"https:\/\/soclose.mx\/blog\/\"},{\"@type\":\"ListItem\",\"position\":2,\"name\":\"Colorean de huipiles el Consejo de Europa en Francia\"}]},{\"@type\":\"WebSite\",\"@id\":\"https:\/\/soclose.mx\/blog\/#website\",\"url\":\"https:\/\/soclose.mx\/blog\/\",\"name\":\"So Close\",\"description\":\"Hacemos contenidos de M\u00e9xico\",\"publisher\":{\"@id\":\"https:\/\/soclose.mx\/blog\/#organization\"},\"potentialAction\":[{\"@type\":\"SearchAction\",\"target\":{\"@type\":\"EntryPoint\",\"urlTemplate\":\"https:\/\/soclose.mx\/blog\/?s={search_term_string}\"},\"query-input\":{\"@type\":\"PropertyValueSpecification\",\"valueRequired\":true,\"valueName\":\"search_term_string\"}}],\"inLanguage\":\"es\"},{\"@type\":\"Organization\",\"@id\":\"https:\/\/soclose.mx\/blog\/#organization\",\"name\":\"So Close\",\"url\":\"https:\/\/soclose.mx\/blog\/\",\"logo\":{\"@type\":\"ImageObject\",\"inLanguage\":\"es\",\"@id\":\"https:\/\/soclose.mx\/blog\/#\/schema\/logo\/image\/\",\"url\":\"https:\/\/i0.wp.com\/soclose.mx\/blog\/wp-content\/uploads\/2020\/12\/LOGO_SOCLOSE_COLOR-e1608310133507.png?fit=2858%2C1264&ssl=1\",\"contentUrl\":\"https:\/\/i0.wp.com\/soclose.mx\/blog\/wp-content\/uploads\/2020\/12\/LOGO_SOCLOSE_COLOR-e1608310133507.png?fit=2858%2C1264&ssl=1\",\"width\":2858,\"height\":1264,\"caption\":\"So Close\"},\"image\":{\"@id\":\"https:\/\/soclose.mx\/blog\/#\/schema\/logo\/image\/\"}},{\"@type\":\"Person\",\"@id\":\"https:\/\/soclose.mx\/blog\/#\/schema\/person\/cddec6ccd5d7037d286395fb411e23f1\",\"name\":\"Miguel Angel Romero\",\"image\":{\"@type\":\"ImageObject\",\"inLanguage\":\"es\",\"@id\":\"https:\/\/soclose.mx\/blog\/#\/schema\/person\/image\/\",\"url\":\"https:\/\/secure.gravatar.com\/avatar\/45b44006b4f93497bb24d251f77bc39385015bfa120582412df580dbfcbb14f3?s=96&d=mm&r=g\",\"contentUrl\":\"https:\/\/secure.gravatar.com\/avatar\/45b44006b4f93497bb24d251f77bc39385015bfa120582412df580dbfcbb14f3?s=96&d=mm&r=g\",\"caption\":\"Miguel Angel Romero\"},\"sameAs\":[\"http:\/\/\/mikexever.blogspot.com\/\",\"www.facebook.com\/mikexever\/\",\"https:\/\/x.com\/Mikerecomienda\"],\"url\":\"https:\/\/soclose.mx\/blog\/author\/mike\/\"}]}<\/script>\n<!-- \/ Yoast SEO plugin. -->","yoast_head_json":{"title":"Colorean de huipiles el Consejo de Europa en Francia - So Close","description":"Las piezas de esta exposici\u00f3n, que antes se hab\u00edan utilizado en desfiles en Ginebra (Suiza) y M\u00e9xico, pertenecen a una colecci\u00f3n particular.","robots":{"index":"index","follow":"follow","max-snippet":"max-snippet:-1","max-image-preview":"max-image-preview:large","max-video-preview":"max-video-preview:-1"},"canonical":"https:\/\/soclose.mx\/blog\/tag\/juan-rulfo-frases-mujeres\/","og_locale":"es_MX","og_type":"article","og_title":"Colorean de huipiles el Consejo de Europa en Francia - So Close","og_description":"Las piezas de esta exposici\u00f3n, que antes se hab\u00edan utilizado en desfiles en Ginebra (Suiza) y M\u00e9xico, pertenecen a una colecci\u00f3n particular.","og_url":"https:\/\/soclose.mx\/blog\/tag\/juan-rulfo-frases-mujeres\/","og_site_name":"So Close","article_author":"www.facebook.com\/mikexever\/","article_published_time":"2022-03-09T14:01:50+00:00","og_image":[{"width":1240,"height":700,"url":"https:\/\/i0.wp.com\/soclose.mx\/blog\/wp-content\/uploads\/2022\/03\/Copia-de-Principal-So-Close-blog-4-2.png?fit=1240%2C700&ssl=1","type":"image\/png"}],"author":"Miguel Angel Romero","twitter_card":"summary_large_image","twitter_creator":"@Mikerecomienda","twitter_misc":{"Escrito por":"Miguel Angel Romero","Tiempo de lectura":"1 minuto"},"schema":{"@context":"https:\/\/schema.org","@graph":[{"@type":"Article","@id":"https:\/\/soclose.mx\/blog\/tag\/juan-rulfo-frases-mujeres\/#article","isPartOf":{"@id":"https:\/\/soclose.mx\/blog\/tag\/juan-rulfo-frases-mujeres\/"},"author":{"name":"Miguel Angel Romero","@id":"https:\/\/soclose.mx\/blog\/#\/schema\/person\/cddec6ccd5d7037d286395fb411e23f1"},"headline":"Colorean de huipiles el Consejo de Europa en Francia","datePublished":"2022-03-09T14:01:50+00:00","mainEntityOfPage":{"@id":"https:\/\/soclose.mx\/blog\/tag\/juan-rulfo-frases-mujeres\/"},"wordCount":187,"commentCount":0,"publisher":{"@id":"https:\/\/soclose.mx\/blog\/#organization"},"image":{"@id":"https:\/\/soclose.mx\/blog\/tag\/juan-rulfo-frases-mujeres\/#primaryimage"},"thumbnailUrl":"https:\/\/i0.wp.com\/soclose.mx\/blog\/wp-content\/uploads\/2022\/03\/Copia-de-Principal-So-Close-blog-4-2.png?fit=1240%2C700&ssl=1","keywords":["francia","huipiles"],"articleSection":["A la mexicana","News feed"],"inLanguage":"es","potentialAction":[{"@type":"CommentAction","name":"Comment","target":["https:\/\/soclose.mx\/blog\/tag\/juan-rulfo-frases-mujeres\/#respond"]}]},{"@type":"WebPage","@id":"https:\/\/soclose.mx\/blog\/tag\/juan-rulfo-frases-mujeres\/","url":"https:\/\/soclose.mx\/blog\/tag\/juan-rulfo-frases-mujeres\/","name":"Colorean de huipiles el Consejo de Europa en Francia - So Close","isPartOf":{"@id":"https:\/\/soclose.mx\/blog\/#website"},"primaryImageOfPage":{"@id":"https:\/\/soclose.mx\/blog\/tag\/juan-rulfo-frases-mujeres\/#primaryimage"},"image":{"@id":"https:\/\/soclose.mx\/blog\/tag\/juan-rulfo-frases-mujeres\/#primaryimage"},"thumbnailUrl":"https:\/\/i0.wp.com\/soclose.mx\/blog\/wp-content\/uploads\/2022\/03\/Copia-de-Principal-So-Close-blog-4-2.png?fit=1240%2C700&ssl=1","datePublished":"2022-03-09T14:01:50+00:00","description":"Las piezas de esta exposici\u00f3n, que antes se hab\u00edan utilizado en desfiles en Ginebra (Suiza) y M\u00e9xico, pertenecen a una colecci\u00f3n particular.","breadcrumb":{"@id":"https:\/\/soclose.mx\/blog\/tag\/juan-rulfo-frases-mujeres\/#breadcrumb"},"inLanguage":"es","potentialAction":[{"@type":"ReadAction","target":["https:\/\/soclose.mx\/blog\/tag\/juan-rulfo-frases-mujeres\/"]}]},{"@type":"ImageObject","inLanguage":"es","@id":"https:\/\/soclose.mx\/blog\/tag\/juan-rulfo-frases-mujeres\/#primaryimage","url":"https:\/\/i0.wp.com\/soclose.mx\/blog\/wp-content\/uploads\/2022\/03\/Copia-de-Principal-So-Close-blog-4-2.png?fit=1240%2C700&ssl=1","contentUrl":"https:\/\/i0.wp.com\/soclose.mx\/blog\/wp-content\/uploads\/2022\/03\/Copia-de-Principal-So-Close-blog-4-2.png?fit=1240%2C700&ssl=1","width":1240,"height":700},{"@type":"BreadcrumbList","@id":"https:\/\/soclose.mx\/blog\/tag\/juan-rulfo-frases-mujeres\/#breadcrumb","itemListElement":[{"@type":"ListItem","position":1,"name":"Inicio","item":"https:\/\/soclose.mx\/blog\/"},{"@type":"ListItem","position":2,"name":"Colorean de huipiles el Consejo de Europa en Francia"}]},{"@type":"WebSite","@id":"https:\/\/soclose.mx\/blog\/#website","url":"https:\/\/soclose.mx\/blog\/","name":"So Close","description":"Hacemos contenidos de M\u00e9xico","publisher":{"@id":"https:\/\/soclose.mx\/blog\/#organization"},"potentialAction":[{"@type":"SearchAction","target":{"@type":"EntryPoint","urlTemplate":"https:\/\/soclose.mx\/blog\/?s={search_term_string}"},"query-input":{"@type":"PropertyValueSpecification","valueRequired":true,"valueName":"search_term_string"}}],"inLanguage":"es"},{"@type":"Organization","@id":"https:\/\/soclose.mx\/blog\/#organization","name":"So Close","url":"https:\/\/soclose.mx\/blog\/","logo":{"@type":"ImageObject","inLanguage":"es","@id":"https:\/\/soclose.mx\/blog\/#\/schema\/logo\/image\/","url":"https:\/\/i0.wp.com\/soclose.mx\/blog\/wp-content\/uploads\/2020\/12\/LOGO_SOCLOSE_COLOR-e1608310133507.png?fit=2858%2C1264&ssl=1","contentUrl":"https:\/\/i0.wp.com\/soclose.mx\/blog\/wp-content\/uploads\/2020\/12\/LOGO_SOCLOSE_COLOR-e1608310133507.png?fit=2858%2C1264&ssl=1","width":2858,"height":1264,"caption":"So Close"},"image":{"@id":"https:\/\/soclose.mx\/blog\/#\/schema\/logo\/image\/"}},{"@type":"Person","@id":"https:\/\/soclose.mx\/blog\/#\/schema\/person\/cddec6ccd5d7037d286395fb411e23f1","name":"Miguel Angel Romero","image":{"@type":"ImageObject","inLanguage":"es","@id":"https:\/\/soclose.mx\/blog\/#\/schema\/person\/image\/","url":"https:\/\/secure.gravatar.com\/avatar\/45b44006b4f93497bb24d251f77bc39385015bfa120582412df580dbfcbb14f3?s=96&d=mm&r=g","contentUrl":"https:\/\/secure.gravatar.com\/avatar\/45b44006b4f93497bb24d251f77bc39385015bfa120582412df580dbfcbb14f3?s=96&d=mm&r=g","caption":"Miguel Angel Romero"},"sameAs":["http:\/\/\/mikexever.blogspot.com\/","www.facebook.com\/mikexever\/","https:\/\/x.com\/Mikerecomienda"],"url":"https:\/\/soclose.mx\/blog\/author\/mike\/"}]}},"jetpack_featured_media_url":"https:\/\/i0.wp.com\/soclose.mx\/blog\/wp-content\/uploads\/2022\/03\/Copia-de-Principal-So-Close-blog-4-2.png?fit=1240%2C700&ssl=1","jetpack-related-posts":[{"id":6885,"url":"https:\/\/soclose.mx\/blog\/ay-goeeee\/abre-exposicion-de-los-textiles-en-la-historia-indigena\/","url_meta":{"origin":9256,"position":0},"title":"Abre exposici\u00f3n de los textiles en la historia ind\u00edgena","author":"Miguel Angel Romero","date":"18 agosto, 2021","format":false,"excerpt":"Se inaugur\u00f3\u00a0 la exposici\u00f3n \u201cLa Piel de la escritura; la trama en los textiles ind\u00edgenas\u201d, en el Centro Nacional de las Artes (CENART), en el marco de la Feria de las Lenguas Ind\u00edgenas Nacionales 2021. Esta muestra expresa el di\u00e1logo constante entre los c\u00f3digos que est\u00e1n presentes en los textiles\u2026","rel":"","context":"En &quot;\u00a1Ay goeeee!&quot;","block_context":{"text":"\u00a1Ay goeeee!","link":"https:\/\/soclose.mx\/blog\/category\/ay-goeeee\/"},"img":{"alt_text":"","src":"https:\/\/i0.wp.com\/soclose.mx\/blog\/wp-content\/uploads\/2021\/08\/Principal-So-Close-blog-7-1.jpg?fit=1200%2C677&ssl=1&resize=350%2C200","width":350,"height":200,"srcset":"https:\/\/i0.wp.com\/soclose.mx\/blog\/wp-content\/uploads\/2021\/08\/Principal-So-Close-blog-7-1.jpg?fit=1200%2C677&ssl=1&resize=350%2C200 1x, https:\/\/i0.wp.com\/soclose.mx\/blog\/wp-content\/uploads\/2021\/08\/Principal-So-Close-blog-7-1.jpg?fit=1200%2C677&ssl=1&resize=525%2C300 1.5x, https:\/\/i0.wp.com\/soclose.mx\/blog\/wp-content\/uploads\/2021\/08\/Principal-So-Close-blog-7-1.jpg?fit=1200%2C677&ssl=1&resize=700%2C400 2x, https:\/\/i0.wp.com\/soclose.mx\/blog\/wp-content\/uploads\/2021\/08\/Principal-So-Close-blog-7-1.jpg?fit=1200%2C677&ssl=1&resize=1050%2C600 3x"},"classes":[]},{"id":6096,"url":"https:\/\/soclose.mx\/blog\/news-feed\/video-asi-vistieron-los-atletas-olimpicos-mexicanos-en-tokyo-2020\/","url_meta":{"origin":9256,"position":1},"title":"VIDEO | As\u00ed vistieron los atletas ol\u00edmpicos mexicanos en Tokyo 2020","author":"So Close","date":"23 julio, 2021","format":false,"excerpt":"De acuerdo con informaci\u00f3n del Comit\u00e9 Ol\u00edmpico Mexicano (COM), Tehuana\u202fOaxaque\u00f1a es el Traje de Gala que portaron los atletas mexicanos en la Ceremonia de Inauguraci\u00f3n de los Juegos Ol\u00edmpicos de Tokyo 2020, la cual fue este 23 de julio, en el Estadio Ol\u00edmpico, de la capital japonesa.\u00a0\u00a0\u00a0\u00a0 \u00a0 \u00a0 El\u2026","rel":"","context":"En &quot;News feed&quot;","block_context":{"text":"News feed","link":"https:\/\/soclose.mx\/blog\/category\/news-feed\/"},"img":{"alt_text":"","src":"https:\/\/i0.wp.com\/soclose.mx\/blog\/wp-content\/uploads\/2021\/07\/rommel-pacheco-tokyo2020.jpeg?fit=1200%2C677&ssl=1&resize=350%2C200","width":350,"height":200,"srcset":"https:\/\/i0.wp.com\/soclose.mx\/blog\/wp-content\/uploads\/2021\/07\/rommel-pacheco-tokyo2020.jpeg?fit=1200%2C677&ssl=1&resize=350%2C200 1x, https:\/\/i0.wp.com\/soclose.mx\/blog\/wp-content\/uploads\/2021\/07\/rommel-pacheco-tokyo2020.jpeg?fit=1200%2C677&ssl=1&resize=525%2C300 1.5x, https:\/\/i0.wp.com\/soclose.mx\/blog\/wp-content\/uploads\/2021\/07\/rommel-pacheco-tokyo2020.jpeg?fit=1200%2C677&ssl=1&resize=700%2C400 2x, https:\/\/i0.wp.com\/soclose.mx\/blog\/wp-content\/uploads\/2021\/07\/rommel-pacheco-tokyo2020.jpeg?fit=1200%2C677&ssl=1&resize=1050%2C600 3x"},"classes":[]},{"id":12037,"url":"https:\/\/soclose.mx\/blog\/a-la-mexicana\/independencia-mexico-asi-se-festeja-otros-paises\/","url_meta":{"origin":9256,"position":2},"title":"As\u00ed festejan en otros pa\u00edses la Independencia de M\u00e9xico","author":"Emmanuel Oviedo","date":"10 septiembre, 2023","format":false,"excerpt":"M\u00e9xico, no es el \u00fanico que se viste de verde, blanco y rojo cuando festejamos la Independencia. En la casa, las comidas t\u00edpicas, y en los cielos la pirotecnia despu\u00e9s del famoso \"Grito\" en el Z\u00f3calo Capitalino. Pero tambi\u00e9n, fuera de nuestras casas y de nuestro territorio nacional, otros pa\u00edses\u2026","rel":"","context":"En &quot;A la mexicana&quot;","block_context":{"text":"A la mexicana","link":"https:\/\/soclose.mx\/blog\/category\/a-la-mexicana\/"},"img":{"alt_text":"Independencia de M\u00e9xico Como celebran otros pa\u00edses","src":"https:\/\/i0.wp.com\/soclose.mx\/blog\/wp-content\/uploads\/2023\/07\/Independencia-de-Mexico-como-celebran-otros-paises.jpg?fit=1200%2C702&ssl=1&resize=350%2C200","width":350,"height":200,"srcset":"https:\/\/i0.wp.com\/soclose.mx\/blog\/wp-content\/uploads\/2023\/07\/Independencia-de-Mexico-como-celebran-otros-paises.jpg?fit=1200%2C702&ssl=1&resize=350%2C200 1x, https:\/\/i0.wp.com\/soclose.mx\/blog\/wp-content\/uploads\/2023\/07\/Independencia-de-Mexico-como-celebran-otros-paises.jpg?fit=1200%2C702&ssl=1&resize=525%2C300 1.5x, https:\/\/i0.wp.com\/soclose.mx\/blog\/wp-content\/uploads\/2023\/07\/Independencia-de-Mexico-como-celebran-otros-paises.jpg?fit=1200%2C702&ssl=1&resize=700%2C400 2x, https:\/\/i0.wp.com\/soclose.mx\/blog\/wp-content\/uploads\/2023\/07\/Independencia-de-Mexico-como-celebran-otros-paises.jpg?fit=1200%2C702&ssl=1&resize=1050%2C600 3x"},"classes":[]},{"id":7280,"url":"https:\/\/soclose.mx\/blog\/news-feed\/tesoros-que-se-exhiben-en-la-exposicion-la-grandeza-de-mexico\/","url_meta":{"origin":9256,"position":3},"title":"Tesoros que se exhiben en la exposici\u00f3n &#8220;La Grandeza de M\u00e9xico&#8221;","author":"Miguel Angel Romero","date":"5 octubre, 2021","format":false,"excerpt":"La exposici\u00f3n \"La grandeza de M\u00e9xico\", que celebra los 200 a\u00f1os de la consumaci\u00f3n de la Independencia del pa\u00eds, se llevar\u00e1 a cabo en dos sedes de la Ciudad de M\u00e9xico: El edificio de la Secretar\u00eda de Educaci\u00f3n P\u00fablica (SEP), en el Centro Hist\u00f3rico. El Museo Nacional de Antropolog\u00eda e\u2026","rel":"","context":"En &quot;News feed&quot;","block_context":{"text":"News feed","link":"https:\/\/soclose.mx\/blog\/category\/news-feed\/"},"img":{"alt_text":"","src":"https:\/\/i0.wp.com\/soclose.mx\/blog\/wp-content\/uploads\/2021\/09\/Principal-So-Close-blog-1.png?fit=1200%2C677&ssl=1&resize=350%2C200","width":350,"height":200,"srcset":"https:\/\/i0.wp.com\/soclose.mx\/blog\/wp-content\/uploads\/2021\/09\/Principal-So-Close-blog-1.png?fit=1200%2C677&ssl=1&resize=350%2C200 1x, https:\/\/i0.wp.com\/soclose.mx\/blog\/wp-content\/uploads\/2021\/09\/Principal-So-Close-blog-1.png?fit=1200%2C677&ssl=1&resize=525%2C300 1.5x, https:\/\/i0.wp.com\/soclose.mx\/blog\/wp-content\/uploads\/2021\/09\/Principal-So-Close-blog-1.png?fit=1200%2C677&ssl=1&resize=700%2C400 2x, https:\/\/i0.wp.com\/soclose.mx\/blog\/wp-content\/uploads\/2021\/09\/Principal-So-Close-blog-1.png?fit=1200%2C677&ssl=1&resize=1050%2C600 3x"},"classes":[]},{"id":5749,"url":"https:\/\/soclose.mx\/blog\/lugares\/puebla-y-sus-10-pueblos-magicos-uno-de-los-estados-mas-visitados-de-mexico\/","url_meta":{"origin":9256,"position":4},"title":"Puebla y sus 10 pueblos m\u00e1gicos, uno de los estados m\u00e1s visitados de M\u00e9xico","author":"So Close","date":"12 febrero, 2021","format":false,"excerpt":"Como primer punto est\u00e1 el pueblo de Tetela de Ocampo, su infinita belleza, lo convirti\u00f3 en el nuevo Pueblo M\u00e1gico de Puebla. Su nombre deriva del n\u00e1huatl, que puede traducirse como abundancia de cerros, el Zoyayo y Zotolo. Cabe recordar que antes de ser \u201cde Ocampo\u201d, era Tetela de Oro;\u2026","rel":"","context":"En &quot;Lugares&quot;","block_context":{"text":"Lugares","link":"https:\/\/soclose.mx\/blog\/category\/lugares\/"},"img":{"alt_text":"","src":"https:\/\/i0.wp.com\/soclose.mx\/blog\/wp-content\/uploads\/2021\/02\/puebla-centro-historico.jpg?fit=1200%2C677&ssl=1&resize=350%2C200","width":350,"height":200,"srcset":"https:\/\/i0.wp.com\/soclose.mx\/blog\/wp-content\/uploads\/2021\/02\/puebla-centro-historico.jpg?fit=1200%2C677&ssl=1&resize=350%2C200 1x, https:\/\/i0.wp.com\/soclose.mx\/blog\/wp-content\/uploads\/2021\/02\/puebla-centro-historico.jpg?fit=1200%2C677&ssl=1&resize=525%2C300 1.5x, https:\/\/i0.wp.com\/soclose.mx\/blog\/wp-content\/uploads\/2021\/02\/puebla-centro-historico.jpg?fit=1200%2C677&ssl=1&resize=700%2C400 2x, https:\/\/i0.wp.com\/soclose.mx\/blog\/wp-content\/uploads\/2021\/02\/puebla-centro-historico.jpg?fit=1200%2C677&ssl=1&resize=1050%2C600 3x"},"classes":[]},{"id":6808,"url":"https:\/\/soclose.mx\/blog\/news-feed\/exposicion-mexicana-aztecas-conquista-los-paises-bajos\/","url_meta":{"origin":9256,"position":5},"title":"Exposici\u00f3n mexicana \u2018Aztecas\u2019 conquista los Pa\u00edses Bajos","author":"Miguel Angel Romero","date":"6 agosto, 2021","format":false,"excerpt":"En el marco de la conmemoraci\u00f3n de los\u00a0500 a\u00f1os de la ca\u00edda de Tenochtitlan, se inaugur\u00f3 la exposici\u00f3n mexicana \"Aztecas\"\u00a0en\u00a0 el\u00a0Museo de Etnolog\u00eda de Leiden, ubicado en los Pa\u00edses Bajos. La muestra ya recorri\u00f3 parte de Europa, en el Museo Linden de Stuttgart, Alemania, donde 50 mil personas la visitaron,\u2026","rel":"","context":"En &quot;News feed&quot;","block_context":{"text":"News feed","link":"https:\/\/soclose.mx\/blog\/category\/news-feed\/"},"img":{"alt_text":"","src":"https:\/\/i0.wp.com\/soclose.mx\/blog\/wp-content\/uploads\/2021\/08\/Principal-So-Close-blog-8.jpg?fit=1200%2C677&ssl=1&resize=350%2C200","width":350,"height":200,"srcset":"https:\/\/i0.wp.com\/soclose.mx\/blog\/wp-content\/uploads\/2021\/08\/Principal-So-Close-blog-8.jpg?fit=1200%2C677&ssl=1&resize=350%2C200 1x, https:\/\/i0.wp.com\/soclose.mx\/blog\/wp-content\/uploads\/2021\/08\/Principal-So-Close-blog-8.jpg?fit=1200%2C677&ssl=1&resize=525%2C300 1.5x, https:\/\/i0.wp.com\/soclose.mx\/blog\/wp-content\/uploads\/2021\/08\/Principal-So-Close-blog-8.jpg?fit=1200%2C677&ssl=1&resize=700%2C400 2x, https:\/\/i0.wp.com\/soclose.mx\/blog\/wp-content\/uploads\/2021\/08\/Principal-So-Close-blog-8.jpg?fit=1200%2C677&ssl=1&resize=1050%2C600 3x"},"classes":[]}],"jetpack_sharing_enabled":true,"_links":{"self":[{"href":"https:\/\/soclose.mx\/blog\/wp-json\/wp\/v2\/posts\/9256","targetHints":{"allow":["GET"]}}],"collection":[{"href":"https:\/\/soclose.mx\/blog\/wp-json\/wp\/v2\/posts"}],"about":[{"href":"https:\/\/soclose.mx\/blog\/wp-json\/wp\/v2\/types\/post"}],"author":[{"embeddable":true,"href":"https:\/\/soclose.mx\/blog\/wp-json\/wp\/v2\/users\/8"}],"replies":[{"embeddable":true,"href":"https:\/\/soclose.mx\/blog\/wp-json\/wp\/v2\/comments?post=9256"}],"version-history":[{"count":0,"href":"https:\/\/soclose.mx\/blog\/wp-json\/wp\/v2\/posts\/9256\/revisions"}],"wp:featuredmedia":[{"embeddable":true,"href":"https:\/\/soclose.mx\/blog\/wp-json\/wp\/v2\/media\/9258"}],"wp:attachment":[{"href":"https:\/\/soclose.mx\/blog\/wp-json\/wp\/v2\/media?parent=9256"}],"wp:term":[{"taxonomy":"category","embeddable":true,"href":"https:\/\/soclose.mx\/blog\/wp-json\/wp\/v2\/categories?post=9256"},{"taxonomy":"post_tag","embeddable":true,"href":"https:\/\/soclose.mx\/blog\/wp-json\/wp\/v2\/tags?post=9256"}],"curies":[{"name":"wp","href":"https:\/\/api.w.org\/{rel}","templated":true}]}}