{"id":9286,"date":"2022-03-09T08:11:30","date_gmt":"2022-03-09T14:11:30","guid":{"rendered":"https:\/\/soclose.mx\/blog\/?p=9286"},"modified":"2022-03-08T22:32:55","modified_gmt":"2022-03-09T04:32:55","slug":"los-ultimos-minutos-de-agustin-de-iturbide-en-teatro","status":"publish","type":"post","link":"https:\/\/soclose.mx\/blog\/news-feed\/los-ultimos-minutos-de-agustin-de-iturbide-en-teatro\/","title":{"rendered":"Los \u00faltimos minutos de Agust\u00edn de Iturbide&#8230; en teatro"},"content":{"rendered":"<p>La <strong>Compa\u00f1\u00eda Nacional de <a href=\"https:\/\/soclose.mx\/blog\/?s=teatro\" target=\"_blank\" rel=\"noopener\">Teatro<\/a><\/strong>\u00a0(CNT) estrenar\u00e1\u00a0<strong><em>Horas de gracia. \u00daltimo sue\u00f1o de Agust\u00edn I<\/em><\/strong>, puesta en escena en homenaje p\u00f3stumo al dramaturgo mexicano\u00a0<strong>Juan Tovar<\/strong>, la cual narra <strong>las \u00faltimas horas de Agust\u00edn de Iturbide.<\/strong><\/p>\n<p>Este escenificaci\u00f3n es una coproducci\u00f3n con el\u00a0<strong>Teatro del Bicentenario\u00a0<\/strong><em><strong>Roberto Plasencia Salda\u00f1a<\/strong>.\u00a0<\/em>bajo la direcci\u00f3n de <strong>Daniela Parra.<\/strong><\/p>\n<p>El montaje recrea las <strong><em>horas de gracia<\/em>\u00a0de Agust\u00edn de Iturbide<\/strong>, visitado (presumiblemente en sue\u00f1os) por <strong>Antonio L\u00f3pez de Santa Anna<\/strong>, quien lo insta a\u00a0recapitular su trayectoria y revivirla\u00a0con los recursos del sue\u00f1o.<\/p>\n<p>As\u00ed, se relatan sus\u00a0sue\u00f1os de emperador, sus\u00a0recuerdos, su\u00a0legado, su\u00a0destierro\u00a0y\u00a0desenlace fatal.<\/p>\n<p>La puesta en escena\u00a0 que se desarrolla en el <strong>Teatro del Bosque Julio Castillo<\/strong> del <strong>Centro Cultural del Bosque<\/strong>, finaliza temporada el 20 de marzo.<\/p>\n<p><img data-recalc-dims=\"1\" fetchpriority=\"high\" decoding=\"async\" class=\"alignnone size-full wp-image-9288\" src=\"https:\/\/i0.wp.com\/soclose.mx\/blog\/wp-content\/uploads\/2022\/03\/FM_zeq3VgAE24qT.jpg?resize=1170%2C1170&#038;ssl=1\" alt=\"\" width=\"1170\" height=\"1170\" srcset=\"https:\/\/i0.wp.com\/soclose.mx\/blog\/wp-content\/uploads\/2022\/03\/FM_zeq3VgAE24qT.jpg?w=1200&amp;ssl=1 1200w, https:\/\/i0.wp.com\/soclose.mx\/blog\/wp-content\/uploads\/2022\/03\/FM_zeq3VgAE24qT.jpg?resize=300%2C300&amp;ssl=1 300w, https:\/\/i0.wp.com\/soclose.mx\/blog\/wp-content\/uploads\/2022\/03\/FM_zeq3VgAE24qT.jpg?resize=1024%2C1024&amp;ssl=1 1024w, https:\/\/i0.wp.com\/soclose.mx\/blog\/wp-content\/uploads\/2022\/03\/FM_zeq3VgAE24qT.jpg?resize=150%2C150&amp;ssl=1 150w, https:\/\/i0.wp.com\/soclose.mx\/blog\/wp-content\/uploads\/2022\/03\/FM_zeq3VgAE24qT.jpg?resize=768%2C768&amp;ssl=1 768w, https:\/\/i0.wp.com\/soclose.mx\/blog\/wp-content\/uploads\/2022\/03\/FM_zeq3VgAE24qT.jpg?resize=1170%2C1170&amp;ssl=1 1170w, https:\/\/i0.wp.com\/soclose.mx\/blog\/wp-content\/uploads\/2022\/03\/FM_zeq3VgAE24qT.jpg?resize=585%2C585&amp;ssl=1 585w\" sizes=\"(max-width: 1170px) 100vw, 1170px\" \/><\/p>\n","protected":false},"excerpt":{"rendered":"<p>La Compa\u00f1\u00eda Nacional de Teatro\u00a0(CNT) estrenar\u00e1\u00a0Horas de gracia. \u00daltimo sue\u00f1o de Agust\u00edn I, puesta en escena en homenaje p\u00f3stumo al dramaturgo mexicano\u00a0Juan Tovar, la cual narra las \u00faltimas horas de Agust\u00edn de Iturbide. Este escenificaci\u00f3n es una coproducci\u00f3n con el\u00a0Teatro del Bicentenario\u00a0Roberto Plasencia Salda\u00f1a.\u00a0bajo la direcci\u00f3n de Daniela Parra. El montaje recrea las horas de gracia\u00a0de Agust\u00edn de Iturbide, visitado (presumiblemente en sue\u00f1os) por Antonio L\u00f3pez de Santa Anna, quien lo insta a\u00a0recapitular su trayectoria y revivirla\u00a0con los recursos del sue\u00f1o. As\u00ed, se relatan sus\u00a0sue\u00f1os de emperador, sus\u00a0recuerdos, su\u00a0legado, su\u00a0destierro\u00a0y\u00a0desenlace fatal. La puesta en escena\u00a0 que se desarrolla en el<\/p>\n","protected":false},"author":8,"featured_media":9287,"comment_status":"open","ping_status":"open","sticky":false,"template":"","format":"standard","meta":{"_jetpack_memberships_contains_paid_content":false,"footnotes":""},"categories":[628],"tags":[866,1835,288],"class_list":["post-9286","post","type-post","status-publish","format-standard","has-post-thumbnail","hentry","category-news-feed","tag-agustin-de-iturbide","tag-horas-de-gracia","tag-teatro"],"yoast_head":"<!-- This site is optimized with the Yoast SEO plugin v26.7 - https:\/\/yoast.com\/wordpress\/plugins\/seo\/ -->\n<title>Los \u00faltimos minutos de Agust\u00edn de Iturbide... en teatro - So Close<\/title>\n<meta name=\"description\" content=\"La puesta en escena\u00a0 que se desarrolla en el Teatro del Bosque Julio Castillo del Centro Cultural del Bosque, finaliza temporada el 20 de marzo.\" \/>\n<meta name=\"robots\" content=\"index, follow, max-snippet:-1, max-image-preview:large, max-video-preview:-1\" \/>\n<link rel=\"canonical\" href=\"https:\/\/soclose.mx\/blog\/tag\/juan-rulfo-frases-mujeres\/\" \/>\n<meta property=\"og:locale\" content=\"es_MX\" \/>\n<meta property=\"og:type\" content=\"article\" \/>\n<meta property=\"og:title\" content=\"Los \u00faltimos minutos de Agust\u00edn de Iturbide... en teatro - So Close\" \/>\n<meta property=\"og:description\" content=\"La puesta en escena\u00a0 que se desarrolla en el Teatro del Bosque Julio Castillo del Centro Cultural del Bosque, finaliza temporada el 20 de marzo.\" \/>\n<meta property=\"og:url\" content=\"https:\/\/soclose.mx\/blog\/tag\/juan-rulfo-frases-mujeres\/\" \/>\n<meta property=\"og:site_name\" content=\"So Close\" \/>\n<meta property=\"article:author\" content=\"www.facebook.com\/mikexever\/\" \/>\n<meta property=\"article:published_time\" content=\"2022-03-09T14:11:30+00:00\" \/>\n<meta property=\"og:image\" content=\"https:\/\/i0.wp.com\/soclose.mx\/blog\/wp-content\/uploads\/2022\/03\/Copia-de-Principal-So-Close-blog-14.png?fit=1240%2C700&ssl=1\" \/>\n\t<meta property=\"og:image:width\" content=\"1240\" \/>\n\t<meta property=\"og:image:height\" content=\"700\" \/>\n\t<meta property=\"og:image:type\" content=\"image\/png\" \/>\n<meta name=\"author\" content=\"Miguel Angel Romero\" \/>\n<meta name=\"twitter:card\" content=\"summary_large_image\" \/>\n<meta name=\"twitter:creator\" content=\"@Mikerecomienda\" \/>\n<meta name=\"twitter:label1\" content=\"Escrito por\" \/>\n\t<meta name=\"twitter:data1\" content=\"Miguel Angel Romero\" \/>\n\t<meta name=\"twitter:label2\" content=\"Tiempo de lectura\" \/>\n\t<meta name=\"twitter:data2\" content=\"1 minuto\" \/>\n<script type=\"application\/ld+json\" class=\"yoast-schema-graph\">{\"@context\":\"https:\/\/schema.org\",\"@graph\":[{\"@type\":\"Article\",\"@id\":\"https:\/\/soclose.mx\/blog\/tag\/juan-rulfo-frases-mujeres\/#article\",\"isPartOf\":{\"@id\":\"https:\/\/soclose.mx\/blog\/tag\/juan-rulfo-frases-mujeres\/\"},\"author\":{\"name\":\"Miguel Angel Romero\",\"@id\":\"https:\/\/soclose.mx\/blog\/#\/schema\/person\/cddec6ccd5d7037d286395fb411e23f1\"},\"headline\":\"Los \u00faltimos minutos de Agust\u00edn de Iturbide&#8230; en teatro\",\"datePublished\":\"2022-03-09T14:11:30+00:00\",\"mainEntityOfPage\":{\"@id\":\"https:\/\/soclose.mx\/blog\/tag\/juan-rulfo-frases-mujeres\/\"},\"wordCount\":154,\"commentCount\":0,\"publisher\":{\"@id\":\"https:\/\/soclose.mx\/blog\/#organization\"},\"image\":{\"@id\":\"https:\/\/soclose.mx\/blog\/tag\/juan-rulfo-frases-mujeres\/#primaryimage\"},\"thumbnailUrl\":\"https:\/\/i0.wp.com\/soclose.mx\/blog\/wp-content\/uploads\/2022\/03\/Copia-de-Principal-So-Close-blog-14.png?fit=1240%2C700&ssl=1\",\"keywords\":[\"agust\u00edn de iturbide\",\"Horas de gracia\",\"teatro\"],\"articleSection\":[\"News feed\"],\"inLanguage\":\"es\",\"potentialAction\":[{\"@type\":\"CommentAction\",\"name\":\"Comment\",\"target\":[\"https:\/\/soclose.mx\/blog\/tag\/juan-rulfo-frases-mujeres\/#respond\"]}]},{\"@type\":\"WebPage\",\"@id\":\"https:\/\/soclose.mx\/blog\/tag\/juan-rulfo-frases-mujeres\/\",\"url\":\"https:\/\/soclose.mx\/blog\/tag\/juan-rulfo-frases-mujeres\/\",\"name\":\"Los \u00faltimos minutos de Agust\u00edn de Iturbide... en teatro - So Close\",\"isPartOf\":{\"@id\":\"https:\/\/soclose.mx\/blog\/#website\"},\"primaryImageOfPage\":{\"@id\":\"https:\/\/soclose.mx\/blog\/tag\/juan-rulfo-frases-mujeres\/#primaryimage\"},\"image\":{\"@id\":\"https:\/\/soclose.mx\/blog\/tag\/juan-rulfo-frases-mujeres\/#primaryimage\"},\"thumbnailUrl\":\"https:\/\/i0.wp.com\/soclose.mx\/blog\/wp-content\/uploads\/2022\/03\/Copia-de-Principal-So-Close-blog-14.png?fit=1240%2C700&ssl=1\",\"datePublished\":\"2022-03-09T14:11:30+00:00\",\"description\":\"La puesta en escena\u00a0 que se desarrolla en el Teatro del Bosque Julio Castillo del Centro Cultural del Bosque, finaliza temporada el 20 de marzo.\",\"breadcrumb\":{\"@id\":\"https:\/\/soclose.mx\/blog\/tag\/juan-rulfo-frases-mujeres\/#breadcrumb\"},\"inLanguage\":\"es\",\"potentialAction\":[{\"@type\":\"ReadAction\",\"target\":[\"https:\/\/soclose.mx\/blog\/tag\/juan-rulfo-frases-mujeres\/\"]}]},{\"@type\":\"ImageObject\",\"inLanguage\":\"es\",\"@id\":\"https:\/\/soclose.mx\/blog\/tag\/juan-rulfo-frases-mujeres\/#primaryimage\",\"url\":\"https:\/\/i0.wp.com\/soclose.mx\/blog\/wp-content\/uploads\/2022\/03\/Copia-de-Principal-So-Close-blog-14.png?fit=1240%2C700&ssl=1\",\"contentUrl\":\"https:\/\/i0.wp.com\/soclose.mx\/blog\/wp-content\/uploads\/2022\/03\/Copia-de-Principal-So-Close-blog-14.png?fit=1240%2C700&ssl=1\",\"width\":1240,\"height\":700},{\"@type\":\"BreadcrumbList\",\"@id\":\"https:\/\/soclose.mx\/blog\/tag\/juan-rulfo-frases-mujeres\/#breadcrumb\",\"itemListElement\":[{\"@type\":\"ListItem\",\"position\":1,\"name\":\"Inicio\",\"item\":\"https:\/\/soclose.mx\/blog\/\"},{\"@type\":\"ListItem\",\"position\":2,\"name\":\"Los \u00faltimos minutos de Agust\u00edn de Iturbide&#8230; en teatro\"}]},{\"@type\":\"WebSite\",\"@id\":\"https:\/\/soclose.mx\/blog\/#website\",\"url\":\"https:\/\/soclose.mx\/blog\/\",\"name\":\"So Close\",\"description\":\"Hacemos contenidos de M\u00e9xico\",\"publisher\":{\"@id\":\"https:\/\/soclose.mx\/blog\/#organization\"},\"potentialAction\":[{\"@type\":\"SearchAction\",\"target\":{\"@type\":\"EntryPoint\",\"urlTemplate\":\"https:\/\/soclose.mx\/blog\/?s={search_term_string}\"},\"query-input\":{\"@type\":\"PropertyValueSpecification\",\"valueRequired\":true,\"valueName\":\"search_term_string\"}}],\"inLanguage\":\"es\"},{\"@type\":\"Organization\",\"@id\":\"https:\/\/soclose.mx\/blog\/#organization\",\"name\":\"So Close\",\"url\":\"https:\/\/soclose.mx\/blog\/\",\"logo\":{\"@type\":\"ImageObject\",\"inLanguage\":\"es\",\"@id\":\"https:\/\/soclose.mx\/blog\/#\/schema\/logo\/image\/\",\"url\":\"https:\/\/i0.wp.com\/soclose.mx\/blog\/wp-content\/uploads\/2020\/12\/LOGO_SOCLOSE_COLOR-e1608310133507.png?fit=2858%2C1264&ssl=1\",\"contentUrl\":\"https:\/\/i0.wp.com\/soclose.mx\/blog\/wp-content\/uploads\/2020\/12\/LOGO_SOCLOSE_COLOR-e1608310133507.png?fit=2858%2C1264&ssl=1\",\"width\":2858,\"height\":1264,\"caption\":\"So Close\"},\"image\":{\"@id\":\"https:\/\/soclose.mx\/blog\/#\/schema\/logo\/image\/\"}},{\"@type\":\"Person\",\"@id\":\"https:\/\/soclose.mx\/blog\/#\/schema\/person\/cddec6ccd5d7037d286395fb411e23f1\",\"name\":\"Miguel Angel Romero\",\"image\":{\"@type\":\"ImageObject\",\"inLanguage\":\"es\",\"@id\":\"https:\/\/soclose.mx\/blog\/#\/schema\/person\/image\/\",\"url\":\"https:\/\/secure.gravatar.com\/avatar\/45b44006b4f93497bb24d251f77bc39385015bfa120582412df580dbfcbb14f3?s=96&d=mm&r=g\",\"contentUrl\":\"https:\/\/secure.gravatar.com\/avatar\/45b44006b4f93497bb24d251f77bc39385015bfa120582412df580dbfcbb14f3?s=96&d=mm&r=g\",\"caption\":\"Miguel Angel Romero\"},\"sameAs\":[\"http:\/\/\/mikexever.blogspot.com\/\",\"www.facebook.com\/mikexever\/\",\"https:\/\/x.com\/Mikerecomienda\"],\"url\":\"https:\/\/soclose.mx\/blog\/author\/mike\/\"}]}<\/script>\n<!-- \/ Yoast SEO plugin. -->","yoast_head_json":{"title":"Los \u00faltimos minutos de Agust\u00edn de Iturbide... en teatro - So Close","description":"La puesta en escena\u00a0 que se desarrolla en el Teatro del Bosque Julio Castillo del Centro Cultural del Bosque, finaliza temporada el 20 de marzo.","robots":{"index":"index","follow":"follow","max-snippet":"max-snippet:-1","max-image-preview":"max-image-preview:large","max-video-preview":"max-video-preview:-1"},"canonical":"https:\/\/soclose.mx\/blog\/tag\/juan-rulfo-frases-mujeres\/","og_locale":"es_MX","og_type":"article","og_title":"Los \u00faltimos minutos de Agust\u00edn de Iturbide... en teatro - So Close","og_description":"La puesta en escena\u00a0 que se desarrolla en el Teatro del Bosque Julio Castillo del Centro Cultural del Bosque, finaliza temporada el 20 de marzo.","og_url":"https:\/\/soclose.mx\/blog\/tag\/juan-rulfo-frases-mujeres\/","og_site_name":"So Close","article_author":"www.facebook.com\/mikexever\/","article_published_time":"2022-03-09T14:11:30+00:00","og_image":[{"width":1240,"height":700,"url":"https:\/\/i0.wp.com\/soclose.mx\/blog\/wp-content\/uploads\/2022\/03\/Copia-de-Principal-So-Close-blog-14.png?fit=1240%2C700&ssl=1","type":"image\/png"}],"author":"Miguel Angel Romero","twitter_card":"summary_large_image","twitter_creator":"@Mikerecomienda","twitter_misc":{"Escrito por":"Miguel Angel Romero","Tiempo de lectura":"1 minuto"},"schema":{"@context":"https:\/\/schema.org","@graph":[{"@type":"Article","@id":"https:\/\/soclose.mx\/blog\/tag\/juan-rulfo-frases-mujeres\/#article","isPartOf":{"@id":"https:\/\/soclose.mx\/blog\/tag\/juan-rulfo-frases-mujeres\/"},"author":{"name":"Miguel Angel Romero","@id":"https:\/\/soclose.mx\/blog\/#\/schema\/person\/cddec6ccd5d7037d286395fb411e23f1"},"headline":"Los \u00faltimos minutos de Agust\u00edn de Iturbide&#8230; en teatro","datePublished":"2022-03-09T14:11:30+00:00","mainEntityOfPage":{"@id":"https:\/\/soclose.mx\/blog\/tag\/juan-rulfo-frases-mujeres\/"},"wordCount":154,"commentCount":0,"publisher":{"@id":"https:\/\/soclose.mx\/blog\/#organization"},"image":{"@id":"https:\/\/soclose.mx\/blog\/tag\/juan-rulfo-frases-mujeres\/#primaryimage"},"thumbnailUrl":"https:\/\/i0.wp.com\/soclose.mx\/blog\/wp-content\/uploads\/2022\/03\/Copia-de-Principal-So-Close-blog-14.png?fit=1240%2C700&ssl=1","keywords":["agust\u00edn de iturbide","Horas de gracia","teatro"],"articleSection":["News feed"],"inLanguage":"es","potentialAction":[{"@type":"CommentAction","name":"Comment","target":["https:\/\/soclose.mx\/blog\/tag\/juan-rulfo-frases-mujeres\/#respond"]}]},{"@type":"WebPage","@id":"https:\/\/soclose.mx\/blog\/tag\/juan-rulfo-frases-mujeres\/","url":"https:\/\/soclose.mx\/blog\/tag\/juan-rulfo-frases-mujeres\/","name":"Los \u00faltimos minutos de Agust\u00edn de Iturbide... en teatro - So Close","isPartOf":{"@id":"https:\/\/soclose.mx\/blog\/#website"},"primaryImageOfPage":{"@id":"https:\/\/soclose.mx\/blog\/tag\/juan-rulfo-frases-mujeres\/#primaryimage"},"image":{"@id":"https:\/\/soclose.mx\/blog\/tag\/juan-rulfo-frases-mujeres\/#primaryimage"},"thumbnailUrl":"https:\/\/i0.wp.com\/soclose.mx\/blog\/wp-content\/uploads\/2022\/03\/Copia-de-Principal-So-Close-blog-14.png?fit=1240%2C700&ssl=1","datePublished":"2022-03-09T14:11:30+00:00","description":"La puesta en escena\u00a0 que se desarrolla en el Teatro del Bosque Julio Castillo del Centro Cultural del Bosque, finaliza temporada el 20 de marzo.","breadcrumb":{"@id":"https:\/\/soclose.mx\/blog\/tag\/juan-rulfo-frases-mujeres\/#breadcrumb"},"inLanguage":"es","potentialAction":[{"@type":"ReadAction","target":["https:\/\/soclose.mx\/blog\/tag\/juan-rulfo-frases-mujeres\/"]}]},{"@type":"ImageObject","inLanguage":"es","@id":"https:\/\/soclose.mx\/blog\/tag\/juan-rulfo-frases-mujeres\/#primaryimage","url":"https:\/\/i0.wp.com\/soclose.mx\/blog\/wp-content\/uploads\/2022\/03\/Copia-de-Principal-So-Close-blog-14.png?fit=1240%2C700&ssl=1","contentUrl":"https:\/\/i0.wp.com\/soclose.mx\/blog\/wp-content\/uploads\/2022\/03\/Copia-de-Principal-So-Close-blog-14.png?fit=1240%2C700&ssl=1","width":1240,"height":700},{"@type":"BreadcrumbList","@id":"https:\/\/soclose.mx\/blog\/tag\/juan-rulfo-frases-mujeres\/#breadcrumb","itemListElement":[{"@type":"ListItem","position":1,"name":"Inicio","item":"https:\/\/soclose.mx\/blog\/"},{"@type":"ListItem","position":2,"name":"Los \u00faltimos minutos de Agust\u00edn de Iturbide&#8230; en teatro"}]},{"@type":"WebSite","@id":"https:\/\/soclose.mx\/blog\/#website","url":"https:\/\/soclose.mx\/blog\/","name":"So Close","description":"Hacemos contenidos de M\u00e9xico","publisher":{"@id":"https:\/\/soclose.mx\/blog\/#organization"},"potentialAction":[{"@type":"SearchAction","target":{"@type":"EntryPoint","urlTemplate":"https:\/\/soclose.mx\/blog\/?s={search_term_string}"},"query-input":{"@type":"PropertyValueSpecification","valueRequired":true,"valueName":"search_term_string"}}],"inLanguage":"es"},{"@type":"Organization","@id":"https:\/\/soclose.mx\/blog\/#organization","name":"So Close","url":"https:\/\/soclose.mx\/blog\/","logo":{"@type":"ImageObject","inLanguage":"es","@id":"https:\/\/soclose.mx\/blog\/#\/schema\/logo\/image\/","url":"https:\/\/i0.wp.com\/soclose.mx\/blog\/wp-content\/uploads\/2020\/12\/LOGO_SOCLOSE_COLOR-e1608310133507.png?fit=2858%2C1264&ssl=1","contentUrl":"https:\/\/i0.wp.com\/soclose.mx\/blog\/wp-content\/uploads\/2020\/12\/LOGO_SOCLOSE_COLOR-e1608310133507.png?fit=2858%2C1264&ssl=1","width":2858,"height":1264,"caption":"So Close"},"image":{"@id":"https:\/\/soclose.mx\/blog\/#\/schema\/logo\/image\/"}},{"@type":"Person","@id":"https:\/\/soclose.mx\/blog\/#\/schema\/person\/cddec6ccd5d7037d286395fb411e23f1","name":"Miguel Angel Romero","image":{"@type":"ImageObject","inLanguage":"es","@id":"https:\/\/soclose.mx\/blog\/#\/schema\/person\/image\/","url":"https:\/\/secure.gravatar.com\/avatar\/45b44006b4f93497bb24d251f77bc39385015bfa120582412df580dbfcbb14f3?s=96&d=mm&r=g","contentUrl":"https:\/\/secure.gravatar.com\/avatar\/45b44006b4f93497bb24d251f77bc39385015bfa120582412df580dbfcbb14f3?s=96&d=mm&r=g","caption":"Miguel Angel Romero"},"sameAs":["http:\/\/\/mikexever.blogspot.com\/","www.facebook.com\/mikexever\/","https:\/\/x.com\/Mikerecomienda"],"url":"https:\/\/soclose.mx\/blog\/author\/mike\/"}]}},"jetpack_featured_media_url":"https:\/\/i0.wp.com\/soclose.mx\/blog\/wp-content\/uploads\/2022\/03\/Copia-de-Principal-So-Close-blog-14.png?fit=1240%2C700&ssl=1","jetpack-related-posts":[{"id":6968,"url":"https:\/\/soclose.mx\/blog\/news-feed\/abre-exposicion-sobre-los-tratados-de-cordoba-en-toxpan\/","url_meta":{"origin":9286,"position":0},"title":"Abre exposici\u00f3n sobre Los Tratados de C\u00f3rdoba, en Toxpan","author":"Miguel Angel Romero","date":"31 agosto, 2021","format":false,"excerpt":"Abre en la Ex Hacienda de Toxpan, la exposici\u00f3n gr\u00e1fica Los Tratados de C\u00f3rdoba. Desatar el nudo sin romperlo, proleg\u00f3meno ineludible de la culminaci\u00f3n de la guerra insurgente iniciada en 1810. Con la cual tambi\u00e9n se inaugura como espacio dedicado a la cultura, la reci\u00e9n rehabilitada\u00a0 uno de los primeros\u2026","rel":"","context":"En &quot;Lugares&quot;","block_context":{"text":"Lugares","link":"https:\/\/soclose.mx\/blog\/category\/lugares\/"},"img":{"alt_text":"","src":"https:\/\/i0.wp.com\/soclose.mx\/blog\/wp-content\/uploads\/2021\/08\/Principal-So-Close-blog-27.jpg?fit=1200%2C677&ssl=1&resize=350%2C200","width":350,"height":200,"srcset":"https:\/\/i0.wp.com\/soclose.mx\/blog\/wp-content\/uploads\/2021\/08\/Principal-So-Close-blog-27.jpg?fit=1200%2C677&ssl=1&resize=350%2C200 1x, https:\/\/i0.wp.com\/soclose.mx\/blog\/wp-content\/uploads\/2021\/08\/Principal-So-Close-blog-27.jpg?fit=1200%2C677&ssl=1&resize=525%2C300 1.5x, https:\/\/i0.wp.com\/soclose.mx\/blog\/wp-content\/uploads\/2021\/08\/Principal-So-Close-blog-27.jpg?fit=1200%2C677&ssl=1&resize=700%2C400 2x, https:\/\/i0.wp.com\/soclose.mx\/blog\/wp-content\/uploads\/2021\/08\/Principal-So-Close-blog-27.jpg?fit=1200%2C677&ssl=1&resize=1050%2C600 3x"},"classes":[]},{"id":6043,"url":"https:\/\/soclose.mx\/blog\/news-feed\/la-bandera-trigarante-regresa-despues-de-200-anos-a-morelia\/","url_meta":{"origin":9286,"position":1},"title":"La Bandera Trigarante regresa despu\u00e9s de 200 a\u00f1os a Morelia","author":"So Close","date":"12 mayo, 2021","format":false,"excerpt":"La muestra 200 a\u00f1os de la promulgaci\u00f3n del Plan de Iguala podr\u00e1 visitarse del 11 al 20 de mayo en el Museo Regional Michoacano; entrada libre. Hace dos siglos, en mayo de 1821, el vallisoletano (proveniente de Valladolid) Agust\u00edn de Iturbide regresaba triunfante a su ciudad natal \u2013hoy Morelia\u2013, semanas\u2026","rel":"","context":"En &quot;News feed&quot;","block_context":{"text":"News feed","link":"https:\/\/soclose.mx\/blog\/category\/news-feed\/"},"img":{"alt_text":"","src":"https:\/\/i0.wp.com\/soclose.mx\/blog\/wp-content\/uploads\/2021\/05\/Museo-Regional-Michoacano.jpeg?fit=1200%2C677&ssl=1&resize=350%2C200","width":350,"height":200,"srcset":"https:\/\/i0.wp.com\/soclose.mx\/blog\/wp-content\/uploads\/2021\/05\/Museo-Regional-Michoacano.jpeg?fit=1200%2C677&ssl=1&resize=350%2C200 1x, https:\/\/i0.wp.com\/soclose.mx\/blog\/wp-content\/uploads\/2021\/05\/Museo-Regional-Michoacano.jpeg?fit=1200%2C677&ssl=1&resize=525%2C300 1.5x, https:\/\/i0.wp.com\/soclose.mx\/blog\/wp-content\/uploads\/2021\/05\/Museo-Regional-Michoacano.jpeg?fit=1200%2C677&ssl=1&resize=700%2C400 2x, https:\/\/i0.wp.com\/soclose.mx\/blog\/wp-content\/uploads\/2021\/05\/Museo-Regional-Michoacano.jpeg?fit=1200%2C677&ssl=1&resize=1050%2C600 3x"},"classes":[]},{"id":7729,"url":"https:\/\/soclose.mx\/blog\/ay-goeeee\/conoce-las-estrofas-que-le-quitaron-al-himno-nacional\/","url_meta":{"origin":9286,"position":2},"title":"Conoce las estrofas que le quitaron al Himno Nacional","author":"Miguel Angel Romero","date":"16 noviembre, 2021","format":false,"excerpt":"Seguramente esos lunes por la ma\u00f1ana en los que ten\u00edas que entonar a todo pulm\u00f3n el Himno Nacional,\u00a0nunca te enteraste que existen dos estrofas que fueron prohibidas. Recordemos que la obra maestra de Francisco Gonz\u00e1lez Bocanegra y Jaime Nun\u00f3 \u00a0fue usada por primera vez como Himno Nacional Mexicano durante los\u2026","rel":"","context":"En &quot;\u00a1Ay goeeee!&quot;","block_context":{"text":"\u00a1Ay goeeee!","link":"https:\/\/soclose.mx\/blog\/category\/ay-goeeee\/"},"img":{"alt_text":"","src":"https:\/\/i0.wp.com\/soclose.mx\/blog\/wp-content\/uploads\/2021\/11\/Copia-de-Principal-So-Close-blog-4.png?fit=1200%2C677&ssl=1&resize=350%2C200","width":350,"height":200,"srcset":"https:\/\/i0.wp.com\/soclose.mx\/blog\/wp-content\/uploads\/2021\/11\/Copia-de-Principal-So-Close-blog-4.png?fit=1200%2C677&ssl=1&resize=350%2C200 1x, https:\/\/i0.wp.com\/soclose.mx\/blog\/wp-content\/uploads\/2021\/11\/Copia-de-Principal-So-Close-blog-4.png?fit=1200%2C677&ssl=1&resize=525%2C300 1.5x, https:\/\/i0.wp.com\/soclose.mx\/blog\/wp-content\/uploads\/2021\/11\/Copia-de-Principal-So-Close-blog-4.png?fit=1200%2C677&ssl=1&resize=700%2C400 2x, https:\/\/i0.wp.com\/soclose.mx\/blog\/wp-content\/uploads\/2021\/11\/Copia-de-Principal-So-Close-blog-4.png?fit=1200%2C677&ssl=1&resize=1050%2C600 3x"},"classes":[]},{"id":12018,"url":"https:\/\/soclose.mx\/blog\/a-la-mexicana\/mujeres-independencia-heroinas-patria\/","url_meta":{"origin":9286,"position":3},"title":"Mujeres de la Independencia que no se rajaron \u00bfLas conoces?","author":"Emmanuel Oviedo","date":"15 agosto, 2023","format":false,"excerpt":"Las mujeres en la Independencia de M\u00e9xico tuvieron un papel importante y trascendieron en un mundo dominado por los hombres. Entregaron al pa\u00eds lo mejor de s\u00ed y muchas han permanecido en el anonimato; solo algunas han sobresalido en el discurso de la historia. Desde muy peque\u00f1os, en la escuela\u2026","rel":"","context":"En &quot;A la mexicana&quot;","block_context":{"text":"A la mexicana","link":"https:\/\/soclose.mx\/blog\/category\/a-la-mexicana\/"},"img":{"alt_text":"Mujeres en la Independencia de M\u00e9xico","src":"https:\/\/i0.wp.com\/soclose.mx\/blog\/wp-content\/uploads\/2023\/07\/Mujeres-en-la-Independencia-Mexico-heroinas.jpg?fit=1200%2C675&ssl=1&resize=350%2C200","width":350,"height":200,"srcset":"https:\/\/i0.wp.com\/soclose.mx\/blog\/wp-content\/uploads\/2023\/07\/Mujeres-en-la-Independencia-Mexico-heroinas.jpg?fit=1200%2C675&ssl=1&resize=350%2C200 1x, https:\/\/i0.wp.com\/soclose.mx\/blog\/wp-content\/uploads\/2023\/07\/Mujeres-en-la-Independencia-Mexico-heroinas.jpg?fit=1200%2C675&ssl=1&resize=525%2C300 1.5x, https:\/\/i0.wp.com\/soclose.mx\/blog\/wp-content\/uploads\/2023\/07\/Mujeres-en-la-Independencia-Mexico-heroinas.jpg?fit=1200%2C675&ssl=1&resize=700%2C400 2x, https:\/\/i0.wp.com\/soclose.mx\/blog\/wp-content\/uploads\/2023\/07\/Mujeres-en-la-Independencia-Mexico-heroinas.jpg?fit=1200%2C675&ssl=1&resize=1050%2C600 3x"},"classes":[]},{"id":5989,"url":"https:\/\/soclose.mx\/blog\/news-feed\/cumplen-100-anos-escudo-y-lema-de-la-unam-por-mi-raza-hablara-el-espiritu\/","url_meta":{"origin":9286,"position":4},"title":"Cumplen 100 a\u00f1os escudo y lema de la UNAM: \u201cPor mi raza hablar\u00e1 el esp\u00edritu\u201d","author":"So Close","date":"27 abril, 2021","format":false,"excerpt":"Este 27 de abril se cumple un siglo de que el Consejo de Educaci\u00f3n mexicano aprobara, a propuesta del rector Jos\u00e9 Vasconcelos, el escudo y el lema de la Universidad Nacional Aut\u00f3noma de M\u00e9xico (UNAM). S\u00edmbolos de identidad universitaria, el escudo que muestra el lema \u201cPor mi raza hablar\u00e1 el\u2026","rel":"","context":"En &quot;News feed&quot;","block_context":{"text":"News feed","link":"https:\/\/soclose.mx\/blog\/category\/news-feed\/"},"img":{"alt_text":"","src":"https:\/\/i0.wp.com\/soclose.mx\/blog\/wp-content\/uploads\/2021\/04\/Principal-So-Close-blog.jpg?fit=1200%2C677&ssl=1&resize=350%2C200","width":350,"height":200,"srcset":"https:\/\/i0.wp.com\/soclose.mx\/blog\/wp-content\/uploads\/2021\/04\/Principal-So-Close-blog.jpg?fit=1200%2C677&ssl=1&resize=350%2C200 1x, https:\/\/i0.wp.com\/soclose.mx\/blog\/wp-content\/uploads\/2021\/04\/Principal-So-Close-blog.jpg?fit=1200%2C677&ssl=1&resize=525%2C300 1.5x, https:\/\/i0.wp.com\/soclose.mx\/blog\/wp-content\/uploads\/2021\/04\/Principal-So-Close-blog.jpg?fit=1200%2C677&ssl=1&resize=700%2C400 2x, https:\/\/i0.wp.com\/soclose.mx\/blog\/wp-content\/uploads\/2021\/04\/Principal-So-Close-blog.jpg?fit=1200%2C677&ssl=1&resize=1050%2C600 3x"},"classes":[]},{"id":8483,"url":"https:\/\/soclose.mx\/blog\/ay-goeeee\/encuentro-para-los-verdaderos-amantes-del-teatro\/","url_meta":{"origin":9286,"position":5},"title":"Encuentro para los (verdaderos) amantes del teatro","author":"Miguel Angel Romero","date":"13 enero, 2022","format":false,"excerpt":"Para quienes les encanta el teatro, habr\u00e1 un Encuentro Nacional de los Amantes del Teatro, organizado por la Coordinaci\u00f3n Nacional de Teatro del Instituto Nacional de Bellas Artes y Literatura (INBAL)\u00a0y el\u00a0Centro Mexicano de Teatro. Del 24 de enero al 6 de febrero se presentar\u00e1n 30 obras de compa\u00f1\u00edas independientes\u2026","rel":"","context":"En &quot;\u00a1Ay goeeee!&quot;","block_context":{"text":"\u00a1Ay goeeee!","link":"https:\/\/soclose.mx\/blog\/category\/ay-goeeee\/"},"img":{"alt_text":"","src":"https:\/\/i0.wp.com\/soclose.mx\/blog\/wp-content\/uploads\/2022\/01\/Copia-de-Principal-So-Close-blog-2-6.png?fit=1200%2C677&ssl=1&resize=350%2C200","width":350,"height":200,"srcset":"https:\/\/i0.wp.com\/soclose.mx\/blog\/wp-content\/uploads\/2022\/01\/Copia-de-Principal-So-Close-blog-2-6.png?fit=1200%2C677&ssl=1&resize=350%2C200 1x, https:\/\/i0.wp.com\/soclose.mx\/blog\/wp-content\/uploads\/2022\/01\/Copia-de-Principal-So-Close-blog-2-6.png?fit=1200%2C677&ssl=1&resize=525%2C300 1.5x, https:\/\/i0.wp.com\/soclose.mx\/blog\/wp-content\/uploads\/2022\/01\/Copia-de-Principal-So-Close-blog-2-6.png?fit=1200%2C677&ssl=1&resize=700%2C400 2x, https:\/\/i0.wp.com\/soclose.mx\/blog\/wp-content\/uploads\/2022\/01\/Copia-de-Principal-So-Close-blog-2-6.png?fit=1200%2C677&ssl=1&resize=1050%2C600 3x"},"classes":[]}],"jetpack_sharing_enabled":true,"_links":{"self":[{"href":"https:\/\/soclose.mx\/blog\/wp-json\/wp\/v2\/posts\/9286","targetHints":{"allow":["GET"]}}],"collection":[{"href":"https:\/\/soclose.mx\/blog\/wp-json\/wp\/v2\/posts"}],"about":[{"href":"https:\/\/soclose.mx\/blog\/wp-json\/wp\/v2\/types\/post"}],"author":[{"embeddable":true,"href":"https:\/\/soclose.mx\/blog\/wp-json\/wp\/v2\/users\/8"}],"replies":[{"embeddable":true,"href":"https:\/\/soclose.mx\/blog\/wp-json\/wp\/v2\/comments?post=9286"}],"version-history":[{"count":0,"href":"https:\/\/soclose.mx\/blog\/wp-json\/wp\/v2\/posts\/9286\/revisions"}],"wp:featuredmedia":[{"embeddable":true,"href":"https:\/\/soclose.mx\/blog\/wp-json\/wp\/v2\/media\/9287"}],"wp:attachment":[{"href":"https:\/\/soclose.mx\/blog\/wp-json\/wp\/v2\/media?parent=9286"}],"wp:term":[{"taxonomy":"category","embeddable":true,"href":"https:\/\/soclose.mx\/blog\/wp-json\/wp\/v2\/categories?post=9286"},{"taxonomy":"post_tag","embeddable":true,"href":"https:\/\/soclose.mx\/blog\/wp-json\/wp\/v2\/tags?post=9286"}],"curies":[{"name":"wp","href":"https:\/\/api.w.org\/{rel}","templated":true}]}}