{"id":9293,"date":"2022-03-10T08:25:44","date_gmt":"2022-03-10T14:25:44","guid":{"rendered":"https:\/\/soclose.mx\/blog\/?p=9293"},"modified":"2022-03-09T22:16:12","modified_gmt":"2022-03-10T04:16:12","slug":"8-frases-feministas-de-la-dona-maria-felix","status":"publish","type":"post","link":"https:\/\/soclose.mx\/blog\/ay-goeeee\/8-frases-feministas-de-la-dona-maria-felix\/","title":{"rendered":"8 frases feministas de La Do\u00f1a, Mar\u00eda F\u00e9lix"},"content":{"rendered":"<p><strong>Mar\u00eda F\u00e9lix<\/strong> es un \u00edcono del cine mexicano y pose\u00eda una gran personalidad, cuyo talento ha traspasado diversas generaciones, y hoy podemos ver en diversos proyectos cinematogr\u00e1ficos.<\/p>\n<p>Sin embargo, otra de sus caracter\u00edsticas que caracteriz\u00f3 a<a href=\"https:\/\/soclose.mx\/blog\/?s=maria+felix\" target=\"_blank\" rel=\"noopener\"> <strong>&#8216;La Do\u00f1a&#8217;<\/strong><\/a> fue su forma de emitir sus opiniones y visi\u00f3n ante la vida, sent\u00f3 un precedente del feminismo, y tambi\u00e9n dej\u00f3 ver las desigualdades, ya de por s\u00ed evidentes, que existen entre hombres y mujeres.<\/p>\n<p>Es por eso que te compartimos algunas frases que recordamos de ella:<\/p>\n<p>&nbsp;<\/p>\n<blockquote><p>\u201cUna mujer original no es aquella que no imita a nadie, sino aquella a la que nadie puede imitar\u201d<\/p><\/blockquote>\n<blockquote><p>\u00a0\u201cDesde el principio de los tiempos, los hombres se han llevado lo mejor del pastel. Yo tengo coraz\u00f3n de hombre y por eso me ha ido tan bien&#8221;<\/p><\/blockquote>\n<blockquote><p>\u201cYo soy liberal porque siempre hago lo que quiero\u201d<\/p><\/blockquote>\n<blockquote><p>\u201cTenemos que ser m\u00e1s aut\u00f3nomas, m\u00e1s due\u00f1as y se\u00f1oras de nuestro destino, as\u00ed podremos hacer m\u00e1s por este pa\u00eds\u201d<\/p><\/blockquote>\n<blockquote><p>\u201cEn M\u00e9xico, cuando la quieren insultar a una, le dicen que est\u00e1 vieja\u201d<\/p><\/blockquote>\n<blockquote><p>\u00a0\u201cNo le tengo miedo ni a las canas ni a las arrugas, sino a la falta de inter\u00e9s por la vida. No le tengo miedo a que me caigan encima los a\u00f1os, sino a caerme yo misma\u201d<\/p><\/blockquote>\n<blockquote><p>\u00a0\u201c\u00a1Flores! \u00a1Odio las flores! Duran un d\u00eda y hay que agradecerlas toda la vida\u201d<\/p><\/blockquote>\n<blockquote><p>&#8220;Este ser\u00e1 de hoy en adelante un pa\u00eds de mujeres. Ahora nos toca&#8221;<\/p><\/blockquote>\n","protected":false},"excerpt":{"rendered":"<p>Mar\u00eda F\u00e9lix es un \u00edcono del cine mexicano y pose\u00eda una gran personalidad, cuyo talento ha traspasado diversas generaciones, y hoy podemos ver en diversos proyectos cinematogr\u00e1ficos. Sin embargo, otra de sus caracter\u00edsticas que caracteriz\u00f3 a &#8216;La Do\u00f1a&#8217; fue su forma de emitir sus opiniones y visi\u00f3n ante la vida, sent\u00f3 un precedente del feminismo, y tambi\u00e9n dej\u00f3 ver las desigualdades, ya de por s\u00ed evidentes, que existen entre hombres y mujeres. Es por eso que te compartimos algunas frases que recordamos de ella: &nbsp; \u201cUna mujer original no es aquella que no imita a nadie, sino aquella a la<\/p>\n","protected":false},"author":8,"featured_media":9294,"comment_status":"open","ping_status":"open","sticky":false,"template":"","format":"standard","meta":{"_jetpack_memberships_contains_paid_content":false,"footnotes":""},"categories":[1],"tags":[527,1838,803],"class_list":["post-9293","post","type-post","status-publish","format-standard","has-post-thumbnail","hentry","category-ay-goeeee","tag-frases","tag-la-dona","tag-maria-felix"],"yoast_head":"<!-- This site is optimized with the Yoast SEO plugin v26.7 - https:\/\/yoast.com\/wordpress\/plugins\/seo\/ -->\n<title>8 frases feministas de La Do\u00f1a, Mar\u00eda F\u00e9lix - So Close<\/title>\n<meta name=\"description\" content=\"La famosa actriz &#039;La Do\u00f1a&#039; expres\u00f3 su empat\u00eda por el empoderamiento femenino en diversas entrevistas.\" \/>\n<meta name=\"robots\" content=\"index, follow, max-snippet:-1, max-image-preview:large, max-video-preview:-1\" \/>\n<link rel=\"canonical\" href=\"https:\/\/soclose.mx\/blog\/tag\/juan-rulfo-frases-mujeres\/\" \/>\n<meta property=\"og:locale\" content=\"es_MX\" \/>\n<meta property=\"og:type\" content=\"article\" \/>\n<meta property=\"og:title\" content=\"8 frases feministas de La Do\u00f1a, Mar\u00eda F\u00e9lix - So Close\" \/>\n<meta property=\"og:description\" content=\"La famosa actriz &#039;La Do\u00f1a&#039; expres\u00f3 su empat\u00eda por el empoderamiento femenino en diversas entrevistas.\" \/>\n<meta property=\"og:url\" content=\"https:\/\/soclose.mx\/blog\/tag\/juan-rulfo-frases-mujeres\/\" \/>\n<meta property=\"og:site_name\" content=\"So Close\" \/>\n<meta property=\"article:author\" content=\"www.facebook.com\/mikexever\/\" \/>\n<meta property=\"article:published_time\" content=\"2022-03-10T14:25:44+00:00\" \/>\n<meta property=\"og:image\" content=\"https:\/\/i0.wp.com\/soclose.mx\/blog\/wp-content\/uploads\/2022\/03\/Copia-de-Principal-So-Close-blog-2-6.png?fit=1240%2C700&ssl=1\" \/>\n\t<meta property=\"og:image:width\" content=\"1240\" \/>\n\t<meta property=\"og:image:height\" content=\"700\" \/>\n\t<meta property=\"og:image:type\" content=\"image\/png\" \/>\n<meta name=\"author\" content=\"Miguel Angel Romero\" \/>\n<meta name=\"twitter:card\" content=\"summary_large_image\" \/>\n<meta name=\"twitter:creator\" content=\"@Mikerecomienda\" \/>\n<meta name=\"twitter:label1\" content=\"Escrito por\" \/>\n\t<meta name=\"twitter:data1\" content=\"Miguel Angel Romero\" \/>\n\t<meta name=\"twitter:label2\" content=\"Tiempo de lectura\" \/>\n\t<meta name=\"twitter:data2\" content=\"1 minuto\" \/>\n<script type=\"application\/ld+json\" class=\"yoast-schema-graph\">{\"@context\":\"https:\/\/schema.org\",\"@graph\":[{\"@type\":\"Article\",\"@id\":\"https:\/\/soclose.mx\/blog\/tag\/juan-rulfo-frases-mujeres\/#article\",\"isPartOf\":{\"@id\":\"https:\/\/soclose.mx\/blog\/tag\/juan-rulfo-frases-mujeres\/\"},\"author\":{\"name\":\"Miguel Angel Romero\",\"@id\":\"https:\/\/soclose.mx\/blog\/#\/schema\/person\/cddec6ccd5d7037d286395fb411e23f1\"},\"headline\":\"8 frases feministas de La Do\u00f1a, Mar\u00eda F\u00e9lix\",\"datePublished\":\"2022-03-10T14:25:44+00:00\",\"mainEntityOfPage\":{\"@id\":\"https:\/\/soclose.mx\/blog\/tag\/juan-rulfo-frases-mujeres\/\"},\"wordCount\":268,\"commentCount\":0,\"publisher\":{\"@id\":\"https:\/\/soclose.mx\/blog\/#organization\"},\"image\":{\"@id\":\"https:\/\/soclose.mx\/blog\/tag\/juan-rulfo-frases-mujeres\/#primaryimage\"},\"thumbnailUrl\":\"https:\/\/i0.wp.com\/soclose.mx\/blog\/wp-content\/uploads\/2022\/03\/Copia-de-Principal-So-Close-blog-2-6.png?fit=1240%2C700&ssl=1\",\"keywords\":[\"frases\",\"La do\u00f1a\",\"maria felix\"],\"articleSection\":[\"\u00a1Ay goeeee!\"],\"inLanguage\":\"es\",\"potentialAction\":[{\"@type\":\"CommentAction\",\"name\":\"Comment\",\"target\":[\"https:\/\/soclose.mx\/blog\/tag\/juan-rulfo-frases-mujeres\/#respond\"]}]},{\"@type\":\"WebPage\",\"@id\":\"https:\/\/soclose.mx\/blog\/tag\/juan-rulfo-frases-mujeres\/\",\"url\":\"https:\/\/soclose.mx\/blog\/tag\/juan-rulfo-frases-mujeres\/\",\"name\":\"8 frases feministas de La Do\u00f1a, Mar\u00eda F\u00e9lix - So Close\",\"isPartOf\":{\"@id\":\"https:\/\/soclose.mx\/blog\/#website\"},\"primaryImageOfPage\":{\"@id\":\"https:\/\/soclose.mx\/blog\/tag\/juan-rulfo-frases-mujeres\/#primaryimage\"},\"image\":{\"@id\":\"https:\/\/soclose.mx\/blog\/tag\/juan-rulfo-frases-mujeres\/#primaryimage\"},\"thumbnailUrl\":\"https:\/\/i0.wp.com\/soclose.mx\/blog\/wp-content\/uploads\/2022\/03\/Copia-de-Principal-So-Close-blog-2-6.png?fit=1240%2C700&ssl=1\",\"datePublished\":\"2022-03-10T14:25:44+00:00\",\"description\":\"La famosa actriz 'La Do\u00f1a' expres\u00f3 su empat\u00eda por el empoderamiento femenino en diversas entrevistas.\",\"breadcrumb\":{\"@id\":\"https:\/\/soclose.mx\/blog\/tag\/juan-rulfo-frases-mujeres\/#breadcrumb\"},\"inLanguage\":\"es\",\"potentialAction\":[{\"@type\":\"ReadAction\",\"target\":[\"https:\/\/soclose.mx\/blog\/tag\/juan-rulfo-frases-mujeres\/\"]}]},{\"@type\":\"ImageObject\",\"inLanguage\":\"es\",\"@id\":\"https:\/\/soclose.mx\/blog\/tag\/juan-rulfo-frases-mujeres\/#primaryimage\",\"url\":\"https:\/\/i0.wp.com\/soclose.mx\/blog\/wp-content\/uploads\/2022\/03\/Copia-de-Principal-So-Close-blog-2-6.png?fit=1240%2C700&ssl=1\",\"contentUrl\":\"https:\/\/i0.wp.com\/soclose.mx\/blog\/wp-content\/uploads\/2022\/03\/Copia-de-Principal-So-Close-blog-2-6.png?fit=1240%2C700&ssl=1\",\"width\":1240,\"height\":700},{\"@type\":\"BreadcrumbList\",\"@id\":\"https:\/\/soclose.mx\/blog\/tag\/juan-rulfo-frases-mujeres\/#breadcrumb\",\"itemListElement\":[{\"@type\":\"ListItem\",\"position\":1,\"name\":\"Inicio\",\"item\":\"https:\/\/soclose.mx\/blog\/\"},{\"@type\":\"ListItem\",\"position\":2,\"name\":\"8 frases feministas de La Do\u00f1a, Mar\u00eda F\u00e9lix\"}]},{\"@type\":\"WebSite\",\"@id\":\"https:\/\/soclose.mx\/blog\/#website\",\"url\":\"https:\/\/soclose.mx\/blog\/\",\"name\":\"So Close\",\"description\":\"Hacemos contenidos de M\u00e9xico\",\"publisher\":{\"@id\":\"https:\/\/soclose.mx\/blog\/#organization\"},\"potentialAction\":[{\"@type\":\"SearchAction\",\"target\":{\"@type\":\"EntryPoint\",\"urlTemplate\":\"https:\/\/soclose.mx\/blog\/?s={search_term_string}\"},\"query-input\":{\"@type\":\"PropertyValueSpecification\",\"valueRequired\":true,\"valueName\":\"search_term_string\"}}],\"inLanguage\":\"es\"},{\"@type\":\"Organization\",\"@id\":\"https:\/\/soclose.mx\/blog\/#organization\",\"name\":\"So Close\",\"url\":\"https:\/\/soclose.mx\/blog\/\",\"logo\":{\"@type\":\"ImageObject\",\"inLanguage\":\"es\",\"@id\":\"https:\/\/soclose.mx\/blog\/#\/schema\/logo\/image\/\",\"url\":\"https:\/\/i0.wp.com\/soclose.mx\/blog\/wp-content\/uploads\/2020\/12\/LOGO_SOCLOSE_COLOR-e1608310133507.png?fit=2858%2C1264&ssl=1\",\"contentUrl\":\"https:\/\/i0.wp.com\/soclose.mx\/blog\/wp-content\/uploads\/2020\/12\/LOGO_SOCLOSE_COLOR-e1608310133507.png?fit=2858%2C1264&ssl=1\",\"width\":2858,\"height\":1264,\"caption\":\"So Close\"},\"image\":{\"@id\":\"https:\/\/soclose.mx\/blog\/#\/schema\/logo\/image\/\"}},{\"@type\":\"Person\",\"@id\":\"https:\/\/soclose.mx\/blog\/#\/schema\/person\/cddec6ccd5d7037d286395fb411e23f1\",\"name\":\"Miguel Angel Romero\",\"image\":{\"@type\":\"ImageObject\",\"inLanguage\":\"es\",\"@id\":\"https:\/\/soclose.mx\/blog\/#\/schema\/person\/image\/\",\"url\":\"https:\/\/secure.gravatar.com\/avatar\/45b44006b4f93497bb24d251f77bc39385015bfa120582412df580dbfcbb14f3?s=96&d=mm&r=g\",\"contentUrl\":\"https:\/\/secure.gravatar.com\/avatar\/45b44006b4f93497bb24d251f77bc39385015bfa120582412df580dbfcbb14f3?s=96&d=mm&r=g\",\"caption\":\"Miguel Angel Romero\"},\"sameAs\":[\"http:\/\/\/mikexever.blogspot.com\/\",\"www.facebook.com\/mikexever\/\",\"https:\/\/x.com\/Mikerecomienda\"],\"url\":\"https:\/\/soclose.mx\/blog\/author\/mike\/\"}]}<\/script>\n<!-- \/ Yoast SEO plugin. -->","yoast_head_json":{"title":"8 frases feministas de La Do\u00f1a, Mar\u00eda F\u00e9lix - So Close","description":"La famosa actriz 'La Do\u00f1a' expres\u00f3 su empat\u00eda por el empoderamiento femenino en diversas entrevistas.","robots":{"index":"index","follow":"follow","max-snippet":"max-snippet:-1","max-image-preview":"max-image-preview:large","max-video-preview":"max-video-preview:-1"},"canonical":"https:\/\/soclose.mx\/blog\/tag\/juan-rulfo-frases-mujeres\/","og_locale":"es_MX","og_type":"article","og_title":"8 frases feministas de La Do\u00f1a, Mar\u00eda F\u00e9lix - So Close","og_description":"La famosa actriz 'La Do\u00f1a' expres\u00f3 su empat\u00eda por el empoderamiento femenino en diversas entrevistas.","og_url":"https:\/\/soclose.mx\/blog\/tag\/juan-rulfo-frases-mujeres\/","og_site_name":"So Close","article_author":"www.facebook.com\/mikexever\/","article_published_time":"2022-03-10T14:25:44+00:00","og_image":[{"width":1240,"height":700,"url":"https:\/\/i0.wp.com\/soclose.mx\/blog\/wp-content\/uploads\/2022\/03\/Copia-de-Principal-So-Close-blog-2-6.png?fit=1240%2C700&ssl=1","type":"image\/png"}],"author":"Miguel Angel Romero","twitter_card":"summary_large_image","twitter_creator":"@Mikerecomienda","twitter_misc":{"Escrito por":"Miguel Angel Romero","Tiempo de lectura":"1 minuto"},"schema":{"@context":"https:\/\/schema.org","@graph":[{"@type":"Article","@id":"https:\/\/soclose.mx\/blog\/tag\/juan-rulfo-frases-mujeres\/#article","isPartOf":{"@id":"https:\/\/soclose.mx\/blog\/tag\/juan-rulfo-frases-mujeres\/"},"author":{"name":"Miguel Angel Romero","@id":"https:\/\/soclose.mx\/blog\/#\/schema\/person\/cddec6ccd5d7037d286395fb411e23f1"},"headline":"8 frases feministas de La Do\u00f1a, Mar\u00eda F\u00e9lix","datePublished":"2022-03-10T14:25:44+00:00","mainEntityOfPage":{"@id":"https:\/\/soclose.mx\/blog\/tag\/juan-rulfo-frases-mujeres\/"},"wordCount":268,"commentCount":0,"publisher":{"@id":"https:\/\/soclose.mx\/blog\/#organization"},"image":{"@id":"https:\/\/soclose.mx\/blog\/tag\/juan-rulfo-frases-mujeres\/#primaryimage"},"thumbnailUrl":"https:\/\/i0.wp.com\/soclose.mx\/blog\/wp-content\/uploads\/2022\/03\/Copia-de-Principal-So-Close-blog-2-6.png?fit=1240%2C700&ssl=1","keywords":["frases","La do\u00f1a","maria felix"],"articleSection":["\u00a1Ay goeeee!"],"inLanguage":"es","potentialAction":[{"@type":"CommentAction","name":"Comment","target":["https:\/\/soclose.mx\/blog\/tag\/juan-rulfo-frases-mujeres\/#respond"]}]},{"@type":"WebPage","@id":"https:\/\/soclose.mx\/blog\/tag\/juan-rulfo-frases-mujeres\/","url":"https:\/\/soclose.mx\/blog\/tag\/juan-rulfo-frases-mujeres\/","name":"8 frases feministas de La Do\u00f1a, Mar\u00eda F\u00e9lix - So Close","isPartOf":{"@id":"https:\/\/soclose.mx\/blog\/#website"},"primaryImageOfPage":{"@id":"https:\/\/soclose.mx\/blog\/tag\/juan-rulfo-frases-mujeres\/#primaryimage"},"image":{"@id":"https:\/\/soclose.mx\/blog\/tag\/juan-rulfo-frases-mujeres\/#primaryimage"},"thumbnailUrl":"https:\/\/i0.wp.com\/soclose.mx\/blog\/wp-content\/uploads\/2022\/03\/Copia-de-Principal-So-Close-blog-2-6.png?fit=1240%2C700&ssl=1","datePublished":"2022-03-10T14:25:44+00:00","description":"La famosa actriz 'La Do\u00f1a' expres\u00f3 su empat\u00eda por el empoderamiento femenino en diversas entrevistas.","breadcrumb":{"@id":"https:\/\/soclose.mx\/blog\/tag\/juan-rulfo-frases-mujeres\/#breadcrumb"},"inLanguage":"es","potentialAction":[{"@type":"ReadAction","target":["https:\/\/soclose.mx\/blog\/tag\/juan-rulfo-frases-mujeres\/"]}]},{"@type":"ImageObject","inLanguage":"es","@id":"https:\/\/soclose.mx\/blog\/tag\/juan-rulfo-frases-mujeres\/#primaryimage","url":"https:\/\/i0.wp.com\/soclose.mx\/blog\/wp-content\/uploads\/2022\/03\/Copia-de-Principal-So-Close-blog-2-6.png?fit=1240%2C700&ssl=1","contentUrl":"https:\/\/i0.wp.com\/soclose.mx\/blog\/wp-content\/uploads\/2022\/03\/Copia-de-Principal-So-Close-blog-2-6.png?fit=1240%2C700&ssl=1","width":1240,"height":700},{"@type":"BreadcrumbList","@id":"https:\/\/soclose.mx\/blog\/tag\/juan-rulfo-frases-mujeres\/#breadcrumb","itemListElement":[{"@type":"ListItem","position":1,"name":"Inicio","item":"https:\/\/soclose.mx\/blog\/"},{"@type":"ListItem","position":2,"name":"8 frases feministas de La Do\u00f1a, Mar\u00eda F\u00e9lix"}]},{"@type":"WebSite","@id":"https:\/\/soclose.mx\/blog\/#website","url":"https:\/\/soclose.mx\/blog\/","name":"So Close","description":"Hacemos contenidos de M\u00e9xico","publisher":{"@id":"https:\/\/soclose.mx\/blog\/#organization"},"potentialAction":[{"@type":"SearchAction","target":{"@type":"EntryPoint","urlTemplate":"https:\/\/soclose.mx\/blog\/?s={search_term_string}"},"query-input":{"@type":"PropertyValueSpecification","valueRequired":true,"valueName":"search_term_string"}}],"inLanguage":"es"},{"@type":"Organization","@id":"https:\/\/soclose.mx\/blog\/#organization","name":"So Close","url":"https:\/\/soclose.mx\/blog\/","logo":{"@type":"ImageObject","inLanguage":"es","@id":"https:\/\/soclose.mx\/blog\/#\/schema\/logo\/image\/","url":"https:\/\/i0.wp.com\/soclose.mx\/blog\/wp-content\/uploads\/2020\/12\/LOGO_SOCLOSE_COLOR-e1608310133507.png?fit=2858%2C1264&ssl=1","contentUrl":"https:\/\/i0.wp.com\/soclose.mx\/blog\/wp-content\/uploads\/2020\/12\/LOGO_SOCLOSE_COLOR-e1608310133507.png?fit=2858%2C1264&ssl=1","width":2858,"height":1264,"caption":"So Close"},"image":{"@id":"https:\/\/soclose.mx\/blog\/#\/schema\/logo\/image\/"}},{"@type":"Person","@id":"https:\/\/soclose.mx\/blog\/#\/schema\/person\/cddec6ccd5d7037d286395fb411e23f1","name":"Miguel Angel Romero","image":{"@type":"ImageObject","inLanguage":"es","@id":"https:\/\/soclose.mx\/blog\/#\/schema\/person\/image\/","url":"https:\/\/secure.gravatar.com\/avatar\/45b44006b4f93497bb24d251f77bc39385015bfa120582412df580dbfcbb14f3?s=96&d=mm&r=g","contentUrl":"https:\/\/secure.gravatar.com\/avatar\/45b44006b4f93497bb24d251f77bc39385015bfa120582412df580dbfcbb14f3?s=96&d=mm&r=g","caption":"Miguel Angel Romero"},"sameAs":["http:\/\/\/mikexever.blogspot.com\/","www.facebook.com\/mikexever\/","https:\/\/x.com\/Mikerecomienda"],"url":"https:\/\/soclose.mx\/blog\/author\/mike\/"}]}},"jetpack_featured_media_url":"https:\/\/i0.wp.com\/soclose.mx\/blog\/wp-content\/uploads\/2022\/03\/Copia-de-Principal-So-Close-blog-2-6.png?fit=1240%2C700&ssl=1","jetpack-related-posts":[{"id":5945,"url":"https:\/\/soclose.mx\/blog\/pueblos-magicos\/pueblo-magico-alamos-sonora-o-la-ciudad-de-los-portales\/","url_meta":{"origin":9293,"position":0},"title":"Pueblo M\u00e1gico \u00c1lamos, Sonora, o \u201cLa Ciudad de los Portales\u201d","author":"So Close","date":"15 abril, 2021","format":false,"excerpt":"El pueblo m\u00e1gico de \u00c1lamos fue originalmente llamado Real de la Limpia Concepci\u00f3n de los \u00c1lamos y Real de los Frailes.\u00a0 Tambi\u00e9n le llaman \u201cLa Ciudad de los Portales\u201d y se construy\u00f3 por arquitectos de Andaluc\u00eda, Espa\u00f1a. Su Palacio Municipal es una construcci\u00f3n de ladrillo sostenida por 48 columnas de\u2026","rel":"","context":"En &quot;Lugares&quot;","block_context":{"text":"Lugares","link":"https:\/\/soclose.mx\/blog\/category\/lugares\/"},"img":{"alt_text":"La Aduana en \u00c1lamos, Sonora","src":"https:\/\/i0.wp.com\/soclose.mx\/blog\/wp-content\/uploads\/2021\/04\/la-aduana-alamos-sonora.jpeg?fit=1200%2C677&ssl=1&resize=350%2C200","width":350,"height":200,"srcset":"https:\/\/i0.wp.com\/soclose.mx\/blog\/wp-content\/uploads\/2021\/04\/la-aduana-alamos-sonora.jpeg?fit=1200%2C677&ssl=1&resize=350%2C200 1x, https:\/\/i0.wp.com\/soclose.mx\/blog\/wp-content\/uploads\/2021\/04\/la-aduana-alamos-sonora.jpeg?fit=1200%2C677&ssl=1&resize=525%2C300 1.5x, https:\/\/i0.wp.com\/soclose.mx\/blog\/wp-content\/uploads\/2021\/04\/la-aduana-alamos-sonora.jpeg?fit=1200%2C677&ssl=1&resize=700%2C400 2x, https:\/\/i0.wp.com\/soclose.mx\/blog\/wp-content\/uploads\/2021\/04\/la-aduana-alamos-sonora.jpeg?fit=1200%2C677&ssl=1&resize=1050%2C600 3x"},"classes":[]},{"id":10575,"url":"https:\/\/soclose.mx\/blog\/ay-goeeee\/10-datos-inolvidables-del-metro-de-la-cdmx\/","url_meta":{"origin":9293,"position":1},"title":"10 datos inolvidables del Metro de la CDMX","author":"Daniel Ram\u00edrez","date":"12 julio, 2022","format":false,"excerpt":"Ya era justo y necesario que a la l\u00ednea 1 del Metro de la CDMX le dieran una manita de gato o de tigre, mejor dicho, despu\u00e9s de casi 53 a\u00f1os de servicio. Desde el 11 de julio, dej\u00f3 de dar servicio de la estaci\u00f3n Pantitl\u00e1n a Salto del Agua,\u2026","rel":"","context":"En &quot;\u00a1Ay goeeee!&quot;","block_context":{"text":"\u00a1Ay goeeee!","link":"https:\/\/soclose.mx\/blog\/category\/ay-goeeee\/"},"img":{"alt_text":"","src":"https:\/\/i0.wp.com\/soclose.mx\/blog\/wp-content\/uploads\/2022\/07\/4451588252_cef4817424_k.jpg?fit=1200%2C803&ssl=1&resize=350%2C200","width":350,"height":200,"srcset":"https:\/\/i0.wp.com\/soclose.mx\/blog\/wp-content\/uploads\/2022\/07\/4451588252_cef4817424_k.jpg?fit=1200%2C803&ssl=1&resize=350%2C200 1x, https:\/\/i0.wp.com\/soclose.mx\/blog\/wp-content\/uploads\/2022\/07\/4451588252_cef4817424_k.jpg?fit=1200%2C803&ssl=1&resize=525%2C300 1.5x, https:\/\/i0.wp.com\/soclose.mx\/blog\/wp-content\/uploads\/2022\/07\/4451588252_cef4817424_k.jpg?fit=1200%2C803&ssl=1&resize=700%2C400 2x, https:\/\/i0.wp.com\/soclose.mx\/blog\/wp-content\/uploads\/2022\/07\/4451588252_cef4817424_k.jpg?fit=1200%2C803&ssl=1&resize=1050%2C600 3x"},"classes":[]},{"id":11764,"url":"https:\/\/soclose.mx\/blog\/ay-goeeee\/emiliano-zapata-corrido-revela-tragica-muerte\/","url_meta":{"origin":9293,"position":2},"title":"Emiliano Zapata; el corrido que revela c\u00f3mo fue su tr\u00e1gica muerte","author":"So Close","date":"21 junio, 2023","format":false,"excerpt":"\u00bfSab\u00edas que existe un corrido revolucionario sobre Emiliano Zapata, que nos dice cosas que no muchos mexicanos conocen sobre la tr\u00e1gica muerte del Caudillo del Sur? Muchas de las historias de la Revoluci\u00f3n Mexicana se cuentan a trav\u00e9s de los corridos, g\u00e9nero musical que tuvo un papel muy importante para\u2026","rel":"","context":"En &quot;\u00a1Ay goeeee!&quot;","block_context":{"text":"\u00a1Ay goeeee!","link":"https:\/\/soclose.mx\/blog\/category\/ay-goeeee\/"},"img":{"alt_text":"Corrido del asesinato de Emiliano Zapata","src":"https:\/\/i0.wp.com\/soclose.mx\/blog\/wp-content\/uploads\/2023\/06\/Corrido-de-Emiliano-Zapata.jpg?fit=1200%2C709&ssl=1&resize=350%2C200","width":350,"height":200,"srcset":"https:\/\/i0.wp.com\/soclose.mx\/blog\/wp-content\/uploads\/2023\/06\/Corrido-de-Emiliano-Zapata.jpg?fit=1200%2C709&ssl=1&resize=350%2C200 1x, https:\/\/i0.wp.com\/soclose.mx\/blog\/wp-content\/uploads\/2023\/06\/Corrido-de-Emiliano-Zapata.jpg?fit=1200%2C709&ssl=1&resize=525%2C300 1.5x, https:\/\/i0.wp.com\/soclose.mx\/blog\/wp-content\/uploads\/2023\/06\/Corrido-de-Emiliano-Zapata.jpg?fit=1200%2C709&ssl=1&resize=700%2C400 2x, https:\/\/i0.wp.com\/soclose.mx\/blog\/wp-content\/uploads\/2023\/06\/Corrido-de-Emiliano-Zapata.jpg?fit=1200%2C709&ssl=1&resize=1050%2C600 3x"},"classes":[]},{"id":9272,"url":"https:\/\/soclose.mx\/blog\/ay-goeeee\/imprimen-consignas-feministas-en-papel-para-envolver-tortillas\/","url_meta":{"origin":9293,"position":3},"title":"Imprimen consignas feministas en papel para envolver tortillas","author":"Miguel Angel Romero","date":"7 marzo, 2022","format":false,"excerpt":"Tortiller\u00edas de la Ciudad de M\u00e9xico se suman al movimiento feminista Tort(guerr)illa con la entrega de tortillas envueltas con papel estraza, impreso con consignas que apoyan la causa. Algunas de las frases, que fueron seleccionadas por la artista brasile\u00f1a\u00a0Maril\u00e1 Dardot\u00a0como parte del D\u00eda Internacional de la Mujer son: \u201cNuestra vida,\u2026","rel":"","context":"En &quot;\u00a1Ay goeeee!&quot;","block_context":{"text":"\u00a1Ay goeeee!","link":"https:\/\/soclose.mx\/blog\/category\/ay-goeeee\/"},"img":{"alt_text":"","src":"https:\/\/i0.wp.com\/soclose.mx\/blog\/wp-content\/uploads\/2022\/03\/Copia-de-Principal-So-Close-blog-1-6.png?fit=1200%2C677&ssl=1&resize=350%2C200","width":350,"height":200,"srcset":"https:\/\/i0.wp.com\/soclose.mx\/blog\/wp-content\/uploads\/2022\/03\/Copia-de-Principal-So-Close-blog-1-6.png?fit=1200%2C677&ssl=1&resize=350%2C200 1x, https:\/\/i0.wp.com\/soclose.mx\/blog\/wp-content\/uploads\/2022\/03\/Copia-de-Principal-So-Close-blog-1-6.png?fit=1200%2C677&ssl=1&resize=525%2C300 1.5x, https:\/\/i0.wp.com\/soclose.mx\/blog\/wp-content\/uploads\/2022\/03\/Copia-de-Principal-So-Close-blog-1-6.png?fit=1200%2C677&ssl=1&resize=700%2C400 2x, https:\/\/i0.wp.com\/soclose.mx\/blog\/wp-content\/uploads\/2022\/03\/Copia-de-Principal-So-Close-blog-1-6.png?fit=1200%2C677&ssl=1&resize=1050%2C600 3x"},"classes":[]},{"id":11632,"url":"https:\/\/soclose.mx\/blog\/ay-goeeee\/merolicos-cdmx-donde-estan-mejores\/","url_meta":{"origin":9293,"position":4},"title":"Merolicos de la CDMX \u00bfD\u00f3nde se encuentran estos personajes?","author":"Mar\u00eda Ju\u00e1rez","date":"26 abril, 2023","format":false,"excerpt":"\u00bfQui\u00e9n no los ha visto, rodeados de decenas de personas muertas de la risa? Y diciendo su ya conocida frase \"Detr\u00e1s de la raya que estoy trabajando; los merolicos de la Ciudad de M\u00e9xico (CDMX). Esos seres que nos ponen como l\u00edmite una l\u00ednea imaginaria para vendernos los m\u00e1s sorprendentes\u2026","rel":"","context":"En &quot;\u00a1Ay goeeee!&quot;","block_context":{"text":"\u00a1Ay goeeee!","link":"https:\/\/soclose.mx\/blog\/category\/ay-goeeee\/"},"img":{"alt_text":"Merolicos CDMX","src":"https:\/\/i0.wp.com\/soclose.mx\/blog\/wp-content\/uploads\/2023\/04\/Merolicos-CDMX.png?fit=1200%2C804&ssl=1&resize=350%2C200","width":350,"height":200,"srcset":"https:\/\/i0.wp.com\/soclose.mx\/blog\/wp-content\/uploads\/2023\/04\/Merolicos-CDMX.png?fit=1200%2C804&ssl=1&resize=350%2C200 1x, https:\/\/i0.wp.com\/soclose.mx\/blog\/wp-content\/uploads\/2023\/04\/Merolicos-CDMX.png?fit=1200%2C804&ssl=1&resize=525%2C300 1.5x, https:\/\/i0.wp.com\/soclose.mx\/blog\/wp-content\/uploads\/2023\/04\/Merolicos-CDMX.png?fit=1200%2C804&ssl=1&resize=700%2C400 2x, https:\/\/i0.wp.com\/soclose.mx\/blog\/wp-content\/uploads\/2023\/04\/Merolicos-CDMX.png?fit=1200%2C804&ssl=1&resize=1050%2C600 3x"},"classes":[]},{"id":11551,"url":"https:\/\/soclose.mx\/blog\/a-la-mexicana\/echar-carrilla-origen-frase\/","url_meta":{"origin":9293,"position":5},"title":"\u201cEchar carrilla\u201d; el escalofriante origen de esta frase mexicana","author":"Mar\u00eda Ju\u00e1rez","date":"17 abril, 2023","format":false,"excerpt":"\u00bfCu\u00e1ntas veces has escuchado a frase \"echar carrilla\"? Desde ni\u00f1os la aplicamos o nos la aplican como una forma de decir que bromean sobre nuestros defectos, incluso cualidades. Pero \u00bfCu\u00e1l es el origen de esta trillada y famosa frase? M\u00e9xico es un pa\u00eds en el que por tradici\u00f3n o costumbre\u2026","rel":"","context":"En &quot;A la mexicana&quot;","block_context":{"text":"A la mexicana","link":"https:\/\/soclose.mx\/blog\/category\/a-la-mexicana\/"},"img":{"alt_text":"Echar carrilla frase","src":"https:\/\/i0.wp.com\/soclose.mx\/blog\/wp-content\/uploads\/2023\/04\/Echar-carrilla-frase-origen.jpg?fit=1200%2C728&ssl=1&resize=350%2C200","width":350,"height":200,"srcset":"https:\/\/i0.wp.com\/soclose.mx\/blog\/wp-content\/uploads\/2023\/04\/Echar-carrilla-frase-origen.jpg?fit=1200%2C728&ssl=1&resize=350%2C200 1x, https:\/\/i0.wp.com\/soclose.mx\/blog\/wp-content\/uploads\/2023\/04\/Echar-carrilla-frase-origen.jpg?fit=1200%2C728&ssl=1&resize=525%2C300 1.5x, https:\/\/i0.wp.com\/soclose.mx\/blog\/wp-content\/uploads\/2023\/04\/Echar-carrilla-frase-origen.jpg?fit=1200%2C728&ssl=1&resize=700%2C400 2x, https:\/\/i0.wp.com\/soclose.mx\/blog\/wp-content\/uploads\/2023\/04\/Echar-carrilla-frase-origen.jpg?fit=1200%2C728&ssl=1&resize=1050%2C600 3x"},"classes":[]}],"jetpack_sharing_enabled":true,"_links":{"self":[{"href":"https:\/\/soclose.mx\/blog\/wp-json\/wp\/v2\/posts\/9293","targetHints":{"allow":["GET"]}}],"collection":[{"href":"https:\/\/soclose.mx\/blog\/wp-json\/wp\/v2\/posts"}],"about":[{"href":"https:\/\/soclose.mx\/blog\/wp-json\/wp\/v2\/types\/post"}],"author":[{"embeddable":true,"href":"https:\/\/soclose.mx\/blog\/wp-json\/wp\/v2\/users\/8"}],"replies":[{"embeddable":true,"href":"https:\/\/soclose.mx\/blog\/wp-json\/wp\/v2\/comments?post=9293"}],"version-history":[{"count":0,"href":"https:\/\/soclose.mx\/blog\/wp-json\/wp\/v2\/posts\/9293\/revisions"}],"wp:featuredmedia":[{"embeddable":true,"href":"https:\/\/soclose.mx\/blog\/wp-json\/wp\/v2\/media\/9294"}],"wp:attachment":[{"href":"https:\/\/soclose.mx\/blog\/wp-json\/wp\/v2\/media?parent=9293"}],"wp:term":[{"taxonomy":"category","embeddable":true,"href":"https:\/\/soclose.mx\/blog\/wp-json\/wp\/v2\/categories?post=9293"},{"taxonomy":"post_tag","embeddable":true,"href":"https:\/\/soclose.mx\/blog\/wp-json\/wp\/v2\/tags?post=9293"}],"curies":[{"name":"wp","href":"https:\/\/api.w.org\/{rel}","templated":true}]}}