{"id":9304,"date":"2022-03-25T22:24:22","date_gmt":"2022-03-26T04:24:22","guid":{"rendered":"https:\/\/soclose.mx\/blog\/?p=9304"},"modified":"2022-03-09T22:50:38","modified_gmt":"2022-03-10T04:50:38","slug":"ella-fue-la-primera-mujer-medica-veterinaria-en-mexico","status":"publish","type":"post","link":"https:\/\/soclose.mx\/blog\/ay-goeeee\/ella-fue-la-primera-mujer-medica-veterinaria-en-mexico\/","title":{"rendered":"Ella fue la primera mujer M\u00e9dica Veterinaria en M\u00e9xico"},"content":{"rendered":"<p>Nunca est\u00e1 de m\u00e1s recordar aquellas mujeres que han logrado destacar acad\u00e9micamente sobre todo porque\u00a0en <a href=\"https:\/\/soclose.mx\/blog\/?s=mexico\" target=\"_blank\" rel=\"noopener\"><strong>M\u00e9xico<\/strong> <\/a>exist\u00edan ciertas prohibiciones para las mujeres, desde el derecho al voto as\u00ed como a la educaci\u00f3n.<\/p>\n<p>Es importante reconocer que las primeras mujeres <a href=\"https:\/\/soclose.mx\/blog\/?s=animales\" target=\"_blank\" rel=\"noopener\">m\u00e9dicas veterinarias<\/a> fueron dos,\u00a0 <strong>\u00c1frica Medina<\/strong> con su tesis: <strong><em>&#8220;Breves observaciones para fijar las constantes hem\u00e1ticas del perro&#8221;<\/em><\/strong> en 1944.<\/p>\n<p>Sin embargo, hay que se\u00f1alar que Medina inicia sus estudios en Espa\u00f1a y solamente lleg\u00f3 a concluirlos en <strong>M\u00e9xico<\/strong>, por lo que pocos autores le dan el cr\u00e9dito de haber sido la primera mujer en estudiar esta carrera.<\/p>\n<p>Por lo que <strong>Guadalupe Su\u00e1rez Michel<\/strong>, se le ha reconocido como la\u00a0primera <strong>mujer M\u00e9dico Veterinaria\u00a0Zootecnista\u00a0mexicana<\/strong>, quien realiz\u00f3 los estudios totalmente en la escuela nacional de medicina veterinaria perteneciente a la<strong> UNAM<\/strong>, en donde logr\u00f3 tener su t\u00edtulo de m\u00e9dico veterinario en 1945 con su tesis: <em><strong>&#8220;Algunas consideraciones sobre triquinosis&#8221;<\/strong><\/em>.<\/p>\n","protected":false},"excerpt":{"rendered":"<p>Nunca est\u00e1 de m\u00e1s recordar aquellas mujeres que han logrado destacar acad\u00e9micamente sobre todo porque\u00a0en M\u00e9xico exist\u00edan ciertas prohibiciones para las mujeres, desde el derecho al voto as\u00ed como a la educaci\u00f3n. Es importante reconocer que las primeras mujeres m\u00e9dicas veterinarias fueron dos,\u00a0 \u00c1frica Medina con su tesis: &#8220;Breves observaciones para fijar las constantes hem\u00e1ticas del perro&#8221; en 1944. Sin embargo, hay que se\u00f1alar que Medina inicia sus estudios en Espa\u00f1a y solamente lleg\u00f3 a concluirlos en M\u00e9xico, por lo que pocos autores le dan el cr\u00e9dito de haber sido la primera mujer en estudiar esta carrera. Por lo que<\/p>\n","protected":false},"author":8,"featured_media":9308,"comment_status":"open","ping_status":"open","sticky":false,"template":"","format":"standard","meta":{"_jetpack_memberships_contains_paid_content":false,"footnotes":""},"categories":[1],"tags":[578,304,1839],"class_list":["post-9304","post","type-post","status-publish","format-standard","has-post-thumbnail","hentry","category-ay-goeeee","tag-mexico","tag-mujer","tag-veterinaria"],"yoast_head":"<!-- This site is optimized with the Yoast SEO plugin v26.7 - https:\/\/yoast.com\/wordpress\/plugins\/seo\/ -->\n<title>Ella fue la primera mujer M\u00e9dica Veterinaria en M\u00e9xico - So Close<\/title>\n<meta name=\"robots\" content=\"index, follow, max-snippet:-1, max-image-preview:large, max-video-preview:-1\" \/>\n<link rel=\"canonical\" href=\"https:\/\/soclose.mx\/blog\/tag\/juan-rulfo-frases-mujeres\/\" \/>\n<meta property=\"og:locale\" content=\"es_MX\" \/>\n<meta property=\"og:type\" content=\"article\" \/>\n<meta property=\"og:title\" content=\"Ella fue la primera mujer M\u00e9dica Veterinaria en M\u00e9xico - So Close\" \/>\n<meta property=\"og:description\" content=\"Nunca est\u00e1 de m\u00e1s recordar aquellas mujeres que han logrado destacar acad\u00e9micamente sobre todo porque\u00a0en M\u00e9xico exist\u00edan ciertas prohibiciones para las mujeres, desde el derecho al voto as\u00ed como a la educaci\u00f3n. Es importante reconocer que las primeras mujeres m\u00e9dicas veterinarias fueron dos,\u00a0 \u00c1frica Medina con su tesis: &#8220;Breves observaciones para fijar las constantes hem\u00e1ticas del perro&#8221; en 1944. Sin embargo, hay que se\u00f1alar que Medina inicia sus estudios en Espa\u00f1a y solamente lleg\u00f3 a concluirlos en M\u00e9xico, por lo que pocos autores le dan el cr\u00e9dito de haber sido la primera mujer en estudiar esta carrera. Por lo que\" \/>\n<meta property=\"og:url\" content=\"https:\/\/soclose.mx\/blog\/tag\/juan-rulfo-frases-mujeres\/\" \/>\n<meta property=\"og:site_name\" content=\"So Close\" \/>\n<meta property=\"article:author\" content=\"www.facebook.com\/mikexever\/\" \/>\n<meta property=\"article:published_time\" content=\"2022-03-26T04:24:22+00:00\" \/>\n<meta property=\"og:image\" content=\"https:\/\/i0.wp.com\/soclose.mx\/blog\/wp-content\/uploads\/2022\/03\/Copia-de-Principal-So-Close-blog-15.png?fit=1240%2C700&ssl=1\" \/>\n\t<meta property=\"og:image:width\" content=\"1240\" \/>\n\t<meta property=\"og:image:height\" content=\"700\" \/>\n\t<meta property=\"og:image:type\" content=\"image\/png\" \/>\n<meta name=\"author\" content=\"Miguel Angel Romero\" \/>\n<meta name=\"twitter:card\" content=\"summary_large_image\" \/>\n<meta name=\"twitter:creator\" content=\"@Mikerecomienda\" \/>\n<meta name=\"twitter:label1\" content=\"Escrito por\" \/>\n\t<meta name=\"twitter:data1\" content=\"Miguel Angel Romero\" \/>\n\t<meta name=\"twitter:label2\" content=\"Tiempo de lectura\" \/>\n\t<meta name=\"twitter:data2\" content=\"1 minuto\" \/>\n<script type=\"application\/ld+json\" class=\"yoast-schema-graph\">{\"@context\":\"https:\/\/schema.org\",\"@graph\":[{\"@type\":\"Article\",\"@id\":\"https:\/\/soclose.mx\/blog\/tag\/juan-rulfo-frases-mujeres\/#article\",\"isPartOf\":{\"@id\":\"https:\/\/soclose.mx\/blog\/tag\/juan-rulfo-frases-mujeres\/\"},\"author\":{\"name\":\"Miguel Angel Romero\",\"@id\":\"https:\/\/soclose.mx\/blog\/#\/schema\/person\/cddec6ccd5d7037d286395fb411e23f1\"},\"headline\":\"Ella fue la primera mujer M\u00e9dica Veterinaria en M\u00e9xico\",\"datePublished\":\"2022-03-26T04:24:22+00:00\",\"mainEntityOfPage\":{\"@id\":\"https:\/\/soclose.mx\/blog\/tag\/juan-rulfo-frases-mujeres\/\"},\"wordCount\":174,\"commentCount\":0,\"publisher\":{\"@id\":\"https:\/\/soclose.mx\/blog\/#organization\"},\"image\":{\"@id\":\"https:\/\/soclose.mx\/blog\/tag\/juan-rulfo-frases-mujeres\/#primaryimage\"},\"thumbnailUrl\":\"https:\/\/i0.wp.com\/soclose.mx\/blog\/wp-content\/uploads\/2022\/03\/Copia-de-Principal-So-Close-blog-15.png?fit=1240%2C700&ssl=1\",\"keywords\":[\"mexico\",\"mujer\",\"veterinaria\"],\"articleSection\":[\"\u00a1Ay goeeee!\"],\"inLanguage\":\"es\",\"potentialAction\":[{\"@type\":\"CommentAction\",\"name\":\"Comment\",\"target\":[\"https:\/\/soclose.mx\/blog\/tag\/juan-rulfo-frases-mujeres\/#respond\"]}]},{\"@type\":\"WebPage\",\"@id\":\"https:\/\/soclose.mx\/blog\/tag\/juan-rulfo-frases-mujeres\/\",\"url\":\"https:\/\/soclose.mx\/blog\/tag\/juan-rulfo-frases-mujeres\/\",\"name\":\"Ella fue la primera mujer M\u00e9dica Veterinaria en M\u00e9xico - So Close\",\"isPartOf\":{\"@id\":\"https:\/\/soclose.mx\/blog\/#website\"},\"primaryImageOfPage\":{\"@id\":\"https:\/\/soclose.mx\/blog\/tag\/juan-rulfo-frases-mujeres\/#primaryimage\"},\"image\":{\"@id\":\"https:\/\/soclose.mx\/blog\/tag\/juan-rulfo-frases-mujeres\/#primaryimage\"},\"thumbnailUrl\":\"https:\/\/i0.wp.com\/soclose.mx\/blog\/wp-content\/uploads\/2022\/03\/Copia-de-Principal-So-Close-blog-15.png?fit=1240%2C700&ssl=1\",\"datePublished\":\"2022-03-26T04:24:22+00:00\",\"breadcrumb\":{\"@id\":\"https:\/\/soclose.mx\/blog\/tag\/juan-rulfo-frases-mujeres\/#breadcrumb\"},\"inLanguage\":\"es\",\"potentialAction\":[{\"@type\":\"ReadAction\",\"target\":[\"https:\/\/soclose.mx\/blog\/tag\/juan-rulfo-frases-mujeres\/\"]}]},{\"@type\":\"ImageObject\",\"inLanguage\":\"es\",\"@id\":\"https:\/\/soclose.mx\/blog\/tag\/juan-rulfo-frases-mujeres\/#primaryimage\",\"url\":\"https:\/\/i0.wp.com\/soclose.mx\/blog\/wp-content\/uploads\/2022\/03\/Copia-de-Principal-So-Close-blog-15.png?fit=1240%2C700&ssl=1\",\"contentUrl\":\"https:\/\/i0.wp.com\/soclose.mx\/blog\/wp-content\/uploads\/2022\/03\/Copia-de-Principal-So-Close-blog-15.png?fit=1240%2C700&ssl=1\",\"width\":1240,\"height\":700},{\"@type\":\"BreadcrumbList\",\"@id\":\"https:\/\/soclose.mx\/blog\/tag\/juan-rulfo-frases-mujeres\/#breadcrumb\",\"itemListElement\":[{\"@type\":\"ListItem\",\"position\":1,\"name\":\"Inicio\",\"item\":\"https:\/\/soclose.mx\/blog\/\"},{\"@type\":\"ListItem\",\"position\":2,\"name\":\"Ella fue la primera mujer M\u00e9dica Veterinaria en M\u00e9xico\"}]},{\"@type\":\"WebSite\",\"@id\":\"https:\/\/soclose.mx\/blog\/#website\",\"url\":\"https:\/\/soclose.mx\/blog\/\",\"name\":\"So Close\",\"description\":\"Hacemos contenidos de M\u00e9xico\",\"publisher\":{\"@id\":\"https:\/\/soclose.mx\/blog\/#organization\"},\"potentialAction\":[{\"@type\":\"SearchAction\",\"target\":{\"@type\":\"EntryPoint\",\"urlTemplate\":\"https:\/\/soclose.mx\/blog\/?s={search_term_string}\"},\"query-input\":{\"@type\":\"PropertyValueSpecification\",\"valueRequired\":true,\"valueName\":\"search_term_string\"}}],\"inLanguage\":\"es\"},{\"@type\":\"Organization\",\"@id\":\"https:\/\/soclose.mx\/blog\/#organization\",\"name\":\"So Close\",\"url\":\"https:\/\/soclose.mx\/blog\/\",\"logo\":{\"@type\":\"ImageObject\",\"inLanguage\":\"es\",\"@id\":\"https:\/\/soclose.mx\/blog\/#\/schema\/logo\/image\/\",\"url\":\"https:\/\/i0.wp.com\/soclose.mx\/blog\/wp-content\/uploads\/2020\/12\/LOGO_SOCLOSE_COLOR-e1608310133507.png?fit=2858%2C1264&ssl=1\",\"contentUrl\":\"https:\/\/i0.wp.com\/soclose.mx\/blog\/wp-content\/uploads\/2020\/12\/LOGO_SOCLOSE_COLOR-e1608310133507.png?fit=2858%2C1264&ssl=1\",\"width\":2858,\"height\":1264,\"caption\":\"So Close\"},\"image\":{\"@id\":\"https:\/\/soclose.mx\/blog\/#\/schema\/logo\/image\/\"}},{\"@type\":\"Person\",\"@id\":\"https:\/\/soclose.mx\/blog\/#\/schema\/person\/cddec6ccd5d7037d286395fb411e23f1\",\"name\":\"Miguel Angel Romero\",\"image\":{\"@type\":\"ImageObject\",\"inLanguage\":\"es\",\"@id\":\"https:\/\/soclose.mx\/blog\/#\/schema\/person\/image\/\",\"url\":\"https:\/\/secure.gravatar.com\/avatar\/45b44006b4f93497bb24d251f77bc39385015bfa120582412df580dbfcbb14f3?s=96&d=mm&r=g\",\"contentUrl\":\"https:\/\/secure.gravatar.com\/avatar\/45b44006b4f93497bb24d251f77bc39385015bfa120582412df580dbfcbb14f3?s=96&d=mm&r=g\",\"caption\":\"Miguel Angel Romero\"},\"sameAs\":[\"http:\/\/\/mikexever.blogspot.com\/\",\"www.facebook.com\/mikexever\/\",\"https:\/\/x.com\/Mikerecomienda\"],\"url\":\"https:\/\/soclose.mx\/blog\/author\/mike\/\"}]}<\/script>\n<!-- \/ Yoast SEO plugin. -->","yoast_head_json":{"title":"Ella fue la primera mujer M\u00e9dica Veterinaria en M\u00e9xico - So Close","robots":{"index":"index","follow":"follow","max-snippet":"max-snippet:-1","max-image-preview":"max-image-preview:large","max-video-preview":"max-video-preview:-1"},"canonical":"https:\/\/soclose.mx\/blog\/tag\/juan-rulfo-frases-mujeres\/","og_locale":"es_MX","og_type":"article","og_title":"Ella fue la primera mujer M\u00e9dica Veterinaria en M\u00e9xico - So Close","og_description":"Nunca est\u00e1 de m\u00e1s recordar aquellas mujeres que han logrado destacar acad\u00e9micamente sobre todo porque\u00a0en M\u00e9xico exist\u00edan ciertas prohibiciones para las mujeres, desde el derecho al voto as\u00ed como a la educaci\u00f3n. Es importante reconocer que las primeras mujeres m\u00e9dicas veterinarias fueron dos,\u00a0 \u00c1frica Medina con su tesis: &#8220;Breves observaciones para fijar las constantes hem\u00e1ticas del perro&#8221; en 1944. Sin embargo, hay que se\u00f1alar que Medina inicia sus estudios en Espa\u00f1a y solamente lleg\u00f3 a concluirlos en M\u00e9xico, por lo que pocos autores le dan el cr\u00e9dito de haber sido la primera mujer en estudiar esta carrera. Por lo que","og_url":"https:\/\/soclose.mx\/blog\/tag\/juan-rulfo-frases-mujeres\/","og_site_name":"So Close","article_author":"www.facebook.com\/mikexever\/","article_published_time":"2022-03-26T04:24:22+00:00","og_image":[{"width":1240,"height":700,"url":"https:\/\/i0.wp.com\/soclose.mx\/blog\/wp-content\/uploads\/2022\/03\/Copia-de-Principal-So-Close-blog-15.png?fit=1240%2C700&ssl=1","type":"image\/png"}],"author":"Miguel Angel Romero","twitter_card":"summary_large_image","twitter_creator":"@Mikerecomienda","twitter_misc":{"Escrito por":"Miguel Angel Romero","Tiempo de lectura":"1 minuto"},"schema":{"@context":"https:\/\/schema.org","@graph":[{"@type":"Article","@id":"https:\/\/soclose.mx\/blog\/tag\/juan-rulfo-frases-mujeres\/#article","isPartOf":{"@id":"https:\/\/soclose.mx\/blog\/tag\/juan-rulfo-frases-mujeres\/"},"author":{"name":"Miguel Angel Romero","@id":"https:\/\/soclose.mx\/blog\/#\/schema\/person\/cddec6ccd5d7037d286395fb411e23f1"},"headline":"Ella fue la primera mujer M\u00e9dica Veterinaria en M\u00e9xico","datePublished":"2022-03-26T04:24:22+00:00","mainEntityOfPage":{"@id":"https:\/\/soclose.mx\/blog\/tag\/juan-rulfo-frases-mujeres\/"},"wordCount":174,"commentCount":0,"publisher":{"@id":"https:\/\/soclose.mx\/blog\/#organization"},"image":{"@id":"https:\/\/soclose.mx\/blog\/tag\/juan-rulfo-frases-mujeres\/#primaryimage"},"thumbnailUrl":"https:\/\/i0.wp.com\/soclose.mx\/blog\/wp-content\/uploads\/2022\/03\/Copia-de-Principal-So-Close-blog-15.png?fit=1240%2C700&ssl=1","keywords":["mexico","mujer","veterinaria"],"articleSection":["\u00a1Ay goeeee!"],"inLanguage":"es","potentialAction":[{"@type":"CommentAction","name":"Comment","target":["https:\/\/soclose.mx\/blog\/tag\/juan-rulfo-frases-mujeres\/#respond"]}]},{"@type":"WebPage","@id":"https:\/\/soclose.mx\/blog\/tag\/juan-rulfo-frases-mujeres\/","url":"https:\/\/soclose.mx\/blog\/tag\/juan-rulfo-frases-mujeres\/","name":"Ella fue la primera mujer M\u00e9dica Veterinaria en M\u00e9xico - So Close","isPartOf":{"@id":"https:\/\/soclose.mx\/blog\/#website"},"primaryImageOfPage":{"@id":"https:\/\/soclose.mx\/blog\/tag\/juan-rulfo-frases-mujeres\/#primaryimage"},"image":{"@id":"https:\/\/soclose.mx\/blog\/tag\/juan-rulfo-frases-mujeres\/#primaryimage"},"thumbnailUrl":"https:\/\/i0.wp.com\/soclose.mx\/blog\/wp-content\/uploads\/2022\/03\/Copia-de-Principal-So-Close-blog-15.png?fit=1240%2C700&ssl=1","datePublished":"2022-03-26T04:24:22+00:00","breadcrumb":{"@id":"https:\/\/soclose.mx\/blog\/tag\/juan-rulfo-frases-mujeres\/#breadcrumb"},"inLanguage":"es","potentialAction":[{"@type":"ReadAction","target":["https:\/\/soclose.mx\/blog\/tag\/juan-rulfo-frases-mujeres\/"]}]},{"@type":"ImageObject","inLanguage":"es","@id":"https:\/\/soclose.mx\/blog\/tag\/juan-rulfo-frases-mujeres\/#primaryimage","url":"https:\/\/i0.wp.com\/soclose.mx\/blog\/wp-content\/uploads\/2022\/03\/Copia-de-Principal-So-Close-blog-15.png?fit=1240%2C700&ssl=1","contentUrl":"https:\/\/i0.wp.com\/soclose.mx\/blog\/wp-content\/uploads\/2022\/03\/Copia-de-Principal-So-Close-blog-15.png?fit=1240%2C700&ssl=1","width":1240,"height":700},{"@type":"BreadcrumbList","@id":"https:\/\/soclose.mx\/blog\/tag\/juan-rulfo-frases-mujeres\/#breadcrumb","itemListElement":[{"@type":"ListItem","position":1,"name":"Inicio","item":"https:\/\/soclose.mx\/blog\/"},{"@type":"ListItem","position":2,"name":"Ella fue la primera mujer M\u00e9dica Veterinaria en M\u00e9xico"}]},{"@type":"WebSite","@id":"https:\/\/soclose.mx\/blog\/#website","url":"https:\/\/soclose.mx\/blog\/","name":"So Close","description":"Hacemos contenidos de M\u00e9xico","publisher":{"@id":"https:\/\/soclose.mx\/blog\/#organization"},"potentialAction":[{"@type":"SearchAction","target":{"@type":"EntryPoint","urlTemplate":"https:\/\/soclose.mx\/blog\/?s={search_term_string}"},"query-input":{"@type":"PropertyValueSpecification","valueRequired":true,"valueName":"search_term_string"}}],"inLanguage":"es"},{"@type":"Organization","@id":"https:\/\/soclose.mx\/blog\/#organization","name":"So Close","url":"https:\/\/soclose.mx\/blog\/","logo":{"@type":"ImageObject","inLanguage":"es","@id":"https:\/\/soclose.mx\/blog\/#\/schema\/logo\/image\/","url":"https:\/\/i0.wp.com\/soclose.mx\/blog\/wp-content\/uploads\/2020\/12\/LOGO_SOCLOSE_COLOR-e1608310133507.png?fit=2858%2C1264&ssl=1","contentUrl":"https:\/\/i0.wp.com\/soclose.mx\/blog\/wp-content\/uploads\/2020\/12\/LOGO_SOCLOSE_COLOR-e1608310133507.png?fit=2858%2C1264&ssl=1","width":2858,"height":1264,"caption":"So Close"},"image":{"@id":"https:\/\/soclose.mx\/blog\/#\/schema\/logo\/image\/"}},{"@type":"Person","@id":"https:\/\/soclose.mx\/blog\/#\/schema\/person\/cddec6ccd5d7037d286395fb411e23f1","name":"Miguel Angel Romero","image":{"@type":"ImageObject","inLanguage":"es","@id":"https:\/\/soclose.mx\/blog\/#\/schema\/person\/image\/","url":"https:\/\/secure.gravatar.com\/avatar\/45b44006b4f93497bb24d251f77bc39385015bfa120582412df580dbfcbb14f3?s=96&d=mm&r=g","contentUrl":"https:\/\/secure.gravatar.com\/avatar\/45b44006b4f93497bb24d251f77bc39385015bfa120582412df580dbfcbb14f3?s=96&d=mm&r=g","caption":"Miguel Angel Romero"},"sameAs":["http:\/\/\/mikexever.blogspot.com\/","www.facebook.com\/mikexever\/","https:\/\/x.com\/Mikerecomienda"],"url":"https:\/\/soclose.mx\/blog\/author\/mike\/"}]}},"jetpack_featured_media_url":"https:\/\/i0.wp.com\/soclose.mx\/blog\/wp-content\/uploads\/2022\/03\/Copia-de-Principal-So-Close-blog-15.png?fit=1240%2C700&ssl=1","jetpack-related-posts":[{"id":6369,"url":"https:\/\/soclose.mx\/blog\/news-feed\/nacen-en-chapultepec-dos-polluelos-de-condor-de-california-especie-en-grave-peligro-de-extincion\/","url_meta":{"origin":9304,"position":0},"title":"Nacen, en Chapultepec, dos polluelos de C\u00f3ndor de California, especie en grave peligro de extinci\u00f3n","author":"So Close","date":"1 julio, 2021","format":false,"excerpt":"La Secretar\u00eda del Medio Ambiente (Sedema) de la Ciudad de M\u00e9xico inform\u00f3 el nacimiento de\u00a0dos cr\u00edas C\u00f3ndor de California en el Zool\u00f3gico de Chapultepec. Se trata del octavo y noveno C\u00f3ndor de California que han nacido en el\u00a0Zool\u00f3gico de Chapultepec, resultado del programa de reproducci\u00f3n ex situ (fuera de su\u2026","rel":"","context":"En &quot;News feed&quot;","block_context":{"text":"News feed","link":"https:\/\/soclose.mx\/blog\/category\/news-feed\/"},"img":{"alt_text":"","src":"https:\/\/i0.wp.com\/soclose.mx\/blog\/wp-content\/uploads\/2021\/07\/condor-de-california.jpg?fit=1200%2C677&ssl=1&resize=350%2C200","width":350,"height":200,"srcset":"https:\/\/i0.wp.com\/soclose.mx\/blog\/wp-content\/uploads\/2021\/07\/condor-de-california.jpg?fit=1200%2C677&ssl=1&resize=350%2C200 1x, https:\/\/i0.wp.com\/soclose.mx\/blog\/wp-content\/uploads\/2021\/07\/condor-de-california.jpg?fit=1200%2C677&ssl=1&resize=525%2C300 1.5x, https:\/\/i0.wp.com\/soclose.mx\/blog\/wp-content\/uploads\/2021\/07\/condor-de-california.jpg?fit=1200%2C677&ssl=1&resize=700%2C400 2x, https:\/\/i0.wp.com\/soclose.mx\/blog\/wp-content\/uploads\/2021\/07\/condor-de-california.jpg?fit=1200%2C677&ssl=1&resize=1050%2C600 3x"},"classes":[]},{"id":5846,"url":"https:\/\/soclose.mx\/blog\/lugares\/museo-de-la-mujer-un-lugar-de-historia-en-mexico\/","url_meta":{"origin":9304,"position":1},"title":"VIDEO | Museo de la Mujer, un lugar de historia y conciencia en M\u00e9xico","author":"So Close","date":"1 marzo, 2024","format":false,"excerpt":"Sin duda, reconocer y documentar la labor de la mujer a trav\u00e9s de los a\u00f1os es un cometido cotidiano y el Museo de la Mujer es un lugar importante en la vida de M\u00e9xico por diversas razones, entre ellas: Aborda\u00a0cu\u00e1l ha sido la participaci\u00f3n de la mujer en cada \u00e9poca.\u2026","rel":"","context":"En &quot;Lugares&quot;","block_context":{"text":"Lugares","link":"https:\/\/soclose.mx\/blog\/category\/lugares\/"},"img":{"alt_text":"","src":"https:\/\/i0.wp.com\/soclose.mx\/blog\/wp-content\/uploads\/2021\/03\/museo-mujer.jpg?fit=1200%2C677&ssl=1&resize=350%2C200","width":350,"height":200,"srcset":"https:\/\/i0.wp.com\/soclose.mx\/blog\/wp-content\/uploads\/2021\/03\/museo-mujer.jpg?fit=1200%2C677&ssl=1&resize=350%2C200 1x, https:\/\/i0.wp.com\/soclose.mx\/blog\/wp-content\/uploads\/2021\/03\/museo-mujer.jpg?fit=1200%2C677&ssl=1&resize=525%2C300 1.5x, https:\/\/i0.wp.com\/soclose.mx\/blog\/wp-content\/uploads\/2021\/03\/museo-mujer.jpg?fit=1200%2C677&ssl=1&resize=700%2C400 2x, https:\/\/i0.wp.com\/soclose.mx\/blog\/wp-content\/uploads\/2021\/03\/museo-mujer.jpg?fit=1200%2C677&ssl=1&resize=1050%2C600 3x"},"classes":[]},{"id":6268,"url":"https:\/\/soclose.mx\/blog\/news-feed\/ponle-nombre-a-estos-lobitos-de-chapultepec-vota-aqui\/","url_meta":{"origin":9304,"position":2},"title":"Ponle nombre a estos lobitos de Chapultepec | Vota Aqu\u00ed","author":"So Close","date":"21 junio, 2021","format":false,"excerpt":"La Secretar\u00eda del Medio Ambiente (Sedema) de la Ciudad de M\u00e9xico invita a la ciudadan\u00eda a elegir el nombre de los cincos cachorros de lobo mexicano nacidos el pasado 24 de abril, en el Zool\u00f3gico de Chapultepec. La votaci\u00f3n estar\u00e1 habilitada hasta el pr\u00f3ximo 15 de agosto en el link:\u2026","rel":"","context":"En &quot;News feed&quot;","block_context":{"text":"News feed","link":"https:\/\/soclose.mx\/blog\/category\/news-feed\/"},"img":{"alt_text":"","src":"https:\/\/i0.wp.com\/soclose.mx\/blog\/wp-content\/uploads\/2021\/06\/lobos-de-chapultepec.jpeg?fit=1200%2C677&ssl=1&resize=350%2C200","width":350,"height":200,"srcset":"https:\/\/i0.wp.com\/soclose.mx\/blog\/wp-content\/uploads\/2021\/06\/lobos-de-chapultepec.jpeg?fit=1200%2C677&ssl=1&resize=350%2C200 1x, https:\/\/i0.wp.com\/soclose.mx\/blog\/wp-content\/uploads\/2021\/06\/lobos-de-chapultepec.jpeg?fit=1200%2C677&ssl=1&resize=525%2C300 1.5x, https:\/\/i0.wp.com\/soclose.mx\/blog\/wp-content\/uploads\/2021\/06\/lobos-de-chapultepec.jpeg?fit=1200%2C677&ssl=1&resize=700%2C400 2x, https:\/\/i0.wp.com\/soclose.mx\/blog\/wp-content\/uploads\/2021\/06\/lobos-de-chapultepec.jpeg?fit=1200%2C677&ssl=1&resize=1050%2C600 3x"},"classes":[]},{"id":9290,"url":"https:\/\/soclose.mx\/blog\/ay-goeeee\/mundo-animal-el-parque-canino-mas-grande-de-la-cdmx\/","url_meta":{"origin":9304,"position":3},"title":"Mundo Animal: El parque canino mas grande de la CDMX","author":"Miguel Angel Romero","date":"8 abril, 2022","format":false,"excerpt":"S\u00ed, as\u00ed como lo lees, \u201cMundo Animal;\u201d el nuevo parque canino, ubicado en Tl\u00e1huac, cuenta con un espacio de m\u00e1s de 5 mil metros cuadrados donde t\u00fa y tu mascota se podr\u00e1n divertir. Este sitio se encuentra en el Bosque de Tl\u00e1huac y cuenta con infraestructura e instalaciones adecuadas para\u2026","rel":"","context":"En &quot;\u00a1Ay goeeee!&quot;","block_context":{"text":"\u00a1Ay goeeee!","link":"https:\/\/soclose.mx\/blog\/category\/ay-goeeee\/"},"img":{"alt_text":"","src":"https:\/\/i0.wp.com\/soclose.mx\/blog\/wp-content\/uploads\/2022\/03\/Copia-de-Principal-So-Close-blog-1-7.png?fit=1200%2C677&ssl=1&resize=350%2C200","width":350,"height":200,"srcset":"https:\/\/i0.wp.com\/soclose.mx\/blog\/wp-content\/uploads\/2022\/03\/Copia-de-Principal-So-Close-blog-1-7.png?fit=1200%2C677&ssl=1&resize=350%2C200 1x, https:\/\/i0.wp.com\/soclose.mx\/blog\/wp-content\/uploads\/2022\/03\/Copia-de-Principal-So-Close-blog-1-7.png?fit=1200%2C677&ssl=1&resize=525%2C300 1.5x, https:\/\/i0.wp.com\/soclose.mx\/blog\/wp-content\/uploads\/2022\/03\/Copia-de-Principal-So-Close-blog-1-7.png?fit=1200%2C677&ssl=1&resize=700%2C400 2x, https:\/\/i0.wp.com\/soclose.mx\/blog\/wp-content\/uploads\/2022\/03\/Copia-de-Principal-So-Close-blog-1-7.png?fit=1200%2C677&ssl=1&resize=1050%2C600 3x"},"classes":[]},{"id":9938,"url":"https:\/\/soclose.mx\/blog\/ay-goeeee\/pequeno-reportero-entrevista-perros-en-la-cdmx\/","url_meta":{"origin":9304,"position":4},"title":"Peque\u00f1o reportero entrevista perros en la CDMX","author":"Daniel Ram\u00edrez","date":"21 mayo, 2022","format":false,"excerpt":"Santiago es un ni\u00f1o que vive en la Ciudad de M\u00e9xico, ama a los perros y cuando tiene oportunidad le da de comer a los que se encuentra en su comunidad. Al peque\u00f1o Santiago le pidieron como tarea escolar hacer un video tipo reportaje de lo que \u00e9l quisiera y\u2026","rel":"","context":"En &quot;\u00a1Ay goeeee!&quot;","block_context":{"text":"\u00a1Ay goeeee!","link":"https:\/\/soclose.mx\/blog\/category\/ay-goeeee\/"},"img":{"alt_text":"","src":"https:\/\/i0.wp.com\/soclose.mx\/blog\/wp-content\/uploads\/2022\/05\/pexels-lumn-406014-scaled.jpg?fit=1200%2C800&ssl=1&resize=350%2C200","width":350,"height":200,"srcset":"https:\/\/i0.wp.com\/soclose.mx\/blog\/wp-content\/uploads\/2022\/05\/pexels-lumn-406014-scaled.jpg?fit=1200%2C800&ssl=1&resize=350%2C200 1x, https:\/\/i0.wp.com\/soclose.mx\/blog\/wp-content\/uploads\/2022\/05\/pexels-lumn-406014-scaled.jpg?fit=1200%2C800&ssl=1&resize=525%2C300 1.5x, https:\/\/i0.wp.com\/soclose.mx\/blog\/wp-content\/uploads\/2022\/05\/pexels-lumn-406014-scaled.jpg?fit=1200%2C800&ssl=1&resize=700%2C400 2x, https:\/\/i0.wp.com\/soclose.mx\/blog\/wp-content\/uploads\/2022\/05\/pexels-lumn-406014-scaled.jpg?fit=1200%2C800&ssl=1&resize=1050%2C600 3x"},"classes":[]},{"id":11624,"url":"https:\/\/soclose.mx\/blog\/a-la-mexicana\/dia-de-la-madre-10-de-mayo-mexico\/","url_meta":{"origin":9304,"position":5},"title":"D\u00eda de la Madre: 10 de Mayo y su origen en M\u00e9xico","author":"Mar\u00eda Ju\u00e1rez","date":"26 abril, 2023","format":false,"excerpt":"En M\u00e9xico se celebra el D\u00eda de la Madre el d\u00eda 10 de mayo, sin importar qu\u00e9 d\u00eda de la semana sea. La tradici\u00f3n se ha convertido en M\u00e9xico en unos de los d\u00edas de fiesta m\u00e1s celebrados, pero \u00bfCu\u00e1l es su origen? Se trata de una fecha en la\u2026","rel":"","context":"En &quot;A la mexicana&quot;","block_context":{"text":"A la mexicana","link":"https:\/\/soclose.mx\/blog\/category\/a-la-mexicana\/"},"img":{"alt_text":"D\u00eda de la Madre","src":"https:\/\/i0.wp.com\/soclose.mx\/blog\/wp-content\/uploads\/2023\/04\/Dia-de-la-Madre-10-de-mayo.jpg?fit=1200%2C796&ssl=1&resize=350%2C200","width":350,"height":200,"srcset":"https:\/\/i0.wp.com\/soclose.mx\/blog\/wp-content\/uploads\/2023\/04\/Dia-de-la-Madre-10-de-mayo.jpg?fit=1200%2C796&ssl=1&resize=350%2C200 1x, https:\/\/i0.wp.com\/soclose.mx\/blog\/wp-content\/uploads\/2023\/04\/Dia-de-la-Madre-10-de-mayo.jpg?fit=1200%2C796&ssl=1&resize=525%2C300 1.5x, https:\/\/i0.wp.com\/soclose.mx\/blog\/wp-content\/uploads\/2023\/04\/Dia-de-la-Madre-10-de-mayo.jpg?fit=1200%2C796&ssl=1&resize=700%2C400 2x, https:\/\/i0.wp.com\/soclose.mx\/blog\/wp-content\/uploads\/2023\/04\/Dia-de-la-Madre-10-de-mayo.jpg?fit=1200%2C796&ssl=1&resize=1050%2C600 3x"},"classes":[]}],"jetpack_sharing_enabled":true,"_links":{"self":[{"href":"https:\/\/soclose.mx\/blog\/wp-json\/wp\/v2\/posts\/9304","targetHints":{"allow":["GET"]}}],"collection":[{"href":"https:\/\/soclose.mx\/blog\/wp-json\/wp\/v2\/posts"}],"about":[{"href":"https:\/\/soclose.mx\/blog\/wp-json\/wp\/v2\/types\/post"}],"author":[{"embeddable":true,"href":"https:\/\/soclose.mx\/blog\/wp-json\/wp\/v2\/users\/8"}],"replies":[{"embeddable":true,"href":"https:\/\/soclose.mx\/blog\/wp-json\/wp\/v2\/comments?post=9304"}],"version-history":[{"count":0,"href":"https:\/\/soclose.mx\/blog\/wp-json\/wp\/v2\/posts\/9304\/revisions"}],"wp:featuredmedia":[{"embeddable":true,"href":"https:\/\/soclose.mx\/blog\/wp-json\/wp\/v2\/media\/9308"}],"wp:attachment":[{"href":"https:\/\/soclose.mx\/blog\/wp-json\/wp\/v2\/media?parent=9304"}],"wp:term":[{"taxonomy":"category","embeddable":true,"href":"https:\/\/soclose.mx\/blog\/wp-json\/wp\/v2\/categories?post=9304"},{"taxonomy":"post_tag","embeddable":true,"href":"https:\/\/soclose.mx\/blog\/wp-json\/wp\/v2\/tags?post=9304"}],"curies":[{"name":"wp","href":"https:\/\/api.w.org\/{rel}","templated":true}]}}