{"id":9317,"date":"2022-03-10T08:28:11","date_gmt":"2022-03-10T14:28:11","guid":{"rendered":"https:\/\/soclose.mx\/blog\/?p=9317"},"modified":"2022-03-10T00:29:18","modified_gmt":"2022-03-10T06:29:18","slug":"la-malinche-homenajea-a-las-mujeres-en-el-teatro-de-la-danza","status":"publish","type":"post","link":"https:\/\/soclose.mx\/blog\/news-feed\/la-malinche-homenajea-a-las-mujeres-en-el-teatro-de-la-danza\/","title":{"rendered":"La Malinche homenajea a las mujeres en el Teatro de la Danza"},"content":{"rendered":"<p>As\u00ed es, a partir del personaje de <strong>La Malinche<\/strong>, &#8220;<strong>Mujer Ra\u00edz<\/strong>&#8221; crea un di\u00e1logo hist\u00f3rico entre las f\u00e9minas del presente y las ancestrales, as\u00ed como sus batallas y conquistas.<\/p>\n<p>En el <strong>Teatro de la Danza Guillermina Bravo del Centro Cultural del Bosque<\/strong>, \u00a0la maestra<strong> Paula Villaurrutia,<\/strong> integrante del <strong>Sistema Nacional de Creadores de Arte<\/strong>, se inspir\u00f3 en la famosa mujer para crear este unipersonal.<\/p>\n<p>La puesta en escena de la bailarina y core\u00f3grafa Villaurrutia, refleja de qu\u00e9 manera la mujer afronta los problemas, saca la casta y sale adelante.<\/p>\n<p>&#8220;<strong>Mujer Ra\u00edz<\/strong>&#8220;, el espect\u00e1culo que muestra el lado humano del personaje hist\u00f3rico y un reconocimiento a todo el g\u00e9nero femenino, se presentar\u00e1 del 10 al 13 de marzo con funciones los jueves y viernes a las 20;00; s\u00e1bado a las 19:00: y domingo a las 18;00 horas.<\/p>\n<p><img data-recalc-dims=\"1\" fetchpriority=\"high\" decoding=\"async\" class=\"alignnone size-full wp-image-9320\" src=\"https:\/\/i0.wp.com\/soclose.mx\/blog\/wp-content\/uploads\/2022\/03\/FNDpx4mWUAAZTMa.jpeg?resize=1170%2C503&#038;ssl=1\" alt=\"\" width=\"1170\" height=\"503\" srcset=\"https:\/\/i0.wp.com\/soclose.mx\/blog\/wp-content\/uploads\/2022\/03\/FNDpx4mWUAAZTMa.jpeg?w=1279&amp;ssl=1 1279w, https:\/\/i0.wp.com\/soclose.mx\/blog\/wp-content\/uploads\/2022\/03\/FNDpx4mWUAAZTMa.jpeg?resize=300%2C129&amp;ssl=1 300w, https:\/\/i0.wp.com\/soclose.mx\/blog\/wp-content\/uploads\/2022\/03\/FNDpx4mWUAAZTMa.jpeg?resize=1024%2C440&amp;ssl=1 1024w, https:\/\/i0.wp.com\/soclose.mx\/blog\/wp-content\/uploads\/2022\/03\/FNDpx4mWUAAZTMa.jpeg?resize=768%2C330&amp;ssl=1 768w, https:\/\/i0.wp.com\/soclose.mx\/blog\/wp-content\/uploads\/2022\/03\/FNDpx4mWUAAZTMa.jpeg?resize=1170%2C503&amp;ssl=1 1170w, https:\/\/i0.wp.com\/soclose.mx\/blog\/wp-content\/uploads\/2022\/03\/FNDpx4mWUAAZTMa.jpeg?resize=585%2C252&amp;ssl=1 585w\" sizes=\"(max-width: 1170px) 100vw, 1170px\" \/><\/p>\n","protected":false},"excerpt":{"rendered":"<p>As\u00ed es, a partir del personaje de La Malinche, &#8220;Mujer Ra\u00edz&#8221; crea un di\u00e1logo hist\u00f3rico entre las f\u00e9minas del presente y las ancestrales, as\u00ed como sus batallas y conquistas. En el Teatro de la Danza Guillermina Bravo del Centro Cultural del Bosque, \u00a0la maestra Paula Villaurrutia, integrante del Sistema Nacional de Creadores de Arte, se inspir\u00f3 en la famosa mujer para crear este unipersonal. La puesta en escena de la bailarina y core\u00f3grafa Villaurrutia, refleja de qu\u00e9 manera la mujer afronta los problemas, saca la casta y sale adelante. &#8220;Mujer Ra\u00edz&#8220;, el espect\u00e1culo que muestra el lado humano del personaje<\/p>\n","protected":false},"author":8,"featured_media":9319,"comment_status":"open","ping_status":"open","sticky":false,"template":"","format":"standard","meta":{"_jetpack_memberships_contains_paid_content":false,"footnotes":""},"categories":[1,628],"tags":[1841,1842,288],"class_list":["post-9317","post","type-post","status-publish","format-standard","has-post-thumbnail","hentry","category-ay-goeeee","category-news-feed","tag-la-malinche","tag-mujer-raiz","tag-teatro"],"yoast_head":"<!-- This site is optimized with the Yoast SEO plugin v26.7 - https:\/\/yoast.com\/wordpress\/plugins\/seo\/ -->\n<title>La Malinche homenajea a las mujeres en el Teatro de la Danza - So Close<\/title>\n<meta name=\"description\" content=\"&quot;Mujer Ra\u00edz&quot; es el espect\u00e1culo que muestra el lado humano del personaje hist\u00f3rico y un reconocimiento a todo el g\u00e9nero femenino.\" \/>\n<meta name=\"robots\" content=\"index, follow, max-snippet:-1, max-image-preview:large, max-video-preview:-1\" \/>\n<link rel=\"canonical\" href=\"https:\/\/soclose.mx\/blog\/tag\/juan-rulfo-frases-mujeres\/\" \/>\n<meta property=\"og:locale\" content=\"es_MX\" \/>\n<meta property=\"og:type\" content=\"article\" \/>\n<meta property=\"og:title\" content=\"La Malinche homenajea a las mujeres en el Teatro de la Danza - So Close\" \/>\n<meta property=\"og:description\" content=\"&quot;Mujer Ra\u00edz&quot; es el espect\u00e1culo que muestra el lado humano del personaje hist\u00f3rico y un reconocimiento a todo el g\u00e9nero femenino.\" \/>\n<meta property=\"og:url\" content=\"https:\/\/soclose.mx\/blog\/tag\/juan-rulfo-frases-mujeres\/\" \/>\n<meta property=\"og:site_name\" content=\"So Close\" \/>\n<meta property=\"article:author\" content=\"www.facebook.com\/mikexever\/\" \/>\n<meta property=\"article:published_time\" content=\"2022-03-10T14:28:11+00:00\" \/>\n<meta property=\"og:image\" content=\"https:\/\/i0.wp.com\/soclose.mx\/blog\/wp-content\/uploads\/2022\/03\/Copia-de-Principal-So-Close-blog-2-8.png?fit=1240%2C700&ssl=1\" \/>\n\t<meta property=\"og:image:width\" content=\"1240\" \/>\n\t<meta property=\"og:image:height\" content=\"700\" \/>\n\t<meta property=\"og:image:type\" content=\"image\/png\" \/>\n<meta name=\"author\" content=\"Miguel Angel Romero\" \/>\n<meta name=\"twitter:card\" content=\"summary_large_image\" \/>\n<meta name=\"twitter:creator\" content=\"@Mikerecomienda\" \/>\n<meta name=\"twitter:label1\" content=\"Escrito por\" \/>\n\t<meta name=\"twitter:data1\" content=\"Miguel Angel Romero\" \/>\n\t<meta name=\"twitter:label2\" content=\"Tiempo de lectura\" \/>\n\t<meta name=\"twitter:data2\" content=\"1 minuto\" \/>\n<script type=\"application\/ld+json\" class=\"yoast-schema-graph\">{\"@context\":\"https:\/\/schema.org\",\"@graph\":[{\"@type\":\"Article\",\"@id\":\"https:\/\/soclose.mx\/blog\/tag\/juan-rulfo-frases-mujeres\/#article\",\"isPartOf\":{\"@id\":\"https:\/\/soclose.mx\/blog\/tag\/juan-rulfo-frases-mujeres\/\"},\"author\":{\"name\":\"Miguel Angel Romero\",\"@id\":\"https:\/\/soclose.mx\/blog\/#\/schema\/person\/cddec6ccd5d7037d286395fb411e23f1\"},\"headline\":\"La Malinche homenajea a las mujeres en el Teatro de la Danza\",\"datePublished\":\"2022-03-10T14:28:11+00:00\",\"mainEntityOfPage\":{\"@id\":\"https:\/\/soclose.mx\/blog\/tag\/juan-rulfo-frases-mujeres\/\"},\"wordCount\":153,\"commentCount\":0,\"publisher\":{\"@id\":\"https:\/\/soclose.mx\/blog\/#organization\"},\"image\":{\"@id\":\"https:\/\/soclose.mx\/blog\/tag\/juan-rulfo-frases-mujeres\/#primaryimage\"},\"thumbnailUrl\":\"https:\/\/i0.wp.com\/soclose.mx\/blog\/wp-content\/uploads\/2022\/03\/Copia-de-Principal-So-Close-blog-2-8.png?fit=1240%2C700&ssl=1\",\"keywords\":[\"La Malinche\",\"Mujer ra\u00edz\",\"teatro\"],\"articleSection\":[\"\u00a1Ay goeeee!\",\"News feed\"],\"inLanguage\":\"es\",\"potentialAction\":[{\"@type\":\"CommentAction\",\"name\":\"Comment\",\"target\":[\"https:\/\/soclose.mx\/blog\/tag\/juan-rulfo-frases-mujeres\/#respond\"]}]},{\"@type\":\"WebPage\",\"@id\":\"https:\/\/soclose.mx\/blog\/tag\/juan-rulfo-frases-mujeres\/\",\"url\":\"https:\/\/soclose.mx\/blog\/tag\/juan-rulfo-frases-mujeres\/\",\"name\":\"La Malinche homenajea a las mujeres en el Teatro de la Danza - So Close\",\"isPartOf\":{\"@id\":\"https:\/\/soclose.mx\/blog\/#website\"},\"primaryImageOfPage\":{\"@id\":\"https:\/\/soclose.mx\/blog\/tag\/juan-rulfo-frases-mujeres\/#primaryimage\"},\"image\":{\"@id\":\"https:\/\/soclose.mx\/blog\/tag\/juan-rulfo-frases-mujeres\/#primaryimage\"},\"thumbnailUrl\":\"https:\/\/i0.wp.com\/soclose.mx\/blog\/wp-content\/uploads\/2022\/03\/Copia-de-Principal-So-Close-blog-2-8.png?fit=1240%2C700&ssl=1\",\"datePublished\":\"2022-03-10T14:28:11+00:00\",\"description\":\"\\\"Mujer Ra\u00edz\\\" es el espect\u00e1culo que muestra el lado humano del personaje hist\u00f3rico y un reconocimiento a todo el g\u00e9nero femenino.\",\"breadcrumb\":{\"@id\":\"https:\/\/soclose.mx\/blog\/tag\/juan-rulfo-frases-mujeres\/#breadcrumb\"},\"inLanguage\":\"es\",\"potentialAction\":[{\"@type\":\"ReadAction\",\"target\":[\"https:\/\/soclose.mx\/blog\/tag\/juan-rulfo-frases-mujeres\/\"]}]},{\"@type\":\"ImageObject\",\"inLanguage\":\"es\",\"@id\":\"https:\/\/soclose.mx\/blog\/tag\/juan-rulfo-frases-mujeres\/#primaryimage\",\"url\":\"https:\/\/i0.wp.com\/soclose.mx\/blog\/wp-content\/uploads\/2022\/03\/Copia-de-Principal-So-Close-blog-2-8.png?fit=1240%2C700&ssl=1\",\"contentUrl\":\"https:\/\/i0.wp.com\/soclose.mx\/blog\/wp-content\/uploads\/2022\/03\/Copia-de-Principal-So-Close-blog-2-8.png?fit=1240%2C700&ssl=1\",\"width\":1240,\"height\":700},{\"@type\":\"BreadcrumbList\",\"@id\":\"https:\/\/soclose.mx\/blog\/tag\/juan-rulfo-frases-mujeres\/#breadcrumb\",\"itemListElement\":[{\"@type\":\"ListItem\",\"position\":1,\"name\":\"Inicio\",\"item\":\"https:\/\/soclose.mx\/blog\/\"},{\"@type\":\"ListItem\",\"position\":2,\"name\":\"La Malinche homenajea a las mujeres en el Teatro de la Danza\"}]},{\"@type\":\"WebSite\",\"@id\":\"https:\/\/soclose.mx\/blog\/#website\",\"url\":\"https:\/\/soclose.mx\/blog\/\",\"name\":\"So Close\",\"description\":\"Hacemos contenidos de M\u00e9xico\",\"publisher\":{\"@id\":\"https:\/\/soclose.mx\/blog\/#organization\"},\"potentialAction\":[{\"@type\":\"SearchAction\",\"target\":{\"@type\":\"EntryPoint\",\"urlTemplate\":\"https:\/\/soclose.mx\/blog\/?s={search_term_string}\"},\"query-input\":{\"@type\":\"PropertyValueSpecification\",\"valueRequired\":true,\"valueName\":\"search_term_string\"}}],\"inLanguage\":\"es\"},{\"@type\":\"Organization\",\"@id\":\"https:\/\/soclose.mx\/blog\/#organization\",\"name\":\"So Close\",\"url\":\"https:\/\/soclose.mx\/blog\/\",\"logo\":{\"@type\":\"ImageObject\",\"inLanguage\":\"es\",\"@id\":\"https:\/\/soclose.mx\/blog\/#\/schema\/logo\/image\/\",\"url\":\"https:\/\/i0.wp.com\/soclose.mx\/blog\/wp-content\/uploads\/2020\/12\/LOGO_SOCLOSE_COLOR-e1608310133507.png?fit=2858%2C1264&ssl=1\",\"contentUrl\":\"https:\/\/i0.wp.com\/soclose.mx\/blog\/wp-content\/uploads\/2020\/12\/LOGO_SOCLOSE_COLOR-e1608310133507.png?fit=2858%2C1264&ssl=1\",\"width\":2858,\"height\":1264,\"caption\":\"So Close\"},\"image\":{\"@id\":\"https:\/\/soclose.mx\/blog\/#\/schema\/logo\/image\/\"}},{\"@type\":\"Person\",\"@id\":\"https:\/\/soclose.mx\/blog\/#\/schema\/person\/cddec6ccd5d7037d286395fb411e23f1\",\"name\":\"Miguel Angel Romero\",\"image\":{\"@type\":\"ImageObject\",\"inLanguage\":\"es\",\"@id\":\"https:\/\/soclose.mx\/blog\/#\/schema\/person\/image\/\",\"url\":\"https:\/\/secure.gravatar.com\/avatar\/45b44006b4f93497bb24d251f77bc39385015bfa120582412df580dbfcbb14f3?s=96&d=mm&r=g\",\"contentUrl\":\"https:\/\/secure.gravatar.com\/avatar\/45b44006b4f93497bb24d251f77bc39385015bfa120582412df580dbfcbb14f3?s=96&d=mm&r=g\",\"caption\":\"Miguel Angel Romero\"},\"sameAs\":[\"http:\/\/\/mikexever.blogspot.com\/\",\"www.facebook.com\/mikexever\/\",\"https:\/\/x.com\/Mikerecomienda\"],\"url\":\"https:\/\/soclose.mx\/blog\/author\/mike\/\"}]}<\/script>\n<!-- \/ Yoast SEO plugin. -->","yoast_head_json":{"title":"La Malinche homenajea a las mujeres en el Teatro de la Danza - So Close","description":"\"Mujer Ra\u00edz\" es el espect\u00e1culo que muestra el lado humano del personaje hist\u00f3rico y un reconocimiento a todo el g\u00e9nero femenino.","robots":{"index":"index","follow":"follow","max-snippet":"max-snippet:-1","max-image-preview":"max-image-preview:large","max-video-preview":"max-video-preview:-1"},"canonical":"https:\/\/soclose.mx\/blog\/tag\/juan-rulfo-frases-mujeres\/","og_locale":"es_MX","og_type":"article","og_title":"La Malinche homenajea a las mujeres en el Teatro de la Danza - So Close","og_description":"\"Mujer Ra\u00edz\" es el espect\u00e1culo que muestra el lado humano del personaje hist\u00f3rico y un reconocimiento a todo el g\u00e9nero femenino.","og_url":"https:\/\/soclose.mx\/blog\/tag\/juan-rulfo-frases-mujeres\/","og_site_name":"So Close","article_author":"www.facebook.com\/mikexever\/","article_published_time":"2022-03-10T14:28:11+00:00","og_image":[{"width":1240,"height":700,"url":"https:\/\/i0.wp.com\/soclose.mx\/blog\/wp-content\/uploads\/2022\/03\/Copia-de-Principal-So-Close-blog-2-8.png?fit=1240%2C700&ssl=1","type":"image\/png"}],"author":"Miguel Angel Romero","twitter_card":"summary_large_image","twitter_creator":"@Mikerecomienda","twitter_misc":{"Escrito por":"Miguel Angel Romero","Tiempo de lectura":"1 minuto"},"schema":{"@context":"https:\/\/schema.org","@graph":[{"@type":"Article","@id":"https:\/\/soclose.mx\/blog\/tag\/juan-rulfo-frases-mujeres\/#article","isPartOf":{"@id":"https:\/\/soclose.mx\/blog\/tag\/juan-rulfo-frases-mujeres\/"},"author":{"name":"Miguel Angel Romero","@id":"https:\/\/soclose.mx\/blog\/#\/schema\/person\/cddec6ccd5d7037d286395fb411e23f1"},"headline":"La Malinche homenajea a las mujeres en el Teatro de la Danza","datePublished":"2022-03-10T14:28:11+00:00","mainEntityOfPage":{"@id":"https:\/\/soclose.mx\/blog\/tag\/juan-rulfo-frases-mujeres\/"},"wordCount":153,"commentCount":0,"publisher":{"@id":"https:\/\/soclose.mx\/blog\/#organization"},"image":{"@id":"https:\/\/soclose.mx\/blog\/tag\/juan-rulfo-frases-mujeres\/#primaryimage"},"thumbnailUrl":"https:\/\/i0.wp.com\/soclose.mx\/blog\/wp-content\/uploads\/2022\/03\/Copia-de-Principal-So-Close-blog-2-8.png?fit=1240%2C700&ssl=1","keywords":["La Malinche","Mujer ra\u00edz","teatro"],"articleSection":["\u00a1Ay goeeee!","News feed"],"inLanguage":"es","potentialAction":[{"@type":"CommentAction","name":"Comment","target":["https:\/\/soclose.mx\/blog\/tag\/juan-rulfo-frases-mujeres\/#respond"]}]},{"@type":"WebPage","@id":"https:\/\/soclose.mx\/blog\/tag\/juan-rulfo-frases-mujeres\/","url":"https:\/\/soclose.mx\/blog\/tag\/juan-rulfo-frases-mujeres\/","name":"La Malinche homenajea a las mujeres en el Teatro de la Danza - So Close","isPartOf":{"@id":"https:\/\/soclose.mx\/blog\/#website"},"primaryImageOfPage":{"@id":"https:\/\/soclose.mx\/blog\/tag\/juan-rulfo-frases-mujeres\/#primaryimage"},"image":{"@id":"https:\/\/soclose.mx\/blog\/tag\/juan-rulfo-frases-mujeres\/#primaryimage"},"thumbnailUrl":"https:\/\/i0.wp.com\/soclose.mx\/blog\/wp-content\/uploads\/2022\/03\/Copia-de-Principal-So-Close-blog-2-8.png?fit=1240%2C700&ssl=1","datePublished":"2022-03-10T14:28:11+00:00","description":"\"Mujer Ra\u00edz\" es el espect\u00e1culo que muestra el lado humano del personaje hist\u00f3rico y un reconocimiento a todo el g\u00e9nero femenino.","breadcrumb":{"@id":"https:\/\/soclose.mx\/blog\/tag\/juan-rulfo-frases-mujeres\/#breadcrumb"},"inLanguage":"es","potentialAction":[{"@type":"ReadAction","target":["https:\/\/soclose.mx\/blog\/tag\/juan-rulfo-frases-mujeres\/"]}]},{"@type":"ImageObject","inLanguage":"es","@id":"https:\/\/soclose.mx\/blog\/tag\/juan-rulfo-frases-mujeres\/#primaryimage","url":"https:\/\/i0.wp.com\/soclose.mx\/blog\/wp-content\/uploads\/2022\/03\/Copia-de-Principal-So-Close-blog-2-8.png?fit=1240%2C700&ssl=1","contentUrl":"https:\/\/i0.wp.com\/soclose.mx\/blog\/wp-content\/uploads\/2022\/03\/Copia-de-Principal-So-Close-blog-2-8.png?fit=1240%2C700&ssl=1","width":1240,"height":700},{"@type":"BreadcrumbList","@id":"https:\/\/soclose.mx\/blog\/tag\/juan-rulfo-frases-mujeres\/#breadcrumb","itemListElement":[{"@type":"ListItem","position":1,"name":"Inicio","item":"https:\/\/soclose.mx\/blog\/"},{"@type":"ListItem","position":2,"name":"La Malinche homenajea a las mujeres en el Teatro de la Danza"}]},{"@type":"WebSite","@id":"https:\/\/soclose.mx\/blog\/#website","url":"https:\/\/soclose.mx\/blog\/","name":"So Close","description":"Hacemos contenidos de M\u00e9xico","publisher":{"@id":"https:\/\/soclose.mx\/blog\/#organization"},"potentialAction":[{"@type":"SearchAction","target":{"@type":"EntryPoint","urlTemplate":"https:\/\/soclose.mx\/blog\/?s={search_term_string}"},"query-input":{"@type":"PropertyValueSpecification","valueRequired":true,"valueName":"search_term_string"}}],"inLanguage":"es"},{"@type":"Organization","@id":"https:\/\/soclose.mx\/blog\/#organization","name":"So Close","url":"https:\/\/soclose.mx\/blog\/","logo":{"@type":"ImageObject","inLanguage":"es","@id":"https:\/\/soclose.mx\/blog\/#\/schema\/logo\/image\/","url":"https:\/\/i0.wp.com\/soclose.mx\/blog\/wp-content\/uploads\/2020\/12\/LOGO_SOCLOSE_COLOR-e1608310133507.png?fit=2858%2C1264&ssl=1","contentUrl":"https:\/\/i0.wp.com\/soclose.mx\/blog\/wp-content\/uploads\/2020\/12\/LOGO_SOCLOSE_COLOR-e1608310133507.png?fit=2858%2C1264&ssl=1","width":2858,"height":1264,"caption":"So Close"},"image":{"@id":"https:\/\/soclose.mx\/blog\/#\/schema\/logo\/image\/"}},{"@type":"Person","@id":"https:\/\/soclose.mx\/blog\/#\/schema\/person\/cddec6ccd5d7037d286395fb411e23f1","name":"Miguel Angel Romero","image":{"@type":"ImageObject","inLanguage":"es","@id":"https:\/\/soclose.mx\/blog\/#\/schema\/person\/image\/","url":"https:\/\/secure.gravatar.com\/avatar\/45b44006b4f93497bb24d251f77bc39385015bfa120582412df580dbfcbb14f3?s=96&d=mm&r=g","contentUrl":"https:\/\/secure.gravatar.com\/avatar\/45b44006b4f93497bb24d251f77bc39385015bfa120582412df580dbfcbb14f3?s=96&d=mm&r=g","caption":"Miguel Angel Romero"},"sameAs":["http:\/\/\/mikexever.blogspot.com\/","www.facebook.com\/mikexever\/","https:\/\/x.com\/Mikerecomienda"],"url":"https:\/\/soclose.mx\/blog\/author\/mike\/"}]}},"jetpack_featured_media_url":"https:\/\/i0.wp.com\/soclose.mx\/blog\/wp-content\/uploads\/2022\/03\/Copia-de-Principal-So-Close-blog-2-8.png?fit=1240%2C700&ssl=1","jetpack-related-posts":[{"id":6221,"url":"https:\/\/soclose.mx\/blog\/ay-goeeee\/la-malinche-ignorada-por-cortes-y-venerada-por-otros-mitos-y-realidades-de-dona-marina\/","url_meta":{"origin":9317,"position":0},"title":"La Malinche, ignorada por Cort\u00e9s y venerada por otros | mitos y realidades de Do\u00f1a Marina","author":"So Close","date":"15 junio, 2021","format":false,"excerpt":"Ignorada por Hern\u00e1n Cort\u00e9s en sus \"Cartas de relaci\u00f3n\", relativamente reivindicada por Bernal D\u00edaz del Castillo, elevada a venerable madre por los cronistas mestizos y abstra\u00edda por la intelectualidad de los siglos XIX y XX como la contradicci\u00f3n del ser mexicano es como expertos describen a uno de los personajes\u2026","rel":"","context":"En &quot;\u00a1Ay goeeee!&quot;","block_context":{"text":"\u00a1Ay goeeee!","link":"https:\/\/soclose.mx\/blog\/category\/ay-goeeee\/"},"img":{"alt_text":"","src":"https:\/\/i0.wp.com\/soclose.mx\/blog\/wp-content\/uploads\/2021\/06\/pintura-la-malinche-hernan-cortes.jpeg?fit=1200%2C677&ssl=1&resize=350%2C200","width":350,"height":200,"srcset":"https:\/\/i0.wp.com\/soclose.mx\/blog\/wp-content\/uploads\/2021\/06\/pintura-la-malinche-hernan-cortes.jpeg?fit=1200%2C677&ssl=1&resize=350%2C200 1x, https:\/\/i0.wp.com\/soclose.mx\/blog\/wp-content\/uploads\/2021\/06\/pintura-la-malinche-hernan-cortes.jpeg?fit=1200%2C677&ssl=1&resize=525%2C300 1.5x, https:\/\/i0.wp.com\/soclose.mx\/blog\/wp-content\/uploads\/2021\/06\/pintura-la-malinche-hernan-cortes.jpeg?fit=1200%2C677&ssl=1&resize=700%2C400 2x, https:\/\/i0.wp.com\/soclose.mx\/blog\/wp-content\/uploads\/2021\/06\/pintura-la-malinche-hernan-cortes.jpeg?fit=1200%2C677&ssl=1&resize=1050%2C600 3x"},"classes":[]},{"id":7054,"url":"https:\/\/soclose.mx\/blog\/para-todos\/una-obra-musical-inspirada-en-la-malinche-y-hernan-cortes\/","url_meta":{"origin":9317,"position":1},"title":"La Malinche inspira a Nacho Cano para crear una obra musical","author":"Miguel Angel Romero","date":"1 septiembre, 2021","format":false,"excerpt":"La Malinche y Hern\u00e1n Cort\u00e9s fueron fuente de inspiraci\u00f3n para que el m\u00fasico Nacho Cano escribiera una obra musical. Ser\u00e1 un montaje de grandes dimensiones en torno a la historia de amor entre el conquistador espa\u00f1ol y su int\u00e9rprete y traductora en suelo mexicano, quienes acabaron siendo amantes y tuvieron\u2026","rel":"","context":"En &quot;Para todos&quot;","block_context":{"text":"Para todos","link":"https:\/\/soclose.mx\/blog\/category\/para-todos\/"},"img":{"alt_text":"","src":"https:\/\/i0.wp.com\/soclose.mx\/blog\/wp-content\/uploads\/2021\/08\/Principal-So-Close-blog-15.jpg?fit=1200%2C677&ssl=1&resize=350%2C200","width":350,"height":200,"srcset":"https:\/\/i0.wp.com\/soclose.mx\/blog\/wp-content\/uploads\/2021\/08\/Principal-So-Close-blog-15.jpg?fit=1200%2C677&ssl=1&resize=350%2C200 1x, https:\/\/i0.wp.com\/soclose.mx\/blog\/wp-content\/uploads\/2021\/08\/Principal-So-Close-blog-15.jpg?fit=1200%2C677&ssl=1&resize=525%2C300 1.5x, https:\/\/i0.wp.com\/soclose.mx\/blog\/wp-content\/uploads\/2021\/08\/Principal-So-Close-blog-15.jpg?fit=1200%2C677&ssl=1&resize=700%2C400 2x, https:\/\/i0.wp.com\/soclose.mx\/blog\/wp-content\/uploads\/2021\/08\/Principal-So-Close-blog-15.jpg?fit=1200%2C677&ssl=1&resize=1050%2C600 3x"},"classes":[]},{"id":14712,"url":"https:\/\/soclose.mx\/blog\/news-feed\/que-habra-en-el-festival-tiempo-de-mujeres-2025\/","url_meta":{"origin":9317,"position":2},"title":"\u00bfQu\u00e9 habr\u00e1 en el festival Tiempo de Mujeres 2025?","author":"So Close","date":"24 febrero, 2025","format":false,"excerpt":"El festival Tiempo de Mujeres 2025 es un evento cultural significativo que se llevar\u00e1 a cabo en la Ciudad de M\u00e9xico del 28 de febrero al 6 de abril de 2025. Este festival, que celebra su s\u00e9ptima edici\u00f3n, tiene como objetivo visibilizar y fortalecer la lucha por los derechos de\u2026","rel":"","context":"En &quot;News feed&quot;","block_context":{"text":"News feed","link":"https:\/\/soclose.mx\/blog\/category\/news-feed\/"},"img":{"alt_text":"Festival Tiempo de Mujeres","src":"https:\/\/i0.wp.com\/soclose.mx\/blog\/wp-content\/uploads\/2025\/02\/Festival-.jpg?fit=1200%2C675&ssl=1&resize=350%2C200","width":350,"height":200,"srcset":"https:\/\/i0.wp.com\/soclose.mx\/blog\/wp-content\/uploads\/2025\/02\/Festival-.jpg?fit=1200%2C675&ssl=1&resize=350%2C200 1x, https:\/\/i0.wp.com\/soclose.mx\/blog\/wp-content\/uploads\/2025\/02\/Festival-.jpg?fit=1200%2C675&ssl=1&resize=525%2C300 1.5x, https:\/\/i0.wp.com\/soclose.mx\/blog\/wp-content\/uploads\/2025\/02\/Festival-.jpg?fit=1200%2C675&ssl=1&resize=700%2C400 2x, https:\/\/i0.wp.com\/soclose.mx\/blog\/wp-content\/uploads\/2025\/02\/Festival-.jpg?fit=1200%2C675&ssl=1&resize=1050%2C600 3x"},"classes":[]},{"id":6710,"url":"https:\/\/soclose.mx\/blog\/news-feed\/datos-que-debes-saber-sobre-la-serie-de-tv-la-grandeza-de-mexico\/","url_meta":{"origin":9317,"position":3},"title":"Datos que debes saber sobre la serie de TV: La Grandeza de M\u00e9xico","author":"So Close","date":"29 julio, 2021","format":false,"excerpt":"En el marco de las conmemoraciones de 2021, \u201cA\u00f1o de la Grandeza y la Independencia de M\u00e9xico\u201d, el Sistema P\u00fablico de Radiodifusi\u00f3n del Estado Mexicano (SPR), en colaboraci\u00f3n con la Secretar\u00eda de Cultura federal, a trav\u00e9s del Instituto Nacional de Antropolog\u00eda e Historia (INAH), presentaron la serie documental de televisi\u00f3n\u2026","rel":"","context":"En &quot;News feed&quot;","block_context":{"text":"News feed","link":"https:\/\/soclose.mx\/blog\/category\/news-feed\/"},"img":{"alt_text":"","src":"https:\/\/i0.wp.com\/soclose.mx\/blog\/wp-content\/uploads\/2021\/07\/tenochtitlan-en3d.jpeg?fit=1200%2C677&ssl=1&resize=350%2C200","width":350,"height":200,"srcset":"https:\/\/i0.wp.com\/soclose.mx\/blog\/wp-content\/uploads\/2021\/07\/tenochtitlan-en3d.jpeg?fit=1200%2C677&ssl=1&resize=350%2C200 1x, https:\/\/i0.wp.com\/soclose.mx\/blog\/wp-content\/uploads\/2021\/07\/tenochtitlan-en3d.jpeg?fit=1200%2C677&ssl=1&resize=525%2C300 1.5x, https:\/\/i0.wp.com\/soclose.mx\/blog\/wp-content\/uploads\/2021\/07\/tenochtitlan-en3d.jpeg?fit=1200%2C677&ssl=1&resize=700%2C400 2x, https:\/\/i0.wp.com\/soclose.mx\/blog\/wp-content\/uploads\/2021\/07\/tenochtitlan-en3d.jpeg?fit=1200%2C677&ssl=1&resize=1050%2C600 3x"},"classes":[]},{"id":11489,"url":"https:\/\/soclose.mx\/blog\/a-la-mexicana\/cine-de-ficheras-peliculas-de-que-trata\/","url_meta":{"origin":9317,"position":4},"title":"Cine de ficheras: \u00bfLo conoces? Te decimos de qu\u00e9 trata","author":"Mar\u00eda Ju\u00e1rez","date":"13 abril, 2023","format":false,"excerpt":"A finales de laos a\u00f1os 70, el erotismo y todo lo relacionado con el sexo eran temas tab\u00fa en M\u00e9xico, pero en 1976 surgi\u00f3 un g\u00e9nero cinematogr\u00e1fico en torno a las mujeres \"de la vida galante\",\u00a0 de la vida nocturna; el cine de ficheras, pero\u00a0\u00bfDe qu\u00e9 trata? Esta filmograf\u00eda tambi\u00e9n\u2026","rel":"","context":"En &quot;A la mexicana&quot;","block_context":{"text":"A la mexicana","link":"https:\/\/soclose.mx\/blog\/category\/a-la-mexicana\/"},"img":{"alt_text":"Cine de ficheras","src":"https:\/\/i0.wp.com\/soclose.mx\/blog\/wp-content\/uploads\/2023\/04\/Cine-de-ficheras-cultura-popular.jpg?fit=1200%2C892&ssl=1&resize=350%2C200","width":350,"height":200,"srcset":"https:\/\/i0.wp.com\/soclose.mx\/blog\/wp-content\/uploads\/2023\/04\/Cine-de-ficheras-cultura-popular.jpg?fit=1200%2C892&ssl=1&resize=350%2C200 1x, https:\/\/i0.wp.com\/soclose.mx\/blog\/wp-content\/uploads\/2023\/04\/Cine-de-ficheras-cultura-popular.jpg?fit=1200%2C892&ssl=1&resize=525%2C300 1.5x, https:\/\/i0.wp.com\/soclose.mx\/blog\/wp-content\/uploads\/2023\/04\/Cine-de-ficheras-cultura-popular.jpg?fit=1200%2C892&ssl=1&resize=700%2C400 2x, https:\/\/i0.wp.com\/soclose.mx\/blog\/wp-content\/uploads\/2023\/04\/Cine-de-ficheras-cultura-popular.jpg?fit=1200%2C892&ssl=1&resize=1050%2C600 3x"},"classes":[]},{"id":6880,"url":"https:\/\/soclose.mx\/blog\/news-feed\/abre-exposicion-sobre-la-caida-de-tenochtitlan-y-tlatelolco\/","url_meta":{"origin":9317,"position":5},"title":"Abre exposici\u00f3n sobre la ca\u00edda de Tenochtitlan y Tlatelolco","author":"Miguel Angel Romero","date":"17 agosto, 2021","format":false,"excerpt":"En el marco del quinto centenario de la toma de M\u00e9xico-Tenochtitlan, se inaugura la exposici\u00f3n temporal\u00a0Tenochtitlan y Tlatelolco. A 500 a\u00f1os de su ca\u00edda, bajo la curadur\u00eda de Eduardo Matos Moctezuma, Patricia Ledesma Bouchan y Judith Alva S\u00e1nchez. La exposici\u00f3n enfatiza la manera en que Tenochtitlan y Tlatelolco, decidieron compartir\u2026","rel":"","context":"En &quot;\u00a1Ay goeeee!&quot;","block_context":{"text":"\u00a1Ay goeeee!","link":"https:\/\/soclose.mx\/blog\/category\/ay-goeeee\/"},"img":{"alt_text":"","src":"https:\/\/i0.wp.com\/soclose.mx\/blog\/wp-content\/uploads\/2021\/08\/foto_home.png?fit=1019%2C792&ssl=1&resize=350%2C200","width":350,"height":200,"srcset":"https:\/\/i0.wp.com\/soclose.mx\/blog\/wp-content\/uploads\/2021\/08\/foto_home.png?fit=1019%2C792&ssl=1&resize=350%2C200 1x, https:\/\/i0.wp.com\/soclose.mx\/blog\/wp-content\/uploads\/2021\/08\/foto_home.png?fit=1019%2C792&ssl=1&resize=525%2C300 1.5x, https:\/\/i0.wp.com\/soclose.mx\/blog\/wp-content\/uploads\/2021\/08\/foto_home.png?fit=1019%2C792&ssl=1&resize=700%2C400 2x"},"classes":[]}],"jetpack_sharing_enabled":true,"_links":{"self":[{"href":"https:\/\/soclose.mx\/blog\/wp-json\/wp\/v2\/posts\/9317","targetHints":{"allow":["GET"]}}],"collection":[{"href":"https:\/\/soclose.mx\/blog\/wp-json\/wp\/v2\/posts"}],"about":[{"href":"https:\/\/soclose.mx\/blog\/wp-json\/wp\/v2\/types\/post"}],"author":[{"embeddable":true,"href":"https:\/\/soclose.mx\/blog\/wp-json\/wp\/v2\/users\/8"}],"replies":[{"embeddable":true,"href":"https:\/\/soclose.mx\/blog\/wp-json\/wp\/v2\/comments?post=9317"}],"version-history":[{"count":0,"href":"https:\/\/soclose.mx\/blog\/wp-json\/wp\/v2\/posts\/9317\/revisions"}],"wp:featuredmedia":[{"embeddable":true,"href":"https:\/\/soclose.mx\/blog\/wp-json\/wp\/v2\/media\/9319"}],"wp:attachment":[{"href":"https:\/\/soclose.mx\/blog\/wp-json\/wp\/v2\/media?parent=9317"}],"wp:term":[{"taxonomy":"category","embeddable":true,"href":"https:\/\/soclose.mx\/blog\/wp-json\/wp\/v2\/categories?post=9317"},{"taxonomy":"post_tag","embeddable":true,"href":"https:\/\/soclose.mx\/blog\/wp-json\/wp\/v2\/tags?post=9317"}],"curies":[{"name":"wp","href":"https:\/\/api.w.org\/{rel}","templated":true}]}}