{"id":9344,"date":"2022-04-28T08:53:38","date_gmt":"2022-04-28T13:53:38","guid":{"rendered":"https:\/\/soclose.mx\/blog\/?p=9344"},"modified":"2022-04-13T21:06:02","modified_gmt":"2022-04-14T02:06:02","slug":"aunque-no-lo-creas-mexico-tenia-su-propio-papa-autonomo","status":"publish","type":"post","link":"https:\/\/soclose.mx\/blog\/ay-goeeee\/aunque-no-lo-creas-mexico-tenia-su-propio-papa-autonomo\/","title":{"rendered":"Aunque no lo creas, M\u00e9xico ten\u00eda su propio \u2018papa\u2019 aut\u00f3nomo"},"content":{"rendered":"<p>Aunque parezca dif\u00edcil de creer, en el siglo XX, <strong>M\u00e9xico<\/strong> dio a luz una instituci\u00f3n religiosa que compet\u00eda frontalmente contra la autoridad del Papa de Roma. Se trata de la <strong>Iglesia Ortodoxa Cat\u00f3lica Apost\u00f3lica Mexicana<\/strong>\u00a0o\u00a0<strong>Iglesia Cat\u00f3lica Apost\u00f3lica Mexicana<\/strong>.<\/p>\n<p>El movimiento que fue liderado por <strong>Jos\u00e9 Joaqu\u00edn P\u00e9rez Budar <\/strong>fue una consecuencia secundaria de la\u00a0<strong><a href=\"https:\/\/soclose.mx\/blog\/?s=independencia\" target=\"_blank\" rel=\"noopener\">Independencia de M\u00e9xico<\/a>.<\/strong><\/p>\n<p>La diversidad religiosa beneficiaba la cruzada del gobierno, por lo cual r\u00e1pidamente se reconoci\u00f3 la alternativa fundada por <strong>P\u00e9rez Budar<\/strong>. Por su parte,\u00a0el clero romano respondi\u00f3 excomulgado a P\u00e9rez y a su feligres\u00eda.<\/p>\n<p>Entre las principales caracter\u00edsticas de la<strong>\u00a0Iglesia cat\u00f3lica apost\u00f3lica mexicana se encontraban:<\/strong><\/p>\n<ul>\n<li>Libertad de interpretaci\u00f3n de la Biblia.<\/li>\n<li>Liturgia exclusivamente en espa\u00f1ol.<\/li>\n<li>Abolici\u00f3n del celibato.<\/li>\n<li>Actividades gratuitas con exclusivamente voluntarios<\/li>\n<li>Los sacerdotes deb\u00edan tener un empleo civil, no pod\u00edan vivir de las limosnas donadas por los fieles.<\/li>\n<li>Veneraci\u00f3n a los santos y a la Virgen Mar\u00eda.<\/li>\n<\/ul>\n<p>El 22 de febrero de 1925, la iglesia mexicana intent\u00f3 realizar su primera misa. Aunque la iglesia se abarrot\u00f3, fieles romanos infiltrados intentaron linchar al <strong>padre Manuel Luis Monge<\/strong>, encargado de oficiar la liturgia. En los meses siguientes la iglesia mexicana sigui\u00f3 ganando fieles.<\/p>\n<p><img data-recalc-dims=\"1\" fetchpriority=\"high\" decoding=\"async\" class=\"alignnone wp-image-9348 size-large\" src=\"https:\/\/i0.wp.com\/soclose.mx\/blog\/wp-content\/uploads\/2022\/03\/2014-12-10-07.46.35-1.jpg?resize=1024%2C846&#038;ssl=1\" alt=\"\" width=\"1024\" height=\"846\" srcset=\"https:\/\/i0.wp.com\/soclose.mx\/blog\/wp-content\/uploads\/2022\/03\/2014-12-10-07.46.35-1.jpg?resize=1024%2C846&amp;ssl=1 1024w, https:\/\/i0.wp.com\/soclose.mx\/blog\/wp-content\/uploads\/2022\/03\/2014-12-10-07.46.35-1.jpg?resize=300%2C248&amp;ssl=1 300w, https:\/\/i0.wp.com\/soclose.mx\/blog\/wp-content\/uploads\/2022\/03\/2014-12-10-07.46.35-1.jpg?resize=768%2C635&amp;ssl=1 768w, https:\/\/i0.wp.com\/soclose.mx\/blog\/wp-content\/uploads\/2022\/03\/2014-12-10-07.46.35-1.jpg?resize=1536%2C1269&amp;ssl=1 1536w, https:\/\/i0.wp.com\/soclose.mx\/blog\/wp-content\/uploads\/2022\/03\/2014-12-10-07.46.35-1.jpg?resize=1170%2C967&amp;ssl=1 1170w, https:\/\/i0.wp.com\/soclose.mx\/blog\/wp-content\/uploads\/2022\/03\/2014-12-10-07.46.35-1.jpg?resize=585%2C483&amp;ssl=1 585w, https:\/\/i0.wp.com\/soclose.mx\/blog\/wp-content\/uploads\/2022\/03\/2014-12-10-07.46.35-1.jpg?w=1600&amp;ssl=1 1600w\" sizes=\"(max-width: 1024px) 100vw, 1024px\" \/><\/p>\n<p><strong>P\u00e9rez Budar<\/strong> muri\u00f3 en 1931, se reconcili\u00f3 con el catolicismo romano y la iglesia mexicana se debilit\u00f3, <strong>Jos\u00e9 Eduardo D\u00e1vila<\/strong>\u00a0se convirti\u00f3 en el primer papa mexicano bajo el nombre de<strong> Eduardo I, <\/strong>quien a los ojos de algunos fue un disparate.<\/p>\n<p>Tiempo despu\u00e9s, Eduardo dej\u00f3 de llamarse Papa y con el tiempo su iglesia desapareci\u00f3.<\/p>\n","protected":false},"excerpt":{"rendered":"<p>Aunque parezca dif\u00edcil de creer, en el siglo XX, M\u00e9xico dio a luz una instituci\u00f3n religiosa que compet\u00eda frontalmente contra la autoridad del Papa de Roma. Se trata de la Iglesia Ortodoxa Cat\u00f3lica Apost\u00f3lica Mexicana\u00a0o\u00a0Iglesia Cat\u00f3lica Apost\u00f3lica Mexicana. El movimiento que fue liderado por Jos\u00e9 Joaqu\u00edn P\u00e9rez Budar fue una consecuencia secundaria de la\u00a0Independencia de M\u00e9xico. La diversidad religiosa beneficiaba la cruzada del gobierno, por lo cual r\u00e1pidamente se reconoci\u00f3 la alternativa fundada por P\u00e9rez Budar. Por su parte,\u00a0el clero romano respondi\u00f3 excomulgado a P\u00e9rez y a su feligres\u00eda. Entre las principales caracter\u00edsticas de la\u00a0Iglesia cat\u00f3lica apost\u00f3lica mexicana se encontraban:<\/p>\n","protected":false},"author":8,"featured_media":9347,"comment_status":"open","ping_status":"open","sticky":false,"template":"","format":"standard","meta":{"_jetpack_memberships_contains_paid_content":false,"footnotes":""},"categories":[1],"tags":[1848,578,1847],"class_list":["post-9344","post","type-post","status-publish","format-standard","has-post-thumbnail","hentry","category-ay-goeeee","tag-iglesia","tag-mexico","tag-papa"],"yoast_head":"<!-- This site is optimized with the Yoast SEO plugin v26.7 - https:\/\/yoast.com\/wordpress\/plugins\/seo\/ -->\n<title>Aunque no lo creas, M\u00e9xico ten\u00eda su propio \u2018papa\u2019 aut\u00f3nomo - So Close<\/title>\n<meta name=\"description\" content=\"El movimiento fue liderado por Jos\u00e9 Joaqu\u00edn P\u00e9rez Budar fue una consecuencia secundaria de la\u00a0Independencia de M\u00e9xico.\" \/>\n<meta name=\"robots\" content=\"index, follow, max-snippet:-1, max-image-preview:large, max-video-preview:-1\" \/>\n<link rel=\"canonical\" href=\"https:\/\/soclose.mx\/blog\/tag\/juan-rulfo-frases-mujeres\/\" \/>\n<meta property=\"og:locale\" content=\"es_MX\" \/>\n<meta property=\"og:type\" content=\"article\" \/>\n<meta property=\"og:title\" content=\"Aunque no lo creas, M\u00e9xico ten\u00eda su propio \u2018papa\u2019 aut\u00f3nomo - So Close\" \/>\n<meta property=\"og:description\" content=\"El movimiento fue liderado por Jos\u00e9 Joaqu\u00edn P\u00e9rez Budar fue una consecuencia secundaria de la\u00a0Independencia de M\u00e9xico.\" \/>\n<meta property=\"og:url\" content=\"https:\/\/soclose.mx\/blog\/tag\/juan-rulfo-frases-mujeres\/\" \/>\n<meta property=\"og:site_name\" content=\"So Close\" \/>\n<meta property=\"article:author\" content=\"www.facebook.com\/mikexever\/\" \/>\n<meta property=\"article:published_time\" content=\"2022-04-28T13:53:38+00:00\" \/>\n<meta property=\"og:image\" content=\"https:\/\/i0.wp.com\/soclose.mx\/blog\/wp-content\/uploads\/2022\/03\/Copia-de-Principal-So-Close-blog-3-9.png?fit=1240%2C700&ssl=1\" \/>\n\t<meta property=\"og:image:width\" content=\"1240\" \/>\n\t<meta property=\"og:image:height\" content=\"700\" \/>\n\t<meta property=\"og:image:type\" content=\"image\/png\" \/>\n<meta name=\"author\" content=\"Miguel Angel Romero\" \/>\n<meta name=\"twitter:card\" content=\"summary_large_image\" \/>\n<meta name=\"twitter:creator\" content=\"@Mikerecomienda\" \/>\n<meta name=\"twitter:label1\" content=\"Escrito por\" \/>\n\t<meta name=\"twitter:data1\" content=\"Miguel Angel Romero\" \/>\n\t<meta name=\"twitter:label2\" content=\"Tiempo de lectura\" \/>\n\t<meta name=\"twitter:data2\" content=\"2 minutos\" \/>\n<script type=\"application\/ld+json\" class=\"yoast-schema-graph\">{\"@context\":\"https:\/\/schema.org\",\"@graph\":[{\"@type\":\"Article\",\"@id\":\"https:\/\/soclose.mx\/blog\/tag\/juan-rulfo-frases-mujeres\/#article\",\"isPartOf\":{\"@id\":\"https:\/\/soclose.mx\/blog\/tag\/juan-rulfo-frases-mujeres\/\"},\"author\":{\"name\":\"Miguel Angel Romero\",\"@id\":\"https:\/\/soclose.mx\/blog\/#\/schema\/person\/cddec6ccd5d7037d286395fb411e23f1\"},\"headline\":\"Aunque no lo creas, M\u00e9xico ten\u00eda su propio \u2018papa\u2019 aut\u00f3nomo\",\"datePublished\":\"2022-04-28T13:53:38+00:00\",\"mainEntityOfPage\":{\"@id\":\"https:\/\/soclose.mx\/blog\/tag\/juan-rulfo-frases-mujeres\/\"},\"wordCount\":287,\"commentCount\":0,\"publisher\":{\"@id\":\"https:\/\/soclose.mx\/blog\/#organization\"},\"image\":{\"@id\":\"https:\/\/soclose.mx\/blog\/tag\/juan-rulfo-frases-mujeres\/#primaryimage\"},\"thumbnailUrl\":\"https:\/\/i0.wp.com\/soclose.mx\/blog\/wp-content\/uploads\/2022\/03\/Copia-de-Principal-So-Close-blog-3-9.png?fit=1240%2C700&ssl=1\",\"keywords\":[\"iglesia\",\"mexico\",\"papa\"],\"articleSection\":[\"\u00a1Ay goeeee!\"],\"inLanguage\":\"es\",\"potentialAction\":[{\"@type\":\"CommentAction\",\"name\":\"Comment\",\"target\":[\"https:\/\/soclose.mx\/blog\/tag\/juan-rulfo-frases-mujeres\/#respond\"]}]},{\"@type\":\"WebPage\",\"@id\":\"https:\/\/soclose.mx\/blog\/tag\/juan-rulfo-frases-mujeres\/\",\"url\":\"https:\/\/soclose.mx\/blog\/tag\/juan-rulfo-frases-mujeres\/\",\"name\":\"Aunque no lo creas, M\u00e9xico ten\u00eda su propio \u2018papa\u2019 aut\u00f3nomo - So Close\",\"isPartOf\":{\"@id\":\"https:\/\/soclose.mx\/blog\/#website\"},\"primaryImageOfPage\":{\"@id\":\"https:\/\/soclose.mx\/blog\/tag\/juan-rulfo-frases-mujeres\/#primaryimage\"},\"image\":{\"@id\":\"https:\/\/soclose.mx\/blog\/tag\/juan-rulfo-frases-mujeres\/#primaryimage\"},\"thumbnailUrl\":\"https:\/\/i0.wp.com\/soclose.mx\/blog\/wp-content\/uploads\/2022\/03\/Copia-de-Principal-So-Close-blog-3-9.png?fit=1240%2C700&ssl=1\",\"datePublished\":\"2022-04-28T13:53:38+00:00\",\"description\":\"El movimiento fue liderado por Jos\u00e9 Joaqu\u00edn P\u00e9rez Budar fue una consecuencia secundaria de la\u00a0Independencia de M\u00e9xico.\",\"breadcrumb\":{\"@id\":\"https:\/\/soclose.mx\/blog\/tag\/juan-rulfo-frases-mujeres\/#breadcrumb\"},\"inLanguage\":\"es\",\"potentialAction\":[{\"@type\":\"ReadAction\",\"target\":[\"https:\/\/soclose.mx\/blog\/tag\/juan-rulfo-frases-mujeres\/\"]}]},{\"@type\":\"ImageObject\",\"inLanguage\":\"es\",\"@id\":\"https:\/\/soclose.mx\/blog\/tag\/juan-rulfo-frases-mujeres\/#primaryimage\",\"url\":\"https:\/\/i0.wp.com\/soclose.mx\/blog\/wp-content\/uploads\/2022\/03\/Copia-de-Principal-So-Close-blog-3-9.png?fit=1240%2C700&ssl=1\",\"contentUrl\":\"https:\/\/i0.wp.com\/soclose.mx\/blog\/wp-content\/uploads\/2022\/03\/Copia-de-Principal-So-Close-blog-3-9.png?fit=1240%2C700&ssl=1\",\"width\":1240,\"height\":700},{\"@type\":\"BreadcrumbList\",\"@id\":\"https:\/\/soclose.mx\/blog\/tag\/juan-rulfo-frases-mujeres\/#breadcrumb\",\"itemListElement\":[{\"@type\":\"ListItem\",\"position\":1,\"name\":\"Inicio\",\"item\":\"https:\/\/soclose.mx\/blog\/\"},{\"@type\":\"ListItem\",\"position\":2,\"name\":\"Aunque no lo creas, M\u00e9xico ten\u00eda su propio \u2018papa\u2019 aut\u00f3nomo\"}]},{\"@type\":\"WebSite\",\"@id\":\"https:\/\/soclose.mx\/blog\/#website\",\"url\":\"https:\/\/soclose.mx\/blog\/\",\"name\":\"So Close\",\"description\":\"Hacemos contenidos de M\u00e9xico\",\"publisher\":{\"@id\":\"https:\/\/soclose.mx\/blog\/#organization\"},\"potentialAction\":[{\"@type\":\"SearchAction\",\"target\":{\"@type\":\"EntryPoint\",\"urlTemplate\":\"https:\/\/soclose.mx\/blog\/?s={search_term_string}\"},\"query-input\":{\"@type\":\"PropertyValueSpecification\",\"valueRequired\":true,\"valueName\":\"search_term_string\"}}],\"inLanguage\":\"es\"},{\"@type\":\"Organization\",\"@id\":\"https:\/\/soclose.mx\/blog\/#organization\",\"name\":\"So Close\",\"url\":\"https:\/\/soclose.mx\/blog\/\",\"logo\":{\"@type\":\"ImageObject\",\"inLanguage\":\"es\",\"@id\":\"https:\/\/soclose.mx\/blog\/#\/schema\/logo\/image\/\",\"url\":\"https:\/\/i0.wp.com\/soclose.mx\/blog\/wp-content\/uploads\/2020\/12\/LOGO_SOCLOSE_COLOR-e1608310133507.png?fit=2858%2C1264&ssl=1\",\"contentUrl\":\"https:\/\/i0.wp.com\/soclose.mx\/blog\/wp-content\/uploads\/2020\/12\/LOGO_SOCLOSE_COLOR-e1608310133507.png?fit=2858%2C1264&ssl=1\",\"width\":2858,\"height\":1264,\"caption\":\"So Close\"},\"image\":{\"@id\":\"https:\/\/soclose.mx\/blog\/#\/schema\/logo\/image\/\"}},{\"@type\":\"Person\",\"@id\":\"https:\/\/soclose.mx\/blog\/#\/schema\/person\/cddec6ccd5d7037d286395fb411e23f1\",\"name\":\"Miguel Angel Romero\",\"image\":{\"@type\":\"ImageObject\",\"inLanguage\":\"es\",\"@id\":\"https:\/\/soclose.mx\/blog\/#\/schema\/person\/image\/\",\"url\":\"https:\/\/secure.gravatar.com\/avatar\/45b44006b4f93497bb24d251f77bc39385015bfa120582412df580dbfcbb14f3?s=96&d=mm&r=g\",\"contentUrl\":\"https:\/\/secure.gravatar.com\/avatar\/45b44006b4f93497bb24d251f77bc39385015bfa120582412df580dbfcbb14f3?s=96&d=mm&r=g\",\"caption\":\"Miguel Angel Romero\"},\"sameAs\":[\"http:\/\/\/mikexever.blogspot.com\/\",\"www.facebook.com\/mikexever\/\",\"https:\/\/x.com\/Mikerecomienda\"],\"url\":\"https:\/\/soclose.mx\/blog\/author\/mike\/\"}]}<\/script>\n<!-- \/ Yoast SEO plugin. -->","yoast_head_json":{"title":"Aunque no lo creas, M\u00e9xico ten\u00eda su propio \u2018papa\u2019 aut\u00f3nomo - So Close","description":"El movimiento fue liderado por Jos\u00e9 Joaqu\u00edn P\u00e9rez Budar fue una consecuencia secundaria de la\u00a0Independencia de M\u00e9xico.","robots":{"index":"index","follow":"follow","max-snippet":"max-snippet:-1","max-image-preview":"max-image-preview:large","max-video-preview":"max-video-preview:-1"},"canonical":"https:\/\/soclose.mx\/blog\/tag\/juan-rulfo-frases-mujeres\/","og_locale":"es_MX","og_type":"article","og_title":"Aunque no lo creas, M\u00e9xico ten\u00eda su propio \u2018papa\u2019 aut\u00f3nomo - So Close","og_description":"El movimiento fue liderado por Jos\u00e9 Joaqu\u00edn P\u00e9rez Budar fue una consecuencia secundaria de la\u00a0Independencia de M\u00e9xico.","og_url":"https:\/\/soclose.mx\/blog\/tag\/juan-rulfo-frases-mujeres\/","og_site_name":"So Close","article_author":"www.facebook.com\/mikexever\/","article_published_time":"2022-04-28T13:53:38+00:00","og_image":[{"width":1240,"height":700,"url":"https:\/\/i0.wp.com\/soclose.mx\/blog\/wp-content\/uploads\/2022\/03\/Copia-de-Principal-So-Close-blog-3-9.png?fit=1240%2C700&ssl=1","type":"image\/png"}],"author":"Miguel Angel Romero","twitter_card":"summary_large_image","twitter_creator":"@Mikerecomienda","twitter_misc":{"Escrito por":"Miguel Angel Romero","Tiempo de lectura":"2 minutos"},"schema":{"@context":"https:\/\/schema.org","@graph":[{"@type":"Article","@id":"https:\/\/soclose.mx\/blog\/tag\/juan-rulfo-frases-mujeres\/#article","isPartOf":{"@id":"https:\/\/soclose.mx\/blog\/tag\/juan-rulfo-frases-mujeres\/"},"author":{"name":"Miguel Angel Romero","@id":"https:\/\/soclose.mx\/blog\/#\/schema\/person\/cddec6ccd5d7037d286395fb411e23f1"},"headline":"Aunque no lo creas, M\u00e9xico ten\u00eda su propio \u2018papa\u2019 aut\u00f3nomo","datePublished":"2022-04-28T13:53:38+00:00","mainEntityOfPage":{"@id":"https:\/\/soclose.mx\/blog\/tag\/juan-rulfo-frases-mujeres\/"},"wordCount":287,"commentCount":0,"publisher":{"@id":"https:\/\/soclose.mx\/blog\/#organization"},"image":{"@id":"https:\/\/soclose.mx\/blog\/tag\/juan-rulfo-frases-mujeres\/#primaryimage"},"thumbnailUrl":"https:\/\/i0.wp.com\/soclose.mx\/blog\/wp-content\/uploads\/2022\/03\/Copia-de-Principal-So-Close-blog-3-9.png?fit=1240%2C700&ssl=1","keywords":["iglesia","mexico","papa"],"articleSection":["\u00a1Ay goeeee!"],"inLanguage":"es","potentialAction":[{"@type":"CommentAction","name":"Comment","target":["https:\/\/soclose.mx\/blog\/tag\/juan-rulfo-frases-mujeres\/#respond"]}]},{"@type":"WebPage","@id":"https:\/\/soclose.mx\/blog\/tag\/juan-rulfo-frases-mujeres\/","url":"https:\/\/soclose.mx\/blog\/tag\/juan-rulfo-frases-mujeres\/","name":"Aunque no lo creas, M\u00e9xico ten\u00eda su propio \u2018papa\u2019 aut\u00f3nomo - So Close","isPartOf":{"@id":"https:\/\/soclose.mx\/blog\/#website"},"primaryImageOfPage":{"@id":"https:\/\/soclose.mx\/blog\/tag\/juan-rulfo-frases-mujeres\/#primaryimage"},"image":{"@id":"https:\/\/soclose.mx\/blog\/tag\/juan-rulfo-frases-mujeres\/#primaryimage"},"thumbnailUrl":"https:\/\/i0.wp.com\/soclose.mx\/blog\/wp-content\/uploads\/2022\/03\/Copia-de-Principal-So-Close-blog-3-9.png?fit=1240%2C700&ssl=1","datePublished":"2022-04-28T13:53:38+00:00","description":"El movimiento fue liderado por Jos\u00e9 Joaqu\u00edn P\u00e9rez Budar fue una consecuencia secundaria de la\u00a0Independencia de M\u00e9xico.","breadcrumb":{"@id":"https:\/\/soclose.mx\/blog\/tag\/juan-rulfo-frases-mujeres\/#breadcrumb"},"inLanguage":"es","potentialAction":[{"@type":"ReadAction","target":["https:\/\/soclose.mx\/blog\/tag\/juan-rulfo-frases-mujeres\/"]}]},{"@type":"ImageObject","inLanguage":"es","@id":"https:\/\/soclose.mx\/blog\/tag\/juan-rulfo-frases-mujeres\/#primaryimage","url":"https:\/\/i0.wp.com\/soclose.mx\/blog\/wp-content\/uploads\/2022\/03\/Copia-de-Principal-So-Close-blog-3-9.png?fit=1240%2C700&ssl=1","contentUrl":"https:\/\/i0.wp.com\/soclose.mx\/blog\/wp-content\/uploads\/2022\/03\/Copia-de-Principal-So-Close-blog-3-9.png?fit=1240%2C700&ssl=1","width":1240,"height":700},{"@type":"BreadcrumbList","@id":"https:\/\/soclose.mx\/blog\/tag\/juan-rulfo-frases-mujeres\/#breadcrumb","itemListElement":[{"@type":"ListItem","position":1,"name":"Inicio","item":"https:\/\/soclose.mx\/blog\/"},{"@type":"ListItem","position":2,"name":"Aunque no lo creas, M\u00e9xico ten\u00eda su propio \u2018papa\u2019 aut\u00f3nomo"}]},{"@type":"WebSite","@id":"https:\/\/soclose.mx\/blog\/#website","url":"https:\/\/soclose.mx\/blog\/","name":"So Close","description":"Hacemos contenidos de M\u00e9xico","publisher":{"@id":"https:\/\/soclose.mx\/blog\/#organization"},"potentialAction":[{"@type":"SearchAction","target":{"@type":"EntryPoint","urlTemplate":"https:\/\/soclose.mx\/blog\/?s={search_term_string}"},"query-input":{"@type":"PropertyValueSpecification","valueRequired":true,"valueName":"search_term_string"}}],"inLanguage":"es"},{"@type":"Organization","@id":"https:\/\/soclose.mx\/blog\/#organization","name":"So Close","url":"https:\/\/soclose.mx\/blog\/","logo":{"@type":"ImageObject","inLanguage":"es","@id":"https:\/\/soclose.mx\/blog\/#\/schema\/logo\/image\/","url":"https:\/\/i0.wp.com\/soclose.mx\/blog\/wp-content\/uploads\/2020\/12\/LOGO_SOCLOSE_COLOR-e1608310133507.png?fit=2858%2C1264&ssl=1","contentUrl":"https:\/\/i0.wp.com\/soclose.mx\/blog\/wp-content\/uploads\/2020\/12\/LOGO_SOCLOSE_COLOR-e1608310133507.png?fit=2858%2C1264&ssl=1","width":2858,"height":1264,"caption":"So Close"},"image":{"@id":"https:\/\/soclose.mx\/blog\/#\/schema\/logo\/image\/"}},{"@type":"Person","@id":"https:\/\/soclose.mx\/blog\/#\/schema\/person\/cddec6ccd5d7037d286395fb411e23f1","name":"Miguel Angel Romero","image":{"@type":"ImageObject","inLanguage":"es","@id":"https:\/\/soclose.mx\/blog\/#\/schema\/person\/image\/","url":"https:\/\/secure.gravatar.com\/avatar\/45b44006b4f93497bb24d251f77bc39385015bfa120582412df580dbfcbb14f3?s=96&d=mm&r=g","contentUrl":"https:\/\/secure.gravatar.com\/avatar\/45b44006b4f93497bb24d251f77bc39385015bfa120582412df580dbfcbb14f3?s=96&d=mm&r=g","caption":"Miguel Angel Romero"},"sameAs":["http:\/\/\/mikexever.blogspot.com\/","www.facebook.com\/mikexever\/","https:\/\/x.com\/Mikerecomienda"],"url":"https:\/\/soclose.mx\/blog\/author\/mike\/"}]}},"jetpack_featured_media_url":"https:\/\/i0.wp.com\/soclose.mx\/blog\/wp-content\/uploads\/2022\/03\/Copia-de-Principal-So-Close-blog-3-9.png?fit=1240%2C700&ssl=1","jetpack-related-posts":[{"id":12199,"url":"https:\/\/soclose.mx\/blog\/mitos-y-leyendas-mexicanos\/santa-muerte-como-se-venera-mexico\/","url_meta":{"origin":9344,"position":0},"title":"Ni\u00f1a Blanca: La Santa Muerte y c\u00f3mo se venera en M\u00e9xico\u00a0","author":"Emmanuel Oviedo","date":"7 agosto, 2023","format":false,"excerpt":"Con el fin del mes de octubre y la llegada de noviembre, en M\u00e9xico aumentan las diversas expresiones para festejar a la huesuda; porque, a decir verdad, el mexicano festeja a la muerte todos los d\u00edas, \u00a0se r\u00ede de ella y hasta la venera mediante s\u00edmbolos como la ni\u00f1a blanca\u2026","rel":"","context":"En &quot;\u00a1Ay nanita!&quot;","block_context":{"text":"\u00a1Ay nanita!","link":"https:\/\/soclose.mx\/blog\/category\/mitos-y-leyendas-mexicanos\/"},"img":{"alt_text":"Santa Muerte como se venera en M\u00e9xico","src":"https:\/\/i0.wp.com\/soclose.mx\/blog\/wp-content\/uploads\/2023\/07\/51004347327_a9857c3c18_k.jpg?fit=1200%2C806&ssl=1&resize=350%2C200","width":350,"height":200,"srcset":"https:\/\/i0.wp.com\/soclose.mx\/blog\/wp-content\/uploads\/2023\/07\/51004347327_a9857c3c18_k.jpg?fit=1200%2C806&ssl=1&resize=350%2C200 1x, https:\/\/i0.wp.com\/soclose.mx\/blog\/wp-content\/uploads\/2023\/07\/51004347327_a9857c3c18_k.jpg?fit=1200%2C806&ssl=1&resize=525%2C300 1.5x, https:\/\/i0.wp.com\/soclose.mx\/blog\/wp-content\/uploads\/2023\/07\/51004347327_a9857c3c18_k.jpg?fit=1200%2C806&ssl=1&resize=700%2C400 2x, https:\/\/i0.wp.com\/soclose.mx\/blog\/wp-content\/uploads\/2023\/07\/51004347327_a9857c3c18_k.jpg?fit=1200%2C806&ssl=1&resize=1050%2C600 3x"},"classes":[]},{"id":7978,"url":"https:\/\/soclose.mx\/blog\/lugares\/templos-en-el-mundo-donde-la-la-virgen-de-guadalupe-es-venerada\/","url_meta":{"origin":9344,"position":1},"title":"Templos en el mundo donde la Virgen de Guadalupe es venerada","author":"Miguel Angel Romero","date":"24 noviembre, 2025","format":false,"excerpt":"La Bas\u00edlica de Santa Mar\u00eda de Guadalupe, en la CDMX, es el santuario principal de la Morenita, pero no es el \u00fanico lugar donde podemos encontrarnos una imagen de la popular virgen. La devoci\u00f3n a la\u00a0Virgen de Guadalupe\u00a0no es exclusiva de los mexicanos, pues se ha extendido a varios pa\u00edses\u2026","rel":"","context":"En &quot;\u00a1Ay goeeee!&quot;","block_context":{"text":"\u00a1Ay goeeee!","link":"https:\/\/soclose.mx\/blog\/category\/ay-goeeee\/"},"img":{"alt_text":"","src":"https:\/\/i0.wp.com\/soclose.mx\/blog\/wp-content\/uploads\/2021\/11\/Copia-de-Principal-So-Close-blog-16.png?fit=1200%2C677&ssl=1&resize=350%2C200","width":350,"height":200,"srcset":"https:\/\/i0.wp.com\/soclose.mx\/blog\/wp-content\/uploads\/2021\/11\/Copia-de-Principal-So-Close-blog-16.png?fit=1200%2C677&ssl=1&resize=350%2C200 1x, https:\/\/i0.wp.com\/soclose.mx\/blog\/wp-content\/uploads\/2021\/11\/Copia-de-Principal-So-Close-blog-16.png?fit=1200%2C677&ssl=1&resize=525%2C300 1.5x, https:\/\/i0.wp.com\/soclose.mx\/blog\/wp-content\/uploads\/2021\/11\/Copia-de-Principal-So-Close-blog-16.png?fit=1200%2C677&ssl=1&resize=700%2C400 2x, https:\/\/i0.wp.com\/soclose.mx\/blog\/wp-content\/uploads\/2021\/11\/Copia-de-Principal-So-Close-blog-16.png?fit=1200%2C677&ssl=1&resize=1050%2C600 3x"},"classes":[]},{"id":11383,"url":"https:\/\/soclose.mx\/blog\/a-la-mexicana\/semana-santa-santos-cubiertos-iglesias\/","url_meta":{"origin":9344,"position":2},"title":"Semana Santa: \u00bfPor qu\u00e9 cubren con un manto a los santos?","author":"Mar\u00eda Ju\u00e1rez","date":"5 marzo, 2025","format":false,"excerpt":"Si eres un mexicano cat\u00f3lico y observador, te habr\u00e1s dado cuenta que durante la Semana Santa las im\u00e1genes \u00a0de los santos de los templos o iglesias son cubiertas con un manto color morado, usado durante los tiempos penitenciales de la Iglesia. \u00bfQu\u00e9 significado tiene esa acci\u00f3n dentro de la Iglesia?\u2026","rel":"","context":"En &quot;A la mexicana&quot;","block_context":{"text":"A la mexicana","link":"https:\/\/soclose.mx\/blog\/category\/a-la-mexicana\/"},"img":{"alt_text":"Semana Santa","src":"https:\/\/i0.wp.com\/soclose.mx\/blog\/wp-content\/uploads\/2023\/03\/Semana-Santa-2023-santos-manto-iglesia.jpg?fit=1200%2C759&ssl=1&resize=350%2C200","width":350,"height":200,"srcset":"https:\/\/i0.wp.com\/soclose.mx\/blog\/wp-content\/uploads\/2023\/03\/Semana-Santa-2023-santos-manto-iglesia.jpg?fit=1200%2C759&ssl=1&resize=350%2C200 1x, https:\/\/i0.wp.com\/soclose.mx\/blog\/wp-content\/uploads\/2023\/03\/Semana-Santa-2023-santos-manto-iglesia.jpg?fit=1200%2C759&ssl=1&resize=525%2C300 1.5x, https:\/\/i0.wp.com\/soclose.mx\/blog\/wp-content\/uploads\/2023\/03\/Semana-Santa-2023-santos-manto-iglesia.jpg?fit=1200%2C759&ssl=1&resize=700%2C400 2x, https:\/\/i0.wp.com\/soclose.mx\/blog\/wp-content\/uploads\/2023\/03\/Semana-Santa-2023-santos-manto-iglesia.jpg?fit=1200%2C759&ssl=1&resize=1050%2C600 3x"},"classes":[]},{"id":11573,"url":"https:\/\/soclose.mx\/blog\/lugares\/turismo-religioso-destinos-cdmx\/","url_meta":{"origin":9344,"position":3},"title":"Turismo religioso: Cinco destinos para conocer en la CDMX","author":"Mar\u00eda Ju\u00e1rez","date":"25 marzo, 2024","format":false,"excerpt":"El turismo religioso en M\u00e9xico es una opci\u00f3n que siempre est\u00e1 vigente, los recintos pueden ser visitados casi en cualquier temporada del a\u00f1o ya que permanecen abiertos a los miles de visitantes que cada d\u00eda disfrutan de la Ciudad de M\u00e9xico (CDMX). Los lugares que a continuaci\u00f3n te vamos a\u2026","rel":"","context":"En &quot;Lugares&quot;","block_context":{"text":"Lugares","link":"https:\/\/soclose.mx\/blog\/category\/lugares\/"},"img":{"alt_text":"Turismo religioso","src":"https:\/\/i0.wp.com\/soclose.mx\/blog\/wp-content\/uploads\/2023\/04\/Turismo-religioso-CDMX-lugares.jpg?fit=1200%2C787&ssl=1&resize=350%2C200","width":350,"height":200,"srcset":"https:\/\/i0.wp.com\/soclose.mx\/blog\/wp-content\/uploads\/2023\/04\/Turismo-religioso-CDMX-lugares.jpg?fit=1200%2C787&ssl=1&resize=350%2C200 1x, https:\/\/i0.wp.com\/soclose.mx\/blog\/wp-content\/uploads\/2023\/04\/Turismo-religioso-CDMX-lugares.jpg?fit=1200%2C787&ssl=1&resize=525%2C300 1.5x, https:\/\/i0.wp.com\/soclose.mx\/blog\/wp-content\/uploads\/2023\/04\/Turismo-religioso-CDMX-lugares.jpg?fit=1200%2C787&ssl=1&resize=700%2C400 2x, https:\/\/i0.wp.com\/soclose.mx\/blog\/wp-content\/uploads\/2023\/04\/Turismo-religioso-CDMX-lugares.jpg?fit=1200%2C787&ssl=1&resize=1050%2C600 3x"},"classes":[]},{"id":15004,"url":"https:\/\/soclose.mx\/blog\/news-feed\/las-muertes-mas-buscadas-en-google-en-2025\/","url_meta":{"origin":9344,"position":4},"title":"Las muertes m\u00e1s buscadas en Google en 2025","author":"So Close","date":"17 diciembre, 2025","format":false,"excerpt":"En el informe oficial de Google Year in Search 2025, la categor\u00eda \"Personas en Memoria\" (In Memoriam) revel\u00f3 las muertes m\u00e1s buscadas en Google en 2025 que m\u00e1s conmovieron a los mexicanos a lo largo del a\u00f1o. Esta lista refleja el impacto cultural, emocional y noticioso de p\u00e9rdidas irreparables en\u2026","rel":"","context":"En &quot;News feed&quot;","block_context":{"text":"News feed","link":"https:\/\/soclose.mx\/blog\/category\/news-feed\/"},"img":{"alt_text":"Papa Le\u00f3n reza al Papa Francisco","src":"https:\/\/i0.wp.com\/soclose.mx\/blog\/wp-content\/uploads\/2025\/12\/Salma-Hayek-2-1.jpg?fit=1200%2C675&ssl=1&resize=350%2C200","width":350,"height":200,"srcset":"https:\/\/i0.wp.com\/soclose.mx\/blog\/wp-content\/uploads\/2025\/12\/Salma-Hayek-2-1.jpg?fit=1200%2C675&ssl=1&resize=350%2C200 1x, https:\/\/i0.wp.com\/soclose.mx\/blog\/wp-content\/uploads\/2025\/12\/Salma-Hayek-2-1.jpg?fit=1200%2C675&ssl=1&resize=525%2C300 1.5x, https:\/\/i0.wp.com\/soclose.mx\/blog\/wp-content\/uploads\/2025\/12\/Salma-Hayek-2-1.jpg?fit=1200%2C675&ssl=1&resize=700%2C400 2x, https:\/\/i0.wp.com\/soclose.mx\/blog\/wp-content\/uploads\/2025\/12\/Salma-Hayek-2-1.jpg?fit=1200%2C675&ssl=1&resize=1050%2C600 3x"},"classes":[]},{"id":12123,"url":"https:\/\/soclose.mx\/blog\/a-la-mexicana\/virgen-guadalupe-misteriosas-apariciones\/","url_meta":{"origin":9344,"position":5},"title":"La Virgen de Guadalupe y sus misteriosas apariciones","author":"Emmanuel Oviedo","date":"24 noviembre, 2025","format":false,"excerpt":"Cuando se acerca el 12 de diciembre los mexicanos sabemos de la gran celebraci\u00f3n de los feligreses alrededor de La Villa.\u00a0 Y es que de acuerdo con la religi\u00f3n cat\u00f3lica, en el a\u00f1o 1531, apareci\u00f3 en el cerro de Tepeyac la Virgen de Guadalupe, patrona de la fe mexicana. En\u2026","rel":"","context":"En &quot;\u00a1Ay goeeee!&quot;","block_context":{"text":"\u00a1Ay goeeee!","link":"https:\/\/soclose.mx\/blog\/category\/ay-goeeee\/"},"img":{"alt_text":"Virgen de Guadalupe apariciones M\u00e9xico","src":"https:\/\/i0.wp.com\/soclose.mx\/blog\/wp-content\/uploads\/2023\/07\/guadalupe-g08539ef84_1280.jpg?fit=1200%2C800&ssl=1&resize=350%2C200","width":350,"height":200,"srcset":"https:\/\/i0.wp.com\/soclose.mx\/blog\/wp-content\/uploads\/2023\/07\/guadalupe-g08539ef84_1280.jpg?fit=1200%2C800&ssl=1&resize=350%2C200 1x, https:\/\/i0.wp.com\/soclose.mx\/blog\/wp-content\/uploads\/2023\/07\/guadalupe-g08539ef84_1280.jpg?fit=1200%2C800&ssl=1&resize=525%2C300 1.5x, https:\/\/i0.wp.com\/soclose.mx\/blog\/wp-content\/uploads\/2023\/07\/guadalupe-g08539ef84_1280.jpg?fit=1200%2C800&ssl=1&resize=700%2C400 2x, https:\/\/i0.wp.com\/soclose.mx\/blog\/wp-content\/uploads\/2023\/07\/guadalupe-g08539ef84_1280.jpg?fit=1200%2C800&ssl=1&resize=1050%2C600 3x"},"classes":[]}],"jetpack_sharing_enabled":true,"_links":{"self":[{"href":"https:\/\/soclose.mx\/blog\/wp-json\/wp\/v2\/posts\/9344","targetHints":{"allow":["GET"]}}],"collection":[{"href":"https:\/\/soclose.mx\/blog\/wp-json\/wp\/v2\/posts"}],"about":[{"href":"https:\/\/soclose.mx\/blog\/wp-json\/wp\/v2\/types\/post"}],"author":[{"embeddable":true,"href":"https:\/\/soclose.mx\/blog\/wp-json\/wp\/v2\/users\/8"}],"replies":[{"embeddable":true,"href":"https:\/\/soclose.mx\/blog\/wp-json\/wp\/v2\/comments?post=9344"}],"version-history":[{"count":0,"href":"https:\/\/soclose.mx\/blog\/wp-json\/wp\/v2\/posts\/9344\/revisions"}],"wp:featuredmedia":[{"embeddable":true,"href":"https:\/\/soclose.mx\/blog\/wp-json\/wp\/v2\/media\/9347"}],"wp:attachment":[{"href":"https:\/\/soclose.mx\/blog\/wp-json\/wp\/v2\/media?parent=9344"}],"wp:term":[{"taxonomy":"category","embeddable":true,"href":"https:\/\/soclose.mx\/blog\/wp-json\/wp\/v2\/categories?post=9344"},{"taxonomy":"post_tag","embeddable":true,"href":"https:\/\/soclose.mx\/blog\/wp-json\/wp\/v2\/tags?post=9344"}],"curies":[{"name":"wp","href":"https:\/\/api.w.org\/{rel}","templated":true}]}}