{"id":9460,"date":"2022-04-09T09:34:37","date_gmt":"2022-04-09T14:34:37","guid":{"rendered":"https:\/\/soclose.mx\/blog\/?p=9460"},"modified":"2022-03-22T22:53:19","modified_gmt":"2022-03-23T04:53:19","slug":"7-palabras-de-origen-africano-que-heredo-el-espanol","status":"publish","type":"post","link":"https:\/\/soclose.mx\/blog\/ay-goeeee\/7-palabras-de-origen-africano-que-heredo-el-espanol\/","title":{"rendered":"7 Palabras de origen africano que hered\u00f3 el espa\u00f1ol"},"content":{"rendered":"<p>Contrario a lo que suele o sol\u00eda pensarse, en <a href=\"https:\/\/soclose.mx\/blog\/?s=mexico\" target=\"_blank\" rel=\"noopener\"><strong>M\u00e9xico<\/strong><\/a> existe una presencia africana importante, ejemplos de ellos, son la existencia de comunidades afromexicanas, la influencia en danzas \u2013como la <strong>Danza de los diablos<\/strong>\u2013, y varias palabras.<\/p>\n<p>No son miles, como pueden haber marcado su influencia otros idiomas, como el ingl\u00e9s, el italiano, incluso las lenguas amerindias, pero s\u00ed hay y en esta ocasi\u00f3n, enlistamos siete:<\/p>\n<ul>\n<li><strong>Cumbia.<\/strong>\u00a0Existen dos explicaciones. La primera se\u00f1ala que se deriva del Congo\u00a0<em>ngoma, nkumbi<\/em> (tambor) y la segunda la relaciona con un conjunto de palabras congole\u00f1as, relacionadas con rituales danc\u00edsticos.<\/li>\n<li><strong>Mochila<\/strong>. Seg\u00fan una teor\u00eda, esta palabra proviene del africano kikongo y kimbundu (mu)nzila y hace referencia a un tipo de saco utilizado para transportar objetos.<\/li>\n<li><strong>Mucama<\/strong>. Esta palabra se deriva de \u201cmukamba\u00b4\u201d que pertenece al africano kikongo\/kimbundu. Se puede traducirse como \u201ccriada que ayuda en los servicios dom\u00e9sticos\u201d.<\/li>\n<li><strong>Marimba<\/strong>. La marimba es un instrumento musical que proviene de \u00c1frica y que lleg\u00f3 en los tiempos de La Colonia. Su particular sonido influy\u00f3 a la m\u00fasica mexicana y se arraig\u00f3 principalmente en los estados de Chiapas y Tabasco. Marimba proviene del kikongo\/kimbundu\u00a0<strong>madimba<\/strong>.<\/li>\n<li><strong>Macaco.\u00a0<\/strong>Aterriza en el espa\u00f1ol a trav\u00e9s del portugu\u00e9s,\u00a0<em>macaco<\/em>, voz del Congo, que designa una especie de mono. En la lengua original significar\u00eda \u201calgunos monos\u201d.<\/li>\n<li><strong><a href=\"https:\/\/soclose.mx\/blog\/?s=chingar\" target=\"_blank\" rel=\"noopener\">Chingar<\/a><\/strong>. Existen diversas teor\u00edas que explican el origen de esta palabra. Entre ellas tenemos que lleg\u00f3 a M\u00e9xico junto con la poblaci\u00f3n africana durante la \u00e9poca colonial.\u00a0Seg\u00fan esta hip\u00f3tesis, chingar proviene del bant\u00fa \u201ckuxinga\u201d y \u201cmuxinga\u201d, palabras que significan \u201cpelear, reprender y estropear\u201d..<\/li>\n<li><strong>Tanga<\/strong>. La RAE anota que el origen de la palabra es tup\u00ed, lengua mayoritaria de los ind\u00edgenas de Brasil. No obstante, si pesquisamos detenidamente en varios diccionarios de referencia de la lengua portuguesa descubriremos que este complemento de la lencer\u00eda deriva del quimbundo <em>ntanga,<\/em>\u00a0\u201ctrapo\u201d.<\/li>\n<\/ul>\n","protected":false},"excerpt":{"rendered":"<p>Contrario a lo que suele o sol\u00eda pensarse, en M\u00e9xico existe una presencia africana importante, ejemplos de ellos, son la existencia de comunidades afromexicanas, la influencia en danzas \u2013como la Danza de los diablos\u2013, y varias palabras. No son miles, como pueden haber marcado su influencia otros idiomas, como el ingl\u00e9s, el italiano, incluso las lenguas amerindias, pero s\u00ed hay y en esta ocasi\u00f3n, enlistamos siete: Cumbia.\u00a0Existen dos explicaciones. La primera se\u00f1ala que se deriva del Congo\u00a0ngoma, nkumbi (tambor) y la segunda la relaciona con un conjunto de palabras congole\u00f1as, relacionadas con rituales danc\u00edsticos. Mochila. Seg\u00fan una teor\u00eda, esta palabra<\/p>\n","protected":false},"author":8,"featured_media":9461,"comment_status":"open","ping_status":"open","sticky":false,"template":"","format":"standard","meta":{"_jetpack_memberships_contains_paid_content":false,"footnotes":""},"categories":[1],"tags":[1880,1524],"class_list":["post-9460","post","type-post","status-publish","format-standard","has-post-thumbnail","hentry","category-ay-goeeee","tag-africano","tag-palabras"],"yoast_head":"<!-- This site is optimized with the Yoast SEO plugin v26.7 - https:\/\/yoast.com\/wordpress\/plugins\/seo\/ -->\n<title>7 Palabras de origen africano que hered\u00f3 el espa\u00f1ol - So Close<\/title>\n<meta name=\"description\" content=\"Te compartimos algunas palabras que los mexicanos usamos cotidianamente y que son africanismos, es decir, de origen africano.\" \/>\n<meta name=\"robots\" content=\"index, follow, max-snippet:-1, max-image-preview:large, max-video-preview:-1\" \/>\n<link rel=\"canonical\" href=\"https:\/\/soclose.mx\/blog\/tag\/juan-rulfo-frases-mujeres\/\" \/>\n<meta property=\"og:locale\" content=\"es_MX\" \/>\n<meta property=\"og:type\" content=\"article\" \/>\n<meta property=\"og:title\" content=\"7 Palabras de origen africano que hered\u00f3 el espa\u00f1ol - So Close\" \/>\n<meta property=\"og:description\" content=\"Te compartimos algunas palabras que los mexicanos usamos cotidianamente y que son africanismos, es decir, de origen africano.\" \/>\n<meta property=\"og:url\" content=\"https:\/\/soclose.mx\/blog\/tag\/juan-rulfo-frases-mujeres\/\" \/>\n<meta property=\"og:site_name\" content=\"So Close\" \/>\n<meta property=\"article:author\" content=\"www.facebook.com\/mikexever\/\" \/>\n<meta property=\"article:published_time\" content=\"2022-04-09T14:34:37+00:00\" \/>\n<meta property=\"og:image\" content=\"https:\/\/i0.wp.com\/soclose.mx\/blog\/wp-content\/uploads\/2022\/03\/Copia-de-Principal-So-Close-blog-1-16.png?fit=1240%2C700&ssl=1\" \/>\n\t<meta property=\"og:image:width\" content=\"1240\" \/>\n\t<meta property=\"og:image:height\" content=\"700\" \/>\n\t<meta property=\"og:image:type\" content=\"image\/png\" \/>\n<meta name=\"author\" content=\"Miguel Angel Romero\" \/>\n<meta name=\"twitter:card\" content=\"summary_large_image\" \/>\n<meta name=\"twitter:creator\" content=\"@Mikerecomienda\" \/>\n<meta name=\"twitter:label1\" content=\"Escrito por\" \/>\n\t<meta name=\"twitter:data1\" content=\"Miguel Angel Romero\" \/>\n\t<meta name=\"twitter:label2\" content=\"Tiempo de lectura\" \/>\n\t<meta name=\"twitter:data2\" content=\"2 minutos\" \/>\n<script type=\"application\/ld+json\" class=\"yoast-schema-graph\">{\"@context\":\"https:\/\/schema.org\",\"@graph\":[{\"@type\":\"Article\",\"@id\":\"https:\/\/soclose.mx\/blog\/tag\/juan-rulfo-frases-mujeres\/#article\",\"isPartOf\":{\"@id\":\"https:\/\/soclose.mx\/blog\/tag\/juan-rulfo-frases-mujeres\/\"},\"author\":{\"name\":\"Miguel Angel Romero\",\"@id\":\"https:\/\/soclose.mx\/blog\/#\/schema\/person\/cddec6ccd5d7037d286395fb411e23f1\"},\"headline\":\"7 Palabras de origen africano que hered\u00f3 el espa\u00f1ol\",\"datePublished\":\"2022-04-09T14:34:37+00:00\",\"mainEntityOfPage\":{\"@id\":\"https:\/\/soclose.mx\/blog\/tag\/juan-rulfo-frases-mujeres\/\"},\"wordCount\":337,\"commentCount\":0,\"publisher\":{\"@id\":\"https:\/\/soclose.mx\/blog\/#organization\"},\"image\":{\"@id\":\"https:\/\/soclose.mx\/blog\/tag\/juan-rulfo-frases-mujeres\/#primaryimage\"},\"thumbnailUrl\":\"https:\/\/i0.wp.com\/soclose.mx\/blog\/wp-content\/uploads\/2022\/03\/Copia-de-Principal-So-Close-blog-1-16.png?fit=1240%2C700&ssl=1\",\"keywords\":[\"africano\",\"palabras\"],\"articleSection\":[\"\u00a1Ay goeeee!\"],\"inLanguage\":\"es\",\"potentialAction\":[{\"@type\":\"CommentAction\",\"name\":\"Comment\",\"target\":[\"https:\/\/soclose.mx\/blog\/tag\/juan-rulfo-frases-mujeres\/#respond\"]}]},{\"@type\":\"WebPage\",\"@id\":\"https:\/\/soclose.mx\/blog\/tag\/juan-rulfo-frases-mujeres\/\",\"url\":\"https:\/\/soclose.mx\/blog\/tag\/juan-rulfo-frases-mujeres\/\",\"name\":\"7 Palabras de origen africano que hered\u00f3 el espa\u00f1ol - So Close\",\"isPartOf\":{\"@id\":\"https:\/\/soclose.mx\/blog\/#website\"},\"primaryImageOfPage\":{\"@id\":\"https:\/\/soclose.mx\/blog\/tag\/juan-rulfo-frases-mujeres\/#primaryimage\"},\"image\":{\"@id\":\"https:\/\/soclose.mx\/blog\/tag\/juan-rulfo-frases-mujeres\/#primaryimage\"},\"thumbnailUrl\":\"https:\/\/i0.wp.com\/soclose.mx\/blog\/wp-content\/uploads\/2022\/03\/Copia-de-Principal-So-Close-blog-1-16.png?fit=1240%2C700&ssl=1\",\"datePublished\":\"2022-04-09T14:34:37+00:00\",\"description\":\"Te compartimos algunas palabras que los mexicanos usamos cotidianamente y que son africanismos, es decir, de origen africano.\",\"breadcrumb\":{\"@id\":\"https:\/\/soclose.mx\/blog\/tag\/juan-rulfo-frases-mujeres\/#breadcrumb\"},\"inLanguage\":\"es\",\"potentialAction\":[{\"@type\":\"ReadAction\",\"target\":[\"https:\/\/soclose.mx\/blog\/tag\/juan-rulfo-frases-mujeres\/\"]}]},{\"@type\":\"ImageObject\",\"inLanguage\":\"es\",\"@id\":\"https:\/\/soclose.mx\/blog\/tag\/juan-rulfo-frases-mujeres\/#primaryimage\",\"url\":\"https:\/\/i0.wp.com\/soclose.mx\/blog\/wp-content\/uploads\/2022\/03\/Copia-de-Principal-So-Close-blog-1-16.png?fit=1240%2C700&ssl=1\",\"contentUrl\":\"https:\/\/i0.wp.com\/soclose.mx\/blog\/wp-content\/uploads\/2022\/03\/Copia-de-Principal-So-Close-blog-1-16.png?fit=1240%2C700&ssl=1\",\"width\":1240,\"height\":700},{\"@type\":\"BreadcrumbList\",\"@id\":\"https:\/\/soclose.mx\/blog\/tag\/juan-rulfo-frases-mujeres\/#breadcrumb\",\"itemListElement\":[{\"@type\":\"ListItem\",\"position\":1,\"name\":\"Inicio\",\"item\":\"https:\/\/soclose.mx\/blog\/\"},{\"@type\":\"ListItem\",\"position\":2,\"name\":\"7 Palabras de origen africano que hered\u00f3 el espa\u00f1ol\"}]},{\"@type\":\"WebSite\",\"@id\":\"https:\/\/soclose.mx\/blog\/#website\",\"url\":\"https:\/\/soclose.mx\/blog\/\",\"name\":\"So Close\",\"description\":\"Hacemos contenidos de M\u00e9xico\",\"publisher\":{\"@id\":\"https:\/\/soclose.mx\/blog\/#organization\"},\"potentialAction\":[{\"@type\":\"SearchAction\",\"target\":{\"@type\":\"EntryPoint\",\"urlTemplate\":\"https:\/\/soclose.mx\/blog\/?s={search_term_string}\"},\"query-input\":{\"@type\":\"PropertyValueSpecification\",\"valueRequired\":true,\"valueName\":\"search_term_string\"}}],\"inLanguage\":\"es\"},{\"@type\":\"Organization\",\"@id\":\"https:\/\/soclose.mx\/blog\/#organization\",\"name\":\"So Close\",\"url\":\"https:\/\/soclose.mx\/blog\/\",\"logo\":{\"@type\":\"ImageObject\",\"inLanguage\":\"es\",\"@id\":\"https:\/\/soclose.mx\/blog\/#\/schema\/logo\/image\/\",\"url\":\"https:\/\/i0.wp.com\/soclose.mx\/blog\/wp-content\/uploads\/2020\/12\/LOGO_SOCLOSE_COLOR-e1608310133507.png?fit=2858%2C1264&ssl=1\",\"contentUrl\":\"https:\/\/i0.wp.com\/soclose.mx\/blog\/wp-content\/uploads\/2020\/12\/LOGO_SOCLOSE_COLOR-e1608310133507.png?fit=2858%2C1264&ssl=1\",\"width\":2858,\"height\":1264,\"caption\":\"So Close\"},\"image\":{\"@id\":\"https:\/\/soclose.mx\/blog\/#\/schema\/logo\/image\/\"}},{\"@type\":\"Person\",\"@id\":\"https:\/\/soclose.mx\/blog\/#\/schema\/person\/cddec6ccd5d7037d286395fb411e23f1\",\"name\":\"Miguel Angel Romero\",\"image\":{\"@type\":\"ImageObject\",\"inLanguage\":\"es\",\"@id\":\"https:\/\/soclose.mx\/blog\/#\/schema\/person\/image\/\",\"url\":\"https:\/\/secure.gravatar.com\/avatar\/45b44006b4f93497bb24d251f77bc39385015bfa120582412df580dbfcbb14f3?s=96&d=mm&r=g\",\"contentUrl\":\"https:\/\/secure.gravatar.com\/avatar\/45b44006b4f93497bb24d251f77bc39385015bfa120582412df580dbfcbb14f3?s=96&d=mm&r=g\",\"caption\":\"Miguel Angel Romero\"},\"sameAs\":[\"http:\/\/\/mikexever.blogspot.com\/\",\"www.facebook.com\/mikexever\/\",\"https:\/\/x.com\/Mikerecomienda\"],\"url\":\"https:\/\/soclose.mx\/blog\/author\/mike\/\"}]}<\/script>\n<!-- \/ Yoast SEO plugin. -->","yoast_head_json":{"title":"7 Palabras de origen africano que hered\u00f3 el espa\u00f1ol - So Close","description":"Te compartimos algunas palabras que los mexicanos usamos cotidianamente y que son africanismos, es decir, de origen africano.","robots":{"index":"index","follow":"follow","max-snippet":"max-snippet:-1","max-image-preview":"max-image-preview:large","max-video-preview":"max-video-preview:-1"},"canonical":"https:\/\/soclose.mx\/blog\/tag\/juan-rulfo-frases-mujeres\/","og_locale":"es_MX","og_type":"article","og_title":"7 Palabras de origen africano que hered\u00f3 el espa\u00f1ol - So Close","og_description":"Te compartimos algunas palabras que los mexicanos usamos cotidianamente y que son africanismos, es decir, de origen africano.","og_url":"https:\/\/soclose.mx\/blog\/tag\/juan-rulfo-frases-mujeres\/","og_site_name":"So Close","article_author":"www.facebook.com\/mikexever\/","article_published_time":"2022-04-09T14:34:37+00:00","og_image":[{"width":1240,"height":700,"url":"https:\/\/i0.wp.com\/soclose.mx\/blog\/wp-content\/uploads\/2022\/03\/Copia-de-Principal-So-Close-blog-1-16.png?fit=1240%2C700&ssl=1","type":"image\/png"}],"author":"Miguel Angel Romero","twitter_card":"summary_large_image","twitter_creator":"@Mikerecomienda","twitter_misc":{"Escrito por":"Miguel Angel Romero","Tiempo de lectura":"2 minutos"},"schema":{"@context":"https:\/\/schema.org","@graph":[{"@type":"Article","@id":"https:\/\/soclose.mx\/blog\/tag\/juan-rulfo-frases-mujeres\/#article","isPartOf":{"@id":"https:\/\/soclose.mx\/blog\/tag\/juan-rulfo-frases-mujeres\/"},"author":{"name":"Miguel Angel Romero","@id":"https:\/\/soclose.mx\/blog\/#\/schema\/person\/cddec6ccd5d7037d286395fb411e23f1"},"headline":"7 Palabras de origen africano que hered\u00f3 el espa\u00f1ol","datePublished":"2022-04-09T14:34:37+00:00","mainEntityOfPage":{"@id":"https:\/\/soclose.mx\/blog\/tag\/juan-rulfo-frases-mujeres\/"},"wordCount":337,"commentCount":0,"publisher":{"@id":"https:\/\/soclose.mx\/blog\/#organization"},"image":{"@id":"https:\/\/soclose.mx\/blog\/tag\/juan-rulfo-frases-mujeres\/#primaryimage"},"thumbnailUrl":"https:\/\/i0.wp.com\/soclose.mx\/blog\/wp-content\/uploads\/2022\/03\/Copia-de-Principal-So-Close-blog-1-16.png?fit=1240%2C700&ssl=1","keywords":["africano","palabras"],"articleSection":["\u00a1Ay goeeee!"],"inLanguage":"es","potentialAction":[{"@type":"CommentAction","name":"Comment","target":["https:\/\/soclose.mx\/blog\/tag\/juan-rulfo-frases-mujeres\/#respond"]}]},{"@type":"WebPage","@id":"https:\/\/soclose.mx\/blog\/tag\/juan-rulfo-frases-mujeres\/","url":"https:\/\/soclose.mx\/blog\/tag\/juan-rulfo-frases-mujeres\/","name":"7 Palabras de origen africano que hered\u00f3 el espa\u00f1ol - So Close","isPartOf":{"@id":"https:\/\/soclose.mx\/blog\/#website"},"primaryImageOfPage":{"@id":"https:\/\/soclose.mx\/blog\/tag\/juan-rulfo-frases-mujeres\/#primaryimage"},"image":{"@id":"https:\/\/soclose.mx\/blog\/tag\/juan-rulfo-frases-mujeres\/#primaryimage"},"thumbnailUrl":"https:\/\/i0.wp.com\/soclose.mx\/blog\/wp-content\/uploads\/2022\/03\/Copia-de-Principal-So-Close-blog-1-16.png?fit=1240%2C700&ssl=1","datePublished":"2022-04-09T14:34:37+00:00","description":"Te compartimos algunas palabras que los mexicanos usamos cotidianamente y que son africanismos, es decir, de origen africano.","breadcrumb":{"@id":"https:\/\/soclose.mx\/blog\/tag\/juan-rulfo-frases-mujeres\/#breadcrumb"},"inLanguage":"es","potentialAction":[{"@type":"ReadAction","target":["https:\/\/soclose.mx\/blog\/tag\/juan-rulfo-frases-mujeres\/"]}]},{"@type":"ImageObject","inLanguage":"es","@id":"https:\/\/soclose.mx\/blog\/tag\/juan-rulfo-frases-mujeres\/#primaryimage","url":"https:\/\/i0.wp.com\/soclose.mx\/blog\/wp-content\/uploads\/2022\/03\/Copia-de-Principal-So-Close-blog-1-16.png?fit=1240%2C700&ssl=1","contentUrl":"https:\/\/i0.wp.com\/soclose.mx\/blog\/wp-content\/uploads\/2022\/03\/Copia-de-Principal-So-Close-blog-1-16.png?fit=1240%2C700&ssl=1","width":1240,"height":700},{"@type":"BreadcrumbList","@id":"https:\/\/soclose.mx\/blog\/tag\/juan-rulfo-frases-mujeres\/#breadcrumb","itemListElement":[{"@type":"ListItem","position":1,"name":"Inicio","item":"https:\/\/soclose.mx\/blog\/"},{"@type":"ListItem","position":2,"name":"7 Palabras de origen africano que hered\u00f3 el espa\u00f1ol"}]},{"@type":"WebSite","@id":"https:\/\/soclose.mx\/blog\/#website","url":"https:\/\/soclose.mx\/blog\/","name":"So Close","description":"Hacemos contenidos de M\u00e9xico","publisher":{"@id":"https:\/\/soclose.mx\/blog\/#organization"},"potentialAction":[{"@type":"SearchAction","target":{"@type":"EntryPoint","urlTemplate":"https:\/\/soclose.mx\/blog\/?s={search_term_string}"},"query-input":{"@type":"PropertyValueSpecification","valueRequired":true,"valueName":"search_term_string"}}],"inLanguage":"es"},{"@type":"Organization","@id":"https:\/\/soclose.mx\/blog\/#organization","name":"So Close","url":"https:\/\/soclose.mx\/blog\/","logo":{"@type":"ImageObject","inLanguage":"es","@id":"https:\/\/soclose.mx\/blog\/#\/schema\/logo\/image\/","url":"https:\/\/i0.wp.com\/soclose.mx\/blog\/wp-content\/uploads\/2020\/12\/LOGO_SOCLOSE_COLOR-e1608310133507.png?fit=2858%2C1264&ssl=1","contentUrl":"https:\/\/i0.wp.com\/soclose.mx\/blog\/wp-content\/uploads\/2020\/12\/LOGO_SOCLOSE_COLOR-e1608310133507.png?fit=2858%2C1264&ssl=1","width":2858,"height":1264,"caption":"So Close"},"image":{"@id":"https:\/\/soclose.mx\/blog\/#\/schema\/logo\/image\/"}},{"@type":"Person","@id":"https:\/\/soclose.mx\/blog\/#\/schema\/person\/cddec6ccd5d7037d286395fb411e23f1","name":"Miguel Angel Romero","image":{"@type":"ImageObject","inLanguage":"es","@id":"https:\/\/soclose.mx\/blog\/#\/schema\/person\/image\/","url":"https:\/\/secure.gravatar.com\/avatar\/45b44006b4f93497bb24d251f77bc39385015bfa120582412df580dbfcbb14f3?s=96&d=mm&r=g","contentUrl":"https:\/\/secure.gravatar.com\/avatar\/45b44006b4f93497bb24d251f77bc39385015bfa120582412df580dbfcbb14f3?s=96&d=mm&r=g","caption":"Miguel Angel Romero"},"sameAs":["http:\/\/\/mikexever.blogspot.com\/","www.facebook.com\/mikexever\/","https:\/\/x.com\/Mikerecomienda"],"url":"https:\/\/soclose.mx\/blog\/author\/mike\/"}]}},"jetpack_featured_media_url":"https:\/\/i0.wp.com\/soclose.mx\/blog\/wp-content\/uploads\/2022\/03\/Copia-de-Principal-So-Close-blog-1-16.png?fit=1240%2C700&ssl=1","jetpack-related-posts":[{"id":7944,"url":"https:\/\/soclose.mx\/blog\/ay-goeeee\/por-que-se-les-dice-jarochos\/","url_meta":{"origin":9460,"position":0},"title":"\u00bfPor qu\u00e9 se les dice jarochos?","author":"Miguel Angel Romero","date":"12 enero, 2022","format":false,"excerpt":"La\u00a0palabra Jarocho no es un misterio, todos cuando escuchamos este t\u00e9rmino nos acordamos de Veracruz, pero, sabes de d\u00f3nde proviene este gentilicio. Existen diferentes versiones del nacimiento de la palabra, quiz\u00e1 la versi\u00f3n m\u00e1s aceptada, sea la propuesta por el antrop\u00f3logo Fernando Winfield. Para este estudioso,\u00a0jarocho viene de jara, en\u2026","rel":"","context":"En &quot;\u00a1Ay goeeee!&quot;","block_context":{"text":"\u00a1Ay goeeee!","link":"https:\/\/soclose.mx\/blog\/category\/ay-goeeee\/"},"img":{"alt_text":"","src":"https:\/\/i0.wp.com\/soclose.mx\/blog\/wp-content\/uploads\/2021\/11\/Copia-de-Principal-So-Close-blog-13.png?fit=1200%2C677&ssl=1&resize=350%2C200","width":350,"height":200,"srcset":"https:\/\/i0.wp.com\/soclose.mx\/blog\/wp-content\/uploads\/2021\/11\/Copia-de-Principal-So-Close-blog-13.png?fit=1200%2C677&ssl=1&resize=350%2C200 1x, https:\/\/i0.wp.com\/soclose.mx\/blog\/wp-content\/uploads\/2021\/11\/Copia-de-Principal-So-Close-blog-13.png?fit=1200%2C677&ssl=1&resize=525%2C300 1.5x, https:\/\/i0.wp.com\/soclose.mx\/blog\/wp-content\/uploads\/2021\/11\/Copia-de-Principal-So-Close-blog-13.png?fit=1200%2C677&ssl=1&resize=700%2C400 2x, https:\/\/i0.wp.com\/soclose.mx\/blog\/wp-content\/uploads\/2021\/11\/Copia-de-Principal-So-Close-blog-13.png?fit=1200%2C677&ssl=1&resize=1050%2C600 3x"},"classes":[]},{"id":6294,"url":"https:\/\/soclose.mx\/blog\/news-feed\/destacan-el-valor-de-la-comunidad-afromexicana-a-traves-de-talleres-para-ninos\/","url_meta":{"origin":9460,"position":1},"title":"Destacan el valor de la comunidad afromexicana a trav\u00e9s de talleres para ni\u00f1os","author":"So Close","date":"24 junio, 2021","format":false,"excerpt":"Con el objetivo de reconocer las expresiones culturales de los afrodescendientes, as\u00ed como reflexionar y valorar el papel de la comunidad afromexicana en nuestra historia y cultura, por medio de actividades como bailes, m\u00fasica, arte, gastronom\u00eda y narraciones, el Museo de El Carmen llevar\u00e1 a cabo la segunda edici\u00f3n del\u2026","rel":"","context":"En &quot;News feed&quot;","block_context":{"text":"News feed","link":"https:\/\/soclose.mx\/blog\/category\/news-feed\/"},"img":{"alt_text":"","src":"https:\/\/i0.wp.com\/soclose.mx\/blog\/wp-content\/uploads\/2021\/06\/festival-afromexicano.jpeg?fit=1200%2C677&ssl=1&resize=350%2C200","width":350,"height":200,"srcset":"https:\/\/i0.wp.com\/soclose.mx\/blog\/wp-content\/uploads\/2021\/06\/festival-afromexicano.jpeg?fit=1200%2C677&ssl=1&resize=350%2C200 1x, https:\/\/i0.wp.com\/soclose.mx\/blog\/wp-content\/uploads\/2021\/06\/festival-afromexicano.jpeg?fit=1200%2C677&ssl=1&resize=525%2C300 1.5x, https:\/\/i0.wp.com\/soclose.mx\/blog\/wp-content\/uploads\/2021\/06\/festival-afromexicano.jpeg?fit=1200%2C677&ssl=1&resize=700%2C400 2x, https:\/\/i0.wp.com\/soclose.mx\/blog\/wp-content\/uploads\/2021\/06\/festival-afromexicano.jpeg?fit=1200%2C677&ssl=1&resize=1050%2C600 3x"},"classes":[]},{"id":6161,"url":"https:\/\/soclose.mx\/blog\/ay-goeeee\/7-datos-de-yanga-el-libertador-de-africa-en-la-nueva-espana\/","url_meta":{"origin":9460,"position":2},"title":"7 datos de Yanga, el libertador de Africa en la Nueva Espa\u00f1a","author":"So Close","date":"7 junio, 2021","format":false,"excerpt":"Los africanos llegaron a la Nueva Espa\u00f1a ante la necesidad de mano de obra en haciendas azucareras, haciendas ca\u00f1eras, minas, ranchos y para labores de ganader\u00eda y agricultura. Las arduas condiciones en las que eran obligados a trabajar y el yugo que padec\u00edan provocaron que algunos esclavos inconformes se organizaran\u2026","rel":"","context":"En &quot;\u00a1Ay goeeee!&quot;","block_context":{"text":"\u00a1Ay goeeee!","link":"https:\/\/soclose.mx\/blog\/category\/ay-goeeee\/"},"img":{"alt_text":"","src":"https:\/\/i0.wp.com\/soclose.mx\/blog\/wp-content\/uploads\/2021\/06\/yanga.jpeg?fit=1200%2C677&ssl=1&resize=350%2C200","width":350,"height":200,"srcset":"https:\/\/i0.wp.com\/soclose.mx\/blog\/wp-content\/uploads\/2021\/06\/yanga.jpeg?fit=1200%2C677&ssl=1&resize=350%2C200 1x, https:\/\/i0.wp.com\/soclose.mx\/blog\/wp-content\/uploads\/2021\/06\/yanga.jpeg?fit=1200%2C677&ssl=1&resize=525%2C300 1.5x, https:\/\/i0.wp.com\/soclose.mx\/blog\/wp-content\/uploads\/2021\/06\/yanga.jpeg?fit=1200%2C677&ssl=1&resize=700%2C400 2x, https:\/\/i0.wp.com\/soclose.mx\/blog\/wp-content\/uploads\/2021\/06\/yanga.jpeg?fit=1200%2C677&ssl=1&resize=1050%2C600 3x"},"classes":[]},{"id":7019,"url":"https:\/\/soclose.mx\/blog\/ay-goeeee\/por-que-los-mexicanos-hablamos-en-diminutivo\/","url_meta":{"origin":9460,"position":3},"title":"\u00bfPor qu\u00e9 los mexicanos (casi) siempre hablamos en diminutivo?","author":"Miguel Angel Romero","date":"16 septiembre, 2021","format":false,"excerpt":"Casita, tiendita, puertita, hoyito... Seguro has escuchado estos diminutivos que todos los mexicanos hemos usado, incluso cuando no corresponden con la realidad f\u00edsica del objeto de referencia. El uso del diminutivo es tal, que se llega a aplicar a los adverbios, generando palabras como \u201cadiosito\u201d, \u201cfavorcito\u201d o \u201capenitas\u201d. Incluso palabras\u2026","rel":"","context":"En &quot;\u00a1Ay goeeee!&quot;","block_context":{"text":"\u00a1Ay goeeee!","link":"https:\/\/soclose.mx\/blog\/category\/ay-goeeee\/"},"img":{"alt_text":"","src":"https:\/\/i0.wp.com\/soclose.mx\/blog\/wp-content\/uploads\/2021\/08\/Principal-So-Close-blog-4-2.jpg?fit=1200%2C677&ssl=1&resize=350%2C200","width":350,"height":200,"srcset":"https:\/\/i0.wp.com\/soclose.mx\/blog\/wp-content\/uploads\/2021\/08\/Principal-So-Close-blog-4-2.jpg?fit=1200%2C677&ssl=1&resize=350%2C200 1x, https:\/\/i0.wp.com\/soclose.mx\/blog\/wp-content\/uploads\/2021\/08\/Principal-So-Close-blog-4-2.jpg?fit=1200%2C677&ssl=1&resize=525%2C300 1.5x, https:\/\/i0.wp.com\/soclose.mx\/blog\/wp-content\/uploads\/2021\/08\/Principal-So-Close-blog-4-2.jpg?fit=1200%2C677&ssl=1&resize=700%2C400 2x, https:\/\/i0.wp.com\/soclose.mx\/blog\/wp-content\/uploads\/2021\/08\/Principal-So-Close-blog-4-2.jpg?fit=1200%2C677&ssl=1&resize=1050%2C600 3x"},"classes":[]},{"id":14036,"url":"https:\/\/soclose.mx\/blog\/ay-goeeee\/vete-a-la-chingada-el-origen-de-la-frase-mas-mentada-en-mexico\/","url_meta":{"origin":9460,"position":4},"title":"&#8220;Vete a la chingada&#8221;: el origen de la frase m\u00e1s mentada en M\u00e9xico","author":"So Close","date":"26 septiembre, 2024","format":false,"excerpt":"\"Vete a la chingada\" es una de las frases m\u00e1s caracter\u00edsticas y coloridas del espa\u00f1ol mexicano. A pesar de su uso cotidiano, el origen de la frase: \"Vete a la chingada\" es un tema que ha generado diversas teor\u00edas y debates entre ling\u00fcistas y estudiosos de la cultura mexicana. \"Vete\u2026","rel":"","context":"En &quot;\u00a1Ay goeeee!&quot;","block_context":{"text":"\u00a1Ay goeeee!","link":"https:\/\/soclose.mx\/blog\/category\/ay-goeeee\/"},"img":{"alt_text":"Hombre enojado","src":"https:\/\/i0.wp.com\/soclose.mx\/blog\/wp-content\/uploads\/2024\/09\/Fotos-notas-So-Close-home-2-1.jpg?fit=1200%2C675&ssl=1&resize=350%2C200","width":350,"height":200,"srcset":"https:\/\/i0.wp.com\/soclose.mx\/blog\/wp-content\/uploads\/2024\/09\/Fotos-notas-So-Close-home-2-1.jpg?fit=1200%2C675&ssl=1&resize=350%2C200 1x, https:\/\/i0.wp.com\/soclose.mx\/blog\/wp-content\/uploads\/2024\/09\/Fotos-notas-So-Close-home-2-1.jpg?fit=1200%2C675&ssl=1&resize=525%2C300 1.5x, https:\/\/i0.wp.com\/soclose.mx\/blog\/wp-content\/uploads\/2024\/09\/Fotos-notas-So-Close-home-2-1.jpg?fit=1200%2C675&ssl=1&resize=700%2C400 2x, https:\/\/i0.wp.com\/soclose.mx\/blog\/wp-content\/uploads\/2024\/09\/Fotos-notas-So-Close-home-2-1.jpg?fit=1200%2C675&ssl=1&resize=1050%2C600 3x"},"classes":[]},{"id":8575,"url":"https:\/\/soclose.mx\/blog\/ay-goeeee\/que-chingon-conoce-el-origen-de-la-palabra-chingar\/","url_meta":{"origin":9460,"position":5},"title":"\u00a1Qu\u00e9 ching\u00f3n! Conoce el origen de la palabra &#8220;chingar&#8221;","author":"Miguel Angel Romero","date":"16 enero, 2024","format":false,"excerpt":"\"Yo chingo, t\u00fa chingas, \u00e9l chinga...\" seguramente en alguna ocasi\u00f3n lo has dicho y si no, al menos lo has escuchado, pero sabes de d\u00f3nde viene la palabra \"chingar\". El mexicanismo es tan bello y complejo que\u00a0 queda claro que no es lo mismo ser un \u201cching\u00f3n\u201d que un \u201cchingado\u201d,\u2026","rel":"","context":"En &quot;\u00a1Ay goeeee!&quot;","block_context":{"text":"\u00a1Ay goeeee!","link":"https:\/\/soclose.mx\/blog\/category\/ay-goeeee\/"},"img":{"alt_text":"","src":"https:\/\/i0.wp.com\/soclose.mx\/blog\/wp-content\/uploads\/2022\/01\/Copia-de-Principal-So-Close-blog-2-10.png?fit=1200%2C677&ssl=1&resize=350%2C200","width":350,"height":200,"srcset":"https:\/\/i0.wp.com\/soclose.mx\/blog\/wp-content\/uploads\/2022\/01\/Copia-de-Principal-So-Close-blog-2-10.png?fit=1200%2C677&ssl=1&resize=350%2C200 1x, https:\/\/i0.wp.com\/soclose.mx\/blog\/wp-content\/uploads\/2022\/01\/Copia-de-Principal-So-Close-blog-2-10.png?fit=1200%2C677&ssl=1&resize=525%2C300 1.5x, https:\/\/i0.wp.com\/soclose.mx\/blog\/wp-content\/uploads\/2022\/01\/Copia-de-Principal-So-Close-blog-2-10.png?fit=1200%2C677&ssl=1&resize=700%2C400 2x, https:\/\/i0.wp.com\/soclose.mx\/blog\/wp-content\/uploads\/2022\/01\/Copia-de-Principal-So-Close-blog-2-10.png?fit=1200%2C677&ssl=1&resize=1050%2C600 3x"},"classes":[]}],"jetpack_sharing_enabled":true,"_links":{"self":[{"href":"https:\/\/soclose.mx\/blog\/wp-json\/wp\/v2\/posts\/9460","targetHints":{"allow":["GET"]}}],"collection":[{"href":"https:\/\/soclose.mx\/blog\/wp-json\/wp\/v2\/posts"}],"about":[{"href":"https:\/\/soclose.mx\/blog\/wp-json\/wp\/v2\/types\/post"}],"author":[{"embeddable":true,"href":"https:\/\/soclose.mx\/blog\/wp-json\/wp\/v2\/users\/8"}],"replies":[{"embeddable":true,"href":"https:\/\/soclose.mx\/blog\/wp-json\/wp\/v2\/comments?post=9460"}],"version-history":[{"count":0,"href":"https:\/\/soclose.mx\/blog\/wp-json\/wp\/v2\/posts\/9460\/revisions"}],"wp:featuredmedia":[{"embeddable":true,"href":"https:\/\/soclose.mx\/blog\/wp-json\/wp\/v2\/media\/9461"}],"wp:attachment":[{"href":"https:\/\/soclose.mx\/blog\/wp-json\/wp\/v2\/media?parent=9460"}],"wp:term":[{"taxonomy":"category","embeddable":true,"href":"https:\/\/soclose.mx\/blog\/wp-json\/wp\/v2\/categories?post=9460"},{"taxonomy":"post_tag","embeddable":true,"href":"https:\/\/soclose.mx\/blog\/wp-json\/wp\/v2\/tags?post=9460"}],"curies":[{"name":"wp","href":"https:\/\/api.w.org\/{rel}","templated":true}]}}