{"id":9504,"date":"2022-04-06T09:16:01","date_gmt":"2022-04-06T14:16:01","guid":{"rendered":"https:\/\/soclose.mx\/blog\/?p=9504"},"modified":"2023-02-15T21:01:07","modified_gmt":"2023-02-16T03:01:07","slug":"asi-sera-la-feria-de-la-nieve-2022-en-xochimilco","status":"publish","type":"post","link":"https:\/\/soclose.mx\/blog\/para-todos\/asi-sera-la-feria-de-la-nieve-2022-en-xochimilco\/","title":{"rendered":"As\u00ed ser\u00e1 la Feria de la Nieve 2022 en Xochimilco"},"content":{"rendered":"<p class=\"default__StyledText-xb1qmn-0 kYamVn body-paragraph\"><strong>La Feria de la Nieve<\/strong> se realizar\u00e1 este a\u00f1o del\u00a0<b>9 al 18 de abril<\/b>, en la explanada de\u00a0<a href=\"https:\/\/soclose.mx\/blog\/?s=xochimilco\" target=\"_blank\" rel=\"noopener\"><strong>Santiago Tulyehualco<\/strong><\/a>, conocida como Plaza C\u00edvica y la entrada es libre.<\/p>\n<p>Con 135 a\u00f1os de tradici\u00f3n, este evento invita a probar desde los cl\u00e1sicos de lim\u00f3n queso, guan\u00e1bana, fresa, mamey, nieve flotante, hasta otros creados con alcohol como <b>tequila, mezcal o ron<\/b>. No faltan los\u00a0<b>enchilados<\/b>, de\u00a0<b>mole<\/b>\u00a0o chamoyada.<\/p>\n<p class=\"default__StyledText-xb1qmn-0 kYamVn body-paragraph\">\u00a0Sus pobladores han preservado y heredado t\u00e9cnicas artesanales y naturales para la producci\u00f3n de nieve, con los a\u00f1os se han ido retando para crear <b>los sabores m\u00e1s ex\u00f3ticos<\/b>, uno de los que m\u00e1s llama la atenci\u00f3n es el de<b>\u00a0v\u00edbora de cascabel<\/b>.<\/p>\n<p class=\"default__StyledText-xb1qmn-0 kYamVn body-paragraph\">En otros a\u00f1os los expositores han llevado m\u00e1s de 500 sabores, como aguacate,\u00a0<b>chicharr\u00f3n<\/b>, jitomate, nopal, ponche, mariscos,\u00a0<b>p\u00e9talos de rosa<\/b>, hierbabuena, ruda, Tres Mar\u00edas e incluso una llamada \u201c<b>Me canso, ganso<\/b>\u201d.<\/p>\n<p class=\"default__StyledText-xb1qmn-0 kYamVn body-paragraph\">Adem\u00e1s, se realizar\u00e1n diversos\u00a0<b>espect\u00e1culos art\u00edsticos y culturales\u00a0<\/b>durante la feria, para disfrutar en familia.<\/p>\n<p><img data-recalc-dims=\"1\" fetchpriority=\"high\" decoding=\"async\" class=\"alignnone size-full wp-image-9506\" src=\"https:\/\/i0.wp.com\/soclose.mx\/blog\/wp-content\/uploads\/2022\/03\/nieve3-25032022.jpg?resize=613%2C900&#038;ssl=1\" alt=\"\" width=\"613\" height=\"900\" srcset=\"https:\/\/i0.wp.com\/soclose.mx\/blog\/wp-content\/uploads\/2022\/03\/nieve3-25032022.jpg?w=613&amp;ssl=1 613w, https:\/\/i0.wp.com\/soclose.mx\/blog\/wp-content\/uploads\/2022\/03\/nieve3-25032022.jpg?resize=204%2C300&amp;ssl=1 204w, https:\/\/i0.wp.com\/soclose.mx\/blog\/wp-content\/uploads\/2022\/03\/nieve3-25032022.jpg?resize=585%2C859&amp;ssl=1 585w\" sizes=\"(max-width: 613px) 100vw, 613px\" \/><\/p>\n","protected":false},"excerpt":{"rendered":"<p>La Feria de la Nieve se realizar\u00e1 este a\u00f1o del\u00a09 al 18 de abril, en la explanada de\u00a0Santiago Tulyehualco, conocida como Plaza C\u00edvica y la entrada es libre. Con 135 a\u00f1os de tradici\u00f3n, este evento invita a probar desde los cl\u00e1sicos de lim\u00f3n queso, guan\u00e1bana, fresa, mamey, nieve flotante, hasta otros creados con alcohol como tequila, mezcal o ron. No faltan los\u00a0enchilados, de\u00a0mole\u00a0o chamoyada. \u00a0Sus pobladores han preservado y heredado t\u00e9cnicas artesanales y naturales para la producci\u00f3n de nieve, con los a\u00f1os se han ido retando para crear los sabores m\u00e1s ex\u00f3ticos, uno de los que m\u00e1s llama la atenci\u00f3n<\/p>\n","protected":false},"author":8,"featured_media":9505,"comment_status":"open","ping_status":"open","sticky":false,"template":"","format":"standard","meta":{"_jetpack_memberships_contains_paid_content":false,"footnotes":""},"categories":[1674],"tags":[1895,307],"class_list":["post-9504","post","type-post","status-publish","format-standard","has-post-thumbnail","hentry","category-para-todos","tag-feria-de-la-nieve","tag-xochimilco"],"yoast_head":"<!-- This site is optimized with the Yoast SEO plugin v26.7 - https:\/\/yoast.com\/wordpress\/plugins\/seo\/ -->\n<title>As\u00ed ser\u00e1 la Feria de la Nieve 2022 en Xochimilco - So Close<\/title>\n<meta name=\"robots\" content=\"index, follow, max-snippet:-1, max-image-preview:large, max-video-preview:-1\" \/>\n<link rel=\"canonical\" href=\"https:\/\/soclose.mx\/blog\/tag\/juan-rulfo-frases-mujeres\/\" \/>\n<meta property=\"og:locale\" content=\"es_MX\" \/>\n<meta property=\"og:type\" content=\"article\" \/>\n<meta property=\"og:title\" content=\"As\u00ed ser\u00e1 la Feria de la Nieve 2022 en Xochimilco - So Close\" \/>\n<meta property=\"og:description\" content=\"La Feria de la Nieve se realizar\u00e1 este a\u00f1o del\u00a09 al 18 de abril, en la explanada de\u00a0Santiago Tulyehualco, conocida como Plaza C\u00edvica y la entrada es libre. Con 135 a\u00f1os de tradici\u00f3n, este evento invita a probar desde los cl\u00e1sicos de lim\u00f3n queso, guan\u00e1bana, fresa, mamey, nieve flotante, hasta otros creados con alcohol como tequila, mezcal o ron. No faltan los\u00a0enchilados, de\u00a0mole\u00a0o chamoyada. \u00a0Sus pobladores han preservado y heredado t\u00e9cnicas artesanales y naturales para la producci\u00f3n de nieve, con los a\u00f1os se han ido retando para crear los sabores m\u00e1s ex\u00f3ticos, uno de los que m\u00e1s llama la atenci\u00f3n\" \/>\n<meta property=\"og:url\" content=\"https:\/\/soclose.mx\/blog\/tag\/juan-rulfo-frases-mujeres\/\" \/>\n<meta property=\"og:site_name\" content=\"So Close\" \/>\n<meta property=\"article:author\" content=\"www.facebook.com\/mikexever\/\" \/>\n<meta property=\"article:published_time\" content=\"2022-04-06T14:16:01+00:00\" \/>\n<meta property=\"article:modified_time\" content=\"2023-02-16T03:01:07+00:00\" \/>\n<meta property=\"og:image\" content=\"https:\/\/i0.wp.com\/soclose.mx\/blog\/wp-content\/uploads\/2022\/03\/Copia-de-Principal-So-Close-blog-24.png?fit=1240%2C700&ssl=1\" \/>\n\t<meta property=\"og:image:width\" content=\"1240\" \/>\n\t<meta property=\"og:image:height\" content=\"700\" \/>\n\t<meta property=\"og:image:type\" content=\"image\/png\" \/>\n<meta name=\"author\" content=\"Miguel Angel Romero\" \/>\n<meta name=\"twitter:card\" content=\"summary_large_image\" \/>\n<meta name=\"twitter:creator\" content=\"@Mikerecomienda\" \/>\n<meta name=\"twitter:label1\" content=\"Escrito por\" \/>\n\t<meta name=\"twitter:data1\" content=\"Miguel Angel Romero\" \/>\n\t<meta name=\"twitter:label2\" content=\"Tiempo de lectura\" \/>\n\t<meta name=\"twitter:data2\" content=\"1 minuto\" \/>\n<script type=\"application\/ld+json\" class=\"yoast-schema-graph\">{\"@context\":\"https:\/\/schema.org\",\"@graph\":[{\"@type\":\"Article\",\"@id\":\"https:\/\/soclose.mx\/blog\/tag\/juan-rulfo-frases-mujeres\/#article\",\"isPartOf\":{\"@id\":\"https:\/\/soclose.mx\/blog\/tag\/juan-rulfo-frases-mujeres\/\"},\"author\":{\"name\":\"Miguel Angel Romero\",\"@id\":\"https:\/\/soclose.mx\/blog\/#\/schema\/person\/cddec6ccd5d7037d286395fb411e23f1\"},\"headline\":\"As\u00ed ser\u00e1 la Feria de la Nieve 2022 en Xochimilco\",\"datePublished\":\"2022-04-06T14:16:01+00:00\",\"dateModified\":\"2023-02-16T03:01:07+00:00\",\"mainEntityOfPage\":{\"@id\":\"https:\/\/soclose.mx\/blog\/tag\/juan-rulfo-frases-mujeres\/\"},\"wordCount\":187,\"commentCount\":0,\"publisher\":{\"@id\":\"https:\/\/soclose.mx\/blog\/#organization\"},\"image\":{\"@id\":\"https:\/\/soclose.mx\/blog\/tag\/juan-rulfo-frases-mujeres\/#primaryimage\"},\"thumbnailUrl\":\"https:\/\/i0.wp.com\/soclose.mx\/blog\/wp-content\/uploads\/2022\/03\/Copia-de-Principal-So-Close-blog-24.png?fit=1240%2C700&ssl=1\",\"keywords\":[\"Feria de la Nieve\",\"xochimilco\"],\"articleSection\":[\"Para todos\"],\"inLanguage\":\"es\",\"potentialAction\":[{\"@type\":\"CommentAction\",\"name\":\"Comment\",\"target\":[\"https:\/\/soclose.mx\/blog\/tag\/juan-rulfo-frases-mujeres\/#respond\"]}]},{\"@type\":\"WebPage\",\"@id\":\"https:\/\/soclose.mx\/blog\/tag\/juan-rulfo-frases-mujeres\/\",\"url\":\"https:\/\/soclose.mx\/blog\/tag\/juan-rulfo-frases-mujeres\/\",\"name\":\"As\u00ed ser\u00e1 la Feria de la Nieve 2022 en Xochimilco - So Close\",\"isPartOf\":{\"@id\":\"https:\/\/soclose.mx\/blog\/#website\"},\"primaryImageOfPage\":{\"@id\":\"https:\/\/soclose.mx\/blog\/tag\/juan-rulfo-frases-mujeres\/#primaryimage\"},\"image\":{\"@id\":\"https:\/\/soclose.mx\/blog\/tag\/juan-rulfo-frases-mujeres\/#primaryimage\"},\"thumbnailUrl\":\"https:\/\/i0.wp.com\/soclose.mx\/blog\/wp-content\/uploads\/2022\/03\/Copia-de-Principal-So-Close-blog-24.png?fit=1240%2C700&ssl=1\",\"datePublished\":\"2022-04-06T14:16:01+00:00\",\"dateModified\":\"2023-02-16T03:01:07+00:00\",\"breadcrumb\":{\"@id\":\"https:\/\/soclose.mx\/blog\/tag\/juan-rulfo-frases-mujeres\/#breadcrumb\"},\"inLanguage\":\"es\",\"potentialAction\":[{\"@type\":\"ReadAction\",\"target\":[\"https:\/\/soclose.mx\/blog\/tag\/juan-rulfo-frases-mujeres\/\"]}]},{\"@type\":\"ImageObject\",\"inLanguage\":\"es\",\"@id\":\"https:\/\/soclose.mx\/blog\/tag\/juan-rulfo-frases-mujeres\/#primaryimage\",\"url\":\"https:\/\/i0.wp.com\/soclose.mx\/blog\/wp-content\/uploads\/2022\/03\/Copia-de-Principal-So-Close-blog-24.png?fit=1240%2C700&ssl=1\",\"contentUrl\":\"https:\/\/i0.wp.com\/soclose.mx\/blog\/wp-content\/uploads\/2022\/03\/Copia-de-Principal-So-Close-blog-24.png?fit=1240%2C700&ssl=1\",\"width\":1240,\"height\":700},{\"@type\":\"BreadcrumbList\",\"@id\":\"https:\/\/soclose.mx\/blog\/tag\/juan-rulfo-frases-mujeres\/#breadcrumb\",\"itemListElement\":[{\"@type\":\"ListItem\",\"position\":1,\"name\":\"Inicio\",\"item\":\"https:\/\/soclose.mx\/blog\/\"},{\"@type\":\"ListItem\",\"position\":2,\"name\":\"As\u00ed ser\u00e1 la Feria de la Nieve 2022 en Xochimilco\"}]},{\"@type\":\"WebSite\",\"@id\":\"https:\/\/soclose.mx\/blog\/#website\",\"url\":\"https:\/\/soclose.mx\/blog\/\",\"name\":\"So Close\",\"description\":\"Hacemos contenidos de M\u00e9xico\",\"publisher\":{\"@id\":\"https:\/\/soclose.mx\/blog\/#organization\"},\"potentialAction\":[{\"@type\":\"SearchAction\",\"target\":{\"@type\":\"EntryPoint\",\"urlTemplate\":\"https:\/\/soclose.mx\/blog\/?s={search_term_string}\"},\"query-input\":{\"@type\":\"PropertyValueSpecification\",\"valueRequired\":true,\"valueName\":\"search_term_string\"}}],\"inLanguage\":\"es\"},{\"@type\":\"Organization\",\"@id\":\"https:\/\/soclose.mx\/blog\/#organization\",\"name\":\"So Close\",\"url\":\"https:\/\/soclose.mx\/blog\/\",\"logo\":{\"@type\":\"ImageObject\",\"inLanguage\":\"es\",\"@id\":\"https:\/\/soclose.mx\/blog\/#\/schema\/logo\/image\/\",\"url\":\"https:\/\/i0.wp.com\/soclose.mx\/blog\/wp-content\/uploads\/2020\/12\/LOGO_SOCLOSE_COLOR-e1608310133507.png?fit=2858%2C1264&ssl=1\",\"contentUrl\":\"https:\/\/i0.wp.com\/soclose.mx\/blog\/wp-content\/uploads\/2020\/12\/LOGO_SOCLOSE_COLOR-e1608310133507.png?fit=2858%2C1264&ssl=1\",\"width\":2858,\"height\":1264,\"caption\":\"So Close\"},\"image\":{\"@id\":\"https:\/\/soclose.mx\/blog\/#\/schema\/logo\/image\/\"}},{\"@type\":\"Person\",\"@id\":\"https:\/\/soclose.mx\/blog\/#\/schema\/person\/cddec6ccd5d7037d286395fb411e23f1\",\"name\":\"Miguel Angel Romero\",\"image\":{\"@type\":\"ImageObject\",\"inLanguage\":\"es\",\"@id\":\"https:\/\/soclose.mx\/blog\/#\/schema\/person\/image\/\",\"url\":\"https:\/\/secure.gravatar.com\/avatar\/45b44006b4f93497bb24d251f77bc39385015bfa120582412df580dbfcbb14f3?s=96&d=mm&r=g\",\"contentUrl\":\"https:\/\/secure.gravatar.com\/avatar\/45b44006b4f93497bb24d251f77bc39385015bfa120582412df580dbfcbb14f3?s=96&d=mm&r=g\",\"caption\":\"Miguel Angel Romero\"},\"sameAs\":[\"http:\/\/\/mikexever.blogspot.com\/\",\"www.facebook.com\/mikexever\/\",\"https:\/\/x.com\/Mikerecomienda\"],\"url\":\"https:\/\/soclose.mx\/blog\/author\/mike\/\"}]}<\/script>\n<!-- \/ Yoast SEO plugin. -->","yoast_head_json":{"title":"As\u00ed ser\u00e1 la Feria de la Nieve 2022 en Xochimilco - So Close","robots":{"index":"index","follow":"follow","max-snippet":"max-snippet:-1","max-image-preview":"max-image-preview:large","max-video-preview":"max-video-preview:-1"},"canonical":"https:\/\/soclose.mx\/blog\/tag\/juan-rulfo-frases-mujeres\/","og_locale":"es_MX","og_type":"article","og_title":"As\u00ed ser\u00e1 la Feria de la Nieve 2022 en Xochimilco - So Close","og_description":"La Feria de la Nieve se realizar\u00e1 este a\u00f1o del\u00a09 al 18 de abril, en la explanada de\u00a0Santiago Tulyehualco, conocida como Plaza C\u00edvica y la entrada es libre. Con 135 a\u00f1os de tradici\u00f3n, este evento invita a probar desde los cl\u00e1sicos de lim\u00f3n queso, guan\u00e1bana, fresa, mamey, nieve flotante, hasta otros creados con alcohol como tequila, mezcal o ron. No faltan los\u00a0enchilados, de\u00a0mole\u00a0o chamoyada. \u00a0Sus pobladores han preservado y heredado t\u00e9cnicas artesanales y naturales para la producci\u00f3n de nieve, con los a\u00f1os se han ido retando para crear los sabores m\u00e1s ex\u00f3ticos, uno de los que m\u00e1s llama la atenci\u00f3n","og_url":"https:\/\/soclose.mx\/blog\/tag\/juan-rulfo-frases-mujeres\/","og_site_name":"So Close","article_author":"www.facebook.com\/mikexever\/","article_published_time":"2022-04-06T14:16:01+00:00","article_modified_time":"2023-02-16T03:01:07+00:00","og_image":[{"width":1240,"height":700,"url":"https:\/\/i0.wp.com\/soclose.mx\/blog\/wp-content\/uploads\/2022\/03\/Copia-de-Principal-So-Close-blog-24.png?fit=1240%2C700&ssl=1","type":"image\/png"}],"author":"Miguel Angel Romero","twitter_card":"summary_large_image","twitter_creator":"@Mikerecomienda","twitter_misc":{"Escrito por":"Miguel Angel Romero","Tiempo de lectura":"1 minuto"},"schema":{"@context":"https:\/\/schema.org","@graph":[{"@type":"Article","@id":"https:\/\/soclose.mx\/blog\/tag\/juan-rulfo-frases-mujeres\/#article","isPartOf":{"@id":"https:\/\/soclose.mx\/blog\/tag\/juan-rulfo-frases-mujeres\/"},"author":{"name":"Miguel Angel Romero","@id":"https:\/\/soclose.mx\/blog\/#\/schema\/person\/cddec6ccd5d7037d286395fb411e23f1"},"headline":"As\u00ed ser\u00e1 la Feria de la Nieve 2022 en Xochimilco","datePublished":"2022-04-06T14:16:01+00:00","dateModified":"2023-02-16T03:01:07+00:00","mainEntityOfPage":{"@id":"https:\/\/soclose.mx\/blog\/tag\/juan-rulfo-frases-mujeres\/"},"wordCount":187,"commentCount":0,"publisher":{"@id":"https:\/\/soclose.mx\/blog\/#organization"},"image":{"@id":"https:\/\/soclose.mx\/blog\/tag\/juan-rulfo-frases-mujeres\/#primaryimage"},"thumbnailUrl":"https:\/\/i0.wp.com\/soclose.mx\/blog\/wp-content\/uploads\/2022\/03\/Copia-de-Principal-So-Close-blog-24.png?fit=1240%2C700&ssl=1","keywords":["Feria de la Nieve","xochimilco"],"articleSection":["Para todos"],"inLanguage":"es","potentialAction":[{"@type":"CommentAction","name":"Comment","target":["https:\/\/soclose.mx\/blog\/tag\/juan-rulfo-frases-mujeres\/#respond"]}]},{"@type":"WebPage","@id":"https:\/\/soclose.mx\/blog\/tag\/juan-rulfo-frases-mujeres\/","url":"https:\/\/soclose.mx\/blog\/tag\/juan-rulfo-frases-mujeres\/","name":"As\u00ed ser\u00e1 la Feria de la Nieve 2022 en Xochimilco - So Close","isPartOf":{"@id":"https:\/\/soclose.mx\/blog\/#website"},"primaryImageOfPage":{"@id":"https:\/\/soclose.mx\/blog\/tag\/juan-rulfo-frases-mujeres\/#primaryimage"},"image":{"@id":"https:\/\/soclose.mx\/blog\/tag\/juan-rulfo-frases-mujeres\/#primaryimage"},"thumbnailUrl":"https:\/\/i0.wp.com\/soclose.mx\/blog\/wp-content\/uploads\/2022\/03\/Copia-de-Principal-So-Close-blog-24.png?fit=1240%2C700&ssl=1","datePublished":"2022-04-06T14:16:01+00:00","dateModified":"2023-02-16T03:01:07+00:00","breadcrumb":{"@id":"https:\/\/soclose.mx\/blog\/tag\/juan-rulfo-frases-mujeres\/#breadcrumb"},"inLanguage":"es","potentialAction":[{"@type":"ReadAction","target":["https:\/\/soclose.mx\/blog\/tag\/juan-rulfo-frases-mujeres\/"]}]},{"@type":"ImageObject","inLanguage":"es","@id":"https:\/\/soclose.mx\/blog\/tag\/juan-rulfo-frases-mujeres\/#primaryimage","url":"https:\/\/i0.wp.com\/soclose.mx\/blog\/wp-content\/uploads\/2022\/03\/Copia-de-Principal-So-Close-blog-24.png?fit=1240%2C700&ssl=1","contentUrl":"https:\/\/i0.wp.com\/soclose.mx\/blog\/wp-content\/uploads\/2022\/03\/Copia-de-Principal-So-Close-blog-24.png?fit=1240%2C700&ssl=1","width":1240,"height":700},{"@type":"BreadcrumbList","@id":"https:\/\/soclose.mx\/blog\/tag\/juan-rulfo-frases-mujeres\/#breadcrumb","itemListElement":[{"@type":"ListItem","position":1,"name":"Inicio","item":"https:\/\/soclose.mx\/blog\/"},{"@type":"ListItem","position":2,"name":"As\u00ed ser\u00e1 la Feria de la Nieve 2022 en Xochimilco"}]},{"@type":"WebSite","@id":"https:\/\/soclose.mx\/blog\/#website","url":"https:\/\/soclose.mx\/blog\/","name":"So Close","description":"Hacemos contenidos de M\u00e9xico","publisher":{"@id":"https:\/\/soclose.mx\/blog\/#organization"},"potentialAction":[{"@type":"SearchAction","target":{"@type":"EntryPoint","urlTemplate":"https:\/\/soclose.mx\/blog\/?s={search_term_string}"},"query-input":{"@type":"PropertyValueSpecification","valueRequired":true,"valueName":"search_term_string"}}],"inLanguage":"es"},{"@type":"Organization","@id":"https:\/\/soclose.mx\/blog\/#organization","name":"So Close","url":"https:\/\/soclose.mx\/blog\/","logo":{"@type":"ImageObject","inLanguage":"es","@id":"https:\/\/soclose.mx\/blog\/#\/schema\/logo\/image\/","url":"https:\/\/i0.wp.com\/soclose.mx\/blog\/wp-content\/uploads\/2020\/12\/LOGO_SOCLOSE_COLOR-e1608310133507.png?fit=2858%2C1264&ssl=1","contentUrl":"https:\/\/i0.wp.com\/soclose.mx\/blog\/wp-content\/uploads\/2020\/12\/LOGO_SOCLOSE_COLOR-e1608310133507.png?fit=2858%2C1264&ssl=1","width":2858,"height":1264,"caption":"So Close"},"image":{"@id":"https:\/\/soclose.mx\/blog\/#\/schema\/logo\/image\/"}},{"@type":"Person","@id":"https:\/\/soclose.mx\/blog\/#\/schema\/person\/cddec6ccd5d7037d286395fb411e23f1","name":"Miguel Angel Romero","image":{"@type":"ImageObject","inLanguage":"es","@id":"https:\/\/soclose.mx\/blog\/#\/schema\/person\/image\/","url":"https:\/\/secure.gravatar.com\/avatar\/45b44006b4f93497bb24d251f77bc39385015bfa120582412df580dbfcbb14f3?s=96&d=mm&r=g","contentUrl":"https:\/\/secure.gravatar.com\/avatar\/45b44006b4f93497bb24d251f77bc39385015bfa120582412df580dbfcbb14f3?s=96&d=mm&r=g","caption":"Miguel Angel Romero"},"sameAs":["http:\/\/\/mikexever.blogspot.com\/","www.facebook.com\/mikexever\/","https:\/\/x.com\/Mikerecomienda"],"url":"https:\/\/soclose.mx\/blog\/author\/mike\/"}]}},"jetpack_featured_media_url":"https:\/\/i0.wp.com\/soclose.mx\/blog\/wp-content\/uploads\/2022\/03\/Copia-de-Principal-So-Close-blog-24.png?fit=1240%2C700&ssl=1","jetpack-related-posts":[{"id":10723,"url":"https:\/\/soclose.mx\/blog\/comida-mexicana\/una-nieve-de-chile-en-nogada-conoce-los-exquisitos-helados-de-las-milpas-de-puebla\/","url_meta":{"origin":9504,"position":0},"title":"\u00bfUna nieve de chile en nogada? Conoce los exquisitos helados de las milpas de Puebla","author":"Daniel Ram\u00edrez","date":"26 julio, 2022","format":false,"excerpt":"Los helados de chocolate, vainilla, fresa o cualquier otro ingrediente com\u00fan son deliciosos, \u00bfpero qu\u00e9 te parecer\u00eda probar algunos hechos de ma\u00edz y otros productos de las milpas mexicanas? Existe una helader\u00eda artesanal en el estado de Puebla que hace este tipo de delicias, que sin duda te dejar\u00e1n un\u2026","rel":"","context":"En &quot;Comida mexicana&quot;","block_context":{"text":"Comida mexicana","link":"https:\/\/soclose.mx\/blog\/category\/comida-mexicana\/"},"img":{"alt_text":"","src":"https:\/\/i0.wp.com\/soclose.mx\/blog\/wp-content\/uploads\/2022\/07\/Captura-de-Pantalla-2022-07-26-a-las-19.51.04.png?fit=1200%2C800&ssl=1&resize=350%2C200","width":350,"height":200,"srcset":"https:\/\/i0.wp.com\/soclose.mx\/blog\/wp-content\/uploads\/2022\/07\/Captura-de-Pantalla-2022-07-26-a-las-19.51.04.png?fit=1200%2C800&ssl=1&resize=350%2C200 1x, https:\/\/i0.wp.com\/soclose.mx\/blog\/wp-content\/uploads\/2022\/07\/Captura-de-Pantalla-2022-07-26-a-las-19.51.04.png?fit=1200%2C800&ssl=1&resize=525%2C300 1.5x, https:\/\/i0.wp.com\/soclose.mx\/blog\/wp-content\/uploads\/2022\/07\/Captura-de-Pantalla-2022-07-26-a-las-19.51.04.png?fit=1200%2C800&ssl=1&resize=700%2C400 2x, https:\/\/i0.wp.com\/soclose.mx\/blog\/wp-content\/uploads\/2022\/07\/Captura-de-Pantalla-2022-07-26-a-las-19.51.04.png?fit=1200%2C800&ssl=1&resize=1050%2C600 3x"},"classes":[]},{"id":14799,"url":"https:\/\/soclose.mx\/blog\/news-feed\/alcaldias-con-ley-seca-en-cdmx-durante-semana-santa-2025\/","url_meta":{"origin":9504,"position":1},"title":"Alcald\u00edas con Ley Seca en CDMX durante Semana Santa 2025","author":"So Close","date":"17 abril, 2025","format":false,"excerpt":"Durante la Semana Santa 2025 (del 17 al 19 de abril), las Alcald\u00edas con Ley Seca en CDMX aplica en 8 de las 16 con fechas y horarios espec\u00edficos para garantizar el orden durante las celebraciones religiosas. Estas son las demarcaciones afectadas: Alcald\u00edas con Ley Seca en CDMX, con restricciones\u2026","rel":"","context":"En &quot;News feed&quot;","block_context":{"text":"News feed","link":"https:\/\/soclose.mx\/blog\/category\/news-feed\/"},"img":{"alt_text":"Ley seca","src":"https:\/\/i0.wp.com\/soclose.mx\/blog\/wp-content\/uploads\/2025\/04\/Ley-seca.jpg?fit=1200%2C675&ssl=1&resize=350%2C200","width":350,"height":200,"srcset":"https:\/\/i0.wp.com\/soclose.mx\/blog\/wp-content\/uploads\/2025\/04\/Ley-seca.jpg?fit=1200%2C675&ssl=1&resize=350%2C200 1x, https:\/\/i0.wp.com\/soclose.mx\/blog\/wp-content\/uploads\/2025\/04\/Ley-seca.jpg?fit=1200%2C675&ssl=1&resize=525%2C300 1.5x, https:\/\/i0.wp.com\/soclose.mx\/blog\/wp-content\/uploads\/2025\/04\/Ley-seca.jpg?fit=1200%2C675&ssl=1&resize=700%2C400 2x, https:\/\/i0.wp.com\/soclose.mx\/blog\/wp-content\/uploads\/2025\/04\/Ley-seca.jpg?fit=1200%2C675&ssl=1&resize=1050%2C600 3x"},"classes":[]},{"id":8544,"url":"https:\/\/soclose.mx\/blog\/lugares\/descubre-que-hacer-en-san-pedro-atocpan\/","url_meta":{"origin":9504,"position":2},"title":"Descubre qu\u00e9 hacer en San Pedro Atocpan","author":"Miguel Angel Romero","date":"2 febrero, 2022","format":false,"excerpt":"San Pedro Atocpan es sin\u00f3nimo de mole, por sus calles se respira el aroma de las especies, del chocolate, pero, este poblado es m\u00e1s que la Feria Nacional del Mole que se celebra cada a\u00f1o, \u00bfquieres conocer m\u00e1s de \u00e9l? \u00a0La\u00a0Plaza San Mart\u00edn\u00a0o principal no est\u00e1 precisamente en el centro\u2026","rel":"","context":"En &quot;Lugares&quot;","block_context":{"text":"Lugares","link":"https:\/\/soclose.mx\/blog\/category\/lugares\/"},"img":{"alt_text":"","src":"https:\/\/i0.wp.com\/soclose.mx\/blog\/wp-content\/uploads\/2022\/02\/Copia-de-Principal-So-Close-blog-1.png?fit=1200%2C677&ssl=1&resize=350%2C200","width":350,"height":200,"srcset":"https:\/\/i0.wp.com\/soclose.mx\/blog\/wp-content\/uploads\/2022\/02\/Copia-de-Principal-So-Close-blog-1.png?fit=1200%2C677&ssl=1&resize=350%2C200 1x, https:\/\/i0.wp.com\/soclose.mx\/blog\/wp-content\/uploads\/2022\/02\/Copia-de-Principal-So-Close-blog-1.png?fit=1200%2C677&ssl=1&resize=525%2C300 1.5x, https:\/\/i0.wp.com\/soclose.mx\/blog\/wp-content\/uploads\/2022\/02\/Copia-de-Principal-So-Close-blog-1.png?fit=1200%2C677&ssl=1&resize=700%2C400 2x, https:\/\/i0.wp.com\/soclose.mx\/blog\/wp-content\/uploads\/2022\/02\/Copia-de-Principal-So-Close-blog-1.png?fit=1200%2C677&ssl=1&resize=1050%2C600 3x"},"classes":[]},{"id":6843,"url":"https:\/\/soclose.mx\/blog\/ay-goeeee\/7-curiosidades-de-la-pintura-de-diego-rivera-desnudo-con-alcatraces\/","url_meta":{"origin":9504,"position":3},"title":"7 curiosidades de la pintura de Diego Rivera: &#8220;Desnudo con alcatraces&#8221;","author":"So Close","date":"10 agosto, 2021","format":false,"excerpt":"El pintor y muralista Diego Rivera, tambi\u00e9n conocido por su relaci\u00f3n con Frida Kahlo, entre sus obras realiz\u00f3 una que tuvo un peculiar impacto en su \u00e9poca, pero tambi\u00e9n gener\u00f3 atenci\u00f3n porque rompi\u00f3 un estereotipo de modelos al dibujar a una mujer que no era la cl\u00e1sica de origen cauc\u00e1sico.\u2026","rel":"","context":"En &quot;\u00a1Ay goeeee!&quot;","block_context":{"text":"\u00a1Ay goeeee!","link":"https:\/\/soclose.mx\/blog\/category\/ay-goeeee\/"},"img":{"alt_text":"","src":"https:\/\/i0.wp.com\/soclose.mx\/blog\/wp-content\/uploads\/2021\/08\/Desnudo-con-alcatraces.jpeg?fit=1200%2C677&ssl=1&resize=350%2C200","width":350,"height":200,"srcset":"https:\/\/i0.wp.com\/soclose.mx\/blog\/wp-content\/uploads\/2021\/08\/Desnudo-con-alcatraces.jpeg?fit=1200%2C677&ssl=1&resize=350%2C200 1x, https:\/\/i0.wp.com\/soclose.mx\/blog\/wp-content\/uploads\/2021\/08\/Desnudo-con-alcatraces.jpeg?fit=1200%2C677&ssl=1&resize=525%2C300 1.5x, https:\/\/i0.wp.com\/soclose.mx\/blog\/wp-content\/uploads\/2021\/08\/Desnudo-con-alcatraces.jpeg?fit=1200%2C677&ssl=1&resize=700%2C400 2x, https:\/\/i0.wp.com\/soclose.mx\/blog\/wp-content\/uploads\/2021\/08\/Desnudo-con-alcatraces.jpeg?fit=1200%2C677&ssl=1&resize=1050%2C600 3x"},"classes":[]},{"id":9767,"url":"https:\/\/soclose.mx\/blog\/para-todos\/ya-viene-el-salsa-fest-veracruz-2022\/","url_meta":{"origin":9504,"position":4},"title":"Ya viene el Salsa Fest Veracruz 2022","author":"Daniel Ram\u00edrez","date":"7 mayo, 2022","format":false,"excerpt":"Prepara el tacuche y tus mejores pasos de baile porque se viene el SalsaFest Veracruz 2022, evento que se realizar\u00e1 en el municipio de Boca del R\u00edo del 2 al 4 de junio. El Boulevard Vicente Fox se convertir\u00e1 en el sals\u00f3dromo m\u00e1s grande de M\u00e9xico durante tres d\u00edas, en\u2026","rel":"","context":"En &quot;Para todos&quot;","block_context":{"text":"Para todos","link":"https:\/\/soclose.mx\/blog\/category\/para-todos\/"},"img":{"alt_text":"","src":"https:\/\/i0.wp.com\/soclose.mx\/blog\/wp-content\/uploads\/2022\/05\/pexels-los-muertos-crew-8281147-scaled.jpg?fit=1200%2C800&ssl=1&resize=350%2C200","width":350,"height":200,"srcset":"https:\/\/i0.wp.com\/soclose.mx\/blog\/wp-content\/uploads\/2022\/05\/pexels-los-muertos-crew-8281147-scaled.jpg?fit=1200%2C800&ssl=1&resize=350%2C200 1x, https:\/\/i0.wp.com\/soclose.mx\/blog\/wp-content\/uploads\/2022\/05\/pexels-los-muertos-crew-8281147-scaled.jpg?fit=1200%2C800&ssl=1&resize=525%2C300 1.5x, https:\/\/i0.wp.com\/soclose.mx\/blog\/wp-content\/uploads\/2022\/05\/pexels-los-muertos-crew-8281147-scaled.jpg?fit=1200%2C800&ssl=1&resize=700%2C400 2x, https:\/\/i0.wp.com\/soclose.mx\/blog\/wp-content\/uploads\/2022\/05\/pexels-los-muertos-crew-8281147-scaled.jpg?fit=1200%2C800&ssl=1&resize=1050%2C600 3x"},"classes":[]},{"id":6670,"url":"https:\/\/soclose.mx\/blog\/ay-goeeee\/10-inolvidables-datos-de-super-porky\/","url_meta":{"origin":9504,"position":5},"title":"10 inolvidables datos de S\u00faper Porky","author":"So Close","date":"27 julio, 2021","format":false,"excerpt":"En M\u00e9xico la lucha libre es un ingrediente m\u00e1s de la cultura contempor\u00e1nea y, por ende, los luchadores son parte del gusto popular de nacionales y visitantes. Por ello, sin lugar a dudas, S\u00faper Porky fue un exponente de la lucha libre admirado y querido por su carisma. Aqu\u00ed te\u2026","rel":"","context":"En &quot;\u00a1Ay goeeee!&quot;","block_context":{"text":"\u00a1Ay goeeee!","link":"https:\/\/soclose.mx\/blog\/category\/ay-goeeee\/"},"img":{"alt_text":"","src":"https:\/\/i0.wp.com\/soclose.mx\/blog\/wp-content\/uploads\/2021\/07\/super-porky.jpeg?fit=1200%2C677&ssl=1&resize=350%2C200","width":350,"height":200,"srcset":"https:\/\/i0.wp.com\/soclose.mx\/blog\/wp-content\/uploads\/2021\/07\/super-porky.jpeg?fit=1200%2C677&ssl=1&resize=350%2C200 1x, https:\/\/i0.wp.com\/soclose.mx\/blog\/wp-content\/uploads\/2021\/07\/super-porky.jpeg?fit=1200%2C677&ssl=1&resize=525%2C300 1.5x, https:\/\/i0.wp.com\/soclose.mx\/blog\/wp-content\/uploads\/2021\/07\/super-porky.jpeg?fit=1200%2C677&ssl=1&resize=700%2C400 2x, https:\/\/i0.wp.com\/soclose.mx\/blog\/wp-content\/uploads\/2021\/07\/super-porky.jpeg?fit=1200%2C677&ssl=1&resize=1050%2C600 3x"},"classes":[]}],"jetpack_sharing_enabled":true,"_links":{"self":[{"href":"https:\/\/soclose.mx\/blog\/wp-json\/wp\/v2\/posts\/9504","targetHints":{"allow":["GET"]}}],"collection":[{"href":"https:\/\/soclose.mx\/blog\/wp-json\/wp\/v2\/posts"}],"about":[{"href":"https:\/\/soclose.mx\/blog\/wp-json\/wp\/v2\/types\/post"}],"author":[{"embeddable":true,"href":"https:\/\/soclose.mx\/blog\/wp-json\/wp\/v2\/users\/8"}],"replies":[{"embeddable":true,"href":"https:\/\/soclose.mx\/blog\/wp-json\/wp\/v2\/comments?post=9504"}],"version-history":[{"count":0,"href":"https:\/\/soclose.mx\/blog\/wp-json\/wp\/v2\/posts\/9504\/revisions"}],"wp:featuredmedia":[{"embeddable":true,"href":"https:\/\/soclose.mx\/blog\/wp-json\/wp\/v2\/media\/9505"}],"wp:attachment":[{"href":"https:\/\/soclose.mx\/blog\/wp-json\/wp\/v2\/media?parent=9504"}],"wp:term":[{"taxonomy":"category","embeddable":true,"href":"https:\/\/soclose.mx\/blog\/wp-json\/wp\/v2\/categories?post=9504"},{"taxonomy":"post_tag","embeddable":true,"href":"https:\/\/soclose.mx\/blog\/wp-json\/wp\/v2\/tags?post=9504"}],"curies":[{"name":"wp","href":"https:\/\/api.w.org\/{rel}","templated":true}]}}