{"id":9509,"date":"2022-03-30T08:48:43","date_gmt":"2022-03-30T14:48:43","guid":{"rendered":"https:\/\/soclose.mx\/blog\/?p=9509"},"modified":"2022-03-29T00:16:55","modified_gmt":"2022-03-29T06:16:55","slug":"regresa-la-flor-mas-bella-del-ejido-en-xochimilco","status":"publish","type":"post","link":"https:\/\/soclose.mx\/blog\/ay-goeeee\/regresa-la-flor-mas-bella-del-ejido-en-xochimilco\/","title":{"rendered":"Regresa La Flor m\u00e1s Bella del Ejido en Xochimilco"},"content":{"rendered":"<p>La <a href=\"https:\/\/soclose.mx\/blog\/?s=xochimilco\" target=\"_blank\" rel=\"noopener\"><strong>Alcald\u00eda Xochimilco<\/strong><\/a> dio inicio a la convocatoria de \u201c<strong>La Fiesta de la Flor m\u00e1s Bella del Ejido 2022<\/strong>\u201d, que regresa en su edici\u00f3n CCXXXV como una de las celebraciones m\u00e1s importantes y antiguas de la demarcaci\u00f3n.<\/p>\n<p>El objetivo\u00a0es revalorar la belleza de la mujer mestiza que habita en la <strong>Ciudad de M\u00e9xico,<\/strong> adem\u00e1s de conservar y resaltar los or\u00edgenes de los pueblos que en alg\u00fan momento de su historia contaron o que a\u00fan conservan tierras de labor o ejidos.<\/p>\n<p><strong>Michelle Rodr\u00edguez<\/strong>, embajadora cultural de la fiesta, expres\u00f3 que ganar\u00e1 \u201cquien mejor se desempe\u00f1a, quien mejor se expresa frente al p\u00fablico; ojal\u00e1 que sean muchas las ni\u00f1as y mujeres que se inscriban al certamen para que tengamos muchas embajadoras de nuestra cultura\u201d.<\/p>\n<p>El pa\u00eds invitado en esta edici\u00f3n, que se retoma tras la suspensi\u00f3n de dos a\u00f1os por la pandemia, ser\u00e1 <strong>Cuba<\/strong>; mientras que <strong>Tlacotalpan, Veracruz<\/strong>, ser\u00e1 la ciudad patrimonio invitada en el evento.<\/p>\n<p><img data-recalc-dims=\"1\" fetchpriority=\"high\" decoding=\"async\" class=\"alignnone size-full wp-image-9510\" src=\"https:\/\/i0.wp.com\/soclose.mx\/blog\/wp-content\/uploads\/2022\/03\/FOf1mRpVIAE_2nJ.jpeg?resize=456%2C633&#038;ssl=1\" alt=\"\" width=\"456\" height=\"633\" srcset=\"https:\/\/i0.wp.com\/soclose.mx\/blog\/wp-content\/uploads\/2022\/03\/FOf1mRpVIAE_2nJ.jpeg?w=456&amp;ssl=1 456w, https:\/\/i0.wp.com\/soclose.mx\/blog\/wp-content\/uploads\/2022\/03\/FOf1mRpVIAE_2nJ.jpeg?resize=216%2C300&amp;ssl=1 216w\" sizes=\"(max-width: 456px) 100vw, 456px\" \/><\/p>\n","protected":false},"excerpt":{"rendered":"<p>La Alcald\u00eda Xochimilco dio inicio a la convocatoria de \u201cLa Fiesta de la Flor m\u00e1s Bella del Ejido 2022\u201d, que regresa en su edici\u00f3n CCXXXV como una de las celebraciones m\u00e1s importantes y antiguas de la demarcaci\u00f3n. El objetivo\u00a0es revalorar la belleza de la mujer mestiza que habita en la Ciudad de M\u00e9xico, adem\u00e1s de conservar y resaltar los or\u00edgenes de los pueblos que en alg\u00fan momento de su historia contaron o que a\u00fan conservan tierras de labor o ejidos. Michelle Rodr\u00edguez, embajadora cultural de la fiesta, expres\u00f3 que ganar\u00e1 \u201cquien mejor se desempe\u00f1a, quien mejor se expresa frente al<\/p>\n","protected":false},"author":8,"featured_media":9511,"comment_status":"open","ping_status":"open","sticky":false,"template":"","format":"standard","meta":{"_jetpack_memberships_contains_paid_content":false,"footnotes":""},"categories":[1,628],"tags":[1896,307],"class_list":["post-9509","post","type-post","status-publish","format-standard","has-post-thumbnail","hentry","category-ay-goeeee","category-news-feed","tag-la-flor-mas-bella","tag-xochimilco"],"yoast_head":"<!-- This site is optimized with the Yoast SEO plugin v26.7 - https:\/\/yoast.com\/wordpress\/plugins\/seo\/ -->\n<title>Regresa La Flor m\u00e1s Bella del Ejido en Xochimilco - So Close<\/title>\n<meta name=\"description\" content=\"El primer lugar deLa Flor m\u00e1s Bella del Ejido en Xochimilco obtendr\u00e1 un premio de 50 mil pesos\" \/>\n<meta name=\"robots\" content=\"index, follow, max-snippet:-1, max-image-preview:large, max-video-preview:-1\" \/>\n<link rel=\"canonical\" href=\"https:\/\/soclose.mx\/blog\/tag\/juan-rulfo-frases-mujeres\/\" \/>\n<meta property=\"og:locale\" content=\"es_MX\" \/>\n<meta property=\"og:type\" content=\"article\" \/>\n<meta property=\"og:title\" content=\"Regresa La Flor m\u00e1s Bella del Ejido en Xochimilco - So Close\" \/>\n<meta property=\"og:description\" content=\"El primer lugar deLa Flor m\u00e1s Bella del Ejido en Xochimilco obtendr\u00e1 un premio de 50 mil pesos\" \/>\n<meta property=\"og:url\" content=\"https:\/\/soclose.mx\/blog\/tag\/juan-rulfo-frases-mujeres\/\" \/>\n<meta property=\"og:site_name\" content=\"So Close\" \/>\n<meta property=\"article:author\" content=\"www.facebook.com\/mikexever\/\" \/>\n<meta property=\"article:published_time\" content=\"2022-03-30T14:48:43+00:00\" \/>\n<meta property=\"og:image\" content=\"https:\/\/i0.wp.com\/soclose.mx\/blog\/wp-content\/uploads\/2022\/03\/Copia-de-Principal-So-Close-blog-1-20.png?fit=1240%2C700&ssl=1\" \/>\n\t<meta property=\"og:image:width\" content=\"1240\" \/>\n\t<meta property=\"og:image:height\" content=\"700\" \/>\n\t<meta property=\"og:image:type\" content=\"image\/png\" \/>\n<meta name=\"author\" content=\"Miguel Angel Romero\" \/>\n<meta name=\"twitter:card\" content=\"summary_large_image\" \/>\n<meta name=\"twitter:creator\" content=\"@Mikerecomienda\" \/>\n<meta name=\"twitter:label1\" content=\"Escrito por\" \/>\n\t<meta name=\"twitter:data1\" content=\"Miguel Angel Romero\" \/>\n\t<meta name=\"twitter:label2\" content=\"Tiempo de lectura\" \/>\n\t<meta name=\"twitter:data2\" content=\"1 minuto\" \/>\n<script type=\"application\/ld+json\" class=\"yoast-schema-graph\">{\"@context\":\"https:\/\/schema.org\",\"@graph\":[{\"@type\":\"Article\",\"@id\":\"https:\/\/soclose.mx\/blog\/tag\/juan-rulfo-frases-mujeres\/#article\",\"isPartOf\":{\"@id\":\"https:\/\/soclose.mx\/blog\/tag\/juan-rulfo-frases-mujeres\/\"},\"author\":{\"name\":\"Miguel Angel Romero\",\"@id\":\"https:\/\/soclose.mx\/blog\/#\/schema\/person\/cddec6ccd5d7037d286395fb411e23f1\"},\"headline\":\"Regresa La Flor m\u00e1s Bella del Ejido en Xochimilco\",\"datePublished\":\"2022-03-30T14:48:43+00:00\",\"mainEntityOfPage\":{\"@id\":\"https:\/\/soclose.mx\/blog\/tag\/juan-rulfo-frases-mujeres\/\"},\"wordCount\":182,\"commentCount\":0,\"publisher\":{\"@id\":\"https:\/\/soclose.mx\/blog\/#organization\"},\"image\":{\"@id\":\"https:\/\/soclose.mx\/blog\/tag\/juan-rulfo-frases-mujeres\/#primaryimage\"},\"thumbnailUrl\":\"https:\/\/i0.wp.com\/soclose.mx\/blog\/wp-content\/uploads\/2022\/03\/Copia-de-Principal-So-Close-blog-1-20.png?fit=1240%2C700&ssl=1\",\"keywords\":[\"la flor m\u00e1s bella\",\"xochimilco\"],\"articleSection\":[\"\u00a1Ay goeeee!\",\"News feed\"],\"inLanguage\":\"es\",\"potentialAction\":[{\"@type\":\"CommentAction\",\"name\":\"Comment\",\"target\":[\"https:\/\/soclose.mx\/blog\/tag\/juan-rulfo-frases-mujeres\/#respond\"]}]},{\"@type\":\"WebPage\",\"@id\":\"https:\/\/soclose.mx\/blog\/tag\/juan-rulfo-frases-mujeres\/\",\"url\":\"https:\/\/soclose.mx\/blog\/tag\/juan-rulfo-frases-mujeres\/\",\"name\":\"Regresa La Flor m\u00e1s Bella del Ejido en Xochimilco - So Close\",\"isPartOf\":{\"@id\":\"https:\/\/soclose.mx\/blog\/#website\"},\"primaryImageOfPage\":{\"@id\":\"https:\/\/soclose.mx\/blog\/tag\/juan-rulfo-frases-mujeres\/#primaryimage\"},\"image\":{\"@id\":\"https:\/\/soclose.mx\/blog\/tag\/juan-rulfo-frases-mujeres\/#primaryimage\"},\"thumbnailUrl\":\"https:\/\/i0.wp.com\/soclose.mx\/blog\/wp-content\/uploads\/2022\/03\/Copia-de-Principal-So-Close-blog-1-20.png?fit=1240%2C700&ssl=1\",\"datePublished\":\"2022-03-30T14:48:43+00:00\",\"description\":\"El primer lugar deLa Flor m\u00e1s Bella del Ejido en Xochimilco obtendr\u00e1 un premio de 50 mil pesos\",\"breadcrumb\":{\"@id\":\"https:\/\/soclose.mx\/blog\/tag\/juan-rulfo-frases-mujeres\/#breadcrumb\"},\"inLanguage\":\"es\",\"potentialAction\":[{\"@type\":\"ReadAction\",\"target\":[\"https:\/\/soclose.mx\/blog\/tag\/juan-rulfo-frases-mujeres\/\"]}]},{\"@type\":\"ImageObject\",\"inLanguage\":\"es\",\"@id\":\"https:\/\/soclose.mx\/blog\/tag\/juan-rulfo-frases-mujeres\/#primaryimage\",\"url\":\"https:\/\/i0.wp.com\/soclose.mx\/blog\/wp-content\/uploads\/2022\/03\/Copia-de-Principal-So-Close-blog-1-20.png?fit=1240%2C700&ssl=1\",\"contentUrl\":\"https:\/\/i0.wp.com\/soclose.mx\/blog\/wp-content\/uploads\/2022\/03\/Copia-de-Principal-So-Close-blog-1-20.png?fit=1240%2C700&ssl=1\",\"width\":1240,\"height\":700},{\"@type\":\"BreadcrumbList\",\"@id\":\"https:\/\/soclose.mx\/blog\/tag\/juan-rulfo-frases-mujeres\/#breadcrumb\",\"itemListElement\":[{\"@type\":\"ListItem\",\"position\":1,\"name\":\"Inicio\",\"item\":\"https:\/\/soclose.mx\/blog\/\"},{\"@type\":\"ListItem\",\"position\":2,\"name\":\"Regresa La Flor m\u00e1s Bella del Ejido en Xochimilco\"}]},{\"@type\":\"WebSite\",\"@id\":\"https:\/\/soclose.mx\/blog\/#website\",\"url\":\"https:\/\/soclose.mx\/blog\/\",\"name\":\"So Close\",\"description\":\"Hacemos contenidos de M\u00e9xico\",\"publisher\":{\"@id\":\"https:\/\/soclose.mx\/blog\/#organization\"},\"potentialAction\":[{\"@type\":\"SearchAction\",\"target\":{\"@type\":\"EntryPoint\",\"urlTemplate\":\"https:\/\/soclose.mx\/blog\/?s={search_term_string}\"},\"query-input\":{\"@type\":\"PropertyValueSpecification\",\"valueRequired\":true,\"valueName\":\"search_term_string\"}}],\"inLanguage\":\"es\"},{\"@type\":\"Organization\",\"@id\":\"https:\/\/soclose.mx\/blog\/#organization\",\"name\":\"So Close\",\"url\":\"https:\/\/soclose.mx\/blog\/\",\"logo\":{\"@type\":\"ImageObject\",\"inLanguage\":\"es\",\"@id\":\"https:\/\/soclose.mx\/blog\/#\/schema\/logo\/image\/\",\"url\":\"https:\/\/i0.wp.com\/soclose.mx\/blog\/wp-content\/uploads\/2020\/12\/LOGO_SOCLOSE_COLOR-e1608310133507.png?fit=2858%2C1264&ssl=1\",\"contentUrl\":\"https:\/\/i0.wp.com\/soclose.mx\/blog\/wp-content\/uploads\/2020\/12\/LOGO_SOCLOSE_COLOR-e1608310133507.png?fit=2858%2C1264&ssl=1\",\"width\":2858,\"height\":1264,\"caption\":\"So Close\"},\"image\":{\"@id\":\"https:\/\/soclose.mx\/blog\/#\/schema\/logo\/image\/\"}},{\"@type\":\"Person\",\"@id\":\"https:\/\/soclose.mx\/blog\/#\/schema\/person\/cddec6ccd5d7037d286395fb411e23f1\",\"name\":\"Miguel Angel Romero\",\"image\":{\"@type\":\"ImageObject\",\"inLanguage\":\"es\",\"@id\":\"https:\/\/soclose.mx\/blog\/#\/schema\/person\/image\/\",\"url\":\"https:\/\/secure.gravatar.com\/avatar\/45b44006b4f93497bb24d251f77bc39385015bfa120582412df580dbfcbb14f3?s=96&d=mm&r=g\",\"contentUrl\":\"https:\/\/secure.gravatar.com\/avatar\/45b44006b4f93497bb24d251f77bc39385015bfa120582412df580dbfcbb14f3?s=96&d=mm&r=g\",\"caption\":\"Miguel Angel Romero\"},\"sameAs\":[\"http:\/\/\/mikexever.blogspot.com\/\",\"www.facebook.com\/mikexever\/\",\"https:\/\/x.com\/Mikerecomienda\"],\"url\":\"https:\/\/soclose.mx\/blog\/author\/mike\/\"}]}<\/script>\n<!-- \/ Yoast SEO plugin. -->","yoast_head_json":{"title":"Regresa La Flor m\u00e1s Bella del Ejido en Xochimilco - So Close","description":"El primer lugar deLa Flor m\u00e1s Bella del Ejido en Xochimilco obtendr\u00e1 un premio de 50 mil pesos","robots":{"index":"index","follow":"follow","max-snippet":"max-snippet:-1","max-image-preview":"max-image-preview:large","max-video-preview":"max-video-preview:-1"},"canonical":"https:\/\/soclose.mx\/blog\/tag\/juan-rulfo-frases-mujeres\/","og_locale":"es_MX","og_type":"article","og_title":"Regresa La Flor m\u00e1s Bella del Ejido en Xochimilco - So Close","og_description":"El primer lugar deLa Flor m\u00e1s Bella del Ejido en Xochimilco obtendr\u00e1 un premio de 50 mil pesos","og_url":"https:\/\/soclose.mx\/blog\/tag\/juan-rulfo-frases-mujeres\/","og_site_name":"So Close","article_author":"www.facebook.com\/mikexever\/","article_published_time":"2022-03-30T14:48:43+00:00","og_image":[{"width":1240,"height":700,"url":"https:\/\/i0.wp.com\/soclose.mx\/blog\/wp-content\/uploads\/2022\/03\/Copia-de-Principal-So-Close-blog-1-20.png?fit=1240%2C700&ssl=1","type":"image\/png"}],"author":"Miguel Angel Romero","twitter_card":"summary_large_image","twitter_creator":"@Mikerecomienda","twitter_misc":{"Escrito por":"Miguel Angel Romero","Tiempo de lectura":"1 minuto"},"schema":{"@context":"https:\/\/schema.org","@graph":[{"@type":"Article","@id":"https:\/\/soclose.mx\/blog\/tag\/juan-rulfo-frases-mujeres\/#article","isPartOf":{"@id":"https:\/\/soclose.mx\/blog\/tag\/juan-rulfo-frases-mujeres\/"},"author":{"name":"Miguel Angel Romero","@id":"https:\/\/soclose.mx\/blog\/#\/schema\/person\/cddec6ccd5d7037d286395fb411e23f1"},"headline":"Regresa La Flor m\u00e1s Bella del Ejido en Xochimilco","datePublished":"2022-03-30T14:48:43+00:00","mainEntityOfPage":{"@id":"https:\/\/soclose.mx\/blog\/tag\/juan-rulfo-frases-mujeres\/"},"wordCount":182,"commentCount":0,"publisher":{"@id":"https:\/\/soclose.mx\/blog\/#organization"},"image":{"@id":"https:\/\/soclose.mx\/blog\/tag\/juan-rulfo-frases-mujeres\/#primaryimage"},"thumbnailUrl":"https:\/\/i0.wp.com\/soclose.mx\/blog\/wp-content\/uploads\/2022\/03\/Copia-de-Principal-So-Close-blog-1-20.png?fit=1240%2C700&ssl=1","keywords":["la flor m\u00e1s bella","xochimilco"],"articleSection":["\u00a1Ay goeeee!","News feed"],"inLanguage":"es","potentialAction":[{"@type":"CommentAction","name":"Comment","target":["https:\/\/soclose.mx\/blog\/tag\/juan-rulfo-frases-mujeres\/#respond"]}]},{"@type":"WebPage","@id":"https:\/\/soclose.mx\/blog\/tag\/juan-rulfo-frases-mujeres\/","url":"https:\/\/soclose.mx\/blog\/tag\/juan-rulfo-frases-mujeres\/","name":"Regresa La Flor m\u00e1s Bella del Ejido en Xochimilco - So Close","isPartOf":{"@id":"https:\/\/soclose.mx\/blog\/#website"},"primaryImageOfPage":{"@id":"https:\/\/soclose.mx\/blog\/tag\/juan-rulfo-frases-mujeres\/#primaryimage"},"image":{"@id":"https:\/\/soclose.mx\/blog\/tag\/juan-rulfo-frases-mujeres\/#primaryimage"},"thumbnailUrl":"https:\/\/i0.wp.com\/soclose.mx\/blog\/wp-content\/uploads\/2022\/03\/Copia-de-Principal-So-Close-blog-1-20.png?fit=1240%2C700&ssl=1","datePublished":"2022-03-30T14:48:43+00:00","description":"El primer lugar deLa Flor m\u00e1s Bella del Ejido en Xochimilco obtendr\u00e1 un premio de 50 mil pesos","breadcrumb":{"@id":"https:\/\/soclose.mx\/blog\/tag\/juan-rulfo-frases-mujeres\/#breadcrumb"},"inLanguage":"es","potentialAction":[{"@type":"ReadAction","target":["https:\/\/soclose.mx\/blog\/tag\/juan-rulfo-frases-mujeres\/"]}]},{"@type":"ImageObject","inLanguage":"es","@id":"https:\/\/soclose.mx\/blog\/tag\/juan-rulfo-frases-mujeres\/#primaryimage","url":"https:\/\/i0.wp.com\/soclose.mx\/blog\/wp-content\/uploads\/2022\/03\/Copia-de-Principal-So-Close-blog-1-20.png?fit=1240%2C700&ssl=1","contentUrl":"https:\/\/i0.wp.com\/soclose.mx\/blog\/wp-content\/uploads\/2022\/03\/Copia-de-Principal-So-Close-blog-1-20.png?fit=1240%2C700&ssl=1","width":1240,"height":700},{"@type":"BreadcrumbList","@id":"https:\/\/soclose.mx\/blog\/tag\/juan-rulfo-frases-mujeres\/#breadcrumb","itemListElement":[{"@type":"ListItem","position":1,"name":"Inicio","item":"https:\/\/soclose.mx\/blog\/"},{"@type":"ListItem","position":2,"name":"Regresa La Flor m\u00e1s Bella del Ejido en Xochimilco"}]},{"@type":"WebSite","@id":"https:\/\/soclose.mx\/blog\/#website","url":"https:\/\/soclose.mx\/blog\/","name":"So Close","description":"Hacemos contenidos de M\u00e9xico","publisher":{"@id":"https:\/\/soclose.mx\/blog\/#organization"},"potentialAction":[{"@type":"SearchAction","target":{"@type":"EntryPoint","urlTemplate":"https:\/\/soclose.mx\/blog\/?s={search_term_string}"},"query-input":{"@type":"PropertyValueSpecification","valueRequired":true,"valueName":"search_term_string"}}],"inLanguage":"es"},{"@type":"Organization","@id":"https:\/\/soclose.mx\/blog\/#organization","name":"So Close","url":"https:\/\/soclose.mx\/blog\/","logo":{"@type":"ImageObject","inLanguage":"es","@id":"https:\/\/soclose.mx\/blog\/#\/schema\/logo\/image\/","url":"https:\/\/i0.wp.com\/soclose.mx\/blog\/wp-content\/uploads\/2020\/12\/LOGO_SOCLOSE_COLOR-e1608310133507.png?fit=2858%2C1264&ssl=1","contentUrl":"https:\/\/i0.wp.com\/soclose.mx\/blog\/wp-content\/uploads\/2020\/12\/LOGO_SOCLOSE_COLOR-e1608310133507.png?fit=2858%2C1264&ssl=1","width":2858,"height":1264,"caption":"So Close"},"image":{"@id":"https:\/\/soclose.mx\/blog\/#\/schema\/logo\/image\/"}},{"@type":"Person","@id":"https:\/\/soclose.mx\/blog\/#\/schema\/person\/cddec6ccd5d7037d286395fb411e23f1","name":"Miguel Angel Romero","image":{"@type":"ImageObject","inLanguage":"es","@id":"https:\/\/soclose.mx\/blog\/#\/schema\/person\/image\/","url":"https:\/\/secure.gravatar.com\/avatar\/45b44006b4f93497bb24d251f77bc39385015bfa120582412df580dbfcbb14f3?s=96&d=mm&r=g","contentUrl":"https:\/\/secure.gravatar.com\/avatar\/45b44006b4f93497bb24d251f77bc39385015bfa120582412df580dbfcbb14f3?s=96&d=mm&r=g","caption":"Miguel Angel Romero"},"sameAs":["http:\/\/\/mikexever.blogspot.com\/","www.facebook.com\/mikexever\/","https:\/\/x.com\/Mikerecomienda"],"url":"https:\/\/soclose.mx\/blog\/author\/mike\/"}]}},"jetpack_featured_media_url":"https:\/\/i0.wp.com\/soclose.mx\/blog\/wp-content\/uploads\/2022\/03\/Copia-de-Principal-So-Close-blog-1-20.png?fit=1240%2C700&ssl=1","jetpack-related-posts":[{"id":7284,"url":"https:\/\/soclose.mx\/blog\/ay-goeeee\/7-bellos-datos-de-la-gran-flor-de-cempasuchil\/","url_meta":{"origin":9509,"position":0},"title":"7 bellos datos de la gran Flor de cempas\u00fachil","author":"Miguel Angel Romero","date":"15 octubre, 2021","format":false,"excerpt":"La flor de cempas\u00fachil es una belleza, su olor, su color, la intensidad, sus p\u00e9talos, en fin posee una personalidad digna de honrarla en vida, en el D\u00eda de los Muertos. Si t\u00fa admiras este regalo de la naturaleza, te dejamos algunos datos para que lo sigas haciendo a\u00fan m\u00e1s.\u2026","rel":"","context":"En &quot;\u00a1Ay goeeee!&quot;","block_context":{"text":"\u00a1Ay goeeee!","link":"https:\/\/soclose.mx\/blog\/category\/ay-goeeee\/"},"img":{"alt_text":"","src":"https:\/\/i0.wp.com\/soclose.mx\/blog\/wp-content\/uploads\/2021\/10\/Principal-So-Close-blog-10.png?fit=1200%2C677&ssl=1&resize=350%2C200","width":350,"height":200,"srcset":"https:\/\/i0.wp.com\/soclose.mx\/blog\/wp-content\/uploads\/2021\/10\/Principal-So-Close-blog-10.png?fit=1200%2C677&ssl=1&resize=350%2C200 1x, https:\/\/i0.wp.com\/soclose.mx\/blog\/wp-content\/uploads\/2021\/10\/Principal-So-Close-blog-10.png?fit=1200%2C677&ssl=1&resize=525%2C300 1.5x, https:\/\/i0.wp.com\/soclose.mx\/blog\/wp-content\/uploads\/2021\/10\/Principal-So-Close-blog-10.png?fit=1200%2C677&ssl=1&resize=700%2C400 2x, https:\/\/i0.wp.com\/soclose.mx\/blog\/wp-content\/uploads\/2021\/10\/Principal-So-Close-blog-10.png?fit=1200%2C677&ssl=1&resize=1050%2C600 3x"},"classes":[]},{"id":9949,"url":"https:\/\/soclose.mx\/blog\/news-feed\/muy-valiente-vive-la-noche-de-las-pesadillas-en-xochimilco\/","url_meta":{"origin":9509,"position":1},"title":"\u00bfMuy valiente? Vive la Noche de las Pesadillas en Xochimilco","author":"Daniel Ram\u00edrez","date":"24 mayo, 2022","format":false,"excerpt":"Si ya te aventaste muchas pel\u00edculas de terror en el cine o tu casa, ahora podr\u00e1s disfrutar un marat\u00f3n de cintas en una ambientaci\u00f3n muy t\u00e9trica. Se trata del festival la Noche de las Pesadillas, un campamento donde se proyectar\u00e1n pel\u00edculas de terror hasta el amanecer. La edici\u00f3n anterior se\u2026","rel":"","context":"En &quot;News feed&quot;","block_context":{"text":"News feed","link":"https:\/\/soclose.mx\/blog\/category\/news-feed\/"},"img":{"alt_text":"","src":"https:\/\/i0.wp.com\/soclose.mx\/blog\/wp-content\/uploads\/2022\/05\/Litan.jpg?fit=350%2C263&ssl=1&resize=350%2C200","width":350,"height":200},"classes":[]},{"id":14854,"url":"https:\/\/soclose.mx\/blog\/news-feed\/todo-sobre-la-carrera-del-ajolotito-2025-en-la-cdmx-fechas-inscripciones-y-recorrido\/","url_meta":{"origin":9509,"position":2},"title":"Todo sobre la Carrera del Ajolotito 2025 en la CDMX: fechas, inscripciones y recorrido","author":"So Close","date":"3 junio, 2025","format":false,"excerpt":"La Carrera del Ajolotito 2025 en la CDMX es uno de los eventos deportivos recreativos m\u00e1s queridos y coloridos, pensado para celebrar y concientizar sobre la importancia del ajolote, especie emblem\u00e1tica de la capital y s\u00edmbolo de la riqueza natural de Xochimilco y Chapultepec. \u00bfEn qu\u00e9 consiste la Carrera del\u2026","rel":"","context":"En &quot;News feed&quot;","block_context":{"text":"News feed","link":"https:\/\/soclose.mx\/blog\/category\/news-feed\/"},"img":{"alt_text":"Carrera del ajolotito","src":"https:\/\/i0.wp.com\/soclose.mx\/blog\/wp-content\/uploads\/2025\/06\/Carrera-del-ajolotito.jpg?fit=1200%2C675&ssl=1&resize=350%2C200","width":350,"height":200,"srcset":"https:\/\/i0.wp.com\/soclose.mx\/blog\/wp-content\/uploads\/2025\/06\/Carrera-del-ajolotito.jpg?fit=1200%2C675&ssl=1&resize=350%2C200 1x, https:\/\/i0.wp.com\/soclose.mx\/blog\/wp-content\/uploads\/2025\/06\/Carrera-del-ajolotito.jpg?fit=1200%2C675&ssl=1&resize=525%2C300 1.5x, https:\/\/i0.wp.com\/soclose.mx\/blog\/wp-content\/uploads\/2025\/06\/Carrera-del-ajolotito.jpg?fit=1200%2C675&ssl=1&resize=700%2C400 2x, https:\/\/i0.wp.com\/soclose.mx\/blog\/wp-content\/uploads\/2025\/06\/Carrera-del-ajolotito.jpg?fit=1200%2C675&ssl=1&resize=1050%2C600 3x"},"classes":[]},{"id":7913,"url":"https:\/\/soclose.mx\/blog\/news-feed\/y-si-te-lanzas-a-la-noche-de-los-deseos-en-xochimilco\/","url_meta":{"origin":9509,"position":3},"title":"\u00bfY si te lanzas a la Noche de los Deseos en Xochimilco?","author":"Miguel Angel Romero","date":"2 diciembre, 2021","format":false,"excerpt":"La\u00a0Noche de los Deseos\u00a0llega a\u00a0Xochimilco, en la CDMX, un evento que busca la magia a trav\u00e9s de la m\u00fasica, la noche, el escenario y dejar que fluyan los buenos deseos. la\u00a0Noche de los Deseos\u00a0es una experiencia en las\u00a0trajineras, sin embargo, m\u00e1s all\u00e1 del recorrido, en medio de los canales podr\u00e1s\u2026","rel":"","context":"En &quot;News feed&quot;","block_context":{"text":"News feed","link":"https:\/\/soclose.mx\/blog\/category\/news-feed\/"},"img":{"alt_text":"","src":"https:\/\/i0.wp.com\/soclose.mx\/blog\/wp-content\/uploads\/2021\/11\/mexico-g3b40d3762_1920.jpg?fit=1200%2C794&ssl=1&resize=350%2C200","width":350,"height":200,"srcset":"https:\/\/i0.wp.com\/soclose.mx\/blog\/wp-content\/uploads\/2021\/11\/mexico-g3b40d3762_1920.jpg?fit=1200%2C794&ssl=1&resize=350%2C200 1x, https:\/\/i0.wp.com\/soclose.mx\/blog\/wp-content\/uploads\/2021\/11\/mexico-g3b40d3762_1920.jpg?fit=1200%2C794&ssl=1&resize=525%2C300 1.5x, https:\/\/i0.wp.com\/soclose.mx\/blog\/wp-content\/uploads\/2021\/11\/mexico-g3b40d3762_1920.jpg?fit=1200%2C794&ssl=1&resize=700%2C400 2x, https:\/\/i0.wp.com\/soclose.mx\/blog\/wp-content\/uploads\/2021\/11\/mexico-g3b40d3762_1920.jpg?fit=1200%2C794&ssl=1&resize=1050%2C600 3x"},"classes":[]},{"id":7982,"url":"https:\/\/soclose.mx\/blog\/news-feed\/llega-el-festival-ilusiones-de-navidad-a-xochimilco\/","url_meta":{"origin":9509,"position":4},"title":"Llega el Festival Ilusiones de Navidad a Xochimilco","author":"Miguel Angel Romero","date":"1 diciembre, 2021","format":false,"excerpt":"La Navidad cada vez est\u00e1 m\u00e1s cerca y para recibirla qu\u00e9 mejor manera de empezar la \u00e1poca que con la magia del Festival Ilusiones de Navidad en el Parque Ecol\u00f3gico de Xochimilco. Hasta el 9 de enero, estar\u00e1 disponible un espacio familiar donde vivir\u00e1s la experiencia de conocer la Villa\u2026","rel":"","context":"En &quot;News feed&quot;","block_context":{"text":"News feed","link":"https:\/\/soclose.mx\/blog\/category\/news-feed\/"},"img":{"alt_text":"","src":"https:\/\/i0.wp.com\/soclose.mx\/blog\/wp-content\/uploads\/2021\/11\/Copia-de-Principal-So-Close-blog-17.png?fit=1200%2C677&ssl=1&resize=350%2C200","width":350,"height":200,"srcset":"https:\/\/i0.wp.com\/soclose.mx\/blog\/wp-content\/uploads\/2021\/11\/Copia-de-Principal-So-Close-blog-17.png?fit=1200%2C677&ssl=1&resize=350%2C200 1x, https:\/\/i0.wp.com\/soclose.mx\/blog\/wp-content\/uploads\/2021\/11\/Copia-de-Principal-So-Close-blog-17.png?fit=1200%2C677&ssl=1&resize=525%2C300 1.5x, https:\/\/i0.wp.com\/soclose.mx\/blog\/wp-content\/uploads\/2021\/11\/Copia-de-Principal-So-Close-blog-17.png?fit=1200%2C677&ssl=1&resize=700%2C400 2x, https:\/\/i0.wp.com\/soclose.mx\/blog\/wp-content\/uploads\/2021\/11\/Copia-de-Principal-So-Close-blog-17.png?fit=1200%2C677&ssl=1&resize=1050%2C600 3x"},"classes":[]},{"id":6128,"url":"https:\/\/soclose.mx\/blog\/news-feed\/develan-los-ultimos-siete-siglos-de-una-vivienda-xochimilca-y-el-destino-de-sus-antiguos-habitantes\/","url_meta":{"origin":9509,"position":5},"title":"Develan los \u00faltimos siete siglos de una vivienda xochimilca y el destino de sus antiguos habitantes","author":"So Close","date":"31 mayo, 2021","format":false,"excerpt":"Capa por capa, arque\u00f3logos del Instituto Nacional de Antropolog\u00eda e Historia (INAH),\u00a0 han ido develando los \u00faltimos siete siglos de una vivienda xochimilca. Como sucedi\u00f3 y sigue ocurriendo en ciertas zonas de Ciudad de M\u00e9xico, los vestigios demuestran los esfuerzos de sus habitantes tempranos por evitar la inundaci\u00f3n de sus\u2026","rel":"","context":"En &quot;News feed&quot;","block_context":{"text":"News feed","link":"https:\/\/soclose.mx\/blog\/category\/news-feed\/"},"img":{"alt_text":"","src":"https:\/\/i0.wp.com\/soclose.mx\/blog\/wp-content\/uploads\/2021\/05\/restos-xochimilco.jpeg?fit=1200%2C677&ssl=1&resize=350%2C200","width":350,"height":200,"srcset":"https:\/\/i0.wp.com\/soclose.mx\/blog\/wp-content\/uploads\/2021\/05\/restos-xochimilco.jpeg?fit=1200%2C677&ssl=1&resize=350%2C200 1x, https:\/\/i0.wp.com\/soclose.mx\/blog\/wp-content\/uploads\/2021\/05\/restos-xochimilco.jpeg?fit=1200%2C677&ssl=1&resize=525%2C300 1.5x, https:\/\/i0.wp.com\/soclose.mx\/blog\/wp-content\/uploads\/2021\/05\/restos-xochimilco.jpeg?fit=1200%2C677&ssl=1&resize=700%2C400 2x, https:\/\/i0.wp.com\/soclose.mx\/blog\/wp-content\/uploads\/2021\/05\/restos-xochimilco.jpeg?fit=1200%2C677&ssl=1&resize=1050%2C600 3x"},"classes":[]}],"jetpack_sharing_enabled":true,"_links":{"self":[{"href":"https:\/\/soclose.mx\/blog\/wp-json\/wp\/v2\/posts\/9509","targetHints":{"allow":["GET"]}}],"collection":[{"href":"https:\/\/soclose.mx\/blog\/wp-json\/wp\/v2\/posts"}],"about":[{"href":"https:\/\/soclose.mx\/blog\/wp-json\/wp\/v2\/types\/post"}],"author":[{"embeddable":true,"href":"https:\/\/soclose.mx\/blog\/wp-json\/wp\/v2\/users\/8"}],"replies":[{"embeddable":true,"href":"https:\/\/soclose.mx\/blog\/wp-json\/wp\/v2\/comments?post=9509"}],"version-history":[{"count":0,"href":"https:\/\/soclose.mx\/blog\/wp-json\/wp\/v2\/posts\/9509\/revisions"}],"wp:featuredmedia":[{"embeddable":true,"href":"https:\/\/soclose.mx\/blog\/wp-json\/wp\/v2\/media\/9511"}],"wp:attachment":[{"href":"https:\/\/soclose.mx\/blog\/wp-json\/wp\/v2\/media?parent=9509"}],"wp:term":[{"taxonomy":"category","embeddable":true,"href":"https:\/\/soclose.mx\/blog\/wp-json\/wp\/v2\/categories?post=9509"},{"taxonomy":"post_tag","embeddable":true,"href":"https:\/\/soclose.mx\/blog\/wp-json\/wp\/v2\/tags?post=9509"}],"curies":[{"name":"wp","href":"https:\/\/api.w.org\/{rel}","templated":true}]}}