{"id":9589,"date":"2022-04-19T08:47:39","date_gmt":"2022-04-19T13:47:39","guid":{"rendered":"https:\/\/soclose.mx\/blog\/?p=9589"},"modified":"2022-04-03T18:34:04","modified_gmt":"2022-04-03T23:34:04","slug":"los-apellidos-de-origen-arabe-mas-comunes-en-mexico","status":"publish","type":"post","link":"https:\/\/soclose.mx\/blog\/a-la-mexicana\/los-apellidos-de-origen-arabe-mas-comunes-en-mexico\/","title":{"rendered":"Los apellidos de origen \u00e1rabe m\u00e1s comunes en M\u00e9xico"},"content":{"rendered":"<p>La cultura \u00e1rabe fue una de las m\u00e1s importantes e influyentes que ocup\u00f3 y pobl\u00f3 la pen\u00ednsula ib\u00e9rica por varios siglos.\u00a0Muchas personas con origen espa\u00f1ol portan apellidos y\u00a0ascendencia \u00e1rabe, mismos que han llegado a<strong><a href=\"https:\/\/soclose.mx\/blog\/?s=mexico\" target=\"_blank\" rel=\"noopener\"> M\u00e9xico<\/a>.\u00a0<\/strong><\/p>\n<p>Una gran parte de los ciudadanos en <strong>M\u00e9xico\u00a0<\/strong>descendencia\u00a0\u00e1rabe\u00a0vienen de<strong> Siria: Damasco y Alepo.<\/strong><\/p>\n<p>Aqu\u00ed, te enlistamos los <strong>apellidos<\/strong> m\u00e1s populares que existen en nuestro pa\u00eds:<\/p>\n<p>\u00b0 A: Abdo, Abedrapo, Abencerraje, Abraham, Abril, Abuhadba, Aguilar, Alam, Alamar, \u00c1lamo, Albarrac\u00edn, Alcal\u00e1, Alc\u00e1ntara, Alcazar, Aliatar, Alicante, Almaden, Almansa, Almeida, Ali, Aranda, Ascalante, Atala.<\/p>\n<p>\u00b0 B:\u00a0 Barahona, Barju\u00e1n, Barroso, Benarrocha,\u00a0 Benavides, Benegas, Benjumea, Benjumeda, Bermejo,\u00a0 Bitar, Bono, Buend\u00eda.<\/p>\n<p>\u00b0 N: Nafel, Nazal, Nazer, Nebot, Nevot, Nicol\u00e1s, Nustas.<\/p>\n<p>\u00b0 P:\u00a0Paez, Palacios, Palomeque, Pascual, Perez, Pic\u00f3, Pinto, Pomar, Ponce, Paluan.<\/p>\n<p>\u00b0 R:\u00a0Rabah, Rahal, Rasi, Repeina, Rizik, Roelas, Rumie.<\/p>\n<p>\u00b0 S: Saade, Sabella, Salama, Salame, Salas, Salem, Salom\u00f3n, Salvador,\u00a0 Saporia, Seda, Seleibe,\u00a0 Sordo, Sol\u00eds, Sufan.<\/p>\n<p>\u00b0 T:\u00a0Tala, Talgie, Talhuk, Tame, Tamuz, Telchie, Torres.<\/p>\n<p>\u00b0 V:\u00a0Velaxco, Valenciano, Venegas.<\/p>\n<p>\u00b0 Y:\u00a0Yagnam, Yamal, Yamblat, Yarur, Yeber, Yoma.<\/p>\n<p>\u00b0 Z:\u00a0Zaid, Zalaquett, Zaror, Zegri, Zerene, Zgeib, Ziade.<\/p>\n<div class=\"content-banner\"><\/div>\n","protected":false},"excerpt":{"rendered":"<p>La cultura \u00e1rabe fue una de las m\u00e1s importantes e influyentes que ocup\u00f3 y pobl\u00f3 la pen\u00ednsula ib\u00e9rica por varios siglos.\u00a0Muchas personas con origen espa\u00f1ol portan apellidos y\u00a0ascendencia \u00e1rabe, mismos que han llegado a M\u00e9xico.\u00a0 Una gran parte de los ciudadanos en M\u00e9xico\u00a0descendencia\u00a0\u00e1rabe\u00a0vienen de Siria: Damasco y Alepo. Aqu\u00ed, te enlistamos los apellidos m\u00e1s populares que existen en nuestro pa\u00eds: \u00b0 A: Abdo, Abedrapo, Abencerraje, Abraham, Abril, Abuhadba, Aguilar, Alam, Alamar, \u00c1lamo, Albarrac\u00edn, Alcal\u00e1, Alc\u00e1ntara, Alcazar, Aliatar, Alicante, Almaden, Almansa, Almeida, Ali, Aranda, Ascalante, Atala. \u00b0 B:\u00a0 Barahona, Barju\u00e1n, Barroso, Benarrocha,\u00a0 Benavides, Benegas, Benjumea, Benjumeda, Bermejo,\u00a0 Bitar, Bono, Buend\u00eda. \u00b0<\/p>\n","protected":false},"author":8,"featured_media":9591,"comment_status":"open","ping_status":"open","sticky":false,"template":"","format":"standard","meta":{"_jetpack_memberships_contains_paid_content":false,"footnotes":""},"categories":[1,1778],"tags":[1329,1904,578],"class_list":["post-9589","post","type-post","status-publish","format-standard","has-post-thumbnail","hentry","category-ay-goeeee","category-a-la-mexicana","tag-apellidos","tag-arabes","tag-mexico"],"yoast_head":"<!-- This site is optimized with the Yoast SEO plugin v26.7 - https:\/\/yoast.com\/wordpress\/plugins\/seo\/ -->\n<title>Los apellidos de origen \u00e1rabe m\u00e1s comunes en M\u00e9xico - So Close<\/title>\n<meta name=\"robots\" content=\"index, follow, max-snippet:-1, max-image-preview:large, max-video-preview:-1\" \/>\n<link rel=\"canonical\" href=\"https:\/\/soclose.mx\/blog\/tag\/juan-rulfo-frases-mujeres\/\" \/>\n<meta property=\"og:locale\" content=\"es_MX\" \/>\n<meta property=\"og:type\" content=\"article\" \/>\n<meta property=\"og:title\" content=\"Los apellidos de origen \u00e1rabe m\u00e1s comunes en M\u00e9xico - So Close\" \/>\n<meta property=\"og:description\" content=\"La cultura \u00e1rabe fue una de las m\u00e1s importantes e influyentes que ocup\u00f3 y pobl\u00f3 la pen\u00ednsula ib\u00e9rica por varios siglos.\u00a0Muchas personas con origen espa\u00f1ol portan apellidos y\u00a0ascendencia \u00e1rabe, mismos que han llegado a M\u00e9xico.\u00a0 Una gran parte de los ciudadanos en M\u00e9xico\u00a0descendencia\u00a0\u00e1rabe\u00a0vienen de Siria: Damasco y Alepo. Aqu\u00ed, te enlistamos los apellidos m\u00e1s populares que existen en nuestro pa\u00eds: \u00b0 A: Abdo, Abedrapo, Abencerraje, Abraham, Abril, Abuhadba, Aguilar, Alam, Alamar, \u00c1lamo, Albarrac\u00edn, Alcal\u00e1, Alc\u00e1ntara, Alcazar, Aliatar, Alicante, Almaden, Almansa, Almeida, Ali, Aranda, Ascalante, Atala. \u00b0 B:\u00a0 Barahona, Barju\u00e1n, Barroso, Benarrocha,\u00a0 Benavides, Benegas, Benjumea, Benjumeda, Bermejo,\u00a0 Bitar, Bono, Buend\u00eda. \u00b0\" \/>\n<meta property=\"og:url\" content=\"https:\/\/soclose.mx\/blog\/tag\/juan-rulfo-frases-mujeres\/\" \/>\n<meta property=\"og:site_name\" content=\"So Close\" \/>\n<meta property=\"article:author\" content=\"www.facebook.com\/mikexever\/\" \/>\n<meta property=\"article:published_time\" content=\"2022-04-19T13:47:39+00:00\" \/>\n<meta property=\"og:image\" content=\"https:\/\/i0.wp.com\/soclose.mx\/blog\/wp-content\/uploads\/2022\/04\/Copia-de-Principal-So-Close-blog-8.png?fit=1240%2C700&ssl=1\" \/>\n\t<meta property=\"og:image:width\" content=\"1240\" \/>\n\t<meta property=\"og:image:height\" content=\"700\" \/>\n\t<meta property=\"og:image:type\" content=\"image\/png\" \/>\n<meta name=\"author\" content=\"Miguel Angel Romero\" \/>\n<meta name=\"twitter:card\" content=\"summary_large_image\" \/>\n<meta name=\"twitter:creator\" content=\"@Mikerecomienda\" \/>\n<meta name=\"twitter:label1\" content=\"Escrito por\" \/>\n\t<meta name=\"twitter:data1\" content=\"Miguel Angel Romero\" \/>\n\t<meta name=\"twitter:label2\" content=\"Tiempo de lectura\" \/>\n\t<meta name=\"twitter:data2\" content=\"1 minuto\" \/>\n<script type=\"application\/ld+json\" class=\"yoast-schema-graph\">{\"@context\":\"https:\/\/schema.org\",\"@graph\":[{\"@type\":\"Article\",\"@id\":\"https:\/\/soclose.mx\/blog\/tag\/juan-rulfo-frases-mujeres\/#article\",\"isPartOf\":{\"@id\":\"https:\/\/soclose.mx\/blog\/tag\/juan-rulfo-frases-mujeres\/\"},\"author\":{\"name\":\"Miguel Angel Romero\",\"@id\":\"https:\/\/soclose.mx\/blog\/#\/schema\/person\/cddec6ccd5d7037d286395fb411e23f1\"},\"headline\":\"Los apellidos de origen \u00e1rabe m\u00e1s comunes en M\u00e9xico\",\"datePublished\":\"2022-04-19T13:47:39+00:00\",\"mainEntityOfPage\":{\"@id\":\"https:\/\/soclose.mx\/blog\/tag\/juan-rulfo-frases-mujeres\/\"},\"wordCount\":197,\"commentCount\":0,\"publisher\":{\"@id\":\"https:\/\/soclose.mx\/blog\/#organization\"},\"image\":{\"@id\":\"https:\/\/soclose.mx\/blog\/tag\/juan-rulfo-frases-mujeres\/#primaryimage\"},\"thumbnailUrl\":\"https:\/\/i0.wp.com\/soclose.mx\/blog\/wp-content\/uploads\/2022\/04\/Copia-de-Principal-So-Close-blog-8.png?fit=1240%2C700&ssl=1\",\"keywords\":[\"apellidos\",\"\u00e1rabes\",\"mexico\"],\"articleSection\":[\"\u00a1Ay goeeee!\",\"A la mexicana\"],\"inLanguage\":\"es\",\"potentialAction\":[{\"@type\":\"CommentAction\",\"name\":\"Comment\",\"target\":[\"https:\/\/soclose.mx\/blog\/tag\/juan-rulfo-frases-mujeres\/#respond\"]}]},{\"@type\":\"WebPage\",\"@id\":\"https:\/\/soclose.mx\/blog\/tag\/juan-rulfo-frases-mujeres\/\",\"url\":\"https:\/\/soclose.mx\/blog\/tag\/juan-rulfo-frases-mujeres\/\",\"name\":\"Los apellidos de origen \u00e1rabe m\u00e1s comunes en M\u00e9xico - So Close\",\"isPartOf\":{\"@id\":\"https:\/\/soclose.mx\/blog\/#website\"},\"primaryImageOfPage\":{\"@id\":\"https:\/\/soclose.mx\/blog\/tag\/juan-rulfo-frases-mujeres\/#primaryimage\"},\"image\":{\"@id\":\"https:\/\/soclose.mx\/blog\/tag\/juan-rulfo-frases-mujeres\/#primaryimage\"},\"thumbnailUrl\":\"https:\/\/i0.wp.com\/soclose.mx\/blog\/wp-content\/uploads\/2022\/04\/Copia-de-Principal-So-Close-blog-8.png?fit=1240%2C700&ssl=1\",\"datePublished\":\"2022-04-19T13:47:39+00:00\",\"breadcrumb\":{\"@id\":\"https:\/\/soclose.mx\/blog\/tag\/juan-rulfo-frases-mujeres\/#breadcrumb\"},\"inLanguage\":\"es\",\"potentialAction\":[{\"@type\":\"ReadAction\",\"target\":[\"https:\/\/soclose.mx\/blog\/tag\/juan-rulfo-frases-mujeres\/\"]}]},{\"@type\":\"ImageObject\",\"inLanguage\":\"es\",\"@id\":\"https:\/\/soclose.mx\/blog\/tag\/juan-rulfo-frases-mujeres\/#primaryimage\",\"url\":\"https:\/\/i0.wp.com\/soclose.mx\/blog\/wp-content\/uploads\/2022\/04\/Copia-de-Principal-So-Close-blog-8.png?fit=1240%2C700&ssl=1\",\"contentUrl\":\"https:\/\/i0.wp.com\/soclose.mx\/blog\/wp-content\/uploads\/2022\/04\/Copia-de-Principal-So-Close-blog-8.png?fit=1240%2C700&ssl=1\",\"width\":1240,\"height\":700},{\"@type\":\"BreadcrumbList\",\"@id\":\"https:\/\/soclose.mx\/blog\/tag\/juan-rulfo-frases-mujeres\/#breadcrumb\",\"itemListElement\":[{\"@type\":\"ListItem\",\"position\":1,\"name\":\"Inicio\",\"item\":\"https:\/\/soclose.mx\/blog\/\"},{\"@type\":\"ListItem\",\"position\":2,\"name\":\"Los apellidos de origen \u00e1rabe m\u00e1s comunes en M\u00e9xico\"}]},{\"@type\":\"WebSite\",\"@id\":\"https:\/\/soclose.mx\/blog\/#website\",\"url\":\"https:\/\/soclose.mx\/blog\/\",\"name\":\"So Close\",\"description\":\"Hacemos contenidos de M\u00e9xico\",\"publisher\":{\"@id\":\"https:\/\/soclose.mx\/blog\/#organization\"},\"potentialAction\":[{\"@type\":\"SearchAction\",\"target\":{\"@type\":\"EntryPoint\",\"urlTemplate\":\"https:\/\/soclose.mx\/blog\/?s={search_term_string}\"},\"query-input\":{\"@type\":\"PropertyValueSpecification\",\"valueRequired\":true,\"valueName\":\"search_term_string\"}}],\"inLanguage\":\"es\"},{\"@type\":\"Organization\",\"@id\":\"https:\/\/soclose.mx\/blog\/#organization\",\"name\":\"So Close\",\"url\":\"https:\/\/soclose.mx\/blog\/\",\"logo\":{\"@type\":\"ImageObject\",\"inLanguage\":\"es\",\"@id\":\"https:\/\/soclose.mx\/blog\/#\/schema\/logo\/image\/\",\"url\":\"https:\/\/i0.wp.com\/soclose.mx\/blog\/wp-content\/uploads\/2020\/12\/LOGO_SOCLOSE_COLOR-e1608310133507.png?fit=2858%2C1264&ssl=1\",\"contentUrl\":\"https:\/\/i0.wp.com\/soclose.mx\/blog\/wp-content\/uploads\/2020\/12\/LOGO_SOCLOSE_COLOR-e1608310133507.png?fit=2858%2C1264&ssl=1\",\"width\":2858,\"height\":1264,\"caption\":\"So Close\"},\"image\":{\"@id\":\"https:\/\/soclose.mx\/blog\/#\/schema\/logo\/image\/\"}},{\"@type\":\"Person\",\"@id\":\"https:\/\/soclose.mx\/blog\/#\/schema\/person\/cddec6ccd5d7037d286395fb411e23f1\",\"name\":\"Miguel Angel Romero\",\"image\":{\"@type\":\"ImageObject\",\"inLanguage\":\"es\",\"@id\":\"https:\/\/soclose.mx\/blog\/#\/schema\/person\/image\/\",\"url\":\"https:\/\/secure.gravatar.com\/avatar\/45b44006b4f93497bb24d251f77bc39385015bfa120582412df580dbfcbb14f3?s=96&d=mm&r=g\",\"contentUrl\":\"https:\/\/secure.gravatar.com\/avatar\/45b44006b4f93497bb24d251f77bc39385015bfa120582412df580dbfcbb14f3?s=96&d=mm&r=g\",\"caption\":\"Miguel Angel Romero\"},\"sameAs\":[\"http:\/\/\/mikexever.blogspot.com\/\",\"www.facebook.com\/mikexever\/\",\"https:\/\/x.com\/Mikerecomienda\"],\"url\":\"https:\/\/soclose.mx\/blog\/author\/mike\/\"}]}<\/script>\n<!-- \/ Yoast SEO plugin. -->","yoast_head_json":{"title":"Los apellidos de origen \u00e1rabe m\u00e1s comunes en M\u00e9xico - So Close","robots":{"index":"index","follow":"follow","max-snippet":"max-snippet:-1","max-image-preview":"max-image-preview:large","max-video-preview":"max-video-preview:-1"},"canonical":"https:\/\/soclose.mx\/blog\/tag\/juan-rulfo-frases-mujeres\/","og_locale":"es_MX","og_type":"article","og_title":"Los apellidos de origen \u00e1rabe m\u00e1s comunes en M\u00e9xico - So Close","og_description":"La cultura \u00e1rabe fue una de las m\u00e1s importantes e influyentes que ocup\u00f3 y pobl\u00f3 la pen\u00ednsula ib\u00e9rica por varios siglos.\u00a0Muchas personas con origen espa\u00f1ol portan apellidos y\u00a0ascendencia \u00e1rabe, mismos que han llegado a M\u00e9xico.\u00a0 Una gran parte de los ciudadanos en M\u00e9xico\u00a0descendencia\u00a0\u00e1rabe\u00a0vienen de Siria: Damasco y Alepo. Aqu\u00ed, te enlistamos los apellidos m\u00e1s populares que existen en nuestro pa\u00eds: \u00b0 A: Abdo, Abedrapo, Abencerraje, Abraham, Abril, Abuhadba, Aguilar, Alam, Alamar, \u00c1lamo, Albarrac\u00edn, Alcal\u00e1, Alc\u00e1ntara, Alcazar, Aliatar, Alicante, Almaden, Almansa, Almeida, Ali, Aranda, Ascalante, Atala. \u00b0 B:\u00a0 Barahona, Barju\u00e1n, Barroso, Benarrocha,\u00a0 Benavides, Benegas, Benjumea, Benjumeda, Bermejo,\u00a0 Bitar, Bono, Buend\u00eda. \u00b0","og_url":"https:\/\/soclose.mx\/blog\/tag\/juan-rulfo-frases-mujeres\/","og_site_name":"So Close","article_author":"www.facebook.com\/mikexever\/","article_published_time":"2022-04-19T13:47:39+00:00","og_image":[{"width":1240,"height":700,"url":"https:\/\/i0.wp.com\/soclose.mx\/blog\/wp-content\/uploads\/2022\/04\/Copia-de-Principal-So-Close-blog-8.png?fit=1240%2C700&ssl=1","type":"image\/png"}],"author":"Miguel Angel Romero","twitter_card":"summary_large_image","twitter_creator":"@Mikerecomienda","twitter_misc":{"Escrito por":"Miguel Angel Romero","Tiempo de lectura":"1 minuto"},"schema":{"@context":"https:\/\/schema.org","@graph":[{"@type":"Article","@id":"https:\/\/soclose.mx\/blog\/tag\/juan-rulfo-frases-mujeres\/#article","isPartOf":{"@id":"https:\/\/soclose.mx\/blog\/tag\/juan-rulfo-frases-mujeres\/"},"author":{"name":"Miguel Angel Romero","@id":"https:\/\/soclose.mx\/blog\/#\/schema\/person\/cddec6ccd5d7037d286395fb411e23f1"},"headline":"Los apellidos de origen \u00e1rabe m\u00e1s comunes en M\u00e9xico","datePublished":"2022-04-19T13:47:39+00:00","mainEntityOfPage":{"@id":"https:\/\/soclose.mx\/blog\/tag\/juan-rulfo-frases-mujeres\/"},"wordCount":197,"commentCount":0,"publisher":{"@id":"https:\/\/soclose.mx\/blog\/#organization"},"image":{"@id":"https:\/\/soclose.mx\/blog\/tag\/juan-rulfo-frases-mujeres\/#primaryimage"},"thumbnailUrl":"https:\/\/i0.wp.com\/soclose.mx\/blog\/wp-content\/uploads\/2022\/04\/Copia-de-Principal-So-Close-blog-8.png?fit=1240%2C700&ssl=1","keywords":["apellidos","\u00e1rabes","mexico"],"articleSection":["\u00a1Ay goeeee!","A la mexicana"],"inLanguage":"es","potentialAction":[{"@type":"CommentAction","name":"Comment","target":["https:\/\/soclose.mx\/blog\/tag\/juan-rulfo-frases-mujeres\/#respond"]}]},{"@type":"WebPage","@id":"https:\/\/soclose.mx\/blog\/tag\/juan-rulfo-frases-mujeres\/","url":"https:\/\/soclose.mx\/blog\/tag\/juan-rulfo-frases-mujeres\/","name":"Los apellidos de origen \u00e1rabe m\u00e1s comunes en M\u00e9xico - So Close","isPartOf":{"@id":"https:\/\/soclose.mx\/blog\/#website"},"primaryImageOfPage":{"@id":"https:\/\/soclose.mx\/blog\/tag\/juan-rulfo-frases-mujeres\/#primaryimage"},"image":{"@id":"https:\/\/soclose.mx\/blog\/tag\/juan-rulfo-frases-mujeres\/#primaryimage"},"thumbnailUrl":"https:\/\/i0.wp.com\/soclose.mx\/blog\/wp-content\/uploads\/2022\/04\/Copia-de-Principal-So-Close-blog-8.png?fit=1240%2C700&ssl=1","datePublished":"2022-04-19T13:47:39+00:00","breadcrumb":{"@id":"https:\/\/soclose.mx\/blog\/tag\/juan-rulfo-frases-mujeres\/#breadcrumb"},"inLanguage":"es","potentialAction":[{"@type":"ReadAction","target":["https:\/\/soclose.mx\/blog\/tag\/juan-rulfo-frases-mujeres\/"]}]},{"@type":"ImageObject","inLanguage":"es","@id":"https:\/\/soclose.mx\/blog\/tag\/juan-rulfo-frases-mujeres\/#primaryimage","url":"https:\/\/i0.wp.com\/soclose.mx\/blog\/wp-content\/uploads\/2022\/04\/Copia-de-Principal-So-Close-blog-8.png?fit=1240%2C700&ssl=1","contentUrl":"https:\/\/i0.wp.com\/soclose.mx\/blog\/wp-content\/uploads\/2022\/04\/Copia-de-Principal-So-Close-blog-8.png?fit=1240%2C700&ssl=1","width":1240,"height":700},{"@type":"BreadcrumbList","@id":"https:\/\/soclose.mx\/blog\/tag\/juan-rulfo-frases-mujeres\/#breadcrumb","itemListElement":[{"@type":"ListItem","position":1,"name":"Inicio","item":"https:\/\/soclose.mx\/blog\/"},{"@type":"ListItem","position":2,"name":"Los apellidos de origen \u00e1rabe m\u00e1s comunes en M\u00e9xico"}]},{"@type":"WebSite","@id":"https:\/\/soclose.mx\/blog\/#website","url":"https:\/\/soclose.mx\/blog\/","name":"So Close","description":"Hacemos contenidos de M\u00e9xico","publisher":{"@id":"https:\/\/soclose.mx\/blog\/#organization"},"potentialAction":[{"@type":"SearchAction","target":{"@type":"EntryPoint","urlTemplate":"https:\/\/soclose.mx\/blog\/?s={search_term_string}"},"query-input":{"@type":"PropertyValueSpecification","valueRequired":true,"valueName":"search_term_string"}}],"inLanguage":"es"},{"@type":"Organization","@id":"https:\/\/soclose.mx\/blog\/#organization","name":"So Close","url":"https:\/\/soclose.mx\/blog\/","logo":{"@type":"ImageObject","inLanguage":"es","@id":"https:\/\/soclose.mx\/blog\/#\/schema\/logo\/image\/","url":"https:\/\/i0.wp.com\/soclose.mx\/blog\/wp-content\/uploads\/2020\/12\/LOGO_SOCLOSE_COLOR-e1608310133507.png?fit=2858%2C1264&ssl=1","contentUrl":"https:\/\/i0.wp.com\/soclose.mx\/blog\/wp-content\/uploads\/2020\/12\/LOGO_SOCLOSE_COLOR-e1608310133507.png?fit=2858%2C1264&ssl=1","width":2858,"height":1264,"caption":"So Close"},"image":{"@id":"https:\/\/soclose.mx\/blog\/#\/schema\/logo\/image\/"}},{"@type":"Person","@id":"https:\/\/soclose.mx\/blog\/#\/schema\/person\/cddec6ccd5d7037d286395fb411e23f1","name":"Miguel Angel Romero","image":{"@type":"ImageObject","inLanguage":"es","@id":"https:\/\/soclose.mx\/blog\/#\/schema\/person\/image\/","url":"https:\/\/secure.gravatar.com\/avatar\/45b44006b4f93497bb24d251f77bc39385015bfa120582412df580dbfcbb14f3?s=96&d=mm&r=g","contentUrl":"https:\/\/secure.gravatar.com\/avatar\/45b44006b4f93497bb24d251f77bc39385015bfa120582412df580dbfcbb14f3?s=96&d=mm&r=g","caption":"Miguel Angel Romero"},"sameAs":["http:\/\/\/mikexever.blogspot.com\/","www.facebook.com\/mikexever\/","https:\/\/x.com\/Mikerecomienda"],"url":"https:\/\/soclose.mx\/blog\/author\/mike\/"}]}},"jetpack_featured_media_url":"https:\/\/i0.wp.com\/soclose.mx\/blog\/wp-content\/uploads\/2022\/04\/Copia-de-Principal-So-Close-blog-8.png?fit=1240%2C700&ssl=1","jetpack-related-posts":[{"id":11557,"url":"https:\/\/soclose.mx\/blog\/a-la-mexicana\/apellidos-peligro-desaparecer-mexico\/","url_meta":{"origin":9589,"position":0},"title":"Diez apellidos que est\u00e1n en peligro de desaparecer en M\u00e9xico","author":"Mar\u00eda Ju\u00e1rez","date":"19 abril, 2023","format":false,"excerpt":"Seguramente, alguna vez en tu vida te has preguntado de donde viene o cu\u00e1l es el origen de los apellidos, pero cu\u00e1les son los m\u00e1s comunes en M\u00e9xico y cu\u00e1les los que est\u00e1n en peligro de desaparecer, te decimos al menos diez. Los\u00a0apellidos, son los nombres que sigue al nombre\u2026","rel":"","context":"En &quot;A la mexicana&quot;","block_context":{"text":"A la mexicana","link":"https:\/\/soclose.mx\/blog\/category\/a-la-mexicana\/"},"img":{"alt_text":"Apellidos en peligro","src":"https:\/\/i0.wp.com\/soclose.mx\/blog\/wp-content\/uploads\/2023\/04\/Apellidos-en-peligro-de-desaparecer.jpg?fit=1200%2C816&ssl=1&resize=350%2C200","width":350,"height":200,"srcset":"https:\/\/i0.wp.com\/soclose.mx\/blog\/wp-content\/uploads\/2023\/04\/Apellidos-en-peligro-de-desaparecer.jpg?fit=1200%2C816&ssl=1&resize=350%2C200 1x, https:\/\/i0.wp.com\/soclose.mx\/blog\/wp-content\/uploads\/2023\/04\/Apellidos-en-peligro-de-desaparecer.jpg?fit=1200%2C816&ssl=1&resize=525%2C300 1.5x, https:\/\/i0.wp.com\/soclose.mx\/blog\/wp-content\/uploads\/2023\/04\/Apellidos-en-peligro-de-desaparecer.jpg?fit=1200%2C816&ssl=1&resize=700%2C400 2x, https:\/\/i0.wp.com\/soclose.mx\/blog\/wp-content\/uploads\/2023\/04\/Apellidos-en-peligro-de-desaparecer.jpg?fit=1200%2C816&ssl=1&resize=1050%2C600 3x"},"classes":[]},{"id":7174,"url":"https:\/\/soclose.mx\/blog\/ay-goeeee\/lista-de-los-apellidos-mas-comunes-en-mexico\/","url_meta":{"origin":9589,"position":1},"title":"Lista de los apellidos m\u00e1s comunes en M\u00e9xico","author":"Miguel Angel Romero","date":"18 septiembre, 2021","format":false,"excerpt":"Aqu\u00ed te contamos cu\u00e1les son los apellidos m\u00e1s comunes en M\u00e9xico de acuerdo al Instituto Nacional Electoral (INE)\u00a0donde posiblemente hay uno de los tuyos o\u00a0 alguno de tus amigos. Hasta el 30 de junio del 2019, el apellido Hern\u00e1ndez cont\u00f3 con el mayor n\u00famero de registros en el padr\u00f3n electoral\u2026","rel":"","context":"En &quot;\u00a1Ay goeeee!&quot;","block_context":{"text":"\u00a1Ay goeeee!","link":"https:\/\/soclose.mx\/blog\/category\/ay-goeeee\/"},"img":{"alt_text":"","src":"https:\/\/i0.wp.com\/soclose.mx\/blog\/wp-content\/uploads\/2021\/09\/Principal-So-Close-blog-2-2.jpg?fit=1200%2C677&ssl=1&resize=350%2C200","width":350,"height":200,"srcset":"https:\/\/i0.wp.com\/soclose.mx\/blog\/wp-content\/uploads\/2021\/09\/Principal-So-Close-blog-2-2.jpg?fit=1200%2C677&ssl=1&resize=350%2C200 1x, https:\/\/i0.wp.com\/soclose.mx\/blog\/wp-content\/uploads\/2021\/09\/Principal-So-Close-blog-2-2.jpg?fit=1200%2C677&ssl=1&resize=525%2C300 1.5x, https:\/\/i0.wp.com\/soclose.mx\/blog\/wp-content\/uploads\/2021\/09\/Principal-So-Close-blog-2-2.jpg?fit=1200%2C677&ssl=1&resize=700%2C400 2x, https:\/\/i0.wp.com\/soclose.mx\/blog\/wp-content\/uploads\/2021\/09\/Principal-So-Close-blog-2-2.jpg?fit=1200%2C677&ssl=1&resize=1050%2C600 3x"},"classes":[]},{"id":8084,"url":"https:\/\/soclose.mx\/blog\/ay-goeeee\/descubre-el-origen-del-siempre-delicioso-ponche\/","url_meta":{"origin":9589,"position":2},"title":"El \u00bfmexicano? origen del (siempre delicioso) ponche","author":"Miguel Angel Romero","date":"23 diciembre, 2021","format":false,"excerpt":"Seamos francos, el ponche es una de las bebidas que m\u00e1s amamos durante la \u00e9poca navide\u00f1a, pero, \u00bfsab\u00edas que esta bebida es de origen hind\u00fa? La palabra ponche\u00a0viene de la palabra hind\u00fa\u00a0panc,\u00a0que quiere decir 5 y hace referencia a que esta bebida inicialmente se realizaba solo con 5 ingredientes. Poco\u2026","rel":"","context":"En &quot;\u00a1Ay goeeee!&quot;","block_context":{"text":"\u00a1Ay goeeee!","link":"https:\/\/soclose.mx\/blog\/category\/ay-goeeee\/"},"img":{"alt_text":"","src":"https:\/\/i0.wp.com\/soclose.mx\/blog\/wp-content\/uploads\/2021\/12\/Copia-de-Principal-So-Close-blog-4-2.png?fit=1200%2C677&ssl=1&resize=350%2C200","width":350,"height":200,"srcset":"https:\/\/i0.wp.com\/soclose.mx\/blog\/wp-content\/uploads\/2021\/12\/Copia-de-Principal-So-Close-blog-4-2.png?fit=1200%2C677&ssl=1&resize=350%2C200 1x, https:\/\/i0.wp.com\/soclose.mx\/blog\/wp-content\/uploads\/2021\/12\/Copia-de-Principal-So-Close-blog-4-2.png?fit=1200%2C677&ssl=1&resize=525%2C300 1.5x, https:\/\/i0.wp.com\/soclose.mx\/blog\/wp-content\/uploads\/2021\/12\/Copia-de-Principal-So-Close-blog-4-2.png?fit=1200%2C677&ssl=1&resize=700%2C400 2x, https:\/\/i0.wp.com\/soclose.mx\/blog\/wp-content\/uploads\/2021\/12\/Copia-de-Principal-So-Close-blog-4-2.png?fit=1200%2C677&ssl=1&resize=1050%2C600 3x"},"classes":[]},{"id":7646,"url":"https:\/\/soclose.mx\/blog\/ay-goeeee\/te-contamos-el-origen-de-la-cancion-de-la-cucaracha\/","url_meta":{"origin":9589,"position":3},"title":"Te contamos el origen de la canci\u00f3n de la cucaracha","author":"Miguel Angel Romero","date":"24 noviembre, 2021","format":false,"excerpt":"Desde que \u00e9ramos peque\u00f1os, escuch\u00e1bamos la canci\u00f3n de la cucaracha, pero sabes cu\u00e1l es el origen de esta melod\u00eda que ha traspasado varias d\u00e9cadas. De acuerdo con los historiadores, la canci\u00f3n es un corrido mexicano propio de la Revoluci\u00f3n Mexicana, sin embargo, el tema musical tiene un origen todav\u00eda m\u00e1s\u2026","rel":"","context":"En &quot;\u00a1Ay goeeee!&quot;","block_context":{"text":"\u00a1Ay goeeee!","link":"https:\/\/soclose.mx\/blog\/category\/ay-goeeee\/"},"img":{"alt_text":"","src":"https:\/\/i0.wp.com\/soclose.mx\/blog\/wp-content\/uploads\/2021\/10\/Copia-de-Principal-So-Close-blog-3-4.png?fit=1200%2C677&ssl=1&resize=350%2C200","width":350,"height":200,"srcset":"https:\/\/i0.wp.com\/soclose.mx\/blog\/wp-content\/uploads\/2021\/10\/Copia-de-Principal-So-Close-blog-3-4.png?fit=1200%2C677&ssl=1&resize=350%2C200 1x, https:\/\/i0.wp.com\/soclose.mx\/blog\/wp-content\/uploads\/2021\/10\/Copia-de-Principal-So-Close-blog-3-4.png?fit=1200%2C677&ssl=1&resize=525%2C300 1.5x, https:\/\/i0.wp.com\/soclose.mx\/blog\/wp-content\/uploads\/2021\/10\/Copia-de-Principal-So-Close-blog-3-4.png?fit=1200%2C677&ssl=1&resize=700%2C400 2x, https:\/\/i0.wp.com\/soclose.mx\/blog\/wp-content\/uploads\/2021\/10\/Copia-de-Principal-So-Close-blog-3-4.png?fit=1200%2C677&ssl=1&resize=1050%2C600 3x"},"classes":[]},{"id":7506,"url":"https:\/\/soclose.mx\/blog\/comida-mexicana\/la-tradicion-mexicana-de-las-calaveritas-de-azucar\/","url_meta":{"origin":9589,"position":4},"title":"La tradici\u00f3n mexicana de las Calaveritas de az\u00facar","author":"Miguel Angel Romero","date":"20 octubre, 2021","format":false,"excerpt":"Una de las grandes tradiciones gastron\u00f3micas para celebrar\u00a0el D\u00eda de Muertos en M\u00e9xico, son sin duda, las famosas calaveritas de az\u00facar. Las creaciones hechas con t\u00e9cnicas artesanales son colocadas en altares y ofrendas como parte de la decoraci\u00f3n. Estas calaveritas tambi\u00e9n pueden ser de amaranto o chocolate\u00a0con nombres son utilizadas\u2026","rel":"","context":"En &quot;Comida mexicana&quot;","block_context":{"text":"Comida mexicana","link":"https:\/\/soclose.mx\/blog\/category\/comida-mexicana\/"},"img":{"alt_text":"","src":"https:\/\/i0.wp.com\/soclose.mx\/blog\/wp-content\/uploads\/2021\/10\/Copia-de-Principal-So-Close-blog-12.png?fit=1200%2C677&ssl=1&resize=350%2C200","width":350,"height":200,"srcset":"https:\/\/i0.wp.com\/soclose.mx\/blog\/wp-content\/uploads\/2021\/10\/Copia-de-Principal-So-Close-blog-12.png?fit=1200%2C677&ssl=1&resize=350%2C200 1x, https:\/\/i0.wp.com\/soclose.mx\/blog\/wp-content\/uploads\/2021\/10\/Copia-de-Principal-So-Close-blog-12.png?fit=1200%2C677&ssl=1&resize=525%2C300 1.5x, https:\/\/i0.wp.com\/soclose.mx\/blog\/wp-content\/uploads\/2021\/10\/Copia-de-Principal-So-Close-blog-12.png?fit=1200%2C677&ssl=1&resize=700%2C400 2x, https:\/\/i0.wp.com\/soclose.mx\/blog\/wp-content\/uploads\/2021\/10\/Copia-de-Principal-So-Close-blog-12.png?fit=1200%2C677&ssl=1&resize=1050%2C600 3x"},"classes":[]},{"id":5945,"url":"https:\/\/soclose.mx\/blog\/pueblos-magicos\/pueblo-magico-alamos-sonora-o-la-ciudad-de-los-portales\/","url_meta":{"origin":9589,"position":5},"title":"Pueblo M\u00e1gico \u00c1lamos, Sonora, o \u201cLa Ciudad de los Portales\u201d","author":"So Close","date":"15 abril, 2021","format":false,"excerpt":"El pueblo m\u00e1gico de \u00c1lamos fue originalmente llamado Real de la Limpia Concepci\u00f3n de los \u00c1lamos y Real de los Frailes.\u00a0 Tambi\u00e9n le llaman \u201cLa Ciudad de los Portales\u201d y se construy\u00f3 por arquitectos de Andaluc\u00eda, Espa\u00f1a. Su Palacio Municipal es una construcci\u00f3n de ladrillo sostenida por 48 columnas de\u2026","rel":"","context":"En &quot;Lugares&quot;","block_context":{"text":"Lugares","link":"https:\/\/soclose.mx\/blog\/category\/lugares\/"},"img":{"alt_text":"La Aduana en \u00c1lamos, Sonora","src":"https:\/\/i0.wp.com\/soclose.mx\/blog\/wp-content\/uploads\/2021\/04\/la-aduana-alamos-sonora.jpeg?fit=1200%2C677&ssl=1&resize=350%2C200","width":350,"height":200,"srcset":"https:\/\/i0.wp.com\/soclose.mx\/blog\/wp-content\/uploads\/2021\/04\/la-aduana-alamos-sonora.jpeg?fit=1200%2C677&ssl=1&resize=350%2C200 1x, https:\/\/i0.wp.com\/soclose.mx\/blog\/wp-content\/uploads\/2021\/04\/la-aduana-alamos-sonora.jpeg?fit=1200%2C677&ssl=1&resize=525%2C300 1.5x, https:\/\/i0.wp.com\/soclose.mx\/blog\/wp-content\/uploads\/2021\/04\/la-aduana-alamos-sonora.jpeg?fit=1200%2C677&ssl=1&resize=700%2C400 2x, https:\/\/i0.wp.com\/soclose.mx\/blog\/wp-content\/uploads\/2021\/04\/la-aduana-alamos-sonora.jpeg?fit=1200%2C677&ssl=1&resize=1050%2C600 3x"},"classes":[]}],"jetpack_sharing_enabled":true,"_links":{"self":[{"href":"https:\/\/soclose.mx\/blog\/wp-json\/wp\/v2\/posts\/9589","targetHints":{"allow":["GET"]}}],"collection":[{"href":"https:\/\/soclose.mx\/blog\/wp-json\/wp\/v2\/posts"}],"about":[{"href":"https:\/\/soclose.mx\/blog\/wp-json\/wp\/v2\/types\/post"}],"author":[{"embeddable":true,"href":"https:\/\/soclose.mx\/blog\/wp-json\/wp\/v2\/users\/8"}],"replies":[{"embeddable":true,"href":"https:\/\/soclose.mx\/blog\/wp-json\/wp\/v2\/comments?post=9589"}],"version-history":[{"count":0,"href":"https:\/\/soclose.mx\/blog\/wp-json\/wp\/v2\/posts\/9589\/revisions"}],"wp:featuredmedia":[{"embeddable":true,"href":"https:\/\/soclose.mx\/blog\/wp-json\/wp\/v2\/media\/9591"}],"wp:attachment":[{"href":"https:\/\/soclose.mx\/blog\/wp-json\/wp\/v2\/media?parent=9589"}],"wp:term":[{"taxonomy":"category","embeddable":true,"href":"https:\/\/soclose.mx\/blog\/wp-json\/wp\/v2\/categories?post=9589"},{"taxonomy":"post_tag","embeddable":true,"href":"https:\/\/soclose.mx\/blog\/wp-json\/wp\/v2\/tags?post=9589"}],"curies":[{"name":"wp","href":"https:\/\/api.w.org\/{rel}","templated":true}]}}