{"id":9645,"date":"2022-04-15T09:36:18","date_gmt":"2022-04-15T14:36:18","guid":{"rendered":"https:\/\/soclose.mx\/blog\/?p=9645"},"modified":"2023-07-12T18:43:00","modified_gmt":"2023-07-13T00:43:00","slug":"que-es-la-luna-rosa-y-cuando-la-podras-ver","status":"publish","type":"post","link":"https:\/\/soclose.mx\/blog\/news-feed\/que-es-la-luna-rosa-y-cuando-la-podras-ver\/","title":{"rendered":"\u00bfQu\u00e9 es la luna rosa y cu\u00e1ndo la podr\u00e1s ver?"},"content":{"rendered":"<p>La\u00a0<strong>luna rosa,\u00a0<\/strong>de acuerdo con la NASA<strong>,<\/strong>\u00a0podr\u00e1 apreciarse el pr\u00f3ximo s\u00e1bado 16 de abril<strong>\u00a0<\/strong>en todo su esplendor.<\/p>\n<p>La posici\u00f3n de la <strong><a href=\"https:\/\/soclose.mx\/blog\/?s=luna\" target=\"_blank\" rel=\"noopener\">Luna<\/a>\u00a0<\/strong>se alinear\u00e1, junto con el sol y la tierra, en la b\u00f3veda celeste de tal manera que nuestro sat\u00e9lite se tornar\u00e1 de un brillo espectacular.<\/p>\n<p>El nombre por el que se le conoce a este fen\u00f3meno se debe a las culturas nativoamericanas de<b>\u00a0<\/b><strong>Estados Unidos<\/strong>. Se dice que algunas etnias relacionaban el color con la \u00e9poca en que las plantas llamadas phlox florec\u00edan en tonos rosados; es decir, durante la primavera. No tiene que ver con el color de la luna en s\u00ed, sino con la temporada.<\/p>\n<p>Este espect\u00e1culo astron\u00f3mico<strong>\u00a0<\/strong>natural se podr\u00e1 ver en gran parte del mundo, incluyendo\u00a0<b>M\u00e9xico,\u00a0<\/b>y ser\u00e1 visible durante varios d\u00edas.<\/p>\n<p>No necesitar\u00e1s ning\u00fan equipo especial para disfrutarla. La \u00fanica recomendaci\u00f3n, si quieres verla en todo su esplendor, es buscar un lugar con poca contaminaci\u00f3n lum\u00ednica, es decir, alejado de las grandes ciudades.<\/p>\n<blockquote class=\"twitter-tweet\">\n<p dir=\"ltr\" lang=\"es\">La Luna rosa podr\u00e1 ser observada el 16 de abril a partir de las 18h50 (hora de Ecuador continental) y ser\u00e1 visible durante toda la noche ya que su orto se produce en el momento de la puesta del sol. <a href=\"https:\/\/twitter.com\/hashtag\/SomosOAQ?src=hash&amp;ref_src=twsrc%5Etfw\">#SomosOAQ<\/a> <a href=\"https:\/\/t.co\/Dzm9qLrqRU\">pic.twitter.com\/Dzm9qLrqRU<\/a><\/p>\n<p>\u2014 OAQEcuador (@OAQEcuador) <a href=\"https:\/\/twitter.com\/OAQEcuador\/status\/1512130757896065024?ref_src=twsrc%5Etfw\">April 7, 2022<\/a><\/p><\/blockquote>\n<p><script async src=\"https:\/\/platform.twitter.com\/widgets.js\" charset=\"utf-8\"><\/script><\/p>\n<p>&nbsp;<\/p>\n","protected":false},"excerpt":{"rendered":"<p>La\u00a0luna rosa,\u00a0de acuerdo con la NASA,\u00a0podr\u00e1 apreciarse el pr\u00f3ximo s\u00e1bado 16 de abril\u00a0en todo su esplendor. La posici\u00f3n de la Luna\u00a0se alinear\u00e1, junto con el sol y la tierra, en la b\u00f3veda celeste de tal manera que nuestro sat\u00e9lite se tornar\u00e1 de un brillo espectacular. El nombre por el que se le conoce a este fen\u00f3meno se debe a las culturas nativoamericanas de\u00a0Estados Unidos. Se dice que algunas etnias relacionaban el color con la \u00e9poca en que las plantas llamadas phlox florec\u00edan en tonos rosados; es decir, durante la primavera. No tiene que ver con el color de la luna<\/p>\n","protected":false},"author":8,"featured_media":9646,"comment_status":"open","ping_status":"open","sticky":false,"template":"","format":"standard","meta":{"_jetpack_memberships_contains_paid_content":false,"footnotes":""},"categories":[628],"tags":[218,1917],"class_list":["post-9645","post","type-post","status-publish","format-standard","has-post-thumbnail","hentry","category-news-feed","tag-cdmx","tag-luna-rosa"],"yoast_head":"<!-- This site is optimized with the Yoast SEO plugin v26.7 - https:\/\/yoast.com\/wordpress\/plugins\/seo\/ -->\n<title>\u00bfQu\u00e9 es la luna rosa y cu\u00e1ndo la podr\u00e1s ver? - So Close<\/title>\n<meta name=\"robots\" content=\"index, follow, max-snippet:-1, max-image-preview:large, max-video-preview:-1\" \/>\n<link rel=\"canonical\" href=\"https:\/\/soclose.mx\/blog\/tag\/juan-rulfo-frases-mujeres\/\" \/>\n<meta property=\"og:locale\" content=\"es_MX\" \/>\n<meta property=\"og:type\" content=\"article\" \/>\n<meta property=\"og:title\" content=\"\u00bfQu\u00e9 es la luna rosa y cu\u00e1ndo la podr\u00e1s ver? - So Close\" \/>\n<meta property=\"og:description\" content=\"La\u00a0luna rosa,\u00a0de acuerdo con la NASA,\u00a0podr\u00e1 apreciarse el pr\u00f3ximo s\u00e1bado 16 de abril\u00a0en todo su esplendor. La posici\u00f3n de la Luna\u00a0se alinear\u00e1, junto con el sol y la tierra, en la b\u00f3veda celeste de tal manera que nuestro sat\u00e9lite se tornar\u00e1 de un brillo espectacular. El nombre por el que se le conoce a este fen\u00f3meno se debe a las culturas nativoamericanas de\u00a0Estados Unidos. Se dice que algunas etnias relacionaban el color con la \u00e9poca en que las plantas llamadas phlox florec\u00edan en tonos rosados; es decir, durante la primavera. No tiene que ver con el color de la luna\" \/>\n<meta property=\"og:url\" content=\"https:\/\/soclose.mx\/blog\/tag\/juan-rulfo-frases-mujeres\/\" \/>\n<meta property=\"og:site_name\" content=\"So Close\" \/>\n<meta property=\"article:author\" content=\"www.facebook.com\/mikexever\/\" \/>\n<meta property=\"article:published_time\" content=\"2022-04-15T14:36:18+00:00\" \/>\n<meta property=\"article:modified_time\" content=\"2023-07-13T00:43:00+00:00\" \/>\n<meta property=\"og:image\" content=\"https:\/\/i0.wp.com\/soclose.mx\/blog\/wp-content\/uploads\/2022\/04\/Copia-de-Principal-So-Close-blog-5-1.png?fit=1240%2C700&ssl=1\" \/>\n\t<meta property=\"og:image:width\" content=\"1240\" \/>\n\t<meta property=\"og:image:height\" content=\"700\" \/>\n\t<meta property=\"og:image:type\" content=\"image\/png\" \/>\n<meta name=\"author\" content=\"Miguel Angel Romero\" \/>\n<meta name=\"twitter:card\" content=\"summary_large_image\" \/>\n<meta name=\"twitter:creator\" content=\"@Mikerecomienda\" \/>\n<meta name=\"twitter:label1\" content=\"Escrito por\" \/>\n\t<meta name=\"twitter:data1\" content=\"Miguel Angel Romero\" \/>\n\t<meta name=\"twitter:label2\" content=\"Tiempo de lectura\" \/>\n\t<meta name=\"twitter:data2\" content=\"1 minuto\" \/>\n<script type=\"application\/ld+json\" class=\"yoast-schema-graph\">{\"@context\":\"https:\/\/schema.org\",\"@graph\":[{\"@type\":\"Article\",\"@id\":\"https:\/\/soclose.mx\/blog\/tag\/juan-rulfo-frases-mujeres\/#article\",\"isPartOf\":{\"@id\":\"https:\/\/soclose.mx\/blog\/tag\/juan-rulfo-frases-mujeres\/\"},\"author\":{\"name\":\"Miguel Angel Romero\",\"@id\":\"https:\/\/soclose.mx\/blog\/#\/schema\/person\/cddec6ccd5d7037d286395fb411e23f1\"},\"headline\":\"\u00bfQu\u00e9 es la luna rosa y cu\u00e1ndo la podr\u00e1s ver?\",\"datePublished\":\"2022-04-15T14:36:18+00:00\",\"dateModified\":\"2023-07-13T00:43:00+00:00\",\"mainEntityOfPage\":{\"@id\":\"https:\/\/soclose.mx\/blog\/tag\/juan-rulfo-frases-mujeres\/\"},\"wordCount\":240,\"commentCount\":0,\"publisher\":{\"@id\":\"https:\/\/soclose.mx\/blog\/#organization\"},\"image\":{\"@id\":\"https:\/\/soclose.mx\/blog\/tag\/juan-rulfo-frases-mujeres\/#primaryimage\"},\"thumbnailUrl\":\"https:\/\/i0.wp.com\/soclose.mx\/blog\/wp-content\/uploads\/2022\/04\/Copia-de-Principal-So-Close-blog-5-1.png?fit=1240%2C700&ssl=1\",\"keywords\":[\"cdmx\",\"luna rosa\"],\"articleSection\":[\"News feed\"],\"inLanguage\":\"es\",\"potentialAction\":[{\"@type\":\"CommentAction\",\"name\":\"Comment\",\"target\":[\"https:\/\/soclose.mx\/blog\/tag\/juan-rulfo-frases-mujeres\/#respond\"]}]},{\"@type\":\"WebPage\",\"@id\":\"https:\/\/soclose.mx\/blog\/tag\/juan-rulfo-frases-mujeres\/\",\"url\":\"https:\/\/soclose.mx\/blog\/tag\/juan-rulfo-frases-mujeres\/\",\"name\":\"\u00bfQu\u00e9 es la luna rosa y cu\u00e1ndo la podr\u00e1s ver? - So Close\",\"isPartOf\":{\"@id\":\"https:\/\/soclose.mx\/blog\/#website\"},\"primaryImageOfPage\":{\"@id\":\"https:\/\/soclose.mx\/blog\/tag\/juan-rulfo-frases-mujeres\/#primaryimage\"},\"image\":{\"@id\":\"https:\/\/soclose.mx\/blog\/tag\/juan-rulfo-frases-mujeres\/#primaryimage\"},\"thumbnailUrl\":\"https:\/\/i0.wp.com\/soclose.mx\/blog\/wp-content\/uploads\/2022\/04\/Copia-de-Principal-So-Close-blog-5-1.png?fit=1240%2C700&ssl=1\",\"datePublished\":\"2022-04-15T14:36:18+00:00\",\"dateModified\":\"2023-07-13T00:43:00+00:00\",\"breadcrumb\":{\"@id\":\"https:\/\/soclose.mx\/blog\/tag\/juan-rulfo-frases-mujeres\/#breadcrumb\"},\"inLanguage\":\"es\",\"potentialAction\":[{\"@type\":\"ReadAction\",\"target\":[\"https:\/\/soclose.mx\/blog\/tag\/juan-rulfo-frases-mujeres\/\"]}]},{\"@type\":\"ImageObject\",\"inLanguage\":\"es\",\"@id\":\"https:\/\/soclose.mx\/blog\/tag\/juan-rulfo-frases-mujeres\/#primaryimage\",\"url\":\"https:\/\/i0.wp.com\/soclose.mx\/blog\/wp-content\/uploads\/2022\/04\/Copia-de-Principal-So-Close-blog-5-1.png?fit=1240%2C700&ssl=1\",\"contentUrl\":\"https:\/\/i0.wp.com\/soclose.mx\/blog\/wp-content\/uploads\/2022\/04\/Copia-de-Principal-So-Close-blog-5-1.png?fit=1240%2C700&ssl=1\",\"width\":1240,\"height\":700},{\"@type\":\"BreadcrumbList\",\"@id\":\"https:\/\/soclose.mx\/blog\/tag\/juan-rulfo-frases-mujeres\/#breadcrumb\",\"itemListElement\":[{\"@type\":\"ListItem\",\"position\":1,\"name\":\"Inicio\",\"item\":\"https:\/\/soclose.mx\/blog\/\"},{\"@type\":\"ListItem\",\"position\":2,\"name\":\"\u00bfQu\u00e9 es la luna rosa y cu\u00e1ndo la podr\u00e1s ver?\"}]},{\"@type\":\"WebSite\",\"@id\":\"https:\/\/soclose.mx\/blog\/#website\",\"url\":\"https:\/\/soclose.mx\/blog\/\",\"name\":\"So Close\",\"description\":\"Hacemos contenidos de M\u00e9xico\",\"publisher\":{\"@id\":\"https:\/\/soclose.mx\/blog\/#organization\"},\"potentialAction\":[{\"@type\":\"SearchAction\",\"target\":{\"@type\":\"EntryPoint\",\"urlTemplate\":\"https:\/\/soclose.mx\/blog\/?s={search_term_string}\"},\"query-input\":{\"@type\":\"PropertyValueSpecification\",\"valueRequired\":true,\"valueName\":\"search_term_string\"}}],\"inLanguage\":\"es\"},{\"@type\":\"Organization\",\"@id\":\"https:\/\/soclose.mx\/blog\/#organization\",\"name\":\"So Close\",\"url\":\"https:\/\/soclose.mx\/blog\/\",\"logo\":{\"@type\":\"ImageObject\",\"inLanguage\":\"es\",\"@id\":\"https:\/\/soclose.mx\/blog\/#\/schema\/logo\/image\/\",\"url\":\"https:\/\/i0.wp.com\/soclose.mx\/blog\/wp-content\/uploads\/2020\/12\/LOGO_SOCLOSE_COLOR-e1608310133507.png?fit=2858%2C1264&ssl=1\",\"contentUrl\":\"https:\/\/i0.wp.com\/soclose.mx\/blog\/wp-content\/uploads\/2020\/12\/LOGO_SOCLOSE_COLOR-e1608310133507.png?fit=2858%2C1264&ssl=1\",\"width\":2858,\"height\":1264,\"caption\":\"So Close\"},\"image\":{\"@id\":\"https:\/\/soclose.mx\/blog\/#\/schema\/logo\/image\/\"}},{\"@type\":\"Person\",\"@id\":\"https:\/\/soclose.mx\/blog\/#\/schema\/person\/cddec6ccd5d7037d286395fb411e23f1\",\"name\":\"Miguel Angel Romero\",\"image\":{\"@type\":\"ImageObject\",\"inLanguage\":\"es\",\"@id\":\"https:\/\/soclose.mx\/blog\/#\/schema\/person\/image\/\",\"url\":\"https:\/\/secure.gravatar.com\/avatar\/45b44006b4f93497bb24d251f77bc39385015bfa120582412df580dbfcbb14f3?s=96&d=mm&r=g\",\"contentUrl\":\"https:\/\/secure.gravatar.com\/avatar\/45b44006b4f93497bb24d251f77bc39385015bfa120582412df580dbfcbb14f3?s=96&d=mm&r=g\",\"caption\":\"Miguel Angel Romero\"},\"sameAs\":[\"http:\/\/\/mikexever.blogspot.com\/\",\"www.facebook.com\/mikexever\/\",\"https:\/\/x.com\/Mikerecomienda\"],\"url\":\"https:\/\/soclose.mx\/blog\/author\/mike\/\"}]}<\/script>\n<!-- \/ Yoast SEO plugin. -->","yoast_head_json":{"title":"\u00bfQu\u00e9 es la luna rosa y cu\u00e1ndo la podr\u00e1s ver? - So Close","robots":{"index":"index","follow":"follow","max-snippet":"max-snippet:-1","max-image-preview":"max-image-preview:large","max-video-preview":"max-video-preview:-1"},"canonical":"https:\/\/soclose.mx\/blog\/tag\/juan-rulfo-frases-mujeres\/","og_locale":"es_MX","og_type":"article","og_title":"\u00bfQu\u00e9 es la luna rosa y cu\u00e1ndo la podr\u00e1s ver? - So Close","og_description":"La\u00a0luna rosa,\u00a0de acuerdo con la NASA,\u00a0podr\u00e1 apreciarse el pr\u00f3ximo s\u00e1bado 16 de abril\u00a0en todo su esplendor. La posici\u00f3n de la Luna\u00a0se alinear\u00e1, junto con el sol y la tierra, en la b\u00f3veda celeste de tal manera que nuestro sat\u00e9lite se tornar\u00e1 de un brillo espectacular. El nombre por el que se le conoce a este fen\u00f3meno se debe a las culturas nativoamericanas de\u00a0Estados Unidos. Se dice que algunas etnias relacionaban el color con la \u00e9poca en que las plantas llamadas phlox florec\u00edan en tonos rosados; es decir, durante la primavera. No tiene que ver con el color de la luna","og_url":"https:\/\/soclose.mx\/blog\/tag\/juan-rulfo-frases-mujeres\/","og_site_name":"So Close","article_author":"www.facebook.com\/mikexever\/","article_published_time":"2022-04-15T14:36:18+00:00","article_modified_time":"2023-07-13T00:43:00+00:00","og_image":[{"width":1240,"height":700,"url":"https:\/\/i0.wp.com\/soclose.mx\/blog\/wp-content\/uploads\/2022\/04\/Copia-de-Principal-So-Close-blog-5-1.png?fit=1240%2C700&ssl=1","type":"image\/png"}],"author":"Miguel Angel Romero","twitter_card":"summary_large_image","twitter_creator":"@Mikerecomienda","twitter_misc":{"Escrito por":"Miguel Angel Romero","Tiempo de lectura":"1 minuto"},"schema":{"@context":"https:\/\/schema.org","@graph":[{"@type":"Article","@id":"https:\/\/soclose.mx\/blog\/tag\/juan-rulfo-frases-mujeres\/#article","isPartOf":{"@id":"https:\/\/soclose.mx\/blog\/tag\/juan-rulfo-frases-mujeres\/"},"author":{"name":"Miguel Angel Romero","@id":"https:\/\/soclose.mx\/blog\/#\/schema\/person\/cddec6ccd5d7037d286395fb411e23f1"},"headline":"\u00bfQu\u00e9 es la luna rosa y cu\u00e1ndo la podr\u00e1s ver?","datePublished":"2022-04-15T14:36:18+00:00","dateModified":"2023-07-13T00:43:00+00:00","mainEntityOfPage":{"@id":"https:\/\/soclose.mx\/blog\/tag\/juan-rulfo-frases-mujeres\/"},"wordCount":240,"commentCount":0,"publisher":{"@id":"https:\/\/soclose.mx\/blog\/#organization"},"image":{"@id":"https:\/\/soclose.mx\/blog\/tag\/juan-rulfo-frases-mujeres\/#primaryimage"},"thumbnailUrl":"https:\/\/i0.wp.com\/soclose.mx\/blog\/wp-content\/uploads\/2022\/04\/Copia-de-Principal-So-Close-blog-5-1.png?fit=1240%2C700&ssl=1","keywords":["cdmx","luna rosa"],"articleSection":["News feed"],"inLanguage":"es","potentialAction":[{"@type":"CommentAction","name":"Comment","target":["https:\/\/soclose.mx\/blog\/tag\/juan-rulfo-frases-mujeres\/#respond"]}]},{"@type":"WebPage","@id":"https:\/\/soclose.mx\/blog\/tag\/juan-rulfo-frases-mujeres\/","url":"https:\/\/soclose.mx\/blog\/tag\/juan-rulfo-frases-mujeres\/","name":"\u00bfQu\u00e9 es la luna rosa y cu\u00e1ndo la podr\u00e1s ver? - So Close","isPartOf":{"@id":"https:\/\/soclose.mx\/blog\/#website"},"primaryImageOfPage":{"@id":"https:\/\/soclose.mx\/blog\/tag\/juan-rulfo-frases-mujeres\/#primaryimage"},"image":{"@id":"https:\/\/soclose.mx\/blog\/tag\/juan-rulfo-frases-mujeres\/#primaryimage"},"thumbnailUrl":"https:\/\/i0.wp.com\/soclose.mx\/blog\/wp-content\/uploads\/2022\/04\/Copia-de-Principal-So-Close-blog-5-1.png?fit=1240%2C700&ssl=1","datePublished":"2022-04-15T14:36:18+00:00","dateModified":"2023-07-13T00:43:00+00:00","breadcrumb":{"@id":"https:\/\/soclose.mx\/blog\/tag\/juan-rulfo-frases-mujeres\/#breadcrumb"},"inLanguage":"es","potentialAction":[{"@type":"ReadAction","target":["https:\/\/soclose.mx\/blog\/tag\/juan-rulfo-frases-mujeres\/"]}]},{"@type":"ImageObject","inLanguage":"es","@id":"https:\/\/soclose.mx\/blog\/tag\/juan-rulfo-frases-mujeres\/#primaryimage","url":"https:\/\/i0.wp.com\/soclose.mx\/blog\/wp-content\/uploads\/2022\/04\/Copia-de-Principal-So-Close-blog-5-1.png?fit=1240%2C700&ssl=1","contentUrl":"https:\/\/i0.wp.com\/soclose.mx\/blog\/wp-content\/uploads\/2022\/04\/Copia-de-Principal-So-Close-blog-5-1.png?fit=1240%2C700&ssl=1","width":1240,"height":700},{"@type":"BreadcrumbList","@id":"https:\/\/soclose.mx\/blog\/tag\/juan-rulfo-frases-mujeres\/#breadcrumb","itemListElement":[{"@type":"ListItem","position":1,"name":"Inicio","item":"https:\/\/soclose.mx\/blog\/"},{"@type":"ListItem","position":2,"name":"\u00bfQu\u00e9 es la luna rosa y cu\u00e1ndo la podr\u00e1s ver?"}]},{"@type":"WebSite","@id":"https:\/\/soclose.mx\/blog\/#website","url":"https:\/\/soclose.mx\/blog\/","name":"So Close","description":"Hacemos contenidos de M\u00e9xico","publisher":{"@id":"https:\/\/soclose.mx\/blog\/#organization"},"potentialAction":[{"@type":"SearchAction","target":{"@type":"EntryPoint","urlTemplate":"https:\/\/soclose.mx\/blog\/?s={search_term_string}"},"query-input":{"@type":"PropertyValueSpecification","valueRequired":true,"valueName":"search_term_string"}}],"inLanguage":"es"},{"@type":"Organization","@id":"https:\/\/soclose.mx\/blog\/#organization","name":"So Close","url":"https:\/\/soclose.mx\/blog\/","logo":{"@type":"ImageObject","inLanguage":"es","@id":"https:\/\/soclose.mx\/blog\/#\/schema\/logo\/image\/","url":"https:\/\/i0.wp.com\/soclose.mx\/blog\/wp-content\/uploads\/2020\/12\/LOGO_SOCLOSE_COLOR-e1608310133507.png?fit=2858%2C1264&ssl=1","contentUrl":"https:\/\/i0.wp.com\/soclose.mx\/blog\/wp-content\/uploads\/2020\/12\/LOGO_SOCLOSE_COLOR-e1608310133507.png?fit=2858%2C1264&ssl=1","width":2858,"height":1264,"caption":"So Close"},"image":{"@id":"https:\/\/soclose.mx\/blog\/#\/schema\/logo\/image\/"}},{"@type":"Person","@id":"https:\/\/soclose.mx\/blog\/#\/schema\/person\/cddec6ccd5d7037d286395fb411e23f1","name":"Miguel Angel Romero","image":{"@type":"ImageObject","inLanguage":"es","@id":"https:\/\/soclose.mx\/blog\/#\/schema\/person\/image\/","url":"https:\/\/secure.gravatar.com\/avatar\/45b44006b4f93497bb24d251f77bc39385015bfa120582412df580dbfcbb14f3?s=96&d=mm&r=g","contentUrl":"https:\/\/secure.gravatar.com\/avatar\/45b44006b4f93497bb24d251f77bc39385015bfa120582412df580dbfcbb14f3?s=96&d=mm&r=g","caption":"Miguel Angel Romero"},"sameAs":["http:\/\/\/mikexever.blogspot.com\/","www.facebook.com\/mikexever\/","https:\/\/x.com\/Mikerecomienda"],"url":"https:\/\/soclose.mx\/blog\/author\/mike\/"}]}},"jetpack_featured_media_url":"https:\/\/i0.wp.com\/soclose.mx\/blog\/wp-content\/uploads\/2022\/04\/Copia-de-Principal-So-Close-blog-5-1.png?fit=1240%2C700&ssl=1","jetpack-related-posts":[{"id":14777,"url":"https:\/\/soclose.mx\/blog\/news-feed\/donde-ver-la-luna-rosa-2025-en-mexico-mejores-lugares-y-consejos\/","url_meta":{"origin":9645,"position":0},"title":"\u00bfD\u00f3nde Ver la Luna Rosa 2025 en M\u00e9xico? Mejores Lugares y Consejos","author":"So Close","date":"4 abril, 2025","format":false,"excerpt":"La Luna Rosa 2025, que tendr\u00e1 lugar el domingo 13 de abril, ser\u00e1 visible en todo M\u00e9xico, pero para disfrutarla en su m\u00e1ximo esplendor, es importante elegir lugares estrat\u00e9gicos alejados de la contaminaci\u00f3n lum\u00ednica y con cielos despejados. A continuaci\u00f3n, te comparto las mejores regiones y consejos \u00bfD\u00f3nde Ver la\u2026","rel":"","context":"En &quot;News feed&quot;","block_context":{"text":"News feed","link":"https:\/\/soclose.mx\/blog\/category\/news-feed\/"},"img":{"alt_text":"Luna rosa","src":"https:\/\/i0.wp.com\/soclose.mx\/blog\/wp-content\/uploads\/2025\/04\/Luna-rosa.jpg?fit=1200%2C675&ssl=1&resize=350%2C200","width":350,"height":200,"srcset":"https:\/\/i0.wp.com\/soclose.mx\/blog\/wp-content\/uploads\/2025\/04\/Luna-rosa.jpg?fit=1200%2C675&ssl=1&resize=350%2C200 1x, https:\/\/i0.wp.com\/soclose.mx\/blog\/wp-content\/uploads\/2025\/04\/Luna-rosa.jpg?fit=1200%2C675&ssl=1&resize=525%2C300 1.5x, https:\/\/i0.wp.com\/soclose.mx\/blog\/wp-content\/uploads\/2025\/04\/Luna-rosa.jpg?fit=1200%2C675&ssl=1&resize=700%2C400 2x, https:\/\/i0.wp.com\/soclose.mx\/blog\/wp-content\/uploads\/2025\/04\/Luna-rosa.jpg?fit=1200%2C675&ssl=1&resize=1050%2C600 3x"},"classes":[]},{"id":14898,"url":"https:\/\/soclose.mx\/blog\/news-feed\/luna-de-sangre-2025-todo-lo-que-necesitas-saber-sobre-el-eclipse-lunar-y-sus-leyendas-en-mexico\/","url_meta":{"origin":9645,"position":1},"title":"Luna de sangre 2025: Todo lo que necesitas saber sobre el eclipse lunar y sus leyendas en M\u00e9xico","author":"So Close","date":"18 agosto, 2025","format":false,"excerpt":"La Luna de Sangre es uno de los fen\u00f3menos astron\u00f3micos m\u00e1s fascinantes que puede presenciarse desde la Tierra. En 2025, este evento tendr\u00e1 especial relevancia, pues se producir\u00e1 la noche del 7 al 8 de septiembre y promete cautivar a miles de entusiastas del cielo en M\u00e9xico y el mundo.\u2026","rel":"","context":"En &quot;News feed&quot;","block_context":{"text":"News feed","link":"https:\/\/soclose.mx\/blog\/category\/news-feed\/"},"img":{"alt_text":"luna de sangre","src":"https:\/\/i0.wp.com\/soclose.mx\/blog\/wp-content\/uploads\/2025\/08\/luna-de-sangre.jpg?fit=1200%2C675&ssl=1&resize=350%2C200","width":350,"height":200,"srcset":"https:\/\/i0.wp.com\/soclose.mx\/blog\/wp-content\/uploads\/2025\/08\/luna-de-sangre.jpg?fit=1200%2C675&ssl=1&resize=350%2C200 1x, https:\/\/i0.wp.com\/soclose.mx\/blog\/wp-content\/uploads\/2025\/08\/luna-de-sangre.jpg?fit=1200%2C675&ssl=1&resize=525%2C300 1.5x, https:\/\/i0.wp.com\/soclose.mx\/blog\/wp-content\/uploads\/2025\/08\/luna-de-sangre.jpg?fit=1200%2C675&ssl=1&resize=700%2C400 2x, https:\/\/i0.wp.com\/soclose.mx\/blog\/wp-content\/uploads\/2025\/08\/luna-de-sangre.jpg?fit=1200%2C675&ssl=1&resize=1050%2C600 3x"},"classes":[]},{"id":7109,"url":"https:\/\/soclose.mx\/blog\/lugares\/flamingo-caffe-la-cafeteria-mas-rosa-de-la-cdmx\/","url_meta":{"origin":9645,"position":2},"title":"Flamingo Caffe: La cafeter\u00eda m\u00e1s rosa de la CDMX","author":"Miguel Angel Romero","date":"18 mayo, 2021","format":false,"excerpt":"La vida no es de color de rosa, hay que aceptarlo, pero t\u00fa alrededor puede estar de este tono gracias a la nueva cafeter\u00eda de la CDMX, Flamingo Caffe. El rinc\u00f3n sure\u00f1o est\u00e1 llenos de color, luces ne\u00f3n, flores y decoraciones rosas para tomarte las mejores fotos, mientras disfrutas algunas\u2026","rel":"","context":"En &quot;Lugares&quot;","block_context":{"text":"Lugares","link":"https:\/\/soclose.mx\/blog\/category\/lugares\/"},"img":{"alt_text":"","src":"https:\/\/i0.wp.com\/soclose.mx\/blog\/wp-content\/uploads\/2021\/09\/Principal-So-Close-blog-7.jpg?fit=1200%2C677&ssl=1&resize=350%2C200","width":350,"height":200,"srcset":"https:\/\/i0.wp.com\/soclose.mx\/blog\/wp-content\/uploads\/2021\/09\/Principal-So-Close-blog-7.jpg?fit=1200%2C677&ssl=1&resize=350%2C200 1x, https:\/\/i0.wp.com\/soclose.mx\/blog\/wp-content\/uploads\/2021\/09\/Principal-So-Close-blog-7.jpg?fit=1200%2C677&ssl=1&resize=525%2C300 1.5x, https:\/\/i0.wp.com\/soclose.mx\/blog\/wp-content\/uploads\/2021\/09\/Principal-So-Close-blog-7.jpg?fit=1200%2C677&ssl=1&resize=700%2C400 2x, https:\/\/i0.wp.com\/soclose.mx\/blog\/wp-content\/uploads\/2021\/09\/Principal-So-Close-blog-7.jpg?fit=1200%2C677&ssl=1&resize=1050%2C600 3x"},"classes":[]},{"id":14954,"url":"https:\/\/soclose.mx\/blog\/news-feed\/lugares-y-como-ver-la-superluna-y-el-cometa-lemmon-en-mexico\/","url_meta":{"origin":9645,"position":3},"title":"\u00bfLugares y c\u00f3mo ver la Superluna y el Cometa Lemmon en M\u00e9xico?\u2028","author":"So Close","date":"4 noviembre, 2025","format":false,"excerpt":"Noviembre de 2025 ser\u00e1 un mes espectacular para los amantes de la astronom\u00eda en M\u00e9xico, con varios fen\u00f3menos celestes visibles que ofrecen grandes oportunidades para observar y fotografiar el cielo nocturno; por supuesto entre ellos la Superluna y Cometa Lemmon en M\u00e9xico. Cu\u00e1ndo y d\u00f3nde ver la Superluna y el\u2026","rel":"","context":"En &quot;News feed&quot;","block_context":{"text":"News feed","link":"https:\/\/soclose.mx\/blog\/category\/news-feed\/"},"img":{"alt_text":"Luna","src":"https:\/\/i0.wp.com\/soclose.mx\/blog\/wp-content\/uploads\/2025\/11\/Salma-Hayek-2.jpg?fit=1200%2C675&ssl=1&resize=350%2C200","width":350,"height":200,"srcset":"https:\/\/i0.wp.com\/soclose.mx\/blog\/wp-content\/uploads\/2025\/11\/Salma-Hayek-2.jpg?fit=1200%2C675&ssl=1&resize=350%2C200 1x, https:\/\/i0.wp.com\/soclose.mx\/blog\/wp-content\/uploads\/2025\/11\/Salma-Hayek-2.jpg?fit=1200%2C675&ssl=1&resize=525%2C300 1.5x, https:\/\/i0.wp.com\/soclose.mx\/blog\/wp-content\/uploads\/2025\/11\/Salma-Hayek-2.jpg?fit=1200%2C675&ssl=1&resize=700%2C400 2x, https:\/\/i0.wp.com\/soclose.mx\/blog\/wp-content\/uploads\/2025\/11\/Salma-Hayek-2.jpg?fit=1200%2C675&ssl=1&resize=1050%2C600 3x"},"classes":[]},{"id":9664,"url":"https:\/\/soclose.mx\/blog\/lugares\/conoce-el-tour-en-las-lagunas-rosadas-de-las-coloradas\/","url_meta":{"origin":9645,"position":4},"title":"Conoce el tour en las lagunas rosadas de Las Coloradas","author":"Miguel Angel Romero","date":"29 abril, 2022","format":false,"excerpt":"Las Coloradas es una playa, una\u00a0salinera\u00a0y tambi\u00e9n un\u00a0parque tur\u00edstico. Su nombre se lo dan decenas de charcas con una variedad de tonalidades rosas de donde se extrae la\u00a0sal de mar. Son rosas por la presencia de halobacterias hal\u00f3ficas , organismos que s\u00f3lo pueden vivir en aguas con alta concentraci\u00f3n de\u2026","rel":"","context":"En &quot;Lugares&quot;","block_context":{"text":"Lugares","link":"https:\/\/soclose.mx\/blog\/category\/lugares\/"},"img":{"alt_text":"","src":"https:\/\/i0.wp.com\/soclose.mx\/blog\/wp-content\/uploads\/2022\/04\/Copia-de-Principal-So-Close-blog-2-2.png?fit=1200%2C677&ssl=1&resize=350%2C200","width":350,"height":200,"srcset":"https:\/\/i0.wp.com\/soclose.mx\/blog\/wp-content\/uploads\/2022\/04\/Copia-de-Principal-So-Close-blog-2-2.png?fit=1200%2C677&ssl=1&resize=350%2C200 1x, https:\/\/i0.wp.com\/soclose.mx\/blog\/wp-content\/uploads\/2022\/04\/Copia-de-Principal-So-Close-blog-2-2.png?fit=1200%2C677&ssl=1&resize=525%2C300 1.5x, https:\/\/i0.wp.com\/soclose.mx\/blog\/wp-content\/uploads\/2022\/04\/Copia-de-Principal-So-Close-blog-2-2.png?fit=1200%2C677&ssl=1&resize=700%2C400 2x, https:\/\/i0.wp.com\/soclose.mx\/blog\/wp-content\/uploads\/2022\/04\/Copia-de-Principal-So-Close-blog-2-2.png?fit=1200%2C677&ssl=1&resize=1050%2C600 3x"},"classes":[]},{"id":7879,"url":"https:\/\/soclose.mx\/blog\/lugares\/media-luna-el-paraiso-de-san-luis-potosi\/","url_meta":{"origin":9645,"position":5},"title":"Media Luna: El para\u00edso de San Luis Potos\u00ed","author":"Miguel Angel Romero","date":"22 diciembre, 2021","format":false,"excerpt":"La Laguna de la Media Luna es un parque estatal perfecto para ir y disfrutar los d\u00edas de campo y admirar incre\u00edbles paisajes naturales. El nombre de la laguna se debe a que \u00e9sta tiene una peculiar forma, se localiza a 3 kil\u00f3metros al suroeste de Rioverde, en la Regi\u00f3n\u2026","rel":"","context":"En &quot;Lugares&quot;","block_context":{"text":"Lugares","link":"https:\/\/soclose.mx\/blog\/category\/lugares\/"},"img":{"alt_text":"","src":"https:\/\/i0.wp.com\/soclose.mx\/blog\/wp-content\/uploads\/2021\/12\/Copia-de-Principal-So-Close-blog-1-1.png?fit=1200%2C677&ssl=1&resize=350%2C200","width":350,"height":200,"srcset":"https:\/\/i0.wp.com\/soclose.mx\/blog\/wp-content\/uploads\/2021\/12\/Copia-de-Principal-So-Close-blog-1-1.png?fit=1200%2C677&ssl=1&resize=350%2C200 1x, https:\/\/i0.wp.com\/soclose.mx\/blog\/wp-content\/uploads\/2021\/12\/Copia-de-Principal-So-Close-blog-1-1.png?fit=1200%2C677&ssl=1&resize=525%2C300 1.5x, https:\/\/i0.wp.com\/soclose.mx\/blog\/wp-content\/uploads\/2021\/12\/Copia-de-Principal-So-Close-blog-1-1.png?fit=1200%2C677&ssl=1&resize=700%2C400 2x, https:\/\/i0.wp.com\/soclose.mx\/blog\/wp-content\/uploads\/2021\/12\/Copia-de-Principal-So-Close-blog-1-1.png?fit=1200%2C677&ssl=1&resize=1050%2C600 3x"},"classes":[]}],"jetpack_sharing_enabled":true,"_links":{"self":[{"href":"https:\/\/soclose.mx\/blog\/wp-json\/wp\/v2\/posts\/9645","targetHints":{"allow":["GET"]}}],"collection":[{"href":"https:\/\/soclose.mx\/blog\/wp-json\/wp\/v2\/posts"}],"about":[{"href":"https:\/\/soclose.mx\/blog\/wp-json\/wp\/v2\/types\/post"}],"author":[{"embeddable":true,"href":"https:\/\/soclose.mx\/blog\/wp-json\/wp\/v2\/users\/8"}],"replies":[{"embeddable":true,"href":"https:\/\/soclose.mx\/blog\/wp-json\/wp\/v2\/comments?post=9645"}],"version-history":[{"count":0,"href":"https:\/\/soclose.mx\/blog\/wp-json\/wp\/v2\/posts\/9645\/revisions"}],"wp:featuredmedia":[{"embeddable":true,"href":"https:\/\/soclose.mx\/blog\/wp-json\/wp\/v2\/media\/9646"}],"wp:attachment":[{"href":"https:\/\/soclose.mx\/blog\/wp-json\/wp\/v2\/media?parent=9645"}],"wp:term":[{"taxonomy":"category","embeddable":true,"href":"https:\/\/soclose.mx\/blog\/wp-json\/wp\/v2\/categories?post=9645"},{"taxonomy":"post_tag","embeddable":true,"href":"https:\/\/soclose.mx\/blog\/wp-json\/wp\/v2\/tags?post=9645"}],"curies":[{"name":"wp","href":"https:\/\/api.w.org\/{rel}","templated":true}]}}