{"id":9680,"date":"2022-04-29T08:57:14","date_gmt":"2022-04-29T13:57:14","guid":{"rendered":"https:\/\/soclose.mx\/blog\/?p=9680"},"modified":"2022-04-21T01:25:47","modified_gmt":"2022-04-21T06:25:47","slug":"ella-es-la-pianista-mexicana-que-conquisto-el-royal-albert-hall","status":"publish","type":"post","link":"https:\/\/soclose.mx\/blog\/para-todos\/ella-es-la-pianista-mexicana-que-conquisto-el-royal-albert-hall\/","title":{"rendered":"Ella es la pianista mexicana que conquist\u00f3 el Royal Albert Hall"},"content":{"rendered":"<p><strong>Mar\u00eda Hanneman<\/strong>, la pianista que a sus 16 a\u00f1os se ha presentado en grandes salas de concierto como el <strong>Palacio de <a href=\"https:\/\/soclose.mx\/blog\/?s=bellas+artes\" target=\"_blank\" rel=\"noopener\">Bellas Artes<\/a><\/strong>\u00a0y el\u00a0<strong>Carnegie Hall<\/strong>, en\u00a0<strong>Nueva York<\/strong>, debut\u00f3 el <strong>Royal Albert Hall<\/strong> de Londres.<\/p>\n<p>En febrero de 2021 gan\u00f3 el primer lugar en la\u00a0<strong>Grand Prize Virtuoso International Music Competition de Londres, Inglaterra<\/strong>, cuyo premio consisti\u00f3 en una invitaci\u00f3n para tocar en el recinto londinense.<\/p>\n<p><strong>Hanneman\u00a0<\/strong>ha recibido diversos premios nacionales e internacionales en cert\u00e1menes como el\u00a0<strong>Festival de M\u00fasica Rusa de Vancouver.<\/strong><\/p>\n<p>Adem\u00e1s, en 2021 debut\u00f3 en el\u00a0<strong>Palacio de Bellas Artes<\/strong>\u00a0junto al tenor mexicano\u00a0<strong>Javier Camarena<\/strong>.<\/p>\n<p>Actualmente, <strong>Mar\u00eda<\/strong> estudia piano en el <strong>Conservatorio Nacional de M\u00fasica<\/strong> y sue\u00f1a con volver a tocar en el <strong>Palacio de Bellas Artes<\/strong> con orquesta.<\/p>\n","protected":false},"excerpt":{"rendered":"<p>Mar\u00eda Hanneman, la pianista que a sus 16 a\u00f1os se ha presentado en grandes salas de concierto como el Palacio de Bellas Artes\u00a0y el\u00a0Carnegie Hall, en\u00a0Nueva York, debut\u00f3 el Royal Albert Hall de Londres. En febrero de 2021 gan\u00f3 el primer lugar en la\u00a0Grand Prize Virtuoso International Music Competition de Londres, Inglaterra, cuyo premio consisti\u00f3 en una invitaci\u00f3n para tocar en el recinto londinense. Hanneman\u00a0ha recibido diversos premios nacionales e internacionales en cert\u00e1menes como el\u00a0Festival de M\u00fasica Rusa de Vancouver. Adem\u00e1s, en 2021 debut\u00f3 en el\u00a0Palacio de Bellas Artes\u00a0junto al tenor mexicano\u00a0Javier Camarena. Actualmente, Mar\u00eda estudia piano en el Conservatorio<\/p>\n","protected":false},"author":8,"featured_media":9683,"comment_status":"open","ping_status":"open","sticky":false,"template":"","format":"standard","meta":{"_jetpack_memberships_contains_paid_content":false,"footnotes":""},"categories":[1674],"tags":[1926,1809,1927],"class_list":["post-9680","post","type-post","status-publish","format-standard","has-post-thumbnail","hentry","category-para-todos","tag-maria-hanneman","tag-pianista","tag-royal-albert-hall"],"yoast_head":"<!-- This site is optimized with the Yoast SEO plugin v26.7 - https:\/\/yoast.com\/wordpress\/plugins\/seo\/ -->\n<title>Ella es la pianista mexicana que conquist\u00f3 el Royal Albert Hall - So Close<\/title>\n<meta name=\"description\" content=\"La pianista mexicana ofreci\u00f3 un recital en el recinto, tras ganar el primer lugar en la Grand Prize Virtuoso International Music Competition\" \/>\n<meta name=\"robots\" content=\"index, follow, max-snippet:-1, max-image-preview:large, max-video-preview:-1\" \/>\n<link rel=\"canonical\" href=\"https:\/\/soclose.mx\/blog\/tag\/juan-rulfo-frases-mujeres\/\" \/>\n<meta property=\"og:locale\" content=\"es_MX\" \/>\n<meta property=\"og:type\" content=\"article\" \/>\n<meta property=\"og:title\" content=\"Ella es la pianista mexicana que conquist\u00f3 el Royal Albert Hall - So Close\" \/>\n<meta property=\"og:description\" content=\"La pianista mexicana ofreci\u00f3 un recital en el recinto, tras ganar el primer lugar en la Grand Prize Virtuoso International Music Competition\" \/>\n<meta property=\"og:url\" content=\"https:\/\/soclose.mx\/blog\/tag\/juan-rulfo-frases-mujeres\/\" \/>\n<meta property=\"og:site_name\" content=\"So Close\" \/>\n<meta property=\"article:author\" content=\"www.facebook.com\/mikexever\/\" \/>\n<meta property=\"article:published_time\" content=\"2022-04-29T13:57:14+00:00\" \/>\n<meta property=\"og:image\" content=\"https:\/\/i0.wp.com\/soclose.mx\/blog\/wp-content\/uploads\/2022\/04\/Copia-de-Principal-So-Close-blog-3-3.png?fit=1240%2C700&ssl=1\" \/>\n\t<meta property=\"og:image:width\" content=\"1240\" \/>\n\t<meta property=\"og:image:height\" content=\"700\" \/>\n\t<meta property=\"og:image:type\" content=\"image\/png\" \/>\n<meta name=\"author\" content=\"Miguel Angel Romero\" \/>\n<meta name=\"twitter:card\" content=\"summary_large_image\" \/>\n<meta name=\"twitter:creator\" content=\"@Mikerecomienda\" \/>\n<meta name=\"twitter:label1\" content=\"Escrito por\" \/>\n\t<meta name=\"twitter:data1\" content=\"Miguel Angel Romero\" \/>\n\t<meta name=\"twitter:label2\" content=\"Tiempo de lectura\" \/>\n\t<meta name=\"twitter:data2\" content=\"1 minuto\" \/>\n<script type=\"application\/ld+json\" class=\"yoast-schema-graph\">{\"@context\":\"https:\/\/schema.org\",\"@graph\":[{\"@type\":\"Article\",\"@id\":\"https:\/\/soclose.mx\/blog\/tag\/juan-rulfo-frases-mujeres\/#article\",\"isPartOf\":{\"@id\":\"https:\/\/soclose.mx\/blog\/tag\/juan-rulfo-frases-mujeres\/\"},\"author\":{\"name\":\"Miguel Angel Romero\",\"@id\":\"https:\/\/soclose.mx\/blog\/#\/schema\/person\/cddec6ccd5d7037d286395fb411e23f1\"},\"headline\":\"Ella es la pianista mexicana que conquist\u00f3 el Royal Albert Hall\",\"datePublished\":\"2022-04-29T13:57:14+00:00\",\"mainEntityOfPage\":{\"@id\":\"https:\/\/soclose.mx\/blog\/tag\/juan-rulfo-frases-mujeres\/\"},\"wordCount\":143,\"commentCount\":0,\"publisher\":{\"@id\":\"https:\/\/soclose.mx\/blog\/#organization\"},\"image\":{\"@id\":\"https:\/\/soclose.mx\/blog\/tag\/juan-rulfo-frases-mujeres\/#primaryimage\"},\"thumbnailUrl\":\"https:\/\/i0.wp.com\/soclose.mx\/blog\/wp-content\/uploads\/2022\/04\/Copia-de-Principal-So-Close-blog-3-3.png?fit=1240%2C700&ssl=1\",\"keywords\":[\"Mar\u00eda Hanneman\",\"pianista\",\"Royal Albert Hall\"],\"articleSection\":[\"Para todos\"],\"inLanguage\":\"es\",\"potentialAction\":[{\"@type\":\"CommentAction\",\"name\":\"Comment\",\"target\":[\"https:\/\/soclose.mx\/blog\/tag\/juan-rulfo-frases-mujeres\/#respond\"]}]},{\"@type\":\"WebPage\",\"@id\":\"https:\/\/soclose.mx\/blog\/tag\/juan-rulfo-frases-mujeres\/\",\"url\":\"https:\/\/soclose.mx\/blog\/tag\/juan-rulfo-frases-mujeres\/\",\"name\":\"Ella es la pianista mexicana que conquist\u00f3 el Royal Albert Hall - So Close\",\"isPartOf\":{\"@id\":\"https:\/\/soclose.mx\/blog\/#website\"},\"primaryImageOfPage\":{\"@id\":\"https:\/\/soclose.mx\/blog\/tag\/juan-rulfo-frases-mujeres\/#primaryimage\"},\"image\":{\"@id\":\"https:\/\/soclose.mx\/blog\/tag\/juan-rulfo-frases-mujeres\/#primaryimage\"},\"thumbnailUrl\":\"https:\/\/i0.wp.com\/soclose.mx\/blog\/wp-content\/uploads\/2022\/04\/Copia-de-Principal-So-Close-blog-3-3.png?fit=1240%2C700&ssl=1\",\"datePublished\":\"2022-04-29T13:57:14+00:00\",\"description\":\"La pianista mexicana ofreci\u00f3 un recital en el recinto, tras ganar el primer lugar en la Grand Prize Virtuoso International Music Competition\",\"breadcrumb\":{\"@id\":\"https:\/\/soclose.mx\/blog\/tag\/juan-rulfo-frases-mujeres\/#breadcrumb\"},\"inLanguage\":\"es\",\"potentialAction\":[{\"@type\":\"ReadAction\",\"target\":[\"https:\/\/soclose.mx\/blog\/tag\/juan-rulfo-frases-mujeres\/\"]}]},{\"@type\":\"ImageObject\",\"inLanguage\":\"es\",\"@id\":\"https:\/\/soclose.mx\/blog\/tag\/juan-rulfo-frases-mujeres\/#primaryimage\",\"url\":\"https:\/\/i0.wp.com\/soclose.mx\/blog\/wp-content\/uploads\/2022\/04\/Copia-de-Principal-So-Close-blog-3-3.png?fit=1240%2C700&ssl=1\",\"contentUrl\":\"https:\/\/i0.wp.com\/soclose.mx\/blog\/wp-content\/uploads\/2022\/04\/Copia-de-Principal-So-Close-blog-3-3.png?fit=1240%2C700&ssl=1\",\"width\":1240,\"height\":700},{\"@type\":\"BreadcrumbList\",\"@id\":\"https:\/\/soclose.mx\/blog\/tag\/juan-rulfo-frases-mujeres\/#breadcrumb\",\"itemListElement\":[{\"@type\":\"ListItem\",\"position\":1,\"name\":\"Inicio\",\"item\":\"https:\/\/soclose.mx\/blog\/\"},{\"@type\":\"ListItem\",\"position\":2,\"name\":\"Ella es la pianista mexicana que conquist\u00f3 el Royal Albert Hall\"}]},{\"@type\":\"WebSite\",\"@id\":\"https:\/\/soclose.mx\/blog\/#website\",\"url\":\"https:\/\/soclose.mx\/blog\/\",\"name\":\"So Close\",\"description\":\"Hacemos contenidos de M\u00e9xico\",\"publisher\":{\"@id\":\"https:\/\/soclose.mx\/blog\/#organization\"},\"potentialAction\":[{\"@type\":\"SearchAction\",\"target\":{\"@type\":\"EntryPoint\",\"urlTemplate\":\"https:\/\/soclose.mx\/blog\/?s={search_term_string}\"},\"query-input\":{\"@type\":\"PropertyValueSpecification\",\"valueRequired\":true,\"valueName\":\"search_term_string\"}}],\"inLanguage\":\"es\"},{\"@type\":\"Organization\",\"@id\":\"https:\/\/soclose.mx\/blog\/#organization\",\"name\":\"So Close\",\"url\":\"https:\/\/soclose.mx\/blog\/\",\"logo\":{\"@type\":\"ImageObject\",\"inLanguage\":\"es\",\"@id\":\"https:\/\/soclose.mx\/blog\/#\/schema\/logo\/image\/\",\"url\":\"https:\/\/i0.wp.com\/soclose.mx\/blog\/wp-content\/uploads\/2020\/12\/LOGO_SOCLOSE_COLOR-e1608310133507.png?fit=2858%2C1264&ssl=1\",\"contentUrl\":\"https:\/\/i0.wp.com\/soclose.mx\/blog\/wp-content\/uploads\/2020\/12\/LOGO_SOCLOSE_COLOR-e1608310133507.png?fit=2858%2C1264&ssl=1\",\"width\":2858,\"height\":1264,\"caption\":\"So Close\"},\"image\":{\"@id\":\"https:\/\/soclose.mx\/blog\/#\/schema\/logo\/image\/\"}},{\"@type\":\"Person\",\"@id\":\"https:\/\/soclose.mx\/blog\/#\/schema\/person\/cddec6ccd5d7037d286395fb411e23f1\",\"name\":\"Miguel Angel Romero\",\"image\":{\"@type\":\"ImageObject\",\"inLanguage\":\"es\",\"@id\":\"https:\/\/soclose.mx\/blog\/#\/schema\/person\/image\/\",\"url\":\"https:\/\/secure.gravatar.com\/avatar\/45b44006b4f93497bb24d251f77bc39385015bfa120582412df580dbfcbb14f3?s=96&d=mm&r=g\",\"contentUrl\":\"https:\/\/secure.gravatar.com\/avatar\/45b44006b4f93497bb24d251f77bc39385015bfa120582412df580dbfcbb14f3?s=96&d=mm&r=g\",\"caption\":\"Miguel Angel Romero\"},\"sameAs\":[\"http:\/\/\/mikexever.blogspot.com\/\",\"www.facebook.com\/mikexever\/\",\"https:\/\/x.com\/Mikerecomienda\"],\"url\":\"https:\/\/soclose.mx\/blog\/author\/mike\/\"}]}<\/script>\n<!-- \/ Yoast SEO plugin. -->","yoast_head_json":{"title":"Ella es la pianista mexicana que conquist\u00f3 el Royal Albert Hall - So Close","description":"La pianista mexicana ofreci\u00f3 un recital en el recinto, tras ganar el primer lugar en la Grand Prize Virtuoso International Music Competition","robots":{"index":"index","follow":"follow","max-snippet":"max-snippet:-1","max-image-preview":"max-image-preview:large","max-video-preview":"max-video-preview:-1"},"canonical":"https:\/\/soclose.mx\/blog\/tag\/juan-rulfo-frases-mujeres\/","og_locale":"es_MX","og_type":"article","og_title":"Ella es la pianista mexicana que conquist\u00f3 el Royal Albert Hall - So Close","og_description":"La pianista mexicana ofreci\u00f3 un recital en el recinto, tras ganar el primer lugar en la Grand Prize Virtuoso International Music Competition","og_url":"https:\/\/soclose.mx\/blog\/tag\/juan-rulfo-frases-mujeres\/","og_site_name":"So Close","article_author":"www.facebook.com\/mikexever\/","article_published_time":"2022-04-29T13:57:14+00:00","og_image":[{"width":1240,"height":700,"url":"https:\/\/i0.wp.com\/soclose.mx\/blog\/wp-content\/uploads\/2022\/04\/Copia-de-Principal-So-Close-blog-3-3.png?fit=1240%2C700&ssl=1","type":"image\/png"}],"author":"Miguel Angel Romero","twitter_card":"summary_large_image","twitter_creator":"@Mikerecomienda","twitter_misc":{"Escrito por":"Miguel Angel Romero","Tiempo de lectura":"1 minuto"},"schema":{"@context":"https:\/\/schema.org","@graph":[{"@type":"Article","@id":"https:\/\/soclose.mx\/blog\/tag\/juan-rulfo-frases-mujeres\/#article","isPartOf":{"@id":"https:\/\/soclose.mx\/blog\/tag\/juan-rulfo-frases-mujeres\/"},"author":{"name":"Miguel Angel Romero","@id":"https:\/\/soclose.mx\/blog\/#\/schema\/person\/cddec6ccd5d7037d286395fb411e23f1"},"headline":"Ella es la pianista mexicana que conquist\u00f3 el Royal Albert Hall","datePublished":"2022-04-29T13:57:14+00:00","mainEntityOfPage":{"@id":"https:\/\/soclose.mx\/blog\/tag\/juan-rulfo-frases-mujeres\/"},"wordCount":143,"commentCount":0,"publisher":{"@id":"https:\/\/soclose.mx\/blog\/#organization"},"image":{"@id":"https:\/\/soclose.mx\/blog\/tag\/juan-rulfo-frases-mujeres\/#primaryimage"},"thumbnailUrl":"https:\/\/i0.wp.com\/soclose.mx\/blog\/wp-content\/uploads\/2022\/04\/Copia-de-Principal-So-Close-blog-3-3.png?fit=1240%2C700&ssl=1","keywords":["Mar\u00eda Hanneman","pianista","Royal Albert Hall"],"articleSection":["Para todos"],"inLanguage":"es","potentialAction":[{"@type":"CommentAction","name":"Comment","target":["https:\/\/soclose.mx\/blog\/tag\/juan-rulfo-frases-mujeres\/#respond"]}]},{"@type":"WebPage","@id":"https:\/\/soclose.mx\/blog\/tag\/juan-rulfo-frases-mujeres\/","url":"https:\/\/soclose.mx\/blog\/tag\/juan-rulfo-frases-mujeres\/","name":"Ella es la pianista mexicana que conquist\u00f3 el Royal Albert Hall - So Close","isPartOf":{"@id":"https:\/\/soclose.mx\/blog\/#website"},"primaryImageOfPage":{"@id":"https:\/\/soclose.mx\/blog\/tag\/juan-rulfo-frases-mujeres\/#primaryimage"},"image":{"@id":"https:\/\/soclose.mx\/blog\/tag\/juan-rulfo-frases-mujeres\/#primaryimage"},"thumbnailUrl":"https:\/\/i0.wp.com\/soclose.mx\/blog\/wp-content\/uploads\/2022\/04\/Copia-de-Principal-So-Close-blog-3-3.png?fit=1240%2C700&ssl=1","datePublished":"2022-04-29T13:57:14+00:00","description":"La pianista mexicana ofreci\u00f3 un recital en el recinto, tras ganar el primer lugar en la Grand Prize Virtuoso International Music Competition","breadcrumb":{"@id":"https:\/\/soclose.mx\/blog\/tag\/juan-rulfo-frases-mujeres\/#breadcrumb"},"inLanguage":"es","potentialAction":[{"@type":"ReadAction","target":["https:\/\/soclose.mx\/blog\/tag\/juan-rulfo-frases-mujeres\/"]}]},{"@type":"ImageObject","inLanguage":"es","@id":"https:\/\/soclose.mx\/blog\/tag\/juan-rulfo-frases-mujeres\/#primaryimage","url":"https:\/\/i0.wp.com\/soclose.mx\/blog\/wp-content\/uploads\/2022\/04\/Copia-de-Principal-So-Close-blog-3-3.png?fit=1240%2C700&ssl=1","contentUrl":"https:\/\/i0.wp.com\/soclose.mx\/blog\/wp-content\/uploads\/2022\/04\/Copia-de-Principal-So-Close-blog-3-3.png?fit=1240%2C700&ssl=1","width":1240,"height":700},{"@type":"BreadcrumbList","@id":"https:\/\/soclose.mx\/blog\/tag\/juan-rulfo-frases-mujeres\/#breadcrumb","itemListElement":[{"@type":"ListItem","position":1,"name":"Inicio","item":"https:\/\/soclose.mx\/blog\/"},{"@type":"ListItem","position":2,"name":"Ella es la pianista mexicana que conquist\u00f3 el Royal Albert Hall"}]},{"@type":"WebSite","@id":"https:\/\/soclose.mx\/blog\/#website","url":"https:\/\/soclose.mx\/blog\/","name":"So Close","description":"Hacemos contenidos de M\u00e9xico","publisher":{"@id":"https:\/\/soclose.mx\/blog\/#organization"},"potentialAction":[{"@type":"SearchAction","target":{"@type":"EntryPoint","urlTemplate":"https:\/\/soclose.mx\/blog\/?s={search_term_string}"},"query-input":{"@type":"PropertyValueSpecification","valueRequired":true,"valueName":"search_term_string"}}],"inLanguage":"es"},{"@type":"Organization","@id":"https:\/\/soclose.mx\/blog\/#organization","name":"So Close","url":"https:\/\/soclose.mx\/blog\/","logo":{"@type":"ImageObject","inLanguage":"es","@id":"https:\/\/soclose.mx\/blog\/#\/schema\/logo\/image\/","url":"https:\/\/i0.wp.com\/soclose.mx\/blog\/wp-content\/uploads\/2020\/12\/LOGO_SOCLOSE_COLOR-e1608310133507.png?fit=2858%2C1264&ssl=1","contentUrl":"https:\/\/i0.wp.com\/soclose.mx\/blog\/wp-content\/uploads\/2020\/12\/LOGO_SOCLOSE_COLOR-e1608310133507.png?fit=2858%2C1264&ssl=1","width":2858,"height":1264,"caption":"So Close"},"image":{"@id":"https:\/\/soclose.mx\/blog\/#\/schema\/logo\/image\/"}},{"@type":"Person","@id":"https:\/\/soclose.mx\/blog\/#\/schema\/person\/cddec6ccd5d7037d286395fb411e23f1","name":"Miguel Angel Romero","image":{"@type":"ImageObject","inLanguage":"es","@id":"https:\/\/soclose.mx\/blog\/#\/schema\/person\/image\/","url":"https:\/\/secure.gravatar.com\/avatar\/45b44006b4f93497bb24d251f77bc39385015bfa120582412df580dbfcbb14f3?s=96&d=mm&r=g","contentUrl":"https:\/\/secure.gravatar.com\/avatar\/45b44006b4f93497bb24d251f77bc39385015bfa120582412df580dbfcbb14f3?s=96&d=mm&r=g","caption":"Miguel Angel Romero"},"sameAs":["http:\/\/\/mikexever.blogspot.com\/","www.facebook.com\/mikexever\/","https:\/\/x.com\/Mikerecomienda"],"url":"https:\/\/soclose.mx\/blog\/author\/mike\/"}]}},"jetpack_featured_media_url":"https:\/\/i0.wp.com\/soclose.mx\/blog\/wp-content\/uploads\/2022\/04\/Copia-de-Principal-So-Close-blog-3-3.png?fit=1240%2C700&ssl=1","jetpack-related-posts":[{"id":9142,"url":"https:\/\/soclose.mx\/blog\/news-feed\/el-es-jorge-viladoms-el-pianista-mexicano-que-se-presento-en-la-expo-dubai\/","url_meta":{"origin":9680,"position":0},"title":"\u00c9l es Jorge Viladoms, el pianista mexicano que se present\u00f3 en la expo Dubai","author":"Miguel Angel Romero","date":"1 marzo, 2022","format":false,"excerpt":"El pianista mexicano Jorge Viladoms\u00a0 estuvo acompa\u00f1ado de la bailarina Valeria\u00a0Alavez\u00a0y del violonchelista\u00a0Rolando\u00a0Fern\u00e1ndez\u00a0Lara, quienes deleitaron al p\u00fablico en los\u00a0Emiratos\u00a0\u00c1rabes\u00a0Unidos. El espect\u00e1culo de primer nivel incluy\u00f3 interpretaciones de los compositores Philip Glass, Astor Piazzolla, Johann Sebastian Bach y del mexicano Manuel M. Ponce. Viladoms naci\u00f3\u00a0en\u00a0Durango\u00a0en 1985 y comenz\u00f3\u00a0a tocar el piano\u2026","rel":"","context":"En &quot;News feed&quot;","block_context":{"text":"News feed","link":"https:\/\/soclose.mx\/blog\/category\/news-feed\/"},"img":{"alt_text":"","src":"https:\/\/i0.wp.com\/soclose.mx\/blog\/wp-content\/uploads\/2022\/02\/Copia-de-Principal-So-Close-blog-4-4.png?fit=1200%2C677&ssl=1&resize=350%2C200","width":350,"height":200,"srcset":"https:\/\/i0.wp.com\/soclose.mx\/blog\/wp-content\/uploads\/2022\/02\/Copia-de-Principal-So-Close-blog-4-4.png?fit=1200%2C677&ssl=1&resize=350%2C200 1x, https:\/\/i0.wp.com\/soclose.mx\/blog\/wp-content\/uploads\/2022\/02\/Copia-de-Principal-So-Close-blog-4-4.png?fit=1200%2C677&ssl=1&resize=525%2C300 1.5x, https:\/\/i0.wp.com\/soclose.mx\/blog\/wp-content\/uploads\/2022\/02\/Copia-de-Principal-So-Close-blog-4-4.png?fit=1200%2C677&ssl=1&resize=700%2C400 2x, https:\/\/i0.wp.com\/soclose.mx\/blog\/wp-content\/uploads\/2022\/02\/Copia-de-Principal-So-Close-blog-4-4.png?fit=1200%2C677&ssl=1&resize=1050%2C600 3x"},"classes":[]},{"id":7141,"url":"https:\/\/soclose.mx\/blog\/a-la-mexicana\/5-canciones-de-juan-gabriel-para-festejar-el-15-de-septiembre\/","url_meta":{"origin":9680,"position":1},"title":"10 Canciones de Juan Gabriel para festejar el 15 de septiembre","author":"Miguel Angel Romero","date":"10 septiembre, 2024","format":false,"excerpt":"El 15 de septiembre es, sin duda, una fecha muy especial para los mexicanos\u00a0 y es por eso que te proponemos un concierto muy especial con la m\u00fasica de \"El Divo de Ju\u00e1rez\". Te sugerimos algunas de sus canciones m\u00e1s mexicanas para celebrar la Independencia de M\u00e9xico. Definitivamente, existen decenas\u2026","rel":"","context":"En &quot;A la mexicana&quot;","block_context":{"text":"A la mexicana","link":"https:\/\/soclose.mx\/blog\/category\/a-la-mexicana\/"},"img":{"alt_text":"","src":"https:\/\/i0.wp.com\/soclose.mx\/blog\/wp-content\/uploads\/2023\/09\/juan-gabriel.png?fit=900%2C900&ssl=1&resize=350%2C200","width":350,"height":200,"srcset":"https:\/\/i0.wp.com\/soclose.mx\/blog\/wp-content\/uploads\/2023\/09\/juan-gabriel.png?fit=900%2C900&ssl=1&resize=350%2C200 1x, https:\/\/i0.wp.com\/soclose.mx\/blog\/wp-content\/uploads\/2023\/09\/juan-gabriel.png?fit=900%2C900&ssl=1&resize=525%2C300 1.5x, https:\/\/i0.wp.com\/soclose.mx\/blog\/wp-content\/uploads\/2023\/09\/juan-gabriel.png?fit=900%2C900&ssl=1&resize=700%2C400 2x"},"classes":[]},{"id":11653,"url":"https:\/\/soclose.mx\/blog\/lugares\/grito-independencia-16-septiembre-donde-celebrar\/","url_meta":{"origin":9680,"position":2},"title":"Grito de Independencia: Cinco lugares d\u00f3nde celebrar en M\u00e9xico","author":"Mar\u00eda Ju\u00e1rez","date":"2 septiembre, 2023","format":false,"excerpt":"El Grito de Independencia, la noche del 15 de Septiembre, es uno de los hechos hist\u00f3ricos m\u00e1s importantes del pa\u00eds,\u00a0 marca el inicio de la lucha por la Independencia de M\u00e9xico, que se conmemora el 16 de septiembre. El inicio del movimiento independentista comenz\u00f3 cuando Miguel Hidalgo incit\u00f3 al pueblo\u2026","rel":"","context":"En &quot;Lugares&quot;","block_context":{"text":"Lugares","link":"https:\/\/soclose.mx\/blog\/category\/lugares\/"},"img":{"alt_text":"Grito de Independencia","src":"https:\/\/i0.wp.com\/soclose.mx\/blog\/wp-content\/uploads\/2023\/04\/Grito-de-Independencia-16-de-septiembre.jpg?fit=1200%2C722&ssl=1&resize=350%2C200","width":350,"height":200,"srcset":"https:\/\/i0.wp.com\/soclose.mx\/blog\/wp-content\/uploads\/2023\/04\/Grito-de-Independencia-16-de-septiembre.jpg?fit=1200%2C722&ssl=1&resize=350%2C200 1x, https:\/\/i0.wp.com\/soclose.mx\/blog\/wp-content\/uploads\/2023\/04\/Grito-de-Independencia-16-de-septiembre.jpg?fit=1200%2C722&ssl=1&resize=525%2C300 1.5x, https:\/\/i0.wp.com\/soclose.mx\/blog\/wp-content\/uploads\/2023\/04\/Grito-de-Independencia-16-de-septiembre.jpg?fit=1200%2C722&ssl=1&resize=700%2C400 2x, https:\/\/i0.wp.com\/soclose.mx\/blog\/wp-content\/uploads\/2023\/04\/Grito-de-Independencia-16-de-septiembre.jpg?fit=1200%2C722&ssl=1&resize=1050%2C600 3x"},"classes":[]},{"id":5625,"url":"https:\/\/soclose.mx\/blog\/comida-mexicana\/la-primera-escultura-femenina-prehispanica-en-su-tipo-es-hallada-en-la-huasteca-veracruzana\/","url_meta":{"origin":9680,"position":3},"title":"La primera escultura femenina prehispa\u0301nica en su tipo es hallada en la Huasteca veracruzana","author":"So Close","date":"8 enero, 2021","format":false,"excerpt":"El primer di\u0301a de este 2021, habitantes de la comunidad de Hidalgo Amajac, Veracruz, descubrieron una escultura femenina completa de casi dos metros de altura, dentro de un terreno citri\u0301cola. Una joven mujer de e\u0301lite De acuerdo con la investigadora del Centro INAH Veracruz, la arqueo\u0301loga Mari\u0301a Eugenia Maldonado Vite,\u2026","rel":"","context":"En &quot;Comida mexicana&quot;","block_context":{"text":"Comida mexicana","link":"https:\/\/soclose.mx\/blog\/category\/comida-mexicana\/"},"img":{"alt_text":"","src":"https:\/\/i0.wp.com\/soclose.mx\/blog\/wp-content\/uploads\/2021\/01\/Principal-So-Close-blog-2.jpg?fit=1200%2C677&ssl=1&resize=350%2C200","width":350,"height":200,"srcset":"https:\/\/i0.wp.com\/soclose.mx\/blog\/wp-content\/uploads\/2021\/01\/Principal-So-Close-blog-2.jpg?fit=1200%2C677&ssl=1&resize=350%2C200 1x, https:\/\/i0.wp.com\/soclose.mx\/blog\/wp-content\/uploads\/2021\/01\/Principal-So-Close-blog-2.jpg?fit=1200%2C677&ssl=1&resize=525%2C300 1.5x, https:\/\/i0.wp.com\/soclose.mx\/blog\/wp-content\/uploads\/2021\/01\/Principal-So-Close-blog-2.jpg?fit=1200%2C677&ssl=1&resize=700%2C400 2x, https:\/\/i0.wp.com\/soclose.mx\/blog\/wp-content\/uploads\/2021\/01\/Principal-So-Close-blog-2.jpg?fit=1200%2C677&ssl=1&resize=1050%2C600 3x"},"classes":[]},{"id":8483,"url":"https:\/\/soclose.mx\/blog\/ay-goeeee\/encuentro-para-los-verdaderos-amantes-del-teatro\/","url_meta":{"origin":9680,"position":4},"title":"Encuentro para los (verdaderos) amantes del teatro","author":"Miguel Angel Romero","date":"13 enero, 2022","format":false,"excerpt":"Para quienes les encanta el teatro, habr\u00e1 un Encuentro Nacional de los Amantes del Teatro, organizado por la Coordinaci\u00f3n Nacional de Teatro del Instituto Nacional de Bellas Artes y Literatura (INBAL)\u00a0y el\u00a0Centro Mexicano de Teatro. Del 24 de enero al 6 de febrero se presentar\u00e1n 30 obras de compa\u00f1\u00edas independientes\u2026","rel":"","context":"En &quot;\u00a1Ay goeeee!&quot;","block_context":{"text":"\u00a1Ay goeeee!","link":"https:\/\/soclose.mx\/blog\/category\/ay-goeeee\/"},"img":{"alt_text":"","src":"https:\/\/i0.wp.com\/soclose.mx\/blog\/wp-content\/uploads\/2022\/01\/Copia-de-Principal-So-Close-blog-2-6.png?fit=1200%2C677&ssl=1&resize=350%2C200","width":350,"height":200,"srcset":"https:\/\/i0.wp.com\/soclose.mx\/blog\/wp-content\/uploads\/2022\/01\/Copia-de-Principal-So-Close-blog-2-6.png?fit=1200%2C677&ssl=1&resize=350%2C200 1x, https:\/\/i0.wp.com\/soclose.mx\/blog\/wp-content\/uploads\/2022\/01\/Copia-de-Principal-So-Close-blog-2-6.png?fit=1200%2C677&ssl=1&resize=525%2C300 1.5x, https:\/\/i0.wp.com\/soclose.mx\/blog\/wp-content\/uploads\/2022\/01\/Copia-de-Principal-So-Close-blog-2-6.png?fit=1200%2C677&ssl=1&resize=700%2C400 2x, https:\/\/i0.wp.com\/soclose.mx\/blog\/wp-content\/uploads\/2022\/01\/Copia-de-Principal-So-Close-blog-2-6.png?fit=1200%2C677&ssl=1&resize=1050%2C600 3x"},"classes":[]},{"id":10891,"url":"https:\/\/soclose.mx\/blog\/ay-goeeee\/video-se-arma-el-karaoke-grupal-en-el-metro-bellas-artes\/","url_meta":{"origin":9680,"position":5},"title":"Video: el d\u00eda que se arm\u00f3 el karaoke grupal en el metro Bellas Artes","author":"Daniel Ram\u00edrez","date":"11 agosto, 2022","format":false,"excerpt":"Es verdad, viajar en el Metro de la Ciudad de M\u00e9xico puede ser estresante por la gente, las veces que tarda en pasar, por las veces que se detiene sin raz\u00f3n, en fin, varias situaciones. Pero as\u00ed como quita tambi\u00e9n da. Y es que nos regal\u00f3 un momento \u00e9pico y\u2026","rel":"","context":"En &quot;\u00a1Ay goeeee!&quot;","block_context":{"text":"\u00a1Ay goeeee!","link":"https:\/\/soclose.mx\/blog\/category\/ay-goeeee\/"},"img":{"alt_text":"","src":"https:\/\/i0.wp.com\/soclose.mx\/blog\/wp-content\/uploads\/2022\/08\/Captura-de-Pantalla-2022-08-11-a-las-19.12.16.png?fit=498%2C282&ssl=1&resize=350%2C200","width":350,"height":200},"classes":[]}],"jetpack_sharing_enabled":true,"_links":{"self":[{"href":"https:\/\/soclose.mx\/blog\/wp-json\/wp\/v2\/posts\/9680","targetHints":{"allow":["GET"]}}],"collection":[{"href":"https:\/\/soclose.mx\/blog\/wp-json\/wp\/v2\/posts"}],"about":[{"href":"https:\/\/soclose.mx\/blog\/wp-json\/wp\/v2\/types\/post"}],"author":[{"embeddable":true,"href":"https:\/\/soclose.mx\/blog\/wp-json\/wp\/v2\/users\/8"}],"replies":[{"embeddable":true,"href":"https:\/\/soclose.mx\/blog\/wp-json\/wp\/v2\/comments?post=9680"}],"version-history":[{"count":0,"href":"https:\/\/soclose.mx\/blog\/wp-json\/wp\/v2\/posts\/9680\/revisions"}],"wp:featuredmedia":[{"embeddable":true,"href":"https:\/\/soclose.mx\/blog\/wp-json\/wp\/v2\/media\/9683"}],"wp:attachment":[{"href":"https:\/\/soclose.mx\/blog\/wp-json\/wp\/v2\/media?parent=9680"}],"wp:term":[{"taxonomy":"category","embeddable":true,"href":"https:\/\/soclose.mx\/blog\/wp-json\/wp\/v2\/categories?post=9680"},{"taxonomy":"post_tag","embeddable":true,"href":"https:\/\/soclose.mx\/blog\/wp-json\/wp\/v2\/tags?post=9680"}],"curies":[{"name":"wp","href":"https:\/\/api.w.org\/{rel}","templated":true}]}}