{"id":9708,"date":"2022-05-03T18:50:24","date_gmt":"2022-05-03T23:50:24","guid":{"rendered":"https:\/\/soclose.mx\/blog\/?p=9708"},"modified":"2023-08-18T20:34:41","modified_gmt":"2023-08-19T02:34:41","slug":"de-italia-a-mexico-conoce-la-replica-de-capilla-sixtina-de-miguel-angel","status":"publish","type":"post","link":"https:\/\/soclose.mx\/blog\/news-feed\/de-italia-a-mexico-conoce-la-replica-de-capilla-sixtina-de-miguel-angel\/","title":{"rendered":"De Italia a M\u00e9xico: conoce la r\u00e9plica de Capilla Sixtina de Miguel \u00c1ngel"},"content":{"rendered":"<p>Desde el 19 de abril y hasta el 19 de mayo, la r\u00e9plica de la <strong>Capilla Sixtina<\/strong>, cuya sede original se encuentra en <strong>Roma, Italia,<\/strong> y fue pintada por el artista <strong>Miguel \u00c1ngel<\/strong>, ser\u00e1 exhibida en el <strong>Z\u00f3calo de la Ciudad de M\u00e9xico<\/strong> y podr\u00e1s visitarla.<\/p>\n<p>Ser\u00e1 la segunda ocasi\u00f3n que se podr\u00e1 disfrutar esta exposici\u00f3n, luego de haber sido instalada en el <strong>Monumento a la Revoluci\u00f3n<\/strong> en el a\u00f1o 2016.<\/p>\n<p>El ingreso a la <strong>Capilla Sixtina<\/strong> de la <a href=\"https:\/\/soclose.mx\/blog\/comida-mexicana\/5-cafeterias-historicas-de-la-cdmx\/\">Ciudad de M\u00e9xico<\/a> ser\u00e1 gratuito y se podr\u00e1 acceder de dos maneras. A trav\u00e9s de p\u00e1gina web <a href=\"https:\/\/sixtinaenmexico.com\/\">https:\/\/sixtinaenmexico.com<\/a> o en las ventanillas instaladas en la exposici\u00f3n.<\/p>\n<p>Las visitantes podr\u00e1n asistir de martes a domingo de 10:00 a 18:40 horas, ingresar\u00e1n por grupos de 300 personas y habr\u00e1 acceso exclusivo para adultos mayores, personas con discapacidad y mujeres embarazadas.<\/p>\n","protected":false},"excerpt":{"rendered":"<p>Desde el 19 de abril y hasta el 19 de mayo, la r\u00e9plica de la Capilla Sixtina, cuya sede original se encuentra en Roma, Italia, y fue pintada por el artista Miguel \u00c1ngel, ser\u00e1 exhibida en el Z\u00f3calo de la Ciudad de M\u00e9xico y podr\u00e1s visitarla. Ser\u00e1 la segunda ocasi\u00f3n que se podr\u00e1 disfrutar esta exposici\u00f3n, luego de haber sido instalada en el Monumento a la Revoluci\u00f3n en el a\u00f1o 2016. El ingreso a la Capilla Sixtina de la Ciudad de M\u00e9xico ser\u00e1 gratuito y se podr\u00e1 acceder de dos maneras. A trav\u00e9s de p\u00e1gina web https:\/\/sixtinaenmexico.com o en las<\/p>\n","protected":false},"author":9,"featured_media":9709,"comment_status":"open","ping_status":"open","sticky":false,"template":"","format":"standard","meta":{"_jetpack_memberships_contains_paid_content":false,"footnotes":""},"categories":[628],"tags":[1236,218,399,1933,1237,119,1932],"class_list":["post-9708","post","type-post","status-publish","format-standard","has-post-thumbnail","hentry","category-news-feed","tag-capilla-sixtina","tag-cdmx","tag-ciudad-de-mexico","tag-italia","tag-miguel-angel","tag-roma","tag-zocalo-cdmx"],"yoast_head":"<!-- This site is optimized with the Yoast SEO plugin v26.7 - https:\/\/yoast.com\/wordpress\/plugins\/seo\/ -->\n<title>De Italia a M\u00e9xico: conoce la r\u00e9plica de Capilla Sixtina de Miguel \u00c1ngel - So Close<\/title>\n<meta name=\"robots\" content=\"index, follow, max-snippet:-1, max-image-preview:large, max-video-preview:-1\" \/>\n<link rel=\"canonical\" href=\"https:\/\/soclose.mx\/blog\/tag\/juan-rulfo-frases-mujeres\/\" \/>\n<meta property=\"og:locale\" content=\"es_MX\" \/>\n<meta property=\"og:type\" content=\"article\" \/>\n<meta property=\"og:title\" content=\"De Italia a M\u00e9xico: conoce la r\u00e9plica de Capilla Sixtina de Miguel \u00c1ngel - So Close\" \/>\n<meta property=\"og:description\" content=\"Desde el 19 de abril y hasta el 19 de mayo, la r\u00e9plica de la Capilla Sixtina, cuya sede original se encuentra en Roma, Italia, y fue pintada por el artista Miguel \u00c1ngel, ser\u00e1 exhibida en el Z\u00f3calo de la Ciudad de M\u00e9xico y podr\u00e1s visitarla. Ser\u00e1 la segunda ocasi\u00f3n que se podr\u00e1 disfrutar esta exposici\u00f3n, luego de haber sido instalada en el Monumento a la Revoluci\u00f3n en el a\u00f1o 2016. El ingreso a la Capilla Sixtina de la Ciudad de M\u00e9xico ser\u00e1 gratuito y se podr\u00e1 acceder de dos maneras. A trav\u00e9s de p\u00e1gina web https:\/\/sixtinaenmexico.com o en las\" \/>\n<meta property=\"og:url\" content=\"https:\/\/soclose.mx\/blog\/tag\/juan-rulfo-frases-mujeres\/\" \/>\n<meta property=\"og:site_name\" content=\"So Close\" \/>\n<meta property=\"article:published_time\" content=\"2022-05-03T23:50:24+00:00\" \/>\n<meta property=\"article:modified_time\" content=\"2023-08-19T02:34:41+00:00\" \/>\n<meta property=\"og:image\" content=\"https:\/\/i0.wp.com\/soclose.mx\/blog\/wp-content\/uploads\/2022\/05\/calvin-craig-y8b001e2bs0-unsplash-scaled.jpg?fit=2560%2C2048&ssl=1\" \/>\n\t<meta property=\"og:image:width\" content=\"2560\" \/>\n\t<meta property=\"og:image:height\" content=\"2048\" \/>\n\t<meta property=\"og:image:type\" content=\"image\/jpeg\" \/>\n<meta name=\"author\" content=\"Daniel Ram\u00edrez\" \/>\n<meta name=\"twitter:card\" content=\"summary_large_image\" \/>\n<meta name=\"twitter:label1\" content=\"Escrito por\" \/>\n\t<meta name=\"twitter:data1\" content=\"Daniel Ram\u00edrez\" \/>\n\t<meta name=\"twitter:label2\" content=\"Tiempo de lectura\" \/>\n\t<meta name=\"twitter:data2\" content=\"1 minuto\" \/>\n<script type=\"application\/ld+json\" class=\"yoast-schema-graph\">{\"@context\":\"https:\/\/schema.org\",\"@graph\":[{\"@type\":\"Article\",\"@id\":\"https:\/\/soclose.mx\/blog\/tag\/juan-rulfo-frases-mujeres\/#article\",\"isPartOf\":{\"@id\":\"https:\/\/soclose.mx\/blog\/tag\/juan-rulfo-frases-mujeres\/\"},\"author\":{\"name\":\"Daniel Ram\u00edrez\",\"@id\":\"https:\/\/soclose.mx\/blog\/#\/schema\/person\/54cd06c3a8cdc01a80c08725278aff88\"},\"headline\":\"De Italia a M\u00e9xico: conoce la r\u00e9plica de Capilla Sixtina de Miguel \u00c1ngel\",\"datePublished\":\"2022-05-03T23:50:24+00:00\",\"dateModified\":\"2023-08-19T02:34:41+00:00\",\"mainEntityOfPage\":{\"@id\":\"https:\/\/soclose.mx\/blog\/tag\/juan-rulfo-frases-mujeres\/\"},\"wordCount\":162,\"commentCount\":0,\"publisher\":{\"@id\":\"https:\/\/soclose.mx\/blog\/#organization\"},\"image\":{\"@id\":\"https:\/\/soclose.mx\/blog\/tag\/juan-rulfo-frases-mujeres\/#primaryimage\"},\"thumbnailUrl\":\"https:\/\/i0.wp.com\/soclose.mx\/blog\/wp-content\/uploads\/2022\/05\/calvin-craig-y8b001e2bs0-unsplash-scaled.jpg?fit=2560%2C2048&ssl=1\",\"keywords\":[\"Capilla Sixtina\",\"cdmx\",\"ciudad de mexico\",\"italia\",\"Miguel Angel\",\"roma\",\"zocalo cdmx\"],\"articleSection\":[\"News feed\"],\"inLanguage\":\"es\",\"potentialAction\":[{\"@type\":\"CommentAction\",\"name\":\"Comment\",\"target\":[\"https:\/\/soclose.mx\/blog\/tag\/juan-rulfo-frases-mujeres\/#respond\"]}]},{\"@type\":\"WebPage\",\"@id\":\"https:\/\/soclose.mx\/blog\/tag\/juan-rulfo-frases-mujeres\/\",\"url\":\"https:\/\/soclose.mx\/blog\/tag\/juan-rulfo-frases-mujeres\/\",\"name\":\"De Italia a M\u00e9xico: conoce la r\u00e9plica de Capilla Sixtina de Miguel \u00c1ngel - So Close\",\"isPartOf\":{\"@id\":\"https:\/\/soclose.mx\/blog\/#website\"},\"primaryImageOfPage\":{\"@id\":\"https:\/\/soclose.mx\/blog\/tag\/juan-rulfo-frases-mujeres\/#primaryimage\"},\"image\":{\"@id\":\"https:\/\/soclose.mx\/blog\/tag\/juan-rulfo-frases-mujeres\/#primaryimage\"},\"thumbnailUrl\":\"https:\/\/i0.wp.com\/soclose.mx\/blog\/wp-content\/uploads\/2022\/05\/calvin-craig-y8b001e2bs0-unsplash-scaled.jpg?fit=2560%2C2048&ssl=1\",\"datePublished\":\"2022-05-03T23:50:24+00:00\",\"dateModified\":\"2023-08-19T02:34:41+00:00\",\"breadcrumb\":{\"@id\":\"https:\/\/soclose.mx\/blog\/tag\/juan-rulfo-frases-mujeres\/#breadcrumb\"},\"inLanguage\":\"es\",\"potentialAction\":[{\"@type\":\"ReadAction\",\"target\":[\"https:\/\/soclose.mx\/blog\/tag\/juan-rulfo-frases-mujeres\/\"]}]},{\"@type\":\"ImageObject\",\"inLanguage\":\"es\",\"@id\":\"https:\/\/soclose.mx\/blog\/tag\/juan-rulfo-frases-mujeres\/#primaryimage\",\"url\":\"https:\/\/i0.wp.com\/soclose.mx\/blog\/wp-content\/uploads\/2022\/05\/calvin-craig-y8b001e2bs0-unsplash-scaled.jpg?fit=2560%2C2048&ssl=1\",\"contentUrl\":\"https:\/\/i0.wp.com\/soclose.mx\/blog\/wp-content\/uploads\/2022\/05\/calvin-craig-y8b001e2bs0-unsplash-scaled.jpg?fit=2560%2C2048&ssl=1\",\"width\":2560,\"height\":2048},{\"@type\":\"BreadcrumbList\",\"@id\":\"https:\/\/soclose.mx\/blog\/tag\/juan-rulfo-frases-mujeres\/#breadcrumb\",\"itemListElement\":[{\"@type\":\"ListItem\",\"position\":1,\"name\":\"Inicio\",\"item\":\"https:\/\/soclose.mx\/blog\/\"},{\"@type\":\"ListItem\",\"position\":2,\"name\":\"De Italia a M\u00e9xico: conoce la r\u00e9plica de Capilla Sixtina de Miguel \u00c1ngel\"}]},{\"@type\":\"WebSite\",\"@id\":\"https:\/\/soclose.mx\/blog\/#website\",\"url\":\"https:\/\/soclose.mx\/blog\/\",\"name\":\"So Close\",\"description\":\"Hacemos contenidos de M\u00e9xico\",\"publisher\":{\"@id\":\"https:\/\/soclose.mx\/blog\/#organization\"},\"potentialAction\":[{\"@type\":\"SearchAction\",\"target\":{\"@type\":\"EntryPoint\",\"urlTemplate\":\"https:\/\/soclose.mx\/blog\/?s={search_term_string}\"},\"query-input\":{\"@type\":\"PropertyValueSpecification\",\"valueRequired\":true,\"valueName\":\"search_term_string\"}}],\"inLanguage\":\"es\"},{\"@type\":\"Organization\",\"@id\":\"https:\/\/soclose.mx\/blog\/#organization\",\"name\":\"So Close\",\"url\":\"https:\/\/soclose.mx\/blog\/\",\"logo\":{\"@type\":\"ImageObject\",\"inLanguage\":\"es\",\"@id\":\"https:\/\/soclose.mx\/blog\/#\/schema\/logo\/image\/\",\"url\":\"https:\/\/i0.wp.com\/soclose.mx\/blog\/wp-content\/uploads\/2020\/12\/LOGO_SOCLOSE_COLOR-e1608310133507.png?fit=2858%2C1264&ssl=1\",\"contentUrl\":\"https:\/\/i0.wp.com\/soclose.mx\/blog\/wp-content\/uploads\/2020\/12\/LOGO_SOCLOSE_COLOR-e1608310133507.png?fit=2858%2C1264&ssl=1\",\"width\":2858,\"height\":1264,\"caption\":\"So Close\"},\"image\":{\"@id\":\"https:\/\/soclose.mx\/blog\/#\/schema\/logo\/image\/\"}},{\"@type\":\"Person\",\"@id\":\"https:\/\/soclose.mx\/blog\/#\/schema\/person\/54cd06c3a8cdc01a80c08725278aff88\",\"name\":\"Daniel Ram\u00edrez\",\"image\":{\"@type\":\"ImageObject\",\"inLanguage\":\"es\",\"@id\":\"https:\/\/soclose.mx\/blog\/#\/schema\/person\/image\/\",\"url\":\"https:\/\/secure.gravatar.com\/avatar\/74af6012f2e898d2be93cf32e26b59a2c9489743c9ca6270d7848b44edd7d272?s=96&d=mm&r=g\",\"contentUrl\":\"https:\/\/secure.gravatar.com\/avatar\/74af6012f2e898d2be93cf32e26b59a2c9489743c9ca6270d7848b44edd7d272?s=96&d=mm&r=g\",\"caption\":\"Daniel Ram\u00edrez\"},\"url\":\"https:\/\/soclose.mx\/blog\/author\/peter\/\"}]}<\/script>\n<!-- \/ Yoast SEO plugin. -->","yoast_head_json":{"title":"De Italia a M\u00e9xico: conoce la r\u00e9plica de Capilla Sixtina de Miguel \u00c1ngel - So Close","robots":{"index":"index","follow":"follow","max-snippet":"max-snippet:-1","max-image-preview":"max-image-preview:large","max-video-preview":"max-video-preview:-1"},"canonical":"https:\/\/soclose.mx\/blog\/tag\/juan-rulfo-frases-mujeres\/","og_locale":"es_MX","og_type":"article","og_title":"De Italia a M\u00e9xico: conoce la r\u00e9plica de Capilla Sixtina de Miguel \u00c1ngel - So Close","og_description":"Desde el 19 de abril y hasta el 19 de mayo, la r\u00e9plica de la Capilla Sixtina, cuya sede original se encuentra en Roma, Italia, y fue pintada por el artista Miguel \u00c1ngel, ser\u00e1 exhibida en el Z\u00f3calo de la Ciudad de M\u00e9xico y podr\u00e1s visitarla. Ser\u00e1 la segunda ocasi\u00f3n que se podr\u00e1 disfrutar esta exposici\u00f3n, luego de haber sido instalada en el Monumento a la Revoluci\u00f3n en el a\u00f1o 2016. El ingreso a la Capilla Sixtina de la Ciudad de M\u00e9xico ser\u00e1 gratuito y se podr\u00e1 acceder de dos maneras. A trav\u00e9s de p\u00e1gina web https:\/\/sixtinaenmexico.com o en las","og_url":"https:\/\/soclose.mx\/blog\/tag\/juan-rulfo-frases-mujeres\/","og_site_name":"So Close","article_published_time":"2022-05-03T23:50:24+00:00","article_modified_time":"2023-08-19T02:34:41+00:00","og_image":[{"width":2560,"height":2048,"url":"https:\/\/i0.wp.com\/soclose.mx\/blog\/wp-content\/uploads\/2022\/05\/calvin-craig-y8b001e2bs0-unsplash-scaled.jpg?fit=2560%2C2048&ssl=1","type":"image\/jpeg"}],"author":"Daniel Ram\u00edrez","twitter_card":"summary_large_image","twitter_misc":{"Escrito por":"Daniel Ram\u00edrez","Tiempo de lectura":"1 minuto"},"schema":{"@context":"https:\/\/schema.org","@graph":[{"@type":"Article","@id":"https:\/\/soclose.mx\/blog\/tag\/juan-rulfo-frases-mujeres\/#article","isPartOf":{"@id":"https:\/\/soclose.mx\/blog\/tag\/juan-rulfo-frases-mujeres\/"},"author":{"name":"Daniel Ram\u00edrez","@id":"https:\/\/soclose.mx\/blog\/#\/schema\/person\/54cd06c3a8cdc01a80c08725278aff88"},"headline":"De Italia a M\u00e9xico: conoce la r\u00e9plica de Capilla Sixtina de Miguel \u00c1ngel","datePublished":"2022-05-03T23:50:24+00:00","dateModified":"2023-08-19T02:34:41+00:00","mainEntityOfPage":{"@id":"https:\/\/soclose.mx\/blog\/tag\/juan-rulfo-frases-mujeres\/"},"wordCount":162,"commentCount":0,"publisher":{"@id":"https:\/\/soclose.mx\/blog\/#organization"},"image":{"@id":"https:\/\/soclose.mx\/blog\/tag\/juan-rulfo-frases-mujeres\/#primaryimage"},"thumbnailUrl":"https:\/\/i0.wp.com\/soclose.mx\/blog\/wp-content\/uploads\/2022\/05\/calvin-craig-y8b001e2bs0-unsplash-scaled.jpg?fit=2560%2C2048&ssl=1","keywords":["Capilla Sixtina","cdmx","ciudad de mexico","italia","Miguel Angel","roma","zocalo cdmx"],"articleSection":["News feed"],"inLanguage":"es","potentialAction":[{"@type":"CommentAction","name":"Comment","target":["https:\/\/soclose.mx\/blog\/tag\/juan-rulfo-frases-mujeres\/#respond"]}]},{"@type":"WebPage","@id":"https:\/\/soclose.mx\/blog\/tag\/juan-rulfo-frases-mujeres\/","url":"https:\/\/soclose.mx\/blog\/tag\/juan-rulfo-frases-mujeres\/","name":"De Italia a M\u00e9xico: conoce la r\u00e9plica de Capilla Sixtina de Miguel \u00c1ngel - So Close","isPartOf":{"@id":"https:\/\/soclose.mx\/blog\/#website"},"primaryImageOfPage":{"@id":"https:\/\/soclose.mx\/blog\/tag\/juan-rulfo-frases-mujeres\/#primaryimage"},"image":{"@id":"https:\/\/soclose.mx\/blog\/tag\/juan-rulfo-frases-mujeres\/#primaryimage"},"thumbnailUrl":"https:\/\/i0.wp.com\/soclose.mx\/blog\/wp-content\/uploads\/2022\/05\/calvin-craig-y8b001e2bs0-unsplash-scaled.jpg?fit=2560%2C2048&ssl=1","datePublished":"2022-05-03T23:50:24+00:00","dateModified":"2023-08-19T02:34:41+00:00","breadcrumb":{"@id":"https:\/\/soclose.mx\/blog\/tag\/juan-rulfo-frases-mujeres\/#breadcrumb"},"inLanguage":"es","potentialAction":[{"@type":"ReadAction","target":["https:\/\/soclose.mx\/blog\/tag\/juan-rulfo-frases-mujeres\/"]}]},{"@type":"ImageObject","inLanguage":"es","@id":"https:\/\/soclose.mx\/blog\/tag\/juan-rulfo-frases-mujeres\/#primaryimage","url":"https:\/\/i0.wp.com\/soclose.mx\/blog\/wp-content\/uploads\/2022\/05\/calvin-craig-y8b001e2bs0-unsplash-scaled.jpg?fit=2560%2C2048&ssl=1","contentUrl":"https:\/\/i0.wp.com\/soclose.mx\/blog\/wp-content\/uploads\/2022\/05\/calvin-craig-y8b001e2bs0-unsplash-scaled.jpg?fit=2560%2C2048&ssl=1","width":2560,"height":2048},{"@type":"BreadcrumbList","@id":"https:\/\/soclose.mx\/blog\/tag\/juan-rulfo-frases-mujeres\/#breadcrumb","itemListElement":[{"@type":"ListItem","position":1,"name":"Inicio","item":"https:\/\/soclose.mx\/blog\/"},{"@type":"ListItem","position":2,"name":"De Italia a M\u00e9xico: conoce la r\u00e9plica de Capilla Sixtina de Miguel \u00c1ngel"}]},{"@type":"WebSite","@id":"https:\/\/soclose.mx\/blog\/#website","url":"https:\/\/soclose.mx\/blog\/","name":"So Close","description":"Hacemos contenidos de M\u00e9xico","publisher":{"@id":"https:\/\/soclose.mx\/blog\/#organization"},"potentialAction":[{"@type":"SearchAction","target":{"@type":"EntryPoint","urlTemplate":"https:\/\/soclose.mx\/blog\/?s={search_term_string}"},"query-input":{"@type":"PropertyValueSpecification","valueRequired":true,"valueName":"search_term_string"}}],"inLanguage":"es"},{"@type":"Organization","@id":"https:\/\/soclose.mx\/blog\/#organization","name":"So Close","url":"https:\/\/soclose.mx\/blog\/","logo":{"@type":"ImageObject","inLanguage":"es","@id":"https:\/\/soclose.mx\/blog\/#\/schema\/logo\/image\/","url":"https:\/\/i0.wp.com\/soclose.mx\/blog\/wp-content\/uploads\/2020\/12\/LOGO_SOCLOSE_COLOR-e1608310133507.png?fit=2858%2C1264&ssl=1","contentUrl":"https:\/\/i0.wp.com\/soclose.mx\/blog\/wp-content\/uploads\/2020\/12\/LOGO_SOCLOSE_COLOR-e1608310133507.png?fit=2858%2C1264&ssl=1","width":2858,"height":1264,"caption":"So Close"},"image":{"@id":"https:\/\/soclose.mx\/blog\/#\/schema\/logo\/image\/"}},{"@type":"Person","@id":"https:\/\/soclose.mx\/blog\/#\/schema\/person\/54cd06c3a8cdc01a80c08725278aff88","name":"Daniel Ram\u00edrez","image":{"@type":"ImageObject","inLanguage":"es","@id":"https:\/\/soclose.mx\/blog\/#\/schema\/person\/image\/","url":"https:\/\/secure.gravatar.com\/avatar\/74af6012f2e898d2be93cf32e26b59a2c9489743c9ca6270d7848b44edd7d272?s=96&d=mm&r=g","contentUrl":"https:\/\/secure.gravatar.com\/avatar\/74af6012f2e898d2be93cf32e26b59a2c9489743c9ca6270d7848b44edd7d272?s=96&d=mm&r=g","caption":"Daniel Ram\u00edrez"},"url":"https:\/\/soclose.mx\/blog\/author\/peter\/"}]}},"jetpack_featured_media_url":"https:\/\/i0.wp.com\/soclose.mx\/blog\/wp-content\/uploads\/2022\/05\/calvin-craig-y8b001e2bs0-unsplash-scaled.jpg?fit=2560%2C2048&ssl=1","jetpack-related-posts":[{"id":6955,"url":"https:\/\/soclose.mx\/blog\/news-feed\/la-capilla-sixtina-llega-a-la-ciudad-de-mexico\/","url_meta":{"origin":9708,"position":0},"title":"La Capilla Sixtina llega a la Ciudad de M\u00e9xico","author":"Miguel Angel Romero","date":"25 agosto, 2021","format":false,"excerpt":"Se acerca la Capilla Sixtina de Miguel \u00c1ngel: En exposici\u00f3n a la Ciudad de M\u00e9xico, y es que a partir de noviembre del 2021 podr\u00e1s sumergirte en el mundo del\u00a0\u00a0artista italiano. Por primera vez, un total de 34 frescos en tama\u00f1o real de la Capilla Sixtina\u00a0ser\u00e1n apreciados en reproducciones de\u2026","rel":"","context":"En &quot;News feed&quot;","block_context":{"text":"News feed","link":"https:\/\/soclose.mx\/blog\/category\/news-feed\/"},"img":{"alt_text":"","src":"https:\/\/i0.wp.com\/soclose.mx\/blog\/wp-content\/uploads\/2021\/08\/Principal-So-Close-blog-24.jpg?fit=1200%2C677&ssl=1&resize=350%2C200","width":350,"height":200,"srcset":"https:\/\/i0.wp.com\/soclose.mx\/blog\/wp-content\/uploads\/2021\/08\/Principal-So-Close-blog-24.jpg?fit=1200%2C677&ssl=1&resize=350%2C200 1x, https:\/\/i0.wp.com\/soclose.mx\/blog\/wp-content\/uploads\/2021\/08\/Principal-So-Close-blog-24.jpg?fit=1200%2C677&ssl=1&resize=525%2C300 1.5x, https:\/\/i0.wp.com\/soclose.mx\/blog\/wp-content\/uploads\/2021\/08\/Principal-So-Close-blog-24.jpg?fit=1200%2C677&ssl=1&resize=700%2C400 2x, https:\/\/i0.wp.com\/soclose.mx\/blog\/wp-content\/uploads\/2021\/08\/Principal-So-Close-blog-24.jpg?fit=1200%2C677&ssl=1&resize=1050%2C600 3x"},"classes":[]},{"id":11573,"url":"https:\/\/soclose.mx\/blog\/lugares\/turismo-religioso-destinos-cdmx\/","url_meta":{"origin":9708,"position":1},"title":"Turismo religioso: Cinco destinos para conocer en la CDMX","author":"Mar\u00eda Ju\u00e1rez","date":"25 marzo, 2024","format":false,"excerpt":"El turismo religioso en M\u00e9xico es una opci\u00f3n que siempre est\u00e1 vigente, los recintos pueden ser visitados casi en cualquier temporada del a\u00f1o ya que permanecen abiertos a los miles de visitantes que cada d\u00eda disfrutan de la Ciudad de M\u00e9xico (CDMX). Los lugares que a continuaci\u00f3n te vamos a\u2026","rel":"","context":"En &quot;Lugares&quot;","block_context":{"text":"Lugares","link":"https:\/\/soclose.mx\/blog\/category\/lugares\/"},"img":{"alt_text":"Turismo religioso","src":"https:\/\/i0.wp.com\/soclose.mx\/blog\/wp-content\/uploads\/2023\/04\/Turismo-religioso-CDMX-lugares.jpg?fit=1200%2C787&ssl=1&resize=350%2C200","width":350,"height":200,"srcset":"https:\/\/i0.wp.com\/soclose.mx\/blog\/wp-content\/uploads\/2023\/04\/Turismo-religioso-CDMX-lugares.jpg?fit=1200%2C787&ssl=1&resize=350%2C200 1x, https:\/\/i0.wp.com\/soclose.mx\/blog\/wp-content\/uploads\/2023\/04\/Turismo-religioso-CDMX-lugares.jpg?fit=1200%2C787&ssl=1&resize=525%2C300 1.5x, https:\/\/i0.wp.com\/soclose.mx\/blog\/wp-content\/uploads\/2023\/04\/Turismo-religioso-CDMX-lugares.jpg?fit=1200%2C787&ssl=1&resize=700%2C400 2x, https:\/\/i0.wp.com\/soclose.mx\/blog\/wp-content\/uploads\/2023\/04\/Turismo-religioso-CDMX-lugares.jpg?fit=1200%2C787&ssl=1&resize=1050%2C600 3x"},"classes":[]},{"id":6101,"url":"https:\/\/soclose.mx\/blog\/news-feed\/el-museo-de-el-carmen-en-la-ciudad-de-mexico-reabre-al-publico\/","url_meta":{"origin":9708,"position":2},"title":"El Museo de El Carmen, en la Ciudad de M\u00e9xico reabre al p\u00fablico","author":"So Close","date":"21 mayo, 2021","format":false,"excerpt":"Este s\u00e1bado 22 de mayo reabrir\u00e1 el Museo de El Carmen, ubicado en San \u00c1ngel, en la Ciudad de M\u00e9xico, bajo estrictos protocolos sanitarios. Podr\u00e1 visitarse de mi\u00e9rcoles a viernes, de 12:00 a 14:00 horas, y s\u00e1bados y domingos, de 11:00 a 14:00 horas; lunes y martes estar\u00e1 cerrado. El\u2026","rel":"","context":"En &quot;News feed&quot;","block_context":{"text":"News feed","link":"https:\/\/soclose.mx\/blog\/category\/news-feed\/"},"img":{"alt_text":"","src":"https:\/\/i0.wp.com\/soclose.mx\/blog\/wp-content\/uploads\/2021\/05\/museodelcarmen-cdmx.jpeg?fit=1200%2C677&ssl=1&resize=350%2C200","width":350,"height":200,"srcset":"https:\/\/i0.wp.com\/soclose.mx\/blog\/wp-content\/uploads\/2021\/05\/museodelcarmen-cdmx.jpeg?fit=1200%2C677&ssl=1&resize=350%2C200 1x, https:\/\/i0.wp.com\/soclose.mx\/blog\/wp-content\/uploads\/2021\/05\/museodelcarmen-cdmx.jpeg?fit=1200%2C677&ssl=1&resize=525%2C300 1.5x, https:\/\/i0.wp.com\/soclose.mx\/blog\/wp-content\/uploads\/2021\/05\/museodelcarmen-cdmx.jpeg?fit=1200%2C677&ssl=1&resize=700%2C400 2x, https:\/\/i0.wp.com\/soclose.mx\/blog\/wp-content\/uploads\/2021\/05\/museodelcarmen-cdmx.jpeg?fit=1200%2C677&ssl=1&resize=1050%2C600 3x"},"classes":[]},{"id":7978,"url":"https:\/\/soclose.mx\/blog\/lugares\/templos-en-el-mundo-donde-la-la-virgen-de-guadalupe-es-venerada\/","url_meta":{"origin":9708,"position":3},"title":"Templos en el mundo donde la Virgen de Guadalupe es venerada","author":"Miguel Angel Romero","date":"24 noviembre, 2025","format":false,"excerpt":"La Bas\u00edlica de Santa Mar\u00eda de Guadalupe, en la CDMX, es el santuario principal de la Morenita, pero no es el \u00fanico lugar donde podemos encontrarnos una imagen de la popular virgen. La devoci\u00f3n a la\u00a0Virgen de Guadalupe\u00a0no es exclusiva de los mexicanos, pues se ha extendido a varios pa\u00edses\u2026","rel":"","context":"En &quot;\u00a1Ay goeeee!&quot;","block_context":{"text":"\u00a1Ay goeeee!","link":"https:\/\/soclose.mx\/blog\/category\/ay-goeeee\/"},"img":{"alt_text":"","src":"https:\/\/i0.wp.com\/soclose.mx\/blog\/wp-content\/uploads\/2021\/11\/Copia-de-Principal-So-Close-blog-16.png?fit=1200%2C677&ssl=1&resize=350%2C200","width":350,"height":200,"srcset":"https:\/\/i0.wp.com\/soclose.mx\/blog\/wp-content\/uploads\/2021\/11\/Copia-de-Principal-So-Close-blog-16.png?fit=1200%2C677&ssl=1&resize=350%2C200 1x, https:\/\/i0.wp.com\/soclose.mx\/blog\/wp-content\/uploads\/2021\/11\/Copia-de-Principal-So-Close-blog-16.png?fit=1200%2C677&ssl=1&resize=525%2C300 1.5x, https:\/\/i0.wp.com\/soclose.mx\/blog\/wp-content\/uploads\/2021\/11\/Copia-de-Principal-So-Close-blog-16.png?fit=1200%2C677&ssl=1&resize=700%2C400 2x, https:\/\/i0.wp.com\/soclose.mx\/blog\/wp-content\/uploads\/2021\/11\/Copia-de-Principal-So-Close-blog-16.png?fit=1200%2C677&ssl=1&resize=1050%2C600 3x"},"classes":[]},{"id":14819,"url":"https:\/\/soclose.mx\/blog\/news-feed\/zocalo-de-la-cdmx-fan-fest-del-mundial-2026\/","url_meta":{"origin":9708,"position":4},"title":"Z\u00f3calo de la CDMX: Fan Fest del Mundial 2026","author":"So Close","date":"8 mayo, 2025","format":false,"excerpt":"El Z\u00f3calo de la CDMX: Fan Fest del Mundial 2026 se convertir\u00e1 en uno de los epicentros m\u00e1s vibrantes para vivir la emoci\u00f3n del Mundial de la FIFA 2026, al ser sede oficial del FIFA Fan Fest CDMX. Este evento gratuito reunir\u00e1 a miles de aficionados para disfrutar de una\u2026","rel":"","context":"En &quot;News feed&quot;","block_context":{"text":"News feed","link":"https:\/\/soclose.mx\/blog\/category\/news-feed\/"},"img":{"alt_text":"Fan Fest del Mundial 2026","src":"https:\/\/i0.wp.com\/soclose.mx\/blog\/wp-content\/uploads\/2025\/05\/Fan-Fest-del-Mundial-2026.jpg?fit=1200%2C675&ssl=1&resize=350%2C200","width":350,"height":200,"srcset":"https:\/\/i0.wp.com\/soclose.mx\/blog\/wp-content\/uploads\/2025\/05\/Fan-Fest-del-Mundial-2026.jpg?fit=1200%2C675&ssl=1&resize=350%2C200 1x, https:\/\/i0.wp.com\/soclose.mx\/blog\/wp-content\/uploads\/2025\/05\/Fan-Fest-del-Mundial-2026.jpg?fit=1200%2C675&ssl=1&resize=525%2C300 1.5x, https:\/\/i0.wp.com\/soclose.mx\/blog\/wp-content\/uploads\/2025\/05\/Fan-Fest-del-Mundial-2026.jpg?fit=1200%2C675&ssl=1&resize=700%2C400 2x, https:\/\/i0.wp.com\/soclose.mx\/blog\/wp-content\/uploads\/2025\/05\/Fan-Fest-del-Mundial-2026.jpg?fit=1200%2C675&ssl=1&resize=1050%2C600 3x"},"classes":[]},{"id":10350,"url":"https:\/\/soclose.mx\/blog\/news-feed\/10-cosas-sobre-la-marcha-por-el-dia-del-orgullo-lgbt-en-la-cdmx\/","url_meta":{"origin":9708,"position":5},"title":"10 cosas sobre la marcha por el D\u00eda del Orgullo LGBT+ en la CDMX","author":"Daniel Ram\u00edrez","date":"24 junio, 2022","format":false,"excerpt":"Se ha vuelto una tradici\u00f3n en la Ciudad de M\u00e9xico la realizaci\u00f3n de la marcha por el D\u00eda del Orgullo LGBT+. Se lleva a cabo cada a\u00f1o el \u00faltimo s\u00e1bado de junio. Horario. Iniciar\u00e1 a las 10:00 horas de este s\u00e1bado 24 d ejunio de 2022. La Ruta. Los contingentes\u2026","rel":"","context":"En &quot;News feed&quot;","block_context":{"text":"News feed","link":"https:\/\/soclose.mx\/blog\/category\/news-feed\/"},"img":{"alt_text":"","src":"https:\/\/i0.wp.com\/soclose.mx\/blog\/wp-content\/uploads\/2022\/06\/pexels-rosemary-ketchum-2306773-1-scaled.jpg?fit=1200%2C814&ssl=1&resize=350%2C200","width":350,"height":200,"srcset":"https:\/\/i0.wp.com\/soclose.mx\/blog\/wp-content\/uploads\/2022\/06\/pexels-rosemary-ketchum-2306773-1-scaled.jpg?fit=1200%2C814&ssl=1&resize=350%2C200 1x, https:\/\/i0.wp.com\/soclose.mx\/blog\/wp-content\/uploads\/2022\/06\/pexels-rosemary-ketchum-2306773-1-scaled.jpg?fit=1200%2C814&ssl=1&resize=525%2C300 1.5x, https:\/\/i0.wp.com\/soclose.mx\/blog\/wp-content\/uploads\/2022\/06\/pexels-rosemary-ketchum-2306773-1-scaled.jpg?fit=1200%2C814&ssl=1&resize=700%2C400 2x, https:\/\/i0.wp.com\/soclose.mx\/blog\/wp-content\/uploads\/2022\/06\/pexels-rosemary-ketchum-2306773-1-scaled.jpg?fit=1200%2C814&ssl=1&resize=1050%2C600 3x"},"classes":[]}],"jetpack_sharing_enabled":true,"_links":{"self":[{"href":"https:\/\/soclose.mx\/blog\/wp-json\/wp\/v2\/posts\/9708","targetHints":{"allow":["GET"]}}],"collection":[{"href":"https:\/\/soclose.mx\/blog\/wp-json\/wp\/v2\/posts"}],"about":[{"href":"https:\/\/soclose.mx\/blog\/wp-json\/wp\/v2\/types\/post"}],"author":[{"embeddable":true,"href":"https:\/\/soclose.mx\/blog\/wp-json\/wp\/v2\/users\/9"}],"replies":[{"embeddable":true,"href":"https:\/\/soclose.mx\/blog\/wp-json\/wp\/v2\/comments?post=9708"}],"version-history":[{"count":0,"href":"https:\/\/soclose.mx\/blog\/wp-json\/wp\/v2\/posts\/9708\/revisions"}],"wp:featuredmedia":[{"embeddable":true,"href":"https:\/\/soclose.mx\/blog\/wp-json\/wp\/v2\/media\/9709"}],"wp:attachment":[{"href":"https:\/\/soclose.mx\/blog\/wp-json\/wp\/v2\/media?parent=9708"}],"wp:term":[{"taxonomy":"category","embeddable":true,"href":"https:\/\/soclose.mx\/blog\/wp-json\/wp\/v2\/categories?post=9708"},{"taxonomy":"post_tag","embeddable":true,"href":"https:\/\/soclose.mx\/blog\/wp-json\/wp\/v2\/tags?post=9708"}],"curies":[{"name":"wp","href":"https:\/\/api.w.org\/{rel}","templated":true}]}}