{"id":9725,"date":"2022-05-04T19:50:43","date_gmt":"2022-05-05T00:50:43","guid":{"rendered":"https:\/\/soclose.mx\/blog\/?p=9725"},"modified":"2022-05-04T19:50:43","modified_gmt":"2022-05-05T00:50:43","slug":"5-de-mayo-dia-de-la-relacion-toxica-mexico-estados-unidos","status":"publish","type":"post","link":"https:\/\/soclose.mx\/blog\/ay-goeeee\/5-de-mayo-dia-de-la-relacion-toxica-mexico-estados-unidos\/","title":{"rendered":"5 de Mayo, d\u00eda de la relaci\u00f3n \u201ct\u00f3xica\u201d M\u00e9xico-Estados Unidos"},"content":{"rendered":"<p>Este <strong>5 de mayo<\/strong> es un d\u00eda importante para los norteamericanos, muchos lo equiparan con el <strong>D\u00eda de la Independencia de M\u00e9xico<\/strong> y lo celebran en grande. En nuestro pa\u00eds pasa un poco desapercibida o no es considerada tan importante.<\/p>\n<p>Si <strong><a href=\"https:\/\/www.instagram.com\/usembassymex\/\">M\u00e9xico<\/a> y <a href=\"https:\/\/www.instagram.com\/embamexeua\/\">Estados Unidos<\/a><\/strong> tuvieran una relaci\u00f3n amorosa se le podr\u00eda catalogar como \u201ct\u00f3xica\u201d. Y es que a pesar de los problemas o altibajos que hay en las parejas, no se separan por la codependencia que tienen.<\/p>\n<p>Algo as\u00ed sucede con nuestro pa\u00eds y el vecino del norte. Muchos factores salen a relucir en esta relaci\u00f3n odio-amor y por distintas circunstancias se han acentuado en los \u00faltimos a\u00f1os. A prop\u00f3sito de la fiesta por el <strong>Cinco\u00a0de Mayo<\/strong>, te presentamos algunos.<\/p>\n<p>El principal es la herida por la p\u00e9rdida de gran parte del territorio mexicano que qued\u00f3 en manos de <strong>Estados Unidos<\/strong> y que a\u00fan sigue \u201ccalando\u201d. Esa idea qued\u00f3 arraigada desde la formaci\u00f3n escolar y se asum\u00eda que los males a nivel pa\u00eds como la violencia o el consumo de drogas, eran por culpa de ellos.<\/p>\n<p>Otro de los factores es el <strong>racismo<\/strong>. La poblaci\u00f3n norteamericana considerada blanca, tiene miedo a ser desplazada por gente de otro origen racial. Recordemos que esto tom\u00f3 fuerza cuando <strong>Donald Trump<\/strong> fue presidente de los <strong>EE. UU.<\/strong><\/p>\n<p>En el tema <strong>econ\u00f3mico<\/strong>, se sabe que Estados Unidos es uno de los principales mercados del mundo y <strong>M\u00e9xico<\/strong> se beneficia con ello; si la econom\u00eda norteamericana crece, la nacional tambi\u00e9n. De lo que se fabrica en nuestro pa\u00eds, la mayor parte va a dar a EUA al ser el principal destino, mientras que para ellos somos el segundo en su lista.<\/p>\n<p>En los \u00faltimos a\u00f1os ha habido una sinergia positiva en los \u00e1mbitos sociales, culturales y deportivos que los ha acercado. El <a href=\"https:\/\/soclose.mx\/blog\/comida-mexicana\/santas-batitortillas-crearon-unas-tortillas-inspiradas-en-batman\/\">consumo de pel\u00edculas<\/a>, series y deportes norteamericanos cada vez es m\u00e1s frecuente en nuestro pa\u00eds. En EE. UU. admiran nuestra gastronom\u00eda, cultura y la forma de vivir de algunos sitios, incluso hay personalidades norteamericanas que resaltan la importancia de M\u00e9xico.<\/p>\n<blockquote class=\"wp-embedded-content\" data-secret=\"HljxB6FQR0\"><p><a href=\"https:\/\/soclose.mx\/blog\/a-la-mexicana\/checa-como-reaccionan-los-estadounidenses-a-frijolero-de-molotov\/\">Checa c\u00f3mo reaccionan los estadounidenses a \u2018Frijolero\u2019 de Molotov<\/a><\/p><\/blockquote>\n<p><iframe loading=\"lazy\" class=\"wp-embedded-content\" sandbox=\"allow-scripts\" security=\"restricted\" style=\"position: absolute; clip: rect(1px, 1px, 1px, 1px);\" title=\"&#8220;Checa c\u00f3mo reaccionan los estadounidenses a \u2018Frijolero\u2019 de Molotov&#8221; &#8212; So Close\" src=\"https:\/\/soclose.mx\/blog\/a-la-mexicana\/checa-como-reaccionan-los-estadounidenses-a-frijolero-de-molotov\/embed\/#?secret=2nsH4GQuDc#?secret=HljxB6FQR0\" data-secret=\"HljxB6FQR0\" width=\"600\" height=\"338\" frameborder=\"0\" marginwidth=\"0\" marginheight=\"0\" scrolling=\"no\"><\/iframe><\/p>\n","protected":false},"excerpt":{"rendered":"<p>Este 5 de mayo es un d\u00eda importante para los norteamericanos, muchos lo equiparan con el D\u00eda de la Independencia de M\u00e9xico y lo celebran en grande. En nuestro pa\u00eds pasa un poco desapercibida o no es considerada tan importante. Si M\u00e9xico y Estados Unidos tuvieran una relaci\u00f3n amorosa se le podr\u00eda catalogar como \u201ct\u00f3xica\u201d. Y es que a pesar de los problemas o altibajos que hay en las parejas, no se separan por la codependencia que tienen. Algo as\u00ed sucede con nuestro pa\u00eds y el vecino del norte. Muchos factores salen a relucir en esta relaci\u00f3n odio-amor y por<\/p>\n","protected":false},"author":9,"featured_media":9726,"comment_status":"open","ping_status":"open","sticky":false,"template":"","format":"standard","meta":{"_jetpack_memberships_contains_paid_content":false,"footnotes":""},"categories":[1],"tags":[833,1948,1947,1946,303,1944,1945,1943,1852],"class_list":["post-9725","post","type-post","status-publish","format-standard","has-post-thumbnail","hentry","category-ay-goeeee","tag-5-de-mayo","tag-cinco-de-mayo","tag-donald-trump","tag-economia","tag-estados-unidos","tag-gabacho","tag-gobierno-de-mexico","tag-gringos","tag-molotov"],"yoast_head":"<!-- This site is optimized with the Yoast SEO plugin v26.7 - https:\/\/yoast.com\/wordpress\/plugins\/seo\/ -->\n<title>5 de Mayo, d\u00eda de la relaci\u00f3n \u201ct\u00f3xica\u201d M\u00e9xico-Estados Unidos - So Close<\/title>\n<meta name=\"robots\" content=\"index, follow, max-snippet:-1, max-image-preview:large, max-video-preview:-1\" \/>\n<link rel=\"canonical\" href=\"https:\/\/soclose.mx\/blog\/tag\/juan-rulfo-frases-mujeres\/\" \/>\n<meta property=\"og:locale\" content=\"es_MX\" \/>\n<meta property=\"og:type\" content=\"article\" \/>\n<meta property=\"og:title\" content=\"5 de Mayo, d\u00eda de la relaci\u00f3n \u201ct\u00f3xica\u201d M\u00e9xico-Estados Unidos - So Close\" \/>\n<meta property=\"og:description\" content=\"Este 5 de mayo es un d\u00eda importante para los norteamericanos, muchos lo equiparan con el D\u00eda de la Independencia de M\u00e9xico y lo celebran en grande. En nuestro pa\u00eds pasa un poco desapercibida o no es considerada tan importante. Si M\u00e9xico y Estados Unidos tuvieran una relaci\u00f3n amorosa se le podr\u00eda catalogar como \u201ct\u00f3xica\u201d. Y es que a pesar de los problemas o altibajos que hay en las parejas, no se separan por la codependencia que tienen. Algo as\u00ed sucede con nuestro pa\u00eds y el vecino del norte. Muchos factores salen a relucir en esta relaci\u00f3n odio-amor y por\" \/>\n<meta property=\"og:url\" content=\"https:\/\/soclose.mx\/blog\/tag\/juan-rulfo-frases-mujeres\/\" \/>\n<meta property=\"og:site_name\" content=\"So Close\" \/>\n<meta property=\"article:published_time\" content=\"2022-05-05T00:50:43+00:00\" \/>\n<meta property=\"og:image\" content=\"https:\/\/i0.wp.com\/soclose.mx\/blog\/wp-content\/uploads\/2022\/05\/diego-lozano-9xoQo4pRjSY-unsplash-scaled.jpg?fit=2560%2C1707&ssl=1\" \/>\n\t<meta property=\"og:image:width\" content=\"2560\" \/>\n\t<meta property=\"og:image:height\" content=\"1707\" \/>\n\t<meta property=\"og:image:type\" content=\"image\/jpeg\" \/>\n<meta name=\"author\" content=\"Daniel Ram\u00edrez\" \/>\n<meta name=\"twitter:card\" content=\"summary_large_image\" \/>\n<meta name=\"twitter:label1\" content=\"Escrito por\" \/>\n\t<meta name=\"twitter:data1\" content=\"Daniel Ram\u00edrez\" \/>\n\t<meta name=\"twitter:label2\" content=\"Tiempo de lectura\" \/>\n\t<meta name=\"twitter:data2\" content=\"2 minutos\" \/>\n<script type=\"application\/ld+json\" class=\"yoast-schema-graph\">{\"@context\":\"https:\/\/schema.org\",\"@graph\":[{\"@type\":\"Article\",\"@id\":\"https:\/\/soclose.mx\/blog\/tag\/juan-rulfo-frases-mujeres\/#article\",\"isPartOf\":{\"@id\":\"https:\/\/soclose.mx\/blog\/tag\/juan-rulfo-frases-mujeres\/\"},\"author\":{\"name\":\"Daniel Ram\u00edrez\",\"@id\":\"https:\/\/soclose.mx\/blog\/#\/schema\/person\/54cd06c3a8cdc01a80c08725278aff88\"},\"headline\":\"5 de Mayo, d\u00eda de la relaci\u00f3n \u201ct\u00f3xica\u201d M\u00e9xico-Estados Unidos\",\"datePublished\":\"2022-05-05T00:50:43+00:00\",\"mainEntityOfPage\":{\"@id\":\"https:\/\/soclose.mx\/blog\/tag\/juan-rulfo-frases-mujeres\/\"},\"wordCount\":385,\"commentCount\":0,\"publisher\":{\"@id\":\"https:\/\/soclose.mx\/blog\/#organization\"},\"image\":{\"@id\":\"https:\/\/soclose.mx\/blog\/tag\/juan-rulfo-frases-mujeres\/#primaryimage\"},\"thumbnailUrl\":\"https:\/\/i0.wp.com\/soclose.mx\/blog\/wp-content\/uploads\/2022\/05\/diego-lozano-9xoQo4pRjSY-unsplash-scaled.jpg?fit=2560%2C1707&ssl=1\",\"keywords\":[\"5 de mayo\",\"cinco de mayo\",\"donald trump\",\"economia\",\"estados unidos\",\"gabacho\",\"gobierno de mexico\",\"gringos\",\"molotov\"],\"articleSection\":[\"\u00a1Ay goeeee!\"],\"inLanguage\":\"es\",\"potentialAction\":[{\"@type\":\"CommentAction\",\"name\":\"Comment\",\"target\":[\"https:\/\/soclose.mx\/blog\/tag\/juan-rulfo-frases-mujeres\/#respond\"]}]},{\"@type\":\"WebPage\",\"@id\":\"https:\/\/soclose.mx\/blog\/tag\/juan-rulfo-frases-mujeres\/\",\"url\":\"https:\/\/soclose.mx\/blog\/tag\/juan-rulfo-frases-mujeres\/\",\"name\":\"5 de Mayo, d\u00eda de la relaci\u00f3n \u201ct\u00f3xica\u201d M\u00e9xico-Estados Unidos - So Close\",\"isPartOf\":{\"@id\":\"https:\/\/soclose.mx\/blog\/#website\"},\"primaryImageOfPage\":{\"@id\":\"https:\/\/soclose.mx\/blog\/tag\/juan-rulfo-frases-mujeres\/#primaryimage\"},\"image\":{\"@id\":\"https:\/\/soclose.mx\/blog\/tag\/juan-rulfo-frases-mujeres\/#primaryimage\"},\"thumbnailUrl\":\"https:\/\/i0.wp.com\/soclose.mx\/blog\/wp-content\/uploads\/2022\/05\/diego-lozano-9xoQo4pRjSY-unsplash-scaled.jpg?fit=2560%2C1707&ssl=1\",\"datePublished\":\"2022-05-05T00:50:43+00:00\",\"breadcrumb\":{\"@id\":\"https:\/\/soclose.mx\/blog\/tag\/juan-rulfo-frases-mujeres\/#breadcrumb\"},\"inLanguage\":\"es\",\"potentialAction\":[{\"@type\":\"ReadAction\",\"target\":[\"https:\/\/soclose.mx\/blog\/tag\/juan-rulfo-frases-mujeres\/\"]}]},{\"@type\":\"ImageObject\",\"inLanguage\":\"es\",\"@id\":\"https:\/\/soclose.mx\/blog\/tag\/juan-rulfo-frases-mujeres\/#primaryimage\",\"url\":\"https:\/\/i0.wp.com\/soclose.mx\/blog\/wp-content\/uploads\/2022\/05\/diego-lozano-9xoQo4pRjSY-unsplash-scaled.jpg?fit=2560%2C1707&ssl=1\",\"contentUrl\":\"https:\/\/i0.wp.com\/soclose.mx\/blog\/wp-content\/uploads\/2022\/05\/diego-lozano-9xoQo4pRjSY-unsplash-scaled.jpg?fit=2560%2C1707&ssl=1\",\"width\":2560,\"height\":1707},{\"@type\":\"BreadcrumbList\",\"@id\":\"https:\/\/soclose.mx\/blog\/tag\/juan-rulfo-frases-mujeres\/#breadcrumb\",\"itemListElement\":[{\"@type\":\"ListItem\",\"position\":1,\"name\":\"Inicio\",\"item\":\"https:\/\/soclose.mx\/blog\/\"},{\"@type\":\"ListItem\",\"position\":2,\"name\":\"5 de Mayo, d\u00eda de la relaci\u00f3n \u201ct\u00f3xica\u201d M\u00e9xico-Estados Unidos\"}]},{\"@type\":\"WebSite\",\"@id\":\"https:\/\/soclose.mx\/blog\/#website\",\"url\":\"https:\/\/soclose.mx\/blog\/\",\"name\":\"So Close\",\"description\":\"Hacemos contenidos de M\u00e9xico\",\"publisher\":{\"@id\":\"https:\/\/soclose.mx\/blog\/#organization\"},\"potentialAction\":[{\"@type\":\"SearchAction\",\"target\":{\"@type\":\"EntryPoint\",\"urlTemplate\":\"https:\/\/soclose.mx\/blog\/?s={search_term_string}\"},\"query-input\":{\"@type\":\"PropertyValueSpecification\",\"valueRequired\":true,\"valueName\":\"search_term_string\"}}],\"inLanguage\":\"es\"},{\"@type\":\"Organization\",\"@id\":\"https:\/\/soclose.mx\/blog\/#organization\",\"name\":\"So Close\",\"url\":\"https:\/\/soclose.mx\/blog\/\",\"logo\":{\"@type\":\"ImageObject\",\"inLanguage\":\"es\",\"@id\":\"https:\/\/soclose.mx\/blog\/#\/schema\/logo\/image\/\",\"url\":\"https:\/\/i0.wp.com\/soclose.mx\/blog\/wp-content\/uploads\/2020\/12\/LOGO_SOCLOSE_COLOR-e1608310133507.png?fit=2858%2C1264&ssl=1\",\"contentUrl\":\"https:\/\/i0.wp.com\/soclose.mx\/blog\/wp-content\/uploads\/2020\/12\/LOGO_SOCLOSE_COLOR-e1608310133507.png?fit=2858%2C1264&ssl=1\",\"width\":2858,\"height\":1264,\"caption\":\"So Close\"},\"image\":{\"@id\":\"https:\/\/soclose.mx\/blog\/#\/schema\/logo\/image\/\"}},{\"@type\":\"Person\",\"@id\":\"https:\/\/soclose.mx\/blog\/#\/schema\/person\/54cd06c3a8cdc01a80c08725278aff88\",\"name\":\"Daniel Ram\u00edrez\",\"image\":{\"@type\":\"ImageObject\",\"inLanguage\":\"es\",\"@id\":\"https:\/\/soclose.mx\/blog\/#\/schema\/person\/image\/\",\"url\":\"https:\/\/secure.gravatar.com\/avatar\/74af6012f2e898d2be93cf32e26b59a2c9489743c9ca6270d7848b44edd7d272?s=96&d=mm&r=g\",\"contentUrl\":\"https:\/\/secure.gravatar.com\/avatar\/74af6012f2e898d2be93cf32e26b59a2c9489743c9ca6270d7848b44edd7d272?s=96&d=mm&r=g\",\"caption\":\"Daniel Ram\u00edrez\"},\"url\":\"https:\/\/soclose.mx\/blog\/author\/peter\/\"}]}<\/script>\n<!-- \/ Yoast SEO plugin. -->","yoast_head_json":{"title":"5 de Mayo, d\u00eda de la relaci\u00f3n \u201ct\u00f3xica\u201d M\u00e9xico-Estados Unidos - So Close","robots":{"index":"index","follow":"follow","max-snippet":"max-snippet:-1","max-image-preview":"max-image-preview:large","max-video-preview":"max-video-preview:-1"},"canonical":"https:\/\/soclose.mx\/blog\/tag\/juan-rulfo-frases-mujeres\/","og_locale":"es_MX","og_type":"article","og_title":"5 de Mayo, d\u00eda de la relaci\u00f3n \u201ct\u00f3xica\u201d M\u00e9xico-Estados Unidos - So Close","og_description":"Este 5 de mayo es un d\u00eda importante para los norteamericanos, muchos lo equiparan con el D\u00eda de la Independencia de M\u00e9xico y lo celebran en grande. En nuestro pa\u00eds pasa un poco desapercibida o no es considerada tan importante. Si M\u00e9xico y Estados Unidos tuvieran una relaci\u00f3n amorosa se le podr\u00eda catalogar como \u201ct\u00f3xica\u201d. Y es que a pesar de los problemas o altibajos que hay en las parejas, no se separan por la codependencia que tienen. Algo as\u00ed sucede con nuestro pa\u00eds y el vecino del norte. Muchos factores salen a relucir en esta relaci\u00f3n odio-amor y por","og_url":"https:\/\/soclose.mx\/blog\/tag\/juan-rulfo-frases-mujeres\/","og_site_name":"So Close","article_published_time":"2022-05-05T00:50:43+00:00","og_image":[{"width":2560,"height":1707,"url":"https:\/\/i0.wp.com\/soclose.mx\/blog\/wp-content\/uploads\/2022\/05\/diego-lozano-9xoQo4pRjSY-unsplash-scaled.jpg?fit=2560%2C1707&ssl=1","type":"image\/jpeg"}],"author":"Daniel Ram\u00edrez","twitter_card":"summary_large_image","twitter_misc":{"Escrito por":"Daniel Ram\u00edrez","Tiempo de lectura":"2 minutos"},"schema":{"@context":"https:\/\/schema.org","@graph":[{"@type":"Article","@id":"https:\/\/soclose.mx\/blog\/tag\/juan-rulfo-frases-mujeres\/#article","isPartOf":{"@id":"https:\/\/soclose.mx\/blog\/tag\/juan-rulfo-frases-mujeres\/"},"author":{"name":"Daniel Ram\u00edrez","@id":"https:\/\/soclose.mx\/blog\/#\/schema\/person\/54cd06c3a8cdc01a80c08725278aff88"},"headline":"5 de Mayo, d\u00eda de la relaci\u00f3n \u201ct\u00f3xica\u201d M\u00e9xico-Estados Unidos","datePublished":"2022-05-05T00:50:43+00:00","mainEntityOfPage":{"@id":"https:\/\/soclose.mx\/blog\/tag\/juan-rulfo-frases-mujeres\/"},"wordCount":385,"commentCount":0,"publisher":{"@id":"https:\/\/soclose.mx\/blog\/#organization"},"image":{"@id":"https:\/\/soclose.mx\/blog\/tag\/juan-rulfo-frases-mujeres\/#primaryimage"},"thumbnailUrl":"https:\/\/i0.wp.com\/soclose.mx\/blog\/wp-content\/uploads\/2022\/05\/diego-lozano-9xoQo4pRjSY-unsplash-scaled.jpg?fit=2560%2C1707&ssl=1","keywords":["5 de mayo","cinco de mayo","donald trump","economia","estados unidos","gabacho","gobierno de mexico","gringos","molotov"],"articleSection":["\u00a1Ay goeeee!"],"inLanguage":"es","potentialAction":[{"@type":"CommentAction","name":"Comment","target":["https:\/\/soclose.mx\/blog\/tag\/juan-rulfo-frases-mujeres\/#respond"]}]},{"@type":"WebPage","@id":"https:\/\/soclose.mx\/blog\/tag\/juan-rulfo-frases-mujeres\/","url":"https:\/\/soclose.mx\/blog\/tag\/juan-rulfo-frases-mujeres\/","name":"5 de Mayo, d\u00eda de la relaci\u00f3n \u201ct\u00f3xica\u201d M\u00e9xico-Estados Unidos - So Close","isPartOf":{"@id":"https:\/\/soclose.mx\/blog\/#website"},"primaryImageOfPage":{"@id":"https:\/\/soclose.mx\/blog\/tag\/juan-rulfo-frases-mujeres\/#primaryimage"},"image":{"@id":"https:\/\/soclose.mx\/blog\/tag\/juan-rulfo-frases-mujeres\/#primaryimage"},"thumbnailUrl":"https:\/\/i0.wp.com\/soclose.mx\/blog\/wp-content\/uploads\/2022\/05\/diego-lozano-9xoQo4pRjSY-unsplash-scaled.jpg?fit=2560%2C1707&ssl=1","datePublished":"2022-05-05T00:50:43+00:00","breadcrumb":{"@id":"https:\/\/soclose.mx\/blog\/tag\/juan-rulfo-frases-mujeres\/#breadcrumb"},"inLanguage":"es","potentialAction":[{"@type":"ReadAction","target":["https:\/\/soclose.mx\/blog\/tag\/juan-rulfo-frases-mujeres\/"]}]},{"@type":"ImageObject","inLanguage":"es","@id":"https:\/\/soclose.mx\/blog\/tag\/juan-rulfo-frases-mujeres\/#primaryimage","url":"https:\/\/i0.wp.com\/soclose.mx\/blog\/wp-content\/uploads\/2022\/05\/diego-lozano-9xoQo4pRjSY-unsplash-scaled.jpg?fit=2560%2C1707&ssl=1","contentUrl":"https:\/\/i0.wp.com\/soclose.mx\/blog\/wp-content\/uploads\/2022\/05\/diego-lozano-9xoQo4pRjSY-unsplash-scaled.jpg?fit=2560%2C1707&ssl=1","width":2560,"height":1707},{"@type":"BreadcrumbList","@id":"https:\/\/soclose.mx\/blog\/tag\/juan-rulfo-frases-mujeres\/#breadcrumb","itemListElement":[{"@type":"ListItem","position":1,"name":"Inicio","item":"https:\/\/soclose.mx\/blog\/"},{"@type":"ListItem","position":2,"name":"5 de Mayo, d\u00eda de la relaci\u00f3n \u201ct\u00f3xica\u201d M\u00e9xico-Estados Unidos"}]},{"@type":"WebSite","@id":"https:\/\/soclose.mx\/blog\/#website","url":"https:\/\/soclose.mx\/blog\/","name":"So Close","description":"Hacemos contenidos de M\u00e9xico","publisher":{"@id":"https:\/\/soclose.mx\/blog\/#organization"},"potentialAction":[{"@type":"SearchAction","target":{"@type":"EntryPoint","urlTemplate":"https:\/\/soclose.mx\/blog\/?s={search_term_string}"},"query-input":{"@type":"PropertyValueSpecification","valueRequired":true,"valueName":"search_term_string"}}],"inLanguage":"es"},{"@type":"Organization","@id":"https:\/\/soclose.mx\/blog\/#organization","name":"So Close","url":"https:\/\/soclose.mx\/blog\/","logo":{"@type":"ImageObject","inLanguage":"es","@id":"https:\/\/soclose.mx\/blog\/#\/schema\/logo\/image\/","url":"https:\/\/i0.wp.com\/soclose.mx\/blog\/wp-content\/uploads\/2020\/12\/LOGO_SOCLOSE_COLOR-e1608310133507.png?fit=2858%2C1264&ssl=1","contentUrl":"https:\/\/i0.wp.com\/soclose.mx\/blog\/wp-content\/uploads\/2020\/12\/LOGO_SOCLOSE_COLOR-e1608310133507.png?fit=2858%2C1264&ssl=1","width":2858,"height":1264,"caption":"So Close"},"image":{"@id":"https:\/\/soclose.mx\/blog\/#\/schema\/logo\/image\/"}},{"@type":"Person","@id":"https:\/\/soclose.mx\/blog\/#\/schema\/person\/54cd06c3a8cdc01a80c08725278aff88","name":"Daniel Ram\u00edrez","image":{"@type":"ImageObject","inLanguage":"es","@id":"https:\/\/soclose.mx\/blog\/#\/schema\/person\/image\/","url":"https:\/\/secure.gravatar.com\/avatar\/74af6012f2e898d2be93cf32e26b59a2c9489743c9ca6270d7848b44edd7d272?s=96&d=mm&r=g","contentUrl":"https:\/\/secure.gravatar.com\/avatar\/74af6012f2e898d2be93cf32e26b59a2c9489743c9ca6270d7848b44edd7d272?s=96&d=mm&r=g","caption":"Daniel Ram\u00edrez"},"url":"https:\/\/soclose.mx\/blog\/author\/peter\/"}]}},"jetpack_featured_media_url":"https:\/\/i0.wp.com\/soclose.mx\/blog\/wp-content\/uploads\/2022\/05\/diego-lozano-9xoQo4pRjSY-unsplash-scaled.jpg?fit=2560%2C1707&ssl=1","jetpack-related-posts":[{"id":6005,"url":"https:\/\/soclose.mx\/blog\/ay-goeeee\/cinco-datos-de-porque-se-celebra-el-5-de-mayo-en-estados-unidos\/","url_meta":{"origin":9725,"position":0},"title":"Cinco datos de porqu\u00e9 se celebra el 5 de mayo en Estados Unidos","author":"So Close","date":"30 abril, 2021","format":false,"excerpt":"Como todos sabemos, la Batalla de Puebla tuvo lugar el 5 de mayo de 1862 en la que el ej\u00e9rcito mexicano enfrent\u00f3 y venci\u00f3 a los franceses, mucho mayores en n\u00famero y en poder\u00edo de armas, pero \u00bfpor qu\u00e9 se celebra tambi\u00e9n en Estados Unidos? Aqu\u00ed cinco razones por las\u2026","rel":"","context":"En &quot;\u00a1Ay goeeee!&quot;","block_context":{"text":"\u00a1Ay goeeee!","link":"https:\/\/soclose.mx\/blog\/category\/ay-goeeee\/"},"img":{"alt_text":"","src":"https:\/\/i0.wp.com\/soclose.mx\/blog\/wp-content\/uploads\/2021\/04\/Principal-So-Close-blog-4.jpeg?fit=1200%2C677&ssl=1&resize=350%2C200","width":350,"height":200,"srcset":"https:\/\/i0.wp.com\/soclose.mx\/blog\/wp-content\/uploads\/2021\/04\/Principal-So-Close-blog-4.jpeg?fit=1200%2C677&ssl=1&resize=350%2C200 1x, https:\/\/i0.wp.com\/soclose.mx\/blog\/wp-content\/uploads\/2021\/04\/Principal-So-Close-blog-4.jpeg?fit=1200%2C677&ssl=1&resize=525%2C300 1.5x, https:\/\/i0.wp.com\/soclose.mx\/blog\/wp-content\/uploads\/2021\/04\/Principal-So-Close-blog-4.jpeg?fit=1200%2C677&ssl=1&resize=700%2C400 2x, https:\/\/i0.wp.com\/soclose.mx\/blog\/wp-content\/uploads\/2021\/04\/Principal-So-Close-blog-4.jpeg?fit=1200%2C677&ssl=1&resize=1050%2C600 3x"},"classes":[]},{"id":13973,"url":"https:\/\/soclose.mx\/blog\/news-feed\/diferencias-entre-el-labor-day-y-el-dia-del-trabajo\/","url_meta":{"origin":9725,"position":1},"title":"Diferencias entre el Labor Day y el D\u00eda del Trabajo","author":"So Close","date":"2 septiembre, 2024","format":false,"excerpt":"El Labor Day y el D\u00eda del Trabajo son dos celebraciones que honran a los trabajadores, pero se celebran en fechas diferentes y tienen or\u00edgenes y significados distintos. A continuaci\u00f3n, exploramos las principales diferencias entre estas dos festividades. Diferencias entre el Labor Day y el D\u00eda del Trabajo 1. Fecha\u2026","rel":"","context":"En &quot;News feed&quot;","block_context":{"text":"News feed","link":"https:\/\/soclose.mx\/blog\/category\/news-feed\/"},"img":{"alt_text":"labor-day-dia-del-trabajo.jpg","src":"https:\/\/i0.wp.com\/soclose.mx\/blog\/wp-content\/uploads\/2024\/09\/labor-day-dia-del-trabajo.jpg?fit=1200%2C800&ssl=1&resize=350%2C200","width":350,"height":200,"srcset":"https:\/\/i0.wp.com\/soclose.mx\/blog\/wp-content\/uploads\/2024\/09\/labor-day-dia-del-trabajo.jpg?fit=1200%2C800&ssl=1&resize=350%2C200 1x, https:\/\/i0.wp.com\/soclose.mx\/blog\/wp-content\/uploads\/2024\/09\/labor-day-dia-del-trabajo.jpg?fit=1200%2C800&ssl=1&resize=525%2C300 1.5x, https:\/\/i0.wp.com\/soclose.mx\/blog\/wp-content\/uploads\/2024\/09\/labor-day-dia-del-trabajo.jpg?fit=1200%2C800&ssl=1&resize=700%2C400 2x, https:\/\/i0.wp.com\/soclose.mx\/blog\/wp-content\/uploads\/2024\/09\/labor-day-dia-del-trabajo.jpg?fit=1200%2C800&ssl=1&resize=1050%2C600 3x"},"classes":[]},{"id":8108,"url":"https:\/\/soclose.mx\/blog\/ay-goeeee\/los-mexicas-y-los-mayas-asi-celebraban-el-ano-nuevo\/","url_meta":{"origin":9725,"position":2},"title":"Los mexicas y los mayas as\u00ed celebraban el a\u00f1o nuevo","author":"Miguel Angel Romero","date":"24 diciembre, 2021","format":false,"excerpt":"El a\u00f1o nuevo o el rito para dar inicio a un nuevo ciclo se repite en diferentes culturas pero se destaca en M\u00e9xico el que se realizaba en las culturas Maya y Mexica. Porque mientras que los mexicas le hac\u00edan honor al Dios del Fuego Xiuhtecuhtli, quien era el encargado\u2026","rel":"","context":"En &quot;\u00a1Ay goeeee!&quot;","block_context":{"text":"\u00a1Ay goeeee!","link":"https:\/\/soclose.mx\/blog\/category\/ay-goeeee\/"},"img":{"alt_text":"","src":"https:\/\/i0.wp.com\/soclose.mx\/blog\/wp-content\/uploads\/2021\/12\/Copia-de-Principal-So-Close-blog-4-3.png?fit=1200%2C677&ssl=1&resize=350%2C200","width":350,"height":200,"srcset":"https:\/\/i0.wp.com\/soclose.mx\/blog\/wp-content\/uploads\/2021\/12\/Copia-de-Principal-So-Close-blog-4-3.png?fit=1200%2C677&ssl=1&resize=350%2C200 1x, https:\/\/i0.wp.com\/soclose.mx\/blog\/wp-content\/uploads\/2021\/12\/Copia-de-Principal-So-Close-blog-4-3.png?fit=1200%2C677&ssl=1&resize=525%2C300 1.5x, https:\/\/i0.wp.com\/soclose.mx\/blog\/wp-content\/uploads\/2021\/12\/Copia-de-Principal-So-Close-blog-4-3.png?fit=1200%2C677&ssl=1&resize=700%2C400 2x, https:\/\/i0.wp.com\/soclose.mx\/blog\/wp-content\/uploads\/2021\/12\/Copia-de-Principal-So-Close-blog-4-3.png?fit=1200%2C677&ssl=1&resize=1050%2C600 3x"},"classes":[]},{"id":13579,"url":"https:\/\/soclose.mx\/blog\/news-feed\/dias-de-descanso-obligatorios-en-mayo-2024-conocelos\/","url_meta":{"origin":9725,"position":3},"title":"D\u00edas de descanso obligatorios en mayo 2024, con\u00f3celos","author":"Emmanuel Oviedo","date":"1 mayo, 2024","format":false,"excerpt":"En este mayo 2024 tenemos varios d\u00edas festivos en nuestro calendario, y a los mexicanos nos viene muy bien eso, porque eso significa d\u00edas de descanso con nuestra familia. Tanto estudiantes como trabajadores podr\u00e1n descansar de su rutina y jornada por unos d\u00edas. Para que este enterado de los d\u00edas\u2026","rel":"","context":"En &quot;News feed&quot;","block_context":{"text":"News feed","link":"https:\/\/soclose.mx\/blog\/category\/news-feed\/"},"img":{"alt_text":"","src":"https:\/\/i0.wp.com\/soclose.mx\/blog\/wp-content\/uploads\/2024\/05\/Dias-de-descanso-mayo.jpg?fit=600%2C450&ssl=1&resize=350%2C200","width":350,"height":200,"srcset":"https:\/\/i0.wp.com\/soclose.mx\/blog\/wp-content\/uploads\/2024\/05\/Dias-de-descanso-mayo.jpg?fit=600%2C450&ssl=1&resize=350%2C200 1x, https:\/\/i0.wp.com\/soclose.mx\/blog\/wp-content\/uploads\/2024\/05\/Dias-de-descanso-mayo.jpg?fit=600%2C450&ssl=1&resize=525%2C300 1.5x"},"classes":[]},{"id":11624,"url":"https:\/\/soclose.mx\/blog\/a-la-mexicana\/dia-de-la-madre-10-de-mayo-mexico\/","url_meta":{"origin":9725,"position":4},"title":"D\u00eda de la Madre: 10 de Mayo y su origen en M\u00e9xico","author":"Mar\u00eda Ju\u00e1rez","date":"26 abril, 2023","format":false,"excerpt":"En M\u00e9xico se celebra el D\u00eda de la Madre el d\u00eda 10 de mayo, sin importar qu\u00e9 d\u00eda de la semana sea. La tradici\u00f3n se ha convertido en M\u00e9xico en unos de los d\u00edas de fiesta m\u00e1s celebrados, pero \u00bfCu\u00e1l es su origen? Se trata de una fecha en la\u2026","rel":"","context":"En &quot;A la mexicana&quot;","block_context":{"text":"A la mexicana","link":"https:\/\/soclose.mx\/blog\/category\/a-la-mexicana\/"},"img":{"alt_text":"D\u00eda de la Madre","src":"https:\/\/i0.wp.com\/soclose.mx\/blog\/wp-content\/uploads\/2023\/04\/Dia-de-la-Madre-10-de-mayo.jpg?fit=1200%2C796&ssl=1&resize=350%2C200","width":350,"height":200,"srcset":"https:\/\/i0.wp.com\/soclose.mx\/blog\/wp-content\/uploads\/2023\/04\/Dia-de-la-Madre-10-de-mayo.jpg?fit=1200%2C796&ssl=1&resize=350%2C200 1x, https:\/\/i0.wp.com\/soclose.mx\/blog\/wp-content\/uploads\/2023\/04\/Dia-de-la-Madre-10-de-mayo.jpg?fit=1200%2C796&ssl=1&resize=525%2C300 1.5x, https:\/\/i0.wp.com\/soclose.mx\/blog\/wp-content\/uploads\/2023\/04\/Dia-de-la-Madre-10-de-mayo.jpg?fit=1200%2C796&ssl=1&resize=700%2C400 2x, https:\/\/i0.wp.com\/soclose.mx\/blog\/wp-content\/uploads\/2023\/04\/Dia-de-la-Madre-10-de-mayo.jpg?fit=1200%2C796&ssl=1&resize=1050%2C600 3x"},"classes":[]},{"id":13673,"url":"https:\/\/soclose.mx\/blog\/news-feed\/vacaciones-dias-feriados-y-puentes-largos-2024-en-mexico\/","url_meta":{"origin":9725,"position":5},"title":"Vacaciones, d\u00edas feriados y puentes largos 2024 en M\u00e9xico","author":"So Close","date":"17 junio, 2024","format":false,"excerpt":"Vacaciones y d\u00edas feriados 2024 en M\u00e9xico: Planifica tu descanso y disfruta al m\u00e1ximo En M\u00e9xico, las vacaciones y d\u00edas feriados en M\u00e9xico son momentos muy esperados para descansar, viajar y disfrutar con la familia y amigos. Es importante conocer con anticipaci\u00f3n cu\u00e1les son estos d\u00edas para poder planificar tus\u2026","rel":"","context":"En &quot;News feed&quot;","block_context":{"text":"News feed","link":"https:\/\/soclose.mx\/blog\/category\/news-feed\/"},"img":{"alt_text":"Camastro en la playa","src":"https:\/\/i0.wp.com\/soclose.mx\/blog\/wp-content\/uploads\/2024\/06\/Portada-notas-del-sitio-So-Close-3.jpg?fit=1200%2C675&ssl=1&resize=350%2C200","width":350,"height":200,"srcset":"https:\/\/i0.wp.com\/soclose.mx\/blog\/wp-content\/uploads\/2024\/06\/Portada-notas-del-sitio-So-Close-3.jpg?fit=1200%2C675&ssl=1&resize=350%2C200 1x, https:\/\/i0.wp.com\/soclose.mx\/blog\/wp-content\/uploads\/2024\/06\/Portada-notas-del-sitio-So-Close-3.jpg?fit=1200%2C675&ssl=1&resize=525%2C300 1.5x, https:\/\/i0.wp.com\/soclose.mx\/blog\/wp-content\/uploads\/2024\/06\/Portada-notas-del-sitio-So-Close-3.jpg?fit=1200%2C675&ssl=1&resize=700%2C400 2x, https:\/\/i0.wp.com\/soclose.mx\/blog\/wp-content\/uploads\/2024\/06\/Portada-notas-del-sitio-So-Close-3.jpg?fit=1200%2C675&ssl=1&resize=1050%2C600 3x"},"classes":[]}],"jetpack_sharing_enabled":true,"_links":{"self":[{"href":"https:\/\/soclose.mx\/blog\/wp-json\/wp\/v2\/posts\/9725","targetHints":{"allow":["GET"]}}],"collection":[{"href":"https:\/\/soclose.mx\/blog\/wp-json\/wp\/v2\/posts"}],"about":[{"href":"https:\/\/soclose.mx\/blog\/wp-json\/wp\/v2\/types\/post"}],"author":[{"embeddable":true,"href":"https:\/\/soclose.mx\/blog\/wp-json\/wp\/v2\/users\/9"}],"replies":[{"embeddable":true,"href":"https:\/\/soclose.mx\/blog\/wp-json\/wp\/v2\/comments?post=9725"}],"version-history":[{"count":0,"href":"https:\/\/soclose.mx\/blog\/wp-json\/wp\/v2\/posts\/9725\/revisions"}],"wp:featuredmedia":[{"embeddable":true,"href":"https:\/\/soclose.mx\/blog\/wp-json\/wp\/v2\/media\/9726"}],"wp:attachment":[{"href":"https:\/\/soclose.mx\/blog\/wp-json\/wp\/v2\/media?parent=9725"}],"wp:term":[{"taxonomy":"category","embeddable":true,"href":"https:\/\/soclose.mx\/blog\/wp-json\/wp\/v2\/categories?post=9725"},{"taxonomy":"post_tag","embeddable":true,"href":"https:\/\/soclose.mx\/blog\/wp-json\/wp\/v2\/tags?post=9725"}],"curies":[{"name":"wp","href":"https:\/\/api.w.org\/{rel}","templated":true}]}}