{"id":9814,"date":"2022-05-11T20:31:37","date_gmt":"2022-05-12T01:31:37","guid":{"rendered":"https:\/\/soclose.mx\/blog\/?p=9814"},"modified":"2022-05-11T20:31:37","modified_gmt":"2022-05-12T01:31:37","slug":"surcoreanos-agotan-boletos-para-exposicion-de-los-aztecas","status":"publish","type":"post","link":"https:\/\/soclose.mx\/blog\/para-todos\/surcoreanos-agotan-boletos-para-exposicion-de-los-aztecas\/","title":{"rendered":"Surcoreanos agotan boletos para exposici\u00f3n de los Aztecas"},"content":{"rendered":"<p><strong>La cultura mexicana<\/strong> no conoce fronteras, cada vez m\u00e1s pa\u00edses reconocen el legado que ha dejado M\u00e9xico a lo largo de su historia.<\/p>\n<p>Para muestra un bot\u00f3n. El pasado 2 de mayo se inaugur\u00f3 en <strong>Se\u00fal, Corea del Sur,<\/strong> la exposici\u00f3n <strong>\u201cAztecas: el pueblo que movi\u00f3 el Sol\u201d. <\/strong>De acuerdo al embajador de <strong>M\u00e9xico<\/strong> en la Rep\u00fablica de Corea del Sur, <strong>Bruno Figueroa Fischer<\/strong>, ese mismo d\u00eda se agotaron los boletos de todo el mes de mayo.<\/p>\n<p>La exhibici\u00f3n ofrece un acercamiento <a href=\"https:\/\/soclose.mx\/blog\/comida-mexicana\/la-historia-oculta-de-la-comida-mexicana-exposicion-virtual-aqui\/\"><strong>a la historia<\/strong><\/a> de los Aztecas a trav\u00e9s de 123 objetos arqueol\u00f3gicos, de los cuales la mayor\u00eda fueron encontrados en excavaciones hechas por el Proyecto Templo Mayor y el Programa de Arqueolog\u00eda Urbana.<\/p>\n<p>Adem\u00e1s de la Secretar\u00eda de Cultura, encargada de la organizaci\u00f3n, participan el Museo Linden de Stuttgart, Alemania, en cooperaci\u00f3n con el Museo Etnogr\u00e1fico de Viena, Austria; la curadur\u00eda de Doris Kurella, del Museo de Linden, y la asesor\u00eda cient\u00edfica de los arque\u00f3logos mexicanos Leonardo L\u00f3pez Luj\u00e1n, Ra\u00fal Barrera Rodr\u00edguez y Eduardo Matos Moctezuma.<\/p>\n<p>Si ir\u00e1s despu\u00e9s de mayo al pa\u00eds asi\u00e1tico, no te pierdas esta incre\u00edble exposici\u00f3n que estar\u00e1 hasta el 18 de agosto.<\/p>\n<p>&nbsp;<\/p>\n<div class=\"fb-post\" data-href=\"https:\/\/www.facebook.com\/EmbaMexCorea\/photos\/a.1402819483270681\/3262092894009988\/?type=3\" data-width=\"552\" style=\"background-color: #fff; display: inline-block;\"><\/div>\n","protected":false},"excerpt":{"rendered":"<p>La cultura mexicana no conoce fronteras, cada vez m\u00e1s pa\u00edses reconocen el legado que ha dejado M\u00e9xico a lo largo de su historia. Para muestra un bot\u00f3n. El pasado 2 de mayo se inaugur\u00f3 en Se\u00fal, Corea del Sur, la exposici\u00f3n \u201cAztecas: el pueblo que movi\u00f3 el Sol\u201d. De acuerdo al embajador de M\u00e9xico en la Rep\u00fablica de Corea del Sur, Bruno Figueroa Fischer, ese mismo d\u00eda se agotaron los boletos de todo el mes de mayo. La exhibici\u00f3n ofrece un acercamiento a la historia de los Aztecas a trav\u00e9s de 123 objetos arqueol\u00f3gicos, de los cuales la mayor\u00eda fueron<\/p>\n","protected":false},"author":9,"featured_media":9815,"comment_status":"open","ping_status":"open","sticky":false,"template":"","format":"standard","meta":{"_jetpack_memberships_contains_paid_content":false,"footnotes":""},"categories":[1,1674],"tags":[653,1990,1999,578,2000,2001,143],"class_list":["post-9814","post","type-post","status-publish","format-standard","has-post-thumbnail","hentry","category-ay-goeeee","category-para-todos","tag-aztecas","tag-corea-del-sur","tag-cultura-mexicana","tag-mexico","tag-secretaria-de-cultura","tag-trip","tag-viajes"],"yoast_head":"<!-- This site is optimized with the Yoast SEO plugin v26.7 - https:\/\/yoast.com\/wordpress\/plugins\/seo\/ -->\n<title>Surcoreanos agotan boletos para exposici\u00f3n de los Aztecas - So Close<\/title>\n<meta name=\"robots\" content=\"index, follow, max-snippet:-1, max-image-preview:large, max-video-preview:-1\" \/>\n<link rel=\"canonical\" href=\"https:\/\/soclose.mx\/blog\/tag\/juan-rulfo-frases-mujeres\/\" \/>\n<meta property=\"og:locale\" content=\"es_MX\" \/>\n<meta property=\"og:type\" content=\"article\" \/>\n<meta property=\"og:title\" content=\"Surcoreanos agotan boletos para exposici\u00f3n de los Aztecas - So Close\" \/>\n<meta property=\"og:description\" content=\"La cultura mexicana no conoce fronteras, cada vez m\u00e1s pa\u00edses reconocen el legado que ha dejado M\u00e9xico a lo largo de su historia. Para muestra un bot\u00f3n. El pasado 2 de mayo se inaugur\u00f3 en Se\u00fal, Corea del Sur, la exposici\u00f3n \u201cAztecas: el pueblo que movi\u00f3 el Sol\u201d. De acuerdo al embajador de M\u00e9xico en la Rep\u00fablica de Corea del Sur, Bruno Figueroa Fischer, ese mismo d\u00eda se agotaron los boletos de todo el mes de mayo. La exhibici\u00f3n ofrece un acercamiento a la historia de los Aztecas a trav\u00e9s de 123 objetos arqueol\u00f3gicos, de los cuales la mayor\u00eda fueron\" \/>\n<meta property=\"og:url\" content=\"https:\/\/soclose.mx\/blog\/tag\/juan-rulfo-frases-mujeres\/\" \/>\n<meta property=\"og:site_name\" content=\"So Close\" \/>\n<meta property=\"article:published_time\" content=\"2022-05-12T01:31:37+00:00\" \/>\n<meta property=\"og:image\" content=\"https:\/\/i0.wp.com\/soclose.mx\/blog\/wp-content\/uploads\/2022\/05\/pexels-kres-thomas-10785484-scaled.jpg?fit=2560%2C1707&ssl=1\" \/>\n\t<meta property=\"og:image:width\" content=\"2560\" \/>\n\t<meta property=\"og:image:height\" content=\"1707\" \/>\n\t<meta property=\"og:image:type\" content=\"image\/jpeg\" \/>\n<meta name=\"author\" content=\"Daniel Ram\u00edrez\" \/>\n<meta name=\"twitter:card\" content=\"summary_large_image\" \/>\n<meta name=\"twitter:label1\" content=\"Escrito por\" \/>\n\t<meta name=\"twitter:data1\" content=\"Daniel Ram\u00edrez\" \/>\n\t<meta name=\"twitter:label2\" content=\"Tiempo de lectura\" \/>\n\t<meta name=\"twitter:data2\" content=\"1 minuto\" \/>\n<script type=\"application\/ld+json\" class=\"yoast-schema-graph\">{\"@context\":\"https:\/\/schema.org\",\"@graph\":[{\"@type\":\"Article\",\"@id\":\"https:\/\/soclose.mx\/blog\/tag\/juan-rulfo-frases-mujeres\/#article\",\"isPartOf\":{\"@id\":\"https:\/\/soclose.mx\/blog\/tag\/juan-rulfo-frases-mujeres\/\"},\"author\":{\"name\":\"Daniel Ram\u00edrez\",\"@id\":\"https:\/\/soclose.mx\/blog\/#\/schema\/person\/54cd06c3a8cdc01a80c08725278aff88\"},\"headline\":\"Surcoreanos agotan boletos para exposici\u00f3n de los Aztecas\",\"datePublished\":\"2022-05-12T01:31:37+00:00\",\"mainEntityOfPage\":{\"@id\":\"https:\/\/soclose.mx\/blog\/tag\/juan-rulfo-frases-mujeres\/\"},\"wordCount\":237,\"commentCount\":0,\"publisher\":{\"@id\":\"https:\/\/soclose.mx\/blog\/#organization\"},\"image\":{\"@id\":\"https:\/\/soclose.mx\/blog\/tag\/juan-rulfo-frases-mujeres\/#primaryimage\"},\"thumbnailUrl\":\"https:\/\/i0.wp.com\/soclose.mx\/blog\/wp-content\/uploads\/2022\/05\/pexels-kres-thomas-10785484-scaled.jpg?fit=2560%2C1707&ssl=1\",\"keywords\":[\"aztecas\",\"corea del sur\",\"cultura mexicana\",\"mexico\",\"secretaria de cultura\",\"trip\",\"viajes\"],\"articleSection\":[\"\u00a1Ay goeeee!\",\"Para todos\"],\"inLanguage\":\"es\",\"potentialAction\":[{\"@type\":\"CommentAction\",\"name\":\"Comment\",\"target\":[\"https:\/\/soclose.mx\/blog\/tag\/juan-rulfo-frases-mujeres\/#respond\"]}]},{\"@type\":\"WebPage\",\"@id\":\"https:\/\/soclose.mx\/blog\/tag\/juan-rulfo-frases-mujeres\/\",\"url\":\"https:\/\/soclose.mx\/blog\/tag\/juan-rulfo-frases-mujeres\/\",\"name\":\"Surcoreanos agotan boletos para exposici\u00f3n de los Aztecas - So Close\",\"isPartOf\":{\"@id\":\"https:\/\/soclose.mx\/blog\/#website\"},\"primaryImageOfPage\":{\"@id\":\"https:\/\/soclose.mx\/blog\/tag\/juan-rulfo-frases-mujeres\/#primaryimage\"},\"image\":{\"@id\":\"https:\/\/soclose.mx\/blog\/tag\/juan-rulfo-frases-mujeres\/#primaryimage\"},\"thumbnailUrl\":\"https:\/\/i0.wp.com\/soclose.mx\/blog\/wp-content\/uploads\/2022\/05\/pexels-kres-thomas-10785484-scaled.jpg?fit=2560%2C1707&ssl=1\",\"datePublished\":\"2022-05-12T01:31:37+00:00\",\"breadcrumb\":{\"@id\":\"https:\/\/soclose.mx\/blog\/tag\/juan-rulfo-frases-mujeres\/#breadcrumb\"},\"inLanguage\":\"es\",\"potentialAction\":[{\"@type\":\"ReadAction\",\"target\":[\"https:\/\/soclose.mx\/blog\/tag\/juan-rulfo-frases-mujeres\/\"]}]},{\"@type\":\"ImageObject\",\"inLanguage\":\"es\",\"@id\":\"https:\/\/soclose.mx\/blog\/tag\/juan-rulfo-frases-mujeres\/#primaryimage\",\"url\":\"https:\/\/i0.wp.com\/soclose.mx\/blog\/wp-content\/uploads\/2022\/05\/pexels-kres-thomas-10785484-scaled.jpg?fit=2560%2C1707&ssl=1\",\"contentUrl\":\"https:\/\/i0.wp.com\/soclose.mx\/blog\/wp-content\/uploads\/2022\/05\/pexels-kres-thomas-10785484-scaled.jpg?fit=2560%2C1707&ssl=1\",\"width\":2560,\"height\":1707},{\"@type\":\"BreadcrumbList\",\"@id\":\"https:\/\/soclose.mx\/blog\/tag\/juan-rulfo-frases-mujeres\/#breadcrumb\",\"itemListElement\":[{\"@type\":\"ListItem\",\"position\":1,\"name\":\"Inicio\",\"item\":\"https:\/\/soclose.mx\/blog\/\"},{\"@type\":\"ListItem\",\"position\":2,\"name\":\"Surcoreanos agotan boletos para exposici\u00f3n de los Aztecas\"}]},{\"@type\":\"WebSite\",\"@id\":\"https:\/\/soclose.mx\/blog\/#website\",\"url\":\"https:\/\/soclose.mx\/blog\/\",\"name\":\"So Close\",\"description\":\"Hacemos contenidos de M\u00e9xico\",\"publisher\":{\"@id\":\"https:\/\/soclose.mx\/blog\/#organization\"},\"potentialAction\":[{\"@type\":\"SearchAction\",\"target\":{\"@type\":\"EntryPoint\",\"urlTemplate\":\"https:\/\/soclose.mx\/blog\/?s={search_term_string}\"},\"query-input\":{\"@type\":\"PropertyValueSpecification\",\"valueRequired\":true,\"valueName\":\"search_term_string\"}}],\"inLanguage\":\"es\"},{\"@type\":\"Organization\",\"@id\":\"https:\/\/soclose.mx\/blog\/#organization\",\"name\":\"So Close\",\"url\":\"https:\/\/soclose.mx\/blog\/\",\"logo\":{\"@type\":\"ImageObject\",\"inLanguage\":\"es\",\"@id\":\"https:\/\/soclose.mx\/blog\/#\/schema\/logo\/image\/\",\"url\":\"https:\/\/i0.wp.com\/soclose.mx\/blog\/wp-content\/uploads\/2020\/12\/LOGO_SOCLOSE_COLOR-e1608310133507.png?fit=2858%2C1264&ssl=1\",\"contentUrl\":\"https:\/\/i0.wp.com\/soclose.mx\/blog\/wp-content\/uploads\/2020\/12\/LOGO_SOCLOSE_COLOR-e1608310133507.png?fit=2858%2C1264&ssl=1\",\"width\":2858,\"height\":1264,\"caption\":\"So Close\"},\"image\":{\"@id\":\"https:\/\/soclose.mx\/blog\/#\/schema\/logo\/image\/\"}},{\"@type\":\"Person\",\"@id\":\"https:\/\/soclose.mx\/blog\/#\/schema\/person\/54cd06c3a8cdc01a80c08725278aff88\",\"name\":\"Daniel Ram\u00edrez\",\"image\":{\"@type\":\"ImageObject\",\"inLanguage\":\"es\",\"@id\":\"https:\/\/soclose.mx\/blog\/#\/schema\/person\/image\/\",\"url\":\"https:\/\/secure.gravatar.com\/avatar\/74af6012f2e898d2be93cf32e26b59a2c9489743c9ca6270d7848b44edd7d272?s=96&d=mm&r=g\",\"contentUrl\":\"https:\/\/secure.gravatar.com\/avatar\/74af6012f2e898d2be93cf32e26b59a2c9489743c9ca6270d7848b44edd7d272?s=96&d=mm&r=g\",\"caption\":\"Daniel Ram\u00edrez\"},\"url\":\"https:\/\/soclose.mx\/blog\/author\/peter\/\"}]}<\/script>\n<!-- \/ Yoast SEO plugin. -->","yoast_head_json":{"title":"Surcoreanos agotan boletos para exposici\u00f3n de los Aztecas - So Close","robots":{"index":"index","follow":"follow","max-snippet":"max-snippet:-1","max-image-preview":"max-image-preview:large","max-video-preview":"max-video-preview:-1"},"canonical":"https:\/\/soclose.mx\/blog\/tag\/juan-rulfo-frases-mujeres\/","og_locale":"es_MX","og_type":"article","og_title":"Surcoreanos agotan boletos para exposici\u00f3n de los Aztecas - So Close","og_description":"La cultura mexicana no conoce fronteras, cada vez m\u00e1s pa\u00edses reconocen el legado que ha dejado M\u00e9xico a lo largo de su historia. Para muestra un bot\u00f3n. El pasado 2 de mayo se inaugur\u00f3 en Se\u00fal, Corea del Sur, la exposici\u00f3n \u201cAztecas: el pueblo que movi\u00f3 el Sol\u201d. De acuerdo al embajador de M\u00e9xico en la Rep\u00fablica de Corea del Sur, Bruno Figueroa Fischer, ese mismo d\u00eda se agotaron los boletos de todo el mes de mayo. La exhibici\u00f3n ofrece un acercamiento a la historia de los Aztecas a trav\u00e9s de 123 objetos arqueol\u00f3gicos, de los cuales la mayor\u00eda fueron","og_url":"https:\/\/soclose.mx\/blog\/tag\/juan-rulfo-frases-mujeres\/","og_site_name":"So Close","article_published_time":"2022-05-12T01:31:37+00:00","og_image":[{"width":2560,"height":1707,"url":"https:\/\/i0.wp.com\/soclose.mx\/blog\/wp-content\/uploads\/2022\/05\/pexels-kres-thomas-10785484-scaled.jpg?fit=2560%2C1707&ssl=1","type":"image\/jpeg"}],"author":"Daniel Ram\u00edrez","twitter_card":"summary_large_image","twitter_misc":{"Escrito por":"Daniel Ram\u00edrez","Tiempo de lectura":"1 minuto"},"schema":{"@context":"https:\/\/schema.org","@graph":[{"@type":"Article","@id":"https:\/\/soclose.mx\/blog\/tag\/juan-rulfo-frases-mujeres\/#article","isPartOf":{"@id":"https:\/\/soclose.mx\/blog\/tag\/juan-rulfo-frases-mujeres\/"},"author":{"name":"Daniel Ram\u00edrez","@id":"https:\/\/soclose.mx\/blog\/#\/schema\/person\/54cd06c3a8cdc01a80c08725278aff88"},"headline":"Surcoreanos agotan boletos para exposici\u00f3n de los Aztecas","datePublished":"2022-05-12T01:31:37+00:00","mainEntityOfPage":{"@id":"https:\/\/soclose.mx\/blog\/tag\/juan-rulfo-frases-mujeres\/"},"wordCount":237,"commentCount":0,"publisher":{"@id":"https:\/\/soclose.mx\/blog\/#organization"},"image":{"@id":"https:\/\/soclose.mx\/blog\/tag\/juan-rulfo-frases-mujeres\/#primaryimage"},"thumbnailUrl":"https:\/\/i0.wp.com\/soclose.mx\/blog\/wp-content\/uploads\/2022\/05\/pexels-kres-thomas-10785484-scaled.jpg?fit=2560%2C1707&ssl=1","keywords":["aztecas","corea del sur","cultura mexicana","mexico","secretaria de cultura","trip","viajes"],"articleSection":["\u00a1Ay goeeee!","Para todos"],"inLanguage":"es","potentialAction":[{"@type":"CommentAction","name":"Comment","target":["https:\/\/soclose.mx\/blog\/tag\/juan-rulfo-frases-mujeres\/#respond"]}]},{"@type":"WebPage","@id":"https:\/\/soclose.mx\/blog\/tag\/juan-rulfo-frases-mujeres\/","url":"https:\/\/soclose.mx\/blog\/tag\/juan-rulfo-frases-mujeres\/","name":"Surcoreanos agotan boletos para exposici\u00f3n de los Aztecas - So Close","isPartOf":{"@id":"https:\/\/soclose.mx\/blog\/#website"},"primaryImageOfPage":{"@id":"https:\/\/soclose.mx\/blog\/tag\/juan-rulfo-frases-mujeres\/#primaryimage"},"image":{"@id":"https:\/\/soclose.mx\/blog\/tag\/juan-rulfo-frases-mujeres\/#primaryimage"},"thumbnailUrl":"https:\/\/i0.wp.com\/soclose.mx\/blog\/wp-content\/uploads\/2022\/05\/pexels-kres-thomas-10785484-scaled.jpg?fit=2560%2C1707&ssl=1","datePublished":"2022-05-12T01:31:37+00:00","breadcrumb":{"@id":"https:\/\/soclose.mx\/blog\/tag\/juan-rulfo-frases-mujeres\/#breadcrumb"},"inLanguage":"es","potentialAction":[{"@type":"ReadAction","target":["https:\/\/soclose.mx\/blog\/tag\/juan-rulfo-frases-mujeres\/"]}]},{"@type":"ImageObject","inLanguage":"es","@id":"https:\/\/soclose.mx\/blog\/tag\/juan-rulfo-frases-mujeres\/#primaryimage","url":"https:\/\/i0.wp.com\/soclose.mx\/blog\/wp-content\/uploads\/2022\/05\/pexels-kres-thomas-10785484-scaled.jpg?fit=2560%2C1707&ssl=1","contentUrl":"https:\/\/i0.wp.com\/soclose.mx\/blog\/wp-content\/uploads\/2022\/05\/pexels-kres-thomas-10785484-scaled.jpg?fit=2560%2C1707&ssl=1","width":2560,"height":1707},{"@type":"BreadcrumbList","@id":"https:\/\/soclose.mx\/blog\/tag\/juan-rulfo-frases-mujeres\/#breadcrumb","itemListElement":[{"@type":"ListItem","position":1,"name":"Inicio","item":"https:\/\/soclose.mx\/blog\/"},{"@type":"ListItem","position":2,"name":"Surcoreanos agotan boletos para exposici\u00f3n de los Aztecas"}]},{"@type":"WebSite","@id":"https:\/\/soclose.mx\/blog\/#website","url":"https:\/\/soclose.mx\/blog\/","name":"So Close","description":"Hacemos contenidos de M\u00e9xico","publisher":{"@id":"https:\/\/soclose.mx\/blog\/#organization"},"potentialAction":[{"@type":"SearchAction","target":{"@type":"EntryPoint","urlTemplate":"https:\/\/soclose.mx\/blog\/?s={search_term_string}"},"query-input":{"@type":"PropertyValueSpecification","valueRequired":true,"valueName":"search_term_string"}}],"inLanguage":"es"},{"@type":"Organization","@id":"https:\/\/soclose.mx\/blog\/#organization","name":"So Close","url":"https:\/\/soclose.mx\/blog\/","logo":{"@type":"ImageObject","inLanguage":"es","@id":"https:\/\/soclose.mx\/blog\/#\/schema\/logo\/image\/","url":"https:\/\/i0.wp.com\/soclose.mx\/blog\/wp-content\/uploads\/2020\/12\/LOGO_SOCLOSE_COLOR-e1608310133507.png?fit=2858%2C1264&ssl=1","contentUrl":"https:\/\/i0.wp.com\/soclose.mx\/blog\/wp-content\/uploads\/2020\/12\/LOGO_SOCLOSE_COLOR-e1608310133507.png?fit=2858%2C1264&ssl=1","width":2858,"height":1264,"caption":"So Close"},"image":{"@id":"https:\/\/soclose.mx\/blog\/#\/schema\/logo\/image\/"}},{"@type":"Person","@id":"https:\/\/soclose.mx\/blog\/#\/schema\/person\/54cd06c3a8cdc01a80c08725278aff88","name":"Daniel Ram\u00edrez","image":{"@type":"ImageObject","inLanguage":"es","@id":"https:\/\/soclose.mx\/blog\/#\/schema\/person\/image\/","url":"https:\/\/secure.gravatar.com\/avatar\/74af6012f2e898d2be93cf32e26b59a2c9489743c9ca6270d7848b44edd7d272?s=96&d=mm&r=g","contentUrl":"https:\/\/secure.gravatar.com\/avatar\/74af6012f2e898d2be93cf32e26b59a2c9489743c9ca6270d7848b44edd7d272?s=96&d=mm&r=g","caption":"Daniel Ram\u00edrez"},"url":"https:\/\/soclose.mx\/blog\/author\/peter\/"}]}},"jetpack_featured_media_url":"https:\/\/i0.wp.com\/soclose.mx\/blog\/wp-content\/uploads\/2022\/05\/pexels-kres-thomas-10785484-scaled.jpg?fit=2560%2C1707&ssl=1","jetpack-related-posts":[{"id":14774,"url":"https:\/\/soclose.mx\/blog\/news-feed\/inauguracion-del-mundial-2026-en-el-estadio-azteca-fecha-detalles-y-consejos\/","url_meta":{"origin":9814,"position":0},"title":"Inauguraci\u00f3n del Mundial 2026 en el Estadio Azteca: Fecha, Detalles y Consejos","author":"So Close","date":"3 abril, 2025","format":false,"excerpt":"La inauguraci\u00f3n del Mundial 2026 ser\u00e1 un evento hist\u00f3rico y especial, ya que se llevar\u00e1 a cabo en el Estadio Azteca de la Ciudad de M\u00e9xico el 11 de junio de 2026. Este estadio se convertir\u00e1 en el \u00fanico en la historia en albergar tres inauguraciones de la Copa del\u2026","rel":"","context":"En &quot;News feed&quot;","block_context":{"text":"News feed","link":"https:\/\/soclose.mx\/blog\/category\/news-feed\/"},"img":{"alt_text":"Estadio Azteca Banorte","src":"https:\/\/i0.wp.com\/soclose.mx\/blog\/wp-content\/uploads\/2025\/04\/Estadio-Azteca-Banorte.jpg?fit=1200%2C675&ssl=1&resize=350%2C200","width":350,"height":200,"srcset":"https:\/\/i0.wp.com\/soclose.mx\/blog\/wp-content\/uploads\/2025\/04\/Estadio-Azteca-Banorte.jpg?fit=1200%2C675&ssl=1&resize=350%2C200 1x, https:\/\/i0.wp.com\/soclose.mx\/blog\/wp-content\/uploads\/2025\/04\/Estadio-Azteca-Banorte.jpg?fit=1200%2C675&ssl=1&resize=525%2C300 1.5x, https:\/\/i0.wp.com\/soclose.mx\/blog\/wp-content\/uploads\/2025\/04\/Estadio-Azteca-Banorte.jpg?fit=1200%2C675&ssl=1&resize=700%2C400 2x, https:\/\/i0.wp.com\/soclose.mx\/blog\/wp-content\/uploads\/2025\/04\/Estadio-Azteca-Banorte.jpg?fit=1200%2C675&ssl=1&resize=1050%2C600 3x"},"classes":[]},{"id":6808,"url":"https:\/\/soclose.mx\/blog\/news-feed\/exposicion-mexicana-aztecas-conquista-los-paises-bajos\/","url_meta":{"origin":9814,"position":1},"title":"Exposici\u00f3n mexicana \u2018Aztecas\u2019 conquista los Pa\u00edses Bajos","author":"Miguel Angel Romero","date":"6 agosto, 2021","format":false,"excerpt":"En el marco de la conmemoraci\u00f3n de los\u00a0500 a\u00f1os de la ca\u00edda de Tenochtitlan, se inaugur\u00f3 la exposici\u00f3n mexicana \"Aztecas\"\u00a0en\u00a0 el\u00a0Museo de Etnolog\u00eda de Leiden, ubicado en los Pa\u00edses Bajos. La muestra ya recorri\u00f3 parte de Europa, en el Museo Linden de Stuttgart, Alemania, donde 50 mil personas la visitaron,\u2026","rel":"","context":"En &quot;News feed&quot;","block_context":{"text":"News feed","link":"https:\/\/soclose.mx\/blog\/category\/news-feed\/"},"img":{"alt_text":"","src":"https:\/\/i0.wp.com\/soclose.mx\/blog\/wp-content\/uploads\/2021\/08\/Principal-So-Close-blog-8.jpg?fit=1200%2C677&ssl=1&resize=350%2C200","width":350,"height":200,"srcset":"https:\/\/i0.wp.com\/soclose.mx\/blog\/wp-content\/uploads\/2021\/08\/Principal-So-Close-blog-8.jpg?fit=1200%2C677&ssl=1&resize=350%2C200 1x, https:\/\/i0.wp.com\/soclose.mx\/blog\/wp-content\/uploads\/2021\/08\/Principal-So-Close-blog-8.jpg?fit=1200%2C677&ssl=1&resize=525%2C300 1.5x, https:\/\/i0.wp.com\/soclose.mx\/blog\/wp-content\/uploads\/2021\/08\/Principal-So-Close-blog-8.jpg?fit=1200%2C677&ssl=1&resize=700%2C400 2x, https:\/\/i0.wp.com\/soclose.mx\/blog\/wp-content\/uploads\/2021\/08\/Principal-So-Close-blog-8.jpg?fit=1200%2C677&ssl=1&resize=1050%2C600 3x"},"classes":[]},{"id":14746,"url":"https:\/\/soclose.mx\/blog\/a-la-mexicana\/estadio-azteca-ahora-estadio-banorte-la-historia-del-coloso-de-santa-ursula\/","url_meta":{"origin":9814,"position":2},"title":"Estadio Azteca ahora Estadio Banorte, la historia del Coloso de Santa Ursula","author":"So Close","date":"14 marzo, 2025","format":false,"excerpt":"El Estadio Azteca ahora Estadio Banorte, conocido como el \"Coloso de Santa \u00darsula\", es uno de los monumentos m\u00e1s emblem\u00e1ticos del mundo. Ubicado en la Ciudad de M\u00e9xico, este recinto ha sido testigo de momentos hist\u00f3ricos en el f\u00fatbol y ha dejado una huella imborrable en la cultura deportiva mexicana.\u2026","rel":"","context":"En &quot;A la mexicana&quot;","block_context":{"text":"A la mexicana","link":"https:\/\/soclose.mx\/blog\/category\/a-la-mexicana\/"},"img":{"alt_text":"Estadio Azteca","src":"https:\/\/i0.wp.com\/soclose.mx\/blog\/wp-content\/uploads\/2025\/03\/Estadio-Azteca.jpg?fit=1200%2C675&ssl=1&resize=350%2C200","width":350,"height":200,"srcset":"https:\/\/i0.wp.com\/soclose.mx\/blog\/wp-content\/uploads\/2025\/03\/Estadio-Azteca.jpg?fit=1200%2C675&ssl=1&resize=350%2C200 1x, https:\/\/i0.wp.com\/soclose.mx\/blog\/wp-content\/uploads\/2025\/03\/Estadio-Azteca.jpg?fit=1200%2C675&ssl=1&resize=525%2C300 1.5x, https:\/\/i0.wp.com\/soclose.mx\/blog\/wp-content\/uploads\/2025\/03\/Estadio-Azteca.jpg?fit=1200%2C675&ssl=1&resize=700%2C400 2x, https:\/\/i0.wp.com\/soclose.mx\/blog\/wp-content\/uploads\/2025\/03\/Estadio-Azteca.jpg?fit=1200%2C675&ssl=1&resize=1050%2C600 3x"},"classes":[]},{"id":15011,"url":"https:\/\/soclose.mx\/blog\/news-feed\/partidos-del-mundial-2026-que-se-jugaran-en-mexico\/","url_meta":{"origin":9814,"position":3},"title":"Partidos del mundial 2026 que se jugar\u00e1n en M\u00e9xico","author":"So Close","date":"23 diciembre, 2025","format":false,"excerpt":"Los partidos del mundial 2026 que se jugar\u00e1n en M\u00e9xico son 13 emocionantes encuentros en tres estadios ic\u00f3nicos: Estadio Azteca (CDMX), Akron (Guadalajara) y BBVA (Monterrey). Como coanfitri\u00f3n junto a EE.UU. y Canad\u00e1, M\u00e9xico abrir\u00e1 el torneo el 11 de junio en el Azteca, donde el Tri enfrentar\u00e1 a Sud\u00e1frica\u2026","rel":"","context":"En &quot;News feed&quot;","block_context":{"text":"News feed","link":"https:\/\/soclose.mx\/blog\/category\/news-feed\/"},"img":{"alt_text":"Copa del mundo FIFA","src":"https:\/\/i0.wp.com\/soclose.mx\/blog\/wp-content\/uploads\/2025\/12\/Salma-Hayek-4-2.jpg?fit=1200%2C675&ssl=1&resize=350%2C200","width":350,"height":200,"srcset":"https:\/\/i0.wp.com\/soclose.mx\/blog\/wp-content\/uploads\/2025\/12\/Salma-Hayek-4-2.jpg?fit=1200%2C675&ssl=1&resize=350%2C200 1x, https:\/\/i0.wp.com\/soclose.mx\/blog\/wp-content\/uploads\/2025\/12\/Salma-Hayek-4-2.jpg?fit=1200%2C675&ssl=1&resize=525%2C300 1.5x, https:\/\/i0.wp.com\/soclose.mx\/blog\/wp-content\/uploads\/2025\/12\/Salma-Hayek-4-2.jpg?fit=1200%2C675&ssl=1&resize=700%2C400 2x, https:\/\/i0.wp.com\/soclose.mx\/blog\/wp-content\/uploads\/2025\/12\/Salma-Hayek-4-2.jpg?fit=1200%2C675&ssl=1&resize=1050%2C600 3x"},"classes":[]},{"id":7029,"url":"https:\/\/soclose.mx\/blog\/news-feed\/6-datos-de-la-serie-inspirada-en-las-culturas-maya-inca-y-azteca\/","url_meta":{"origin":9814,"position":4},"title":"6 datos de la serie inspirada en las culturas maya, inca y azteca","author":"Miguel Angel Romero","date":"1 septiembre, 2021","format":false,"excerpt":"Netflix\u00a0acaba de presentar el tr\u00e1iler\u00a0de su nueva serie animada que combina elementos de las mitolog\u00edas azteca, maya e inca, ambientado en la cultura caribe\u00f1a:\u00a0Maya y los tres. El producto audivisual trata sobre una princesa guerrera que debe embarcarse en una aventura para cumplir una profec\u00eda antigua, reunir a tres grandes\u2026","rel":"","context":"En &quot;News feed&quot;","block_context":{"text":"News feed","link":"https:\/\/soclose.mx\/blog\/category\/news-feed\/"},"img":{"alt_text":"","src":"https:\/\/i0.wp.com\/soclose.mx\/blog\/wp-content\/uploads\/2021\/08\/Principal-So-Close-blog-7-2.jpg?fit=1200%2C677&ssl=1&resize=350%2C200","width":350,"height":200,"srcset":"https:\/\/i0.wp.com\/soclose.mx\/blog\/wp-content\/uploads\/2021\/08\/Principal-So-Close-blog-7-2.jpg?fit=1200%2C677&ssl=1&resize=350%2C200 1x, https:\/\/i0.wp.com\/soclose.mx\/blog\/wp-content\/uploads\/2021\/08\/Principal-So-Close-blog-7-2.jpg?fit=1200%2C677&ssl=1&resize=525%2C300 1.5x, https:\/\/i0.wp.com\/soclose.mx\/blog\/wp-content\/uploads\/2021\/08\/Principal-So-Close-blog-7-2.jpg?fit=1200%2C677&ssl=1&resize=700%2C400 2x, https:\/\/i0.wp.com\/soclose.mx\/blog\/wp-content\/uploads\/2021\/08\/Principal-So-Close-blog-7-2.jpg?fit=1200%2C677&ssl=1&resize=1050%2C600 3x"},"classes":[]},{"id":12291,"url":"https:\/\/soclose.mx\/blog\/a-la-mexicana\/cuecuechcuicatl-canto-aztecas-origen-albur-mexicano\/","url_meta":{"origin":9814,"position":5},"title":"Origen del albur: Cuecuechcu\u00edcatl, canto travieso de los aztecas","author":"Emmanuel Oviedo","date":"25 septiembre, 2023","format":false,"excerpt":"\u00bfQu\u00e9 es el cuecuechcu\u00edcatl?\u00a0Para desprevenidos e ingeniosos, el albur es una manera de hablar muy mexicana. El uso del doble sentido con un \u00edndole sexual detr\u00e1s revela nuestra habilidad para la picard\u00eda y el juego con el lenguaje, pero \u00bfCu\u00e1l es su origen? Esta palabra es la clave. Ya sea\u2026","rel":"","context":"En &quot;A la mexicana&quot;","block_context":{"text":"A la mexicana","link":"https:\/\/soclose.mx\/blog\/category\/a-la-mexicana\/"},"img":{"alt_text":"Cuecuechcuicatl, origen del albur mexicano","src":"https:\/\/i0.wp.com\/soclose.mx\/blog\/wp-content\/uploads\/2023\/08\/5939851953_97cc391e5c_k.jpg?fit=1200%2C793&ssl=1&resize=350%2C200","width":350,"height":200,"srcset":"https:\/\/i0.wp.com\/soclose.mx\/blog\/wp-content\/uploads\/2023\/08\/5939851953_97cc391e5c_k.jpg?fit=1200%2C793&ssl=1&resize=350%2C200 1x, https:\/\/i0.wp.com\/soclose.mx\/blog\/wp-content\/uploads\/2023\/08\/5939851953_97cc391e5c_k.jpg?fit=1200%2C793&ssl=1&resize=525%2C300 1.5x, https:\/\/i0.wp.com\/soclose.mx\/blog\/wp-content\/uploads\/2023\/08\/5939851953_97cc391e5c_k.jpg?fit=1200%2C793&ssl=1&resize=700%2C400 2x, https:\/\/i0.wp.com\/soclose.mx\/blog\/wp-content\/uploads\/2023\/08\/5939851953_97cc391e5c_k.jpg?fit=1200%2C793&ssl=1&resize=1050%2C600 3x"},"classes":[]}],"jetpack_sharing_enabled":true,"_links":{"self":[{"href":"https:\/\/soclose.mx\/blog\/wp-json\/wp\/v2\/posts\/9814","targetHints":{"allow":["GET"]}}],"collection":[{"href":"https:\/\/soclose.mx\/blog\/wp-json\/wp\/v2\/posts"}],"about":[{"href":"https:\/\/soclose.mx\/blog\/wp-json\/wp\/v2\/types\/post"}],"author":[{"embeddable":true,"href":"https:\/\/soclose.mx\/blog\/wp-json\/wp\/v2\/users\/9"}],"replies":[{"embeddable":true,"href":"https:\/\/soclose.mx\/blog\/wp-json\/wp\/v2\/comments?post=9814"}],"version-history":[{"count":0,"href":"https:\/\/soclose.mx\/blog\/wp-json\/wp\/v2\/posts\/9814\/revisions"}],"wp:featuredmedia":[{"embeddable":true,"href":"https:\/\/soclose.mx\/blog\/wp-json\/wp\/v2\/media\/9815"}],"wp:attachment":[{"href":"https:\/\/soclose.mx\/blog\/wp-json\/wp\/v2\/media?parent=9814"}],"wp:term":[{"taxonomy":"category","embeddable":true,"href":"https:\/\/soclose.mx\/blog\/wp-json\/wp\/v2\/categories?post=9814"},{"taxonomy":"post_tag","embeddable":true,"href":"https:\/\/soclose.mx\/blog\/wp-json\/wp\/v2\/tags?post=9814"}],"curies":[{"name":"wp","href":"https:\/\/api.w.org\/{rel}","templated":true}]}}