{"id":9827,"date":"2022-05-12T19:59:25","date_gmt":"2022-05-13T00:59:25","guid":{"rendered":"https:\/\/soclose.mx\/blog\/?p=9827"},"modified":"2022-05-13T13:28:34","modified_gmt":"2022-05-13T18:28:34","slug":"el-papa-francisco-pide-su-tequila","status":"publish","type":"post","link":"https:\/\/soclose.mx\/blog\/para-todos\/el-papa-francisco-pide-su-tequila\/","title":{"rendered":"El Papa Francisco pide su tequila"},"content":{"rendered":"<p>&#8220;Para el mal de rodilla, una copa de tequila&#8221;. Estamos seguros que el <strong>Papa Francisco<\/strong> pens\u00f3 que ese ser\u00eda un buen remedio para aliviar los males que le aquejan esa zona del cuerpo en los \u00faltimos meses.<\/p>\n<p>Y qui\u00e9n si no unos mexicanos para hacerle el favor, al menos de dicho. Durante su recorrido por la <a href=\"https:\/\/soclose.mx\/blog\/lugares\/de-italia-a-mexico-conoce-la-replica-de-capilla-sixtina-de-miguel-angel\/\"><strong>Plaza de San Pedro<\/strong><\/a>, en el Vaticano, el Santo Padre\u00a0se encontr\u00f3 con un grupo de seminaristas y sacerdotes de la congregaci\u00f3n de los Legionarios de Cristo, quienes casualmente eran de nuestro pa\u00eds.<\/p>\n<p>Despu\u00e9s de agradecerle por el esfuerzo que hizo para estar en la Plaza, los sacerdotes le preguntaron por las condiciones de su rodilla. Y el Papa, en tono de broma, fue directo: \u201c\u00bfSabes lo que necesito para la pierna? Un poco de tequila\u201d.<\/p>\n<p>Ah\u00ed fue cuando los seminaristas le confesaron que coincidentemente <strong>eran mexicanos<\/strong> y le prometieron que si un d\u00eda van a Santa Marta, le llevar\u00e1n una botellita.<\/p>\n<blockquote class=\"twitter-tweet\" data-width=\"550\" data-dnt=\"true\">\n<p lang=\"es\" dir=\"ltr\">\u00bfC\u00f3mo sigue <a href=\"https:\/\/twitter.com\/Pontifex_es?ref_src=twsrc%5Etfw\">@Pontifex_es<\/a> de su rodilla y qu\u00e9 necesita para mejorarse? Lo dice \u00e9l mismo a unos religiosos legionarios de Cristo -con un poco de humor-: necesita un&#8230; \u00a1tequila! <a href=\"https:\/\/t.co\/F6FuYjv9ew\">pic.twitter.com\/F6FuYjv9ew<\/a><\/p>\n<p>&mdash; Legionarios de Cristo (@LegiondeCristo) <a href=\"https:\/\/twitter.com\/LegiondeCristo\/status\/1524388397485371393?ref_src=twsrc%5Etfw\">May 11, 2022<\/a><\/p><\/blockquote>\n<p><script async src=\"https:\/\/platform.twitter.com\/widgets.js\" charset=\"utf-8\"><\/script><\/p>\n","protected":false},"excerpt":{"rendered":"<p>&#8220;Para el mal de rodilla, una copa de tequila&#8221;. Estamos seguros que el Papa Francisco pens\u00f3 que ese ser\u00eda un buen remedio para aliviar los males que le aquejan esa zona del cuerpo en los \u00faltimos meses. Y qui\u00e9n si no unos mexicanos para hacerle el favor, al menos de dicho. Durante su recorrido por la Plaza de San Pedro, en el Vaticano, el Santo Padre\u00a0se encontr\u00f3 con un grupo de seminaristas y sacerdotes de la congregaci\u00f3n de los Legionarios de Cristo, quienes casualmente eran de nuestro pa\u00eds. Despu\u00e9s de agradecerle por el esfuerzo que hizo para estar en la<\/p>\n","protected":false},"author":9,"featured_media":9840,"comment_status":"open","ping_status":"open","sticky":false,"template":"","format":"standard","meta":{"_jetpack_memberships_contains_paid_content":false,"footnotes":""},"categories":[1778,1674],"tags":[2007,1933,788,2006,159],"class_list":["post-9827","post","type-post","status-publish","format-standard","has-post-thumbnail","hentry","category-a-la-mexicana","category-para-todos","tag-el-vaticano","tag-italia","tag-mexicanos","tag-papa-francisco","tag-tequila"],"yoast_head":"<!-- This site is optimized with the Yoast SEO plugin v26.7 - https:\/\/yoast.com\/wordpress\/plugins\/seo\/ -->\n<title>El Papa Francisco pide su tequila - So Close<\/title>\n<meta name=\"robots\" content=\"index, follow, max-snippet:-1, max-image-preview:large, max-video-preview:-1\" \/>\n<link rel=\"canonical\" href=\"https:\/\/soclose.mx\/blog\/tag\/juan-rulfo-frases-mujeres\/\" \/>\n<meta property=\"og:locale\" content=\"es_MX\" \/>\n<meta property=\"og:type\" content=\"article\" \/>\n<meta property=\"og:title\" content=\"El Papa Francisco pide su tequila - So Close\" \/>\n<meta property=\"og:description\" content=\"&#8220;Para el mal de rodilla, una copa de tequila&#8221;. Estamos seguros que el Papa Francisco pens\u00f3 que ese ser\u00eda un buen remedio para aliviar los males que le aquejan esa zona del cuerpo en los \u00faltimos meses. Y qui\u00e9n si no unos mexicanos para hacerle el favor, al menos de dicho. Durante su recorrido por la Plaza de San Pedro, en el Vaticano, el Santo Padre\u00a0se encontr\u00f3 con un grupo de seminaristas y sacerdotes de la congregaci\u00f3n de los Legionarios de Cristo, quienes casualmente eran de nuestro pa\u00eds. Despu\u00e9s de agradecerle por el esfuerzo que hizo para estar en la\" \/>\n<meta property=\"og:url\" content=\"https:\/\/soclose.mx\/blog\/tag\/juan-rulfo-frases-mujeres\/\" \/>\n<meta property=\"og:site_name\" content=\"So Close\" \/>\n<meta property=\"article:published_time\" content=\"2022-05-13T00:59:25+00:00\" \/>\n<meta property=\"article:modified_time\" content=\"2022-05-13T18:28:34+00:00\" \/>\n<meta property=\"og:image\" content=\"https:\/\/i0.wp.com\/soclose.mx\/blog\/wp-content\/uploads\/2022\/05\/pexels-isabella-mendes-858466-scaled.jpg?fit=2560%2C1696&ssl=1\" \/>\n\t<meta property=\"og:image:width\" content=\"2560\" \/>\n\t<meta property=\"og:image:height\" content=\"1696\" \/>\n\t<meta property=\"og:image:type\" content=\"image\/jpeg\" \/>\n<meta name=\"author\" content=\"Daniel Ram\u00edrez\" \/>\n<meta name=\"twitter:card\" content=\"summary_large_image\" \/>\n<meta name=\"twitter:label1\" content=\"Escrito por\" \/>\n\t<meta name=\"twitter:data1\" content=\"Daniel Ram\u00edrez\" \/>\n\t<meta name=\"twitter:label2\" content=\"Tiempo de lectura\" \/>\n\t<meta name=\"twitter:data2\" content=\"1 minuto\" \/>\n<script type=\"application\/ld+json\" class=\"yoast-schema-graph\">{\"@context\":\"https:\/\/schema.org\",\"@graph\":[{\"@type\":\"Article\",\"@id\":\"https:\/\/soclose.mx\/blog\/tag\/juan-rulfo-frases-mujeres\/#article\",\"isPartOf\":{\"@id\":\"https:\/\/soclose.mx\/blog\/tag\/juan-rulfo-frases-mujeres\/\"},\"author\":{\"name\":\"Daniel Ram\u00edrez\",\"@id\":\"https:\/\/soclose.mx\/blog\/#\/schema\/person\/54cd06c3a8cdc01a80c08725278aff88\"},\"headline\":\"El Papa Francisco pide su tequila\",\"datePublished\":\"2022-05-13T00:59:25+00:00\",\"dateModified\":\"2022-05-13T18:28:34+00:00\",\"mainEntityOfPage\":{\"@id\":\"https:\/\/soclose.mx\/blog\/tag\/juan-rulfo-frases-mujeres\/\"},\"wordCount\":182,\"commentCount\":0,\"publisher\":{\"@id\":\"https:\/\/soclose.mx\/blog\/#organization\"},\"image\":{\"@id\":\"https:\/\/soclose.mx\/blog\/tag\/juan-rulfo-frases-mujeres\/#primaryimage\"},\"thumbnailUrl\":\"https:\/\/i0.wp.com\/soclose.mx\/blog\/wp-content\/uploads\/2022\/05\/pexels-isabella-mendes-858466-scaled.jpg?fit=2560%2C1696&ssl=1\",\"keywords\":[\"el vaticano\",\"italia\",\"mexicanos\",\"papa francisco\",\"tequila\"],\"articleSection\":[\"A la mexicana\",\"Para todos\"],\"inLanguage\":\"es\",\"potentialAction\":[{\"@type\":\"CommentAction\",\"name\":\"Comment\",\"target\":[\"https:\/\/soclose.mx\/blog\/tag\/juan-rulfo-frases-mujeres\/#respond\"]}]},{\"@type\":\"WebPage\",\"@id\":\"https:\/\/soclose.mx\/blog\/tag\/juan-rulfo-frases-mujeres\/\",\"url\":\"https:\/\/soclose.mx\/blog\/tag\/juan-rulfo-frases-mujeres\/\",\"name\":\"El Papa Francisco pide su tequila - So Close\",\"isPartOf\":{\"@id\":\"https:\/\/soclose.mx\/blog\/#website\"},\"primaryImageOfPage\":{\"@id\":\"https:\/\/soclose.mx\/blog\/tag\/juan-rulfo-frases-mujeres\/#primaryimage\"},\"image\":{\"@id\":\"https:\/\/soclose.mx\/blog\/tag\/juan-rulfo-frases-mujeres\/#primaryimage\"},\"thumbnailUrl\":\"https:\/\/i0.wp.com\/soclose.mx\/blog\/wp-content\/uploads\/2022\/05\/pexels-isabella-mendes-858466-scaled.jpg?fit=2560%2C1696&ssl=1\",\"datePublished\":\"2022-05-13T00:59:25+00:00\",\"dateModified\":\"2022-05-13T18:28:34+00:00\",\"breadcrumb\":{\"@id\":\"https:\/\/soclose.mx\/blog\/tag\/juan-rulfo-frases-mujeres\/#breadcrumb\"},\"inLanguage\":\"es\",\"potentialAction\":[{\"@type\":\"ReadAction\",\"target\":[\"https:\/\/soclose.mx\/blog\/tag\/juan-rulfo-frases-mujeres\/\"]}]},{\"@type\":\"ImageObject\",\"inLanguage\":\"es\",\"@id\":\"https:\/\/soclose.mx\/blog\/tag\/juan-rulfo-frases-mujeres\/#primaryimage\",\"url\":\"https:\/\/i0.wp.com\/soclose.mx\/blog\/wp-content\/uploads\/2022\/05\/pexels-isabella-mendes-858466-scaled.jpg?fit=2560%2C1696&ssl=1\",\"contentUrl\":\"https:\/\/i0.wp.com\/soclose.mx\/blog\/wp-content\/uploads\/2022\/05\/pexels-isabella-mendes-858466-scaled.jpg?fit=2560%2C1696&ssl=1\",\"width\":2560,\"height\":1696},{\"@type\":\"BreadcrumbList\",\"@id\":\"https:\/\/soclose.mx\/blog\/tag\/juan-rulfo-frases-mujeres\/#breadcrumb\",\"itemListElement\":[{\"@type\":\"ListItem\",\"position\":1,\"name\":\"Inicio\",\"item\":\"https:\/\/soclose.mx\/blog\/\"},{\"@type\":\"ListItem\",\"position\":2,\"name\":\"El Papa Francisco pide su tequila\"}]},{\"@type\":\"WebSite\",\"@id\":\"https:\/\/soclose.mx\/blog\/#website\",\"url\":\"https:\/\/soclose.mx\/blog\/\",\"name\":\"So Close\",\"description\":\"Hacemos contenidos de M\u00e9xico\",\"publisher\":{\"@id\":\"https:\/\/soclose.mx\/blog\/#organization\"},\"potentialAction\":[{\"@type\":\"SearchAction\",\"target\":{\"@type\":\"EntryPoint\",\"urlTemplate\":\"https:\/\/soclose.mx\/blog\/?s={search_term_string}\"},\"query-input\":{\"@type\":\"PropertyValueSpecification\",\"valueRequired\":true,\"valueName\":\"search_term_string\"}}],\"inLanguage\":\"es\"},{\"@type\":\"Organization\",\"@id\":\"https:\/\/soclose.mx\/blog\/#organization\",\"name\":\"So Close\",\"url\":\"https:\/\/soclose.mx\/blog\/\",\"logo\":{\"@type\":\"ImageObject\",\"inLanguage\":\"es\",\"@id\":\"https:\/\/soclose.mx\/blog\/#\/schema\/logo\/image\/\",\"url\":\"https:\/\/i0.wp.com\/soclose.mx\/blog\/wp-content\/uploads\/2020\/12\/LOGO_SOCLOSE_COLOR-e1608310133507.png?fit=2858%2C1264&ssl=1\",\"contentUrl\":\"https:\/\/i0.wp.com\/soclose.mx\/blog\/wp-content\/uploads\/2020\/12\/LOGO_SOCLOSE_COLOR-e1608310133507.png?fit=2858%2C1264&ssl=1\",\"width\":2858,\"height\":1264,\"caption\":\"So Close\"},\"image\":{\"@id\":\"https:\/\/soclose.mx\/blog\/#\/schema\/logo\/image\/\"}},{\"@type\":\"Person\",\"@id\":\"https:\/\/soclose.mx\/blog\/#\/schema\/person\/54cd06c3a8cdc01a80c08725278aff88\",\"name\":\"Daniel Ram\u00edrez\",\"image\":{\"@type\":\"ImageObject\",\"inLanguage\":\"es\",\"@id\":\"https:\/\/soclose.mx\/blog\/#\/schema\/person\/image\/\",\"url\":\"https:\/\/secure.gravatar.com\/avatar\/74af6012f2e898d2be93cf32e26b59a2c9489743c9ca6270d7848b44edd7d272?s=96&d=mm&r=g\",\"contentUrl\":\"https:\/\/secure.gravatar.com\/avatar\/74af6012f2e898d2be93cf32e26b59a2c9489743c9ca6270d7848b44edd7d272?s=96&d=mm&r=g\",\"caption\":\"Daniel Ram\u00edrez\"},\"url\":\"https:\/\/soclose.mx\/blog\/author\/peter\/\"}]}<\/script>\n<!-- \/ Yoast SEO plugin. -->","yoast_head_json":{"title":"El Papa Francisco pide su tequila - So Close","robots":{"index":"index","follow":"follow","max-snippet":"max-snippet:-1","max-image-preview":"max-image-preview:large","max-video-preview":"max-video-preview:-1"},"canonical":"https:\/\/soclose.mx\/blog\/tag\/juan-rulfo-frases-mujeres\/","og_locale":"es_MX","og_type":"article","og_title":"El Papa Francisco pide su tequila - So Close","og_description":"&#8220;Para el mal de rodilla, una copa de tequila&#8221;. Estamos seguros que el Papa Francisco pens\u00f3 que ese ser\u00eda un buen remedio para aliviar los males que le aquejan esa zona del cuerpo en los \u00faltimos meses. Y qui\u00e9n si no unos mexicanos para hacerle el favor, al menos de dicho. Durante su recorrido por la Plaza de San Pedro, en el Vaticano, el Santo Padre\u00a0se encontr\u00f3 con un grupo de seminaristas y sacerdotes de la congregaci\u00f3n de los Legionarios de Cristo, quienes casualmente eran de nuestro pa\u00eds. Despu\u00e9s de agradecerle por el esfuerzo que hizo para estar en la","og_url":"https:\/\/soclose.mx\/blog\/tag\/juan-rulfo-frases-mujeres\/","og_site_name":"So Close","article_published_time":"2022-05-13T00:59:25+00:00","article_modified_time":"2022-05-13T18:28:34+00:00","og_image":[{"width":2560,"height":1696,"url":"https:\/\/i0.wp.com\/soclose.mx\/blog\/wp-content\/uploads\/2022\/05\/pexels-isabella-mendes-858466-scaled.jpg?fit=2560%2C1696&ssl=1","type":"image\/jpeg"}],"author":"Daniel Ram\u00edrez","twitter_card":"summary_large_image","twitter_misc":{"Escrito por":"Daniel Ram\u00edrez","Tiempo de lectura":"1 minuto"},"schema":{"@context":"https:\/\/schema.org","@graph":[{"@type":"Article","@id":"https:\/\/soclose.mx\/blog\/tag\/juan-rulfo-frases-mujeres\/#article","isPartOf":{"@id":"https:\/\/soclose.mx\/blog\/tag\/juan-rulfo-frases-mujeres\/"},"author":{"name":"Daniel Ram\u00edrez","@id":"https:\/\/soclose.mx\/blog\/#\/schema\/person\/54cd06c3a8cdc01a80c08725278aff88"},"headline":"El Papa Francisco pide su tequila","datePublished":"2022-05-13T00:59:25+00:00","dateModified":"2022-05-13T18:28:34+00:00","mainEntityOfPage":{"@id":"https:\/\/soclose.mx\/blog\/tag\/juan-rulfo-frases-mujeres\/"},"wordCount":182,"commentCount":0,"publisher":{"@id":"https:\/\/soclose.mx\/blog\/#organization"},"image":{"@id":"https:\/\/soclose.mx\/blog\/tag\/juan-rulfo-frases-mujeres\/#primaryimage"},"thumbnailUrl":"https:\/\/i0.wp.com\/soclose.mx\/blog\/wp-content\/uploads\/2022\/05\/pexels-isabella-mendes-858466-scaled.jpg?fit=2560%2C1696&ssl=1","keywords":["el vaticano","italia","mexicanos","papa francisco","tequila"],"articleSection":["A la mexicana","Para todos"],"inLanguage":"es","potentialAction":[{"@type":"CommentAction","name":"Comment","target":["https:\/\/soclose.mx\/blog\/tag\/juan-rulfo-frases-mujeres\/#respond"]}]},{"@type":"WebPage","@id":"https:\/\/soclose.mx\/blog\/tag\/juan-rulfo-frases-mujeres\/","url":"https:\/\/soclose.mx\/blog\/tag\/juan-rulfo-frases-mujeres\/","name":"El Papa Francisco pide su tequila - So Close","isPartOf":{"@id":"https:\/\/soclose.mx\/blog\/#website"},"primaryImageOfPage":{"@id":"https:\/\/soclose.mx\/blog\/tag\/juan-rulfo-frases-mujeres\/#primaryimage"},"image":{"@id":"https:\/\/soclose.mx\/blog\/tag\/juan-rulfo-frases-mujeres\/#primaryimage"},"thumbnailUrl":"https:\/\/i0.wp.com\/soclose.mx\/blog\/wp-content\/uploads\/2022\/05\/pexels-isabella-mendes-858466-scaled.jpg?fit=2560%2C1696&ssl=1","datePublished":"2022-05-13T00:59:25+00:00","dateModified":"2022-05-13T18:28:34+00:00","breadcrumb":{"@id":"https:\/\/soclose.mx\/blog\/tag\/juan-rulfo-frases-mujeres\/#breadcrumb"},"inLanguage":"es","potentialAction":[{"@type":"ReadAction","target":["https:\/\/soclose.mx\/blog\/tag\/juan-rulfo-frases-mujeres\/"]}]},{"@type":"ImageObject","inLanguage":"es","@id":"https:\/\/soclose.mx\/blog\/tag\/juan-rulfo-frases-mujeres\/#primaryimage","url":"https:\/\/i0.wp.com\/soclose.mx\/blog\/wp-content\/uploads\/2022\/05\/pexels-isabella-mendes-858466-scaled.jpg?fit=2560%2C1696&ssl=1","contentUrl":"https:\/\/i0.wp.com\/soclose.mx\/blog\/wp-content\/uploads\/2022\/05\/pexels-isabella-mendes-858466-scaled.jpg?fit=2560%2C1696&ssl=1","width":2560,"height":1696},{"@type":"BreadcrumbList","@id":"https:\/\/soclose.mx\/blog\/tag\/juan-rulfo-frases-mujeres\/#breadcrumb","itemListElement":[{"@type":"ListItem","position":1,"name":"Inicio","item":"https:\/\/soclose.mx\/blog\/"},{"@type":"ListItem","position":2,"name":"El Papa Francisco pide su tequila"}]},{"@type":"WebSite","@id":"https:\/\/soclose.mx\/blog\/#website","url":"https:\/\/soclose.mx\/blog\/","name":"So Close","description":"Hacemos contenidos de M\u00e9xico","publisher":{"@id":"https:\/\/soclose.mx\/blog\/#organization"},"potentialAction":[{"@type":"SearchAction","target":{"@type":"EntryPoint","urlTemplate":"https:\/\/soclose.mx\/blog\/?s={search_term_string}"},"query-input":{"@type":"PropertyValueSpecification","valueRequired":true,"valueName":"search_term_string"}}],"inLanguage":"es"},{"@type":"Organization","@id":"https:\/\/soclose.mx\/blog\/#organization","name":"So Close","url":"https:\/\/soclose.mx\/blog\/","logo":{"@type":"ImageObject","inLanguage":"es","@id":"https:\/\/soclose.mx\/blog\/#\/schema\/logo\/image\/","url":"https:\/\/i0.wp.com\/soclose.mx\/blog\/wp-content\/uploads\/2020\/12\/LOGO_SOCLOSE_COLOR-e1608310133507.png?fit=2858%2C1264&ssl=1","contentUrl":"https:\/\/i0.wp.com\/soclose.mx\/blog\/wp-content\/uploads\/2020\/12\/LOGO_SOCLOSE_COLOR-e1608310133507.png?fit=2858%2C1264&ssl=1","width":2858,"height":1264,"caption":"So Close"},"image":{"@id":"https:\/\/soclose.mx\/blog\/#\/schema\/logo\/image\/"}},{"@type":"Person","@id":"https:\/\/soclose.mx\/blog\/#\/schema\/person\/54cd06c3a8cdc01a80c08725278aff88","name":"Daniel Ram\u00edrez","image":{"@type":"ImageObject","inLanguage":"es","@id":"https:\/\/soclose.mx\/blog\/#\/schema\/person\/image\/","url":"https:\/\/secure.gravatar.com\/avatar\/74af6012f2e898d2be93cf32e26b59a2c9489743c9ca6270d7848b44edd7d272?s=96&d=mm&r=g","contentUrl":"https:\/\/secure.gravatar.com\/avatar\/74af6012f2e898d2be93cf32e26b59a2c9489743c9ca6270d7848b44edd7d272?s=96&d=mm&r=g","caption":"Daniel Ram\u00edrez"},"url":"https:\/\/soclose.mx\/blog\/author\/peter\/"}]}},"jetpack_featured_media_url":"https:\/\/i0.wp.com\/soclose.mx\/blog\/wp-content\/uploads\/2022\/05\/pexels-isabella-mendes-858466-scaled.jpg?fit=2560%2C1696&ssl=1","jetpack-related-posts":[{"id":10801,"url":"https:\/\/soclose.mx\/blog\/para-todos\/jugador-de-los-san-francisco-49ers-enamorado-de-la-lucha-libre-y-el-tequila-mexicanos\/","url_meta":{"origin":9827,"position":0},"title":"Jugador de los San Francisco 49ers, \u00a1enamorado de la lucha libre y el tequila mexicanos!","author":"Daniel Ram\u00edrez","date":"3 agosto, 2022","format":false,"excerpt":"Muchos mexicanos apasionados del futbol americano de la NFL, son fan\u00e1ticos de los San Francisco 49ers, que tienen a Joe Montana como uno de sus m\u00e1ximos referentes hist\u00f3ricos. El pr\u00f3ximo 21 de noviembre visitar\u00e1n nuestro pa\u00eds para jugar ante los Arizona Cardinals en el Estadio Azteca. Dentro del equipo californiano,\u2026","rel":"","context":"En &quot;Para todos&quot;","block_context":{"text":"Para todos","link":"https:\/\/soclose.mx\/blog\/category\/para-todos\/"},"img":{"alt_text":"","src":"https:\/\/i0.wp.com\/soclose.mx\/blog\/wp-content\/uploads\/2022\/08\/Captura-de-Pantalla-2022-08-03-a-las-19.32.38.png?fit=779%2C536&ssl=1&resize=350%2C200","width":350,"height":200,"srcset":"https:\/\/i0.wp.com\/soclose.mx\/blog\/wp-content\/uploads\/2022\/08\/Captura-de-Pantalla-2022-08-03-a-las-19.32.38.png?fit=779%2C536&ssl=1&resize=350%2C200 1x, https:\/\/i0.wp.com\/soclose.mx\/blog\/wp-content\/uploads\/2022\/08\/Captura-de-Pantalla-2022-08-03-a-las-19.32.38.png?fit=779%2C536&ssl=1&resize=525%2C300 1.5x, https:\/\/i0.wp.com\/soclose.mx\/blog\/wp-content\/uploads\/2022\/08\/Captura-de-Pantalla-2022-08-03-a-las-19.32.38.png?fit=779%2C536&ssl=1&resize=700%2C400 2x"},"classes":[]},{"id":13977,"url":"https:\/\/soclose.mx\/blog\/a-la-mexicana\/viva-mexico-miscelanea-de-bebidas-para-celebrar-el-15-de-septiembre\/","url_meta":{"origin":9827,"position":1},"title":"\u00a1Viva M\u00e9xico! Miscelanea de bebidas para celebrar el 15 de septiembre","author":"So Close","date":"12 septiembre, 2024","format":false,"excerpt":"El d\u00eda de la independencia de M\u00e9xico es una fecha muy especial para los mexicanos, llena de color, m\u00fasica y sabor. Y qu\u00e9 mejor manera de celebrar que armar la lista de bebidas para celebrar el 15 de septiembre. En este art\u00edculo, te presentaremos algunas de las opciones m\u00e1s populares\u2026","rel":"","context":"En &quot;A la mexicana&quot;","block_context":{"text":"A la mexicana","link":"https:\/\/soclose.mx\/blog\/category\/a-la-mexicana\/"},"img":{"alt_text":"Tequila y cerveza","src":"https:\/\/i0.wp.com\/soclose.mx\/blog\/wp-content\/uploads\/2024\/09\/tequila-y-cerveza.jpg?fit=768%2C479&ssl=1&resize=350%2C200","width":350,"height":200,"srcset":"https:\/\/i0.wp.com\/soclose.mx\/blog\/wp-content\/uploads\/2024\/09\/tequila-y-cerveza.jpg?fit=768%2C479&ssl=1&resize=350%2C200 1x, https:\/\/i0.wp.com\/soclose.mx\/blog\/wp-content\/uploads\/2024\/09\/tequila-y-cerveza.jpg?fit=768%2C479&ssl=1&resize=525%2C300 1.5x, https:\/\/i0.wp.com\/soclose.mx\/blog\/wp-content\/uploads\/2024\/09\/tequila-y-cerveza.jpg?fit=768%2C479&ssl=1&resize=700%2C400 2x"},"classes":[]},{"id":13999,"url":"https:\/\/soclose.mx\/blog\/a-la-mexicana\/cocteles-mexicanos-para-celebrar-el-15-de-septiembre\/","url_meta":{"origin":9827,"position":2},"title":"Cocteles Mexicanos para celebrar el 15 de Septiembre","author":"So Close","date":"10 septiembre, 2024","format":false,"excerpt":"\u00bfEst\u00e1s listo para celebrar el 15 de septiembre con estilo? Nada mejor que acompa\u00f1ar la fiesta con un buen trago. Aqu\u00ed te presentamos una selecci\u00f3n de cocteles mexicanos tradicionales y modernos para que le des un toque especial a tu celebraci\u00f3n de la Independencia. Cocteles Mexicanos para celebrar el 15\u2026","rel":"","context":"En &quot;A la mexicana&quot;","block_context":{"text":"A la mexicana","link":"https:\/\/soclose.mx\/blog\/category\/a-la-mexicana\/"},"img":{"alt_text":"mezcal-mexicano","src":"https:\/\/i0.wp.com\/soclose.mx\/blog\/wp-content\/uploads\/2024\/09\/mezcal-mexicano.jpg?fit=1200%2C675&ssl=1&resize=350%2C200","width":350,"height":200,"srcset":"https:\/\/i0.wp.com\/soclose.mx\/blog\/wp-content\/uploads\/2024\/09\/mezcal-mexicano.jpg?fit=1200%2C675&ssl=1&resize=350%2C200 1x, https:\/\/i0.wp.com\/soclose.mx\/blog\/wp-content\/uploads\/2024\/09\/mezcal-mexicano.jpg?fit=1200%2C675&ssl=1&resize=525%2C300 1.5x, https:\/\/i0.wp.com\/soclose.mx\/blog\/wp-content\/uploads\/2024\/09\/mezcal-mexicano.jpg?fit=1200%2C675&ssl=1&resize=700%2C400 2x, https:\/\/i0.wp.com\/soclose.mx\/blog\/wp-content\/uploads\/2024\/09\/mezcal-mexicano.jpg?fit=1200%2C675&ssl=1&resize=1050%2C600 3x"},"classes":[]},{"id":6227,"url":"https:\/\/soclose.mx\/blog\/ay-goeeee\/los-tipos-y-categorias-del-mezcal-para-sentir-el-sabor-de-mexico\/","url_meta":{"origin":9827,"position":3},"title":"Tipos del Mezcal de M\u00e9xico: \u00a1Descubre el Elixir de los Dioses!","author":"So Close","date":"21 agosto, 2024","format":false,"excerpt":"\u00bfEst\u00e1s listo para un viaje sensorial por M\u00e9xico? \ud83c\uddf2\ud83c\uddfd El mezcal, esa bebida ancestral que nos transporta a tierras m\u00e1gicas, esconde un universo de sabores y aromas que te dejar\u00e1n con ganas de m\u00e1s. \u00a1As\u00ed que olv\u00eddate de los tequilas y prep\u00e1rate para descubrir\u00a0 los Tipos del Mezcal de M\u00e9xico!\u2026","rel":"","context":"En &quot;\u00a1Ay goeeee!&quot;","block_context":{"text":"\u00a1Ay goeeee!","link":"https:\/\/soclose.mx\/blog\/category\/ay-goeeee\/"},"img":{"alt_text":"","src":"https:\/\/i0.wp.com\/soclose.mx\/blog\/wp-content\/uploads\/2021\/06\/mezcal.jpeg?fit=1200%2C677&ssl=1&resize=350%2C200","width":350,"height":200,"srcset":"https:\/\/i0.wp.com\/soclose.mx\/blog\/wp-content\/uploads\/2021\/06\/mezcal.jpeg?fit=1200%2C677&ssl=1&resize=350%2C200 1x, https:\/\/i0.wp.com\/soclose.mx\/blog\/wp-content\/uploads\/2021\/06\/mezcal.jpeg?fit=1200%2C677&ssl=1&resize=525%2C300 1.5x, https:\/\/i0.wp.com\/soclose.mx\/blog\/wp-content\/uploads\/2021\/06\/mezcal.jpeg?fit=1200%2C677&ssl=1&resize=700%2C400 2x, https:\/\/i0.wp.com\/soclose.mx\/blog\/wp-content\/uploads\/2021\/06\/mezcal.jpeg?fit=1200%2C677&ssl=1&resize=1050%2C600 3x"},"classes":[]},{"id":7145,"url":"https:\/\/soclose.mx\/blog\/bebida\/6-bebidas-perfectas-para-gritar-viva-mexico\/","url_meta":{"origin":9827,"position":4},"title":"6 bebidas perfectas para gritar &#8220;\u00a1Viva M\u00e9xico!&#8221;","author":"Miguel Angel Romero","date":"25 agosto, 2023","format":false,"excerpt":"Todos los d\u00edas son perfectos para celebrar a nuestro pa\u00eds, pero hay un d\u00eda especial en la que gritamos \"Viva M\u00e9xico\" y qu\u00e9 mejor hacerlo con una bebida muy nacional, \u00bfa poco no? Y es por eso que enlistamos seis l\u00edquidos perfectos para que disfrutemos la noche m\u00e1s mexicana: \u00a0Tequila\u2026","rel":"","context":"En &quot;Bebida&quot;","block_context":{"text":"Bebida","link":"https:\/\/soclose.mx\/blog\/category\/bebida\/"},"img":{"alt_text":"","src":"https:\/\/i0.wp.com\/soclose.mx\/blog\/wp-content\/uploads\/2021\/09\/Principal-So-Close-blog-15.jpg?fit=1200%2C677&ssl=1&resize=350%2C200","width":350,"height":200,"srcset":"https:\/\/i0.wp.com\/soclose.mx\/blog\/wp-content\/uploads\/2021\/09\/Principal-So-Close-blog-15.jpg?fit=1200%2C677&ssl=1&resize=350%2C200 1x, https:\/\/i0.wp.com\/soclose.mx\/blog\/wp-content\/uploads\/2021\/09\/Principal-So-Close-blog-15.jpg?fit=1200%2C677&ssl=1&resize=525%2C300 1.5x, https:\/\/i0.wp.com\/soclose.mx\/blog\/wp-content\/uploads\/2021\/09\/Principal-So-Close-blog-15.jpg?fit=1200%2C677&ssl=1&resize=700%2C400 2x, https:\/\/i0.wp.com\/soclose.mx\/blog\/wp-content\/uploads\/2021\/09\/Principal-So-Close-blog-15.jpg?fit=1200%2C677&ssl=1&resize=1050%2C600 3x"},"classes":[]},{"id":9344,"url":"https:\/\/soclose.mx\/blog\/ay-goeeee\/aunque-no-lo-creas-mexico-tenia-su-propio-papa-autonomo\/","url_meta":{"origin":9827,"position":5},"title":"Aunque no lo creas, M\u00e9xico ten\u00eda su propio \u2018papa\u2019 aut\u00f3nomo","author":"Miguel Angel Romero","date":"28 abril, 2022","format":false,"excerpt":"Aunque parezca dif\u00edcil de creer, en el siglo XX, M\u00e9xico dio a luz una instituci\u00f3n religiosa que compet\u00eda frontalmente contra la autoridad del Papa de Roma. Se trata de la Iglesia Ortodoxa Cat\u00f3lica Apost\u00f3lica Mexicana\u00a0o\u00a0Iglesia Cat\u00f3lica Apost\u00f3lica Mexicana. El movimiento que fue liderado por Jos\u00e9 Joaqu\u00edn P\u00e9rez Budar fue una\u2026","rel":"","context":"En &quot;\u00a1Ay goeeee!&quot;","block_context":{"text":"\u00a1Ay goeeee!","link":"https:\/\/soclose.mx\/blog\/category\/ay-goeeee\/"},"img":{"alt_text":"","src":"https:\/\/i0.wp.com\/soclose.mx\/blog\/wp-content\/uploads\/2022\/03\/Copia-de-Principal-So-Close-blog-3-9.png?fit=1200%2C677&ssl=1&resize=350%2C200","width":350,"height":200,"srcset":"https:\/\/i0.wp.com\/soclose.mx\/blog\/wp-content\/uploads\/2022\/03\/Copia-de-Principal-So-Close-blog-3-9.png?fit=1200%2C677&ssl=1&resize=350%2C200 1x, https:\/\/i0.wp.com\/soclose.mx\/blog\/wp-content\/uploads\/2022\/03\/Copia-de-Principal-So-Close-blog-3-9.png?fit=1200%2C677&ssl=1&resize=525%2C300 1.5x, https:\/\/i0.wp.com\/soclose.mx\/blog\/wp-content\/uploads\/2022\/03\/Copia-de-Principal-So-Close-blog-3-9.png?fit=1200%2C677&ssl=1&resize=700%2C400 2x, https:\/\/i0.wp.com\/soclose.mx\/blog\/wp-content\/uploads\/2022\/03\/Copia-de-Principal-So-Close-blog-3-9.png?fit=1200%2C677&ssl=1&resize=1050%2C600 3x"},"classes":[]}],"jetpack_sharing_enabled":true,"_links":{"self":[{"href":"https:\/\/soclose.mx\/blog\/wp-json\/wp\/v2\/posts\/9827","targetHints":{"allow":["GET"]}}],"collection":[{"href":"https:\/\/soclose.mx\/blog\/wp-json\/wp\/v2\/posts"}],"about":[{"href":"https:\/\/soclose.mx\/blog\/wp-json\/wp\/v2\/types\/post"}],"author":[{"embeddable":true,"href":"https:\/\/soclose.mx\/blog\/wp-json\/wp\/v2\/users\/9"}],"replies":[{"embeddable":true,"href":"https:\/\/soclose.mx\/blog\/wp-json\/wp\/v2\/comments?post=9827"}],"version-history":[{"count":0,"href":"https:\/\/soclose.mx\/blog\/wp-json\/wp\/v2\/posts\/9827\/revisions"}],"wp:featuredmedia":[{"embeddable":true,"href":"https:\/\/soclose.mx\/blog\/wp-json\/wp\/v2\/media\/9840"}],"wp:attachment":[{"href":"https:\/\/soclose.mx\/blog\/wp-json\/wp\/v2\/media?parent=9827"}],"wp:term":[{"taxonomy":"category","embeddable":true,"href":"https:\/\/soclose.mx\/blog\/wp-json\/wp\/v2\/categories?post=9827"},{"taxonomy":"post_tag","embeddable":true,"href":"https:\/\/soclose.mx\/blog\/wp-json\/wp\/v2\/tags?post=9827"}],"curies":[{"name":"wp","href":"https:\/\/api.w.org\/{rel}","templated":true}]}}