{"id":9830,"date":"2022-05-12T20:00:14","date_gmt":"2022-05-13T01:00:14","guid":{"rendered":"https:\/\/soclose.mx\/blog\/?p=9830"},"modified":"2022-05-12T20:06:24","modified_gmt":"2022-05-13T01:06:24","slug":"enrique-metinides-fotografo-mexicano-que-convivio-con-la-muerte","status":"publish","type":"post","link":"https:\/\/soclose.mx\/blog\/ay-goeeee\/enrique-metinides-fotografo-mexicano-que-convivio-con-la-muerte\/","title":{"rendered":"Enrique Metinides, fot\u00f3grafo mexicano que convivi\u00f3 con la muerte"},"content":{"rendered":"<p><strong>&#8220;El Ni\u00f1o&#8221; y &#8220;El hombre que vio demasiado&#8221;<\/strong>, as\u00ed se le conoc\u00eda a <strong>Enrique Metinides<\/strong>, legendario fot\u00f3grafo de la nota roja en M\u00e9xico, quien falleci\u00f3 a los 88 a\u00f1os de edad.<\/p>\n<p>Conoce a este c\u00e9lebre fot\u00f3grafo callejero, quien inmortaliz\u00f3 con su lente terremotos, balaceras, explosiones, accidentes, atropellamientos, asaltos, suicidios, asesinatos y cr\u00edmenes pasionales.<\/p>\n<p><strong>Mexicano a causa de la guerra.<\/strong> Sus padres eran griegos, vinieron a la <a href=\"https:\/\/soclose.mx\/blog\/uncategorized\/surcoreanos-agotan-boletos-para-exposicion-de-los-aztecas\/\">M\u00e9xico<\/a> a pasar su luna de miel, pero no pudieron regresar a Grecia por el estallido de la <strong>Segunda Guerra Mundial<\/strong>. Lo bautizaron como <b>Jaralambos Enrique Metinides Tsironides <\/b>y naci\u00f3 en la colonia Guerrero el 10 de mayo de 1934.<\/p>\n<p><strong>Su primera c\u00e1mara. <\/strong>Una Kodak Brownie Junior, acompa\u00f1ada de muchos rollos para hacer sus pininos en el fotoperiodismo. Comenz\u00f3 retratando parques, monumentos y veh\u00edculos accidentados que trasladaban a las delegaciones.<\/p>\n<p><strong>Inici\u00f3 en la fotograf\u00eda a los 10 a\u00f1os de edad<\/strong>. Su padre ten\u00eda un negocio de revelado de fotograf\u00edas, de ah\u00ed su destino, pero fue en su primera d\u00e9cada de vida cuando consigui\u00f3 el permiso del Ministerio P\u00fablico para acompa\u00f1ar a los agentes y retratar todo lo que se encontrara, desde detenciones hasta tragedias.<\/p>\n<p><strong>Antonio Vel\u00e1zquez.<\/strong> Su padre en el mundo de la nota roja. El Indio, quien era reportero del peri\u00f3dico La Prensa, le dio su primera oportunidad de trabajo. Gracias a eso, Metinides fue bautizado como &#8220;El Ni\u00f1o&#8221;.<\/p>\n<p><b>El hombre que vio demasiado. <\/b>As\u00ed se llam\u00f3 el documental dirigido por la alemana Trisha Ziff, que retrata la fragilidad de un hombre obsesionado con fotografiar el accidente y que descubri\u00f3 que el destino de otros era su manera de conectarse con la vida.<\/p>\n<p>&nbsp;<\/p>\n<p><iframe loading=\"lazy\" title=\"EL HOMBRE QUE VIO DEMASIADO  de Trisha Ziff | Entrevista\" width=\"1170\" height=\"658\" src=\"https:\/\/www.youtube.com\/embed\/OnJgE8JlVAA?feature=oembed\" frameborder=\"0\" allow=\"accelerometer; autoplay; clipboard-write; encrypted-media; gyroscope; picture-in-picture\" allowfullscreen><\/iframe><\/p>\n","protected":false},"excerpt":{"rendered":"<p>&#8220;El Ni\u00f1o&#8221; y &#8220;El hombre que vio demasiado&#8221;, as\u00ed se le conoc\u00eda a Enrique Metinides, legendario fot\u00f3grafo de la nota roja en M\u00e9xico, quien falleci\u00f3 a los 88 a\u00f1os de edad. Conoce a este c\u00e9lebre fot\u00f3grafo callejero, quien inmortaliz\u00f3 con su lente terremotos, balaceras, explosiones, accidentes, atropellamientos, asaltos, suicidios, asesinatos y cr\u00edmenes pasionales. Mexicano a causa de la guerra. Sus padres eran griegos, vinieron a la M\u00e9xico a pasar su luna de miel, pero no pudieron regresar a Grecia por el estallido de la Segunda Guerra Mundial. Lo bautizaron como Jaralambos Enrique Metinides Tsironides y naci\u00f3 en la colonia Guerrero<\/p>\n","protected":false},"author":9,"featured_media":9831,"comment_status":"open","ping_status":"open","sticky":false,"template":"","format":"standard","meta":{"_jetpack_memberships_contains_paid_content":false,"footnotes":""},"categories":[1],"tags":[2008,2009,2010,86,2011,281],"class_list":["post-9830","post","type-post","status-publish","format-standard","has-post-thumbnail","hentry","category-ay-goeeee","tag-el-nino","tag-el-hombre-que-vio-demasiado","tag-enrique-metinides","tag-fotografia","tag-la-prensa","tag-muerte"],"yoast_head":"<!-- This site is optimized with the Yoast SEO plugin v26.7 - https:\/\/yoast.com\/wordpress\/plugins\/seo\/ -->\n<title>Enrique Metinides, fot\u00f3grafo mexicano que convivi\u00f3 con la muerte - So Close<\/title>\n<meta name=\"robots\" content=\"index, follow, max-snippet:-1, max-image-preview:large, max-video-preview:-1\" \/>\n<link rel=\"canonical\" href=\"https:\/\/soclose.mx\/blog\/tag\/juan-rulfo-frases-mujeres\/\" \/>\n<meta property=\"og:locale\" content=\"es_MX\" \/>\n<meta property=\"og:type\" content=\"article\" \/>\n<meta property=\"og:title\" content=\"Enrique Metinides, fot\u00f3grafo mexicano que convivi\u00f3 con la muerte - So Close\" \/>\n<meta property=\"og:description\" content=\"&#8220;El Ni\u00f1o&#8221; y &#8220;El hombre que vio demasiado&#8221;, as\u00ed se le conoc\u00eda a Enrique Metinides, legendario fot\u00f3grafo de la nota roja en M\u00e9xico, quien falleci\u00f3 a los 88 a\u00f1os de edad. Conoce a este c\u00e9lebre fot\u00f3grafo callejero, quien inmortaliz\u00f3 con su lente terremotos, balaceras, explosiones, accidentes, atropellamientos, asaltos, suicidios, asesinatos y cr\u00edmenes pasionales. Mexicano a causa de la guerra. Sus padres eran griegos, vinieron a la M\u00e9xico a pasar su luna de miel, pero no pudieron regresar a Grecia por el estallido de la Segunda Guerra Mundial. Lo bautizaron como Jaralambos Enrique Metinides Tsironides y naci\u00f3 en la colonia Guerrero\" \/>\n<meta property=\"og:url\" content=\"https:\/\/soclose.mx\/blog\/tag\/juan-rulfo-frases-mujeres\/\" \/>\n<meta property=\"og:site_name\" content=\"So Close\" \/>\n<meta property=\"article:published_time\" content=\"2022-05-13T01:00:14+00:00\" \/>\n<meta property=\"article:modified_time\" content=\"2022-05-13T01:06:24+00:00\" \/>\n<meta property=\"og:image\" content=\"https:\/\/i0.wp.com\/soclose.mx\/blog\/wp-content\/uploads\/2022\/05\/pexels-koolshooters-6494959-scaled.jpg?fit=2560%2C1707&ssl=1\" \/>\n\t<meta property=\"og:image:width\" content=\"2560\" \/>\n\t<meta property=\"og:image:height\" content=\"1707\" \/>\n\t<meta property=\"og:image:type\" content=\"image\/jpeg\" \/>\n<meta name=\"author\" content=\"Daniel Ram\u00edrez\" \/>\n<meta name=\"twitter:card\" content=\"summary_large_image\" \/>\n<meta name=\"twitter:label1\" content=\"Escrito por\" \/>\n\t<meta name=\"twitter:data1\" content=\"Daniel Ram\u00edrez\" \/>\n\t<meta name=\"twitter:label2\" content=\"Tiempo de lectura\" \/>\n\t<meta name=\"twitter:data2\" content=\"2 minutos\" \/>\n<script type=\"application\/ld+json\" class=\"yoast-schema-graph\">{\"@context\":\"https:\/\/schema.org\",\"@graph\":[{\"@type\":\"Article\",\"@id\":\"https:\/\/soclose.mx\/blog\/tag\/juan-rulfo-frases-mujeres\/#article\",\"isPartOf\":{\"@id\":\"https:\/\/soclose.mx\/blog\/tag\/juan-rulfo-frases-mujeres\/\"},\"author\":{\"name\":\"Daniel Ram\u00edrez\",\"@id\":\"https:\/\/soclose.mx\/blog\/#\/schema\/person\/54cd06c3a8cdc01a80c08725278aff88\"},\"headline\":\"Enrique Metinides, fot\u00f3grafo mexicano que convivi\u00f3 con la muerte\",\"datePublished\":\"2022-05-13T01:00:14+00:00\",\"dateModified\":\"2022-05-13T01:06:24+00:00\",\"mainEntityOfPage\":{\"@id\":\"https:\/\/soclose.mx\/blog\/tag\/juan-rulfo-frases-mujeres\/\"},\"wordCount\":307,\"commentCount\":0,\"publisher\":{\"@id\":\"https:\/\/soclose.mx\/blog\/#organization\"},\"image\":{\"@id\":\"https:\/\/soclose.mx\/blog\/tag\/juan-rulfo-frases-mujeres\/#primaryimage\"},\"thumbnailUrl\":\"https:\/\/i0.wp.com\/soclose.mx\/blog\/wp-content\/uploads\/2022\/05\/pexels-koolshooters-6494959-scaled.jpg?fit=2560%2C1707&ssl=1\",\"keywords\":[\"\\\"El Ni\u00f1o\",\"El hombre que vio demasiado\",\"Enrique Metinides\",\"fotografia\",\"la prensa\",\"muerte\"],\"articleSection\":[\"\u00a1Ay goeeee!\"],\"inLanguage\":\"es\",\"potentialAction\":[{\"@type\":\"CommentAction\",\"name\":\"Comment\",\"target\":[\"https:\/\/soclose.mx\/blog\/tag\/juan-rulfo-frases-mujeres\/#respond\"]}]},{\"@type\":\"WebPage\",\"@id\":\"https:\/\/soclose.mx\/blog\/tag\/juan-rulfo-frases-mujeres\/\",\"url\":\"https:\/\/soclose.mx\/blog\/tag\/juan-rulfo-frases-mujeres\/\",\"name\":\"Enrique Metinides, fot\u00f3grafo mexicano que convivi\u00f3 con la muerte - So Close\",\"isPartOf\":{\"@id\":\"https:\/\/soclose.mx\/blog\/#website\"},\"primaryImageOfPage\":{\"@id\":\"https:\/\/soclose.mx\/blog\/tag\/juan-rulfo-frases-mujeres\/#primaryimage\"},\"image\":{\"@id\":\"https:\/\/soclose.mx\/blog\/tag\/juan-rulfo-frases-mujeres\/#primaryimage\"},\"thumbnailUrl\":\"https:\/\/i0.wp.com\/soclose.mx\/blog\/wp-content\/uploads\/2022\/05\/pexels-koolshooters-6494959-scaled.jpg?fit=2560%2C1707&ssl=1\",\"datePublished\":\"2022-05-13T01:00:14+00:00\",\"dateModified\":\"2022-05-13T01:06:24+00:00\",\"breadcrumb\":{\"@id\":\"https:\/\/soclose.mx\/blog\/tag\/juan-rulfo-frases-mujeres\/#breadcrumb\"},\"inLanguage\":\"es\",\"potentialAction\":[{\"@type\":\"ReadAction\",\"target\":[\"https:\/\/soclose.mx\/blog\/tag\/juan-rulfo-frases-mujeres\/\"]}]},{\"@type\":\"ImageObject\",\"inLanguage\":\"es\",\"@id\":\"https:\/\/soclose.mx\/blog\/tag\/juan-rulfo-frases-mujeres\/#primaryimage\",\"url\":\"https:\/\/i0.wp.com\/soclose.mx\/blog\/wp-content\/uploads\/2022\/05\/pexels-koolshooters-6494959-scaled.jpg?fit=2560%2C1707&ssl=1\",\"contentUrl\":\"https:\/\/i0.wp.com\/soclose.mx\/blog\/wp-content\/uploads\/2022\/05\/pexels-koolshooters-6494959-scaled.jpg?fit=2560%2C1707&ssl=1\",\"width\":2560,\"height\":1707},{\"@type\":\"BreadcrumbList\",\"@id\":\"https:\/\/soclose.mx\/blog\/tag\/juan-rulfo-frases-mujeres\/#breadcrumb\",\"itemListElement\":[{\"@type\":\"ListItem\",\"position\":1,\"name\":\"Inicio\",\"item\":\"https:\/\/soclose.mx\/blog\/\"},{\"@type\":\"ListItem\",\"position\":2,\"name\":\"Enrique Metinides, fot\u00f3grafo mexicano que convivi\u00f3 con la muerte\"}]},{\"@type\":\"WebSite\",\"@id\":\"https:\/\/soclose.mx\/blog\/#website\",\"url\":\"https:\/\/soclose.mx\/blog\/\",\"name\":\"So Close\",\"description\":\"Hacemos contenidos de M\u00e9xico\",\"publisher\":{\"@id\":\"https:\/\/soclose.mx\/blog\/#organization\"},\"potentialAction\":[{\"@type\":\"SearchAction\",\"target\":{\"@type\":\"EntryPoint\",\"urlTemplate\":\"https:\/\/soclose.mx\/blog\/?s={search_term_string}\"},\"query-input\":{\"@type\":\"PropertyValueSpecification\",\"valueRequired\":true,\"valueName\":\"search_term_string\"}}],\"inLanguage\":\"es\"},{\"@type\":\"Organization\",\"@id\":\"https:\/\/soclose.mx\/blog\/#organization\",\"name\":\"So Close\",\"url\":\"https:\/\/soclose.mx\/blog\/\",\"logo\":{\"@type\":\"ImageObject\",\"inLanguage\":\"es\",\"@id\":\"https:\/\/soclose.mx\/blog\/#\/schema\/logo\/image\/\",\"url\":\"https:\/\/i0.wp.com\/soclose.mx\/blog\/wp-content\/uploads\/2020\/12\/LOGO_SOCLOSE_COLOR-e1608310133507.png?fit=2858%2C1264&ssl=1\",\"contentUrl\":\"https:\/\/i0.wp.com\/soclose.mx\/blog\/wp-content\/uploads\/2020\/12\/LOGO_SOCLOSE_COLOR-e1608310133507.png?fit=2858%2C1264&ssl=1\",\"width\":2858,\"height\":1264,\"caption\":\"So Close\"},\"image\":{\"@id\":\"https:\/\/soclose.mx\/blog\/#\/schema\/logo\/image\/\"}},{\"@type\":\"Person\",\"@id\":\"https:\/\/soclose.mx\/blog\/#\/schema\/person\/54cd06c3a8cdc01a80c08725278aff88\",\"name\":\"Daniel Ram\u00edrez\",\"image\":{\"@type\":\"ImageObject\",\"inLanguage\":\"es\",\"@id\":\"https:\/\/soclose.mx\/blog\/#\/schema\/person\/image\/\",\"url\":\"https:\/\/secure.gravatar.com\/avatar\/74af6012f2e898d2be93cf32e26b59a2c9489743c9ca6270d7848b44edd7d272?s=96&d=mm&r=g\",\"contentUrl\":\"https:\/\/secure.gravatar.com\/avatar\/74af6012f2e898d2be93cf32e26b59a2c9489743c9ca6270d7848b44edd7d272?s=96&d=mm&r=g\",\"caption\":\"Daniel Ram\u00edrez\"},\"url\":\"https:\/\/soclose.mx\/blog\/author\/peter\/\"}]}<\/script>\n<!-- \/ Yoast SEO plugin. -->","yoast_head_json":{"title":"Enrique Metinides, fot\u00f3grafo mexicano que convivi\u00f3 con la muerte - So Close","robots":{"index":"index","follow":"follow","max-snippet":"max-snippet:-1","max-image-preview":"max-image-preview:large","max-video-preview":"max-video-preview:-1"},"canonical":"https:\/\/soclose.mx\/blog\/tag\/juan-rulfo-frases-mujeres\/","og_locale":"es_MX","og_type":"article","og_title":"Enrique Metinides, fot\u00f3grafo mexicano que convivi\u00f3 con la muerte - So Close","og_description":"&#8220;El Ni\u00f1o&#8221; y &#8220;El hombre que vio demasiado&#8221;, as\u00ed se le conoc\u00eda a Enrique Metinides, legendario fot\u00f3grafo de la nota roja en M\u00e9xico, quien falleci\u00f3 a los 88 a\u00f1os de edad. Conoce a este c\u00e9lebre fot\u00f3grafo callejero, quien inmortaliz\u00f3 con su lente terremotos, balaceras, explosiones, accidentes, atropellamientos, asaltos, suicidios, asesinatos y cr\u00edmenes pasionales. Mexicano a causa de la guerra. Sus padres eran griegos, vinieron a la M\u00e9xico a pasar su luna de miel, pero no pudieron regresar a Grecia por el estallido de la Segunda Guerra Mundial. Lo bautizaron como Jaralambos Enrique Metinides Tsironides y naci\u00f3 en la colonia Guerrero","og_url":"https:\/\/soclose.mx\/blog\/tag\/juan-rulfo-frases-mujeres\/","og_site_name":"So Close","article_published_time":"2022-05-13T01:00:14+00:00","article_modified_time":"2022-05-13T01:06:24+00:00","og_image":[{"width":2560,"height":1707,"url":"https:\/\/i0.wp.com\/soclose.mx\/blog\/wp-content\/uploads\/2022\/05\/pexels-koolshooters-6494959-scaled.jpg?fit=2560%2C1707&ssl=1","type":"image\/jpeg"}],"author":"Daniel Ram\u00edrez","twitter_card":"summary_large_image","twitter_misc":{"Escrito por":"Daniel Ram\u00edrez","Tiempo de lectura":"2 minutos"},"schema":{"@context":"https:\/\/schema.org","@graph":[{"@type":"Article","@id":"https:\/\/soclose.mx\/blog\/tag\/juan-rulfo-frases-mujeres\/#article","isPartOf":{"@id":"https:\/\/soclose.mx\/blog\/tag\/juan-rulfo-frases-mujeres\/"},"author":{"name":"Daniel Ram\u00edrez","@id":"https:\/\/soclose.mx\/blog\/#\/schema\/person\/54cd06c3a8cdc01a80c08725278aff88"},"headline":"Enrique Metinides, fot\u00f3grafo mexicano que convivi\u00f3 con la muerte","datePublished":"2022-05-13T01:00:14+00:00","dateModified":"2022-05-13T01:06:24+00:00","mainEntityOfPage":{"@id":"https:\/\/soclose.mx\/blog\/tag\/juan-rulfo-frases-mujeres\/"},"wordCount":307,"commentCount":0,"publisher":{"@id":"https:\/\/soclose.mx\/blog\/#organization"},"image":{"@id":"https:\/\/soclose.mx\/blog\/tag\/juan-rulfo-frases-mujeres\/#primaryimage"},"thumbnailUrl":"https:\/\/i0.wp.com\/soclose.mx\/blog\/wp-content\/uploads\/2022\/05\/pexels-koolshooters-6494959-scaled.jpg?fit=2560%2C1707&ssl=1","keywords":["\"El Ni\u00f1o","El hombre que vio demasiado","Enrique Metinides","fotografia","la prensa","muerte"],"articleSection":["\u00a1Ay goeeee!"],"inLanguage":"es","potentialAction":[{"@type":"CommentAction","name":"Comment","target":["https:\/\/soclose.mx\/blog\/tag\/juan-rulfo-frases-mujeres\/#respond"]}]},{"@type":"WebPage","@id":"https:\/\/soclose.mx\/blog\/tag\/juan-rulfo-frases-mujeres\/","url":"https:\/\/soclose.mx\/blog\/tag\/juan-rulfo-frases-mujeres\/","name":"Enrique Metinides, fot\u00f3grafo mexicano que convivi\u00f3 con la muerte - So Close","isPartOf":{"@id":"https:\/\/soclose.mx\/blog\/#website"},"primaryImageOfPage":{"@id":"https:\/\/soclose.mx\/blog\/tag\/juan-rulfo-frases-mujeres\/#primaryimage"},"image":{"@id":"https:\/\/soclose.mx\/blog\/tag\/juan-rulfo-frases-mujeres\/#primaryimage"},"thumbnailUrl":"https:\/\/i0.wp.com\/soclose.mx\/blog\/wp-content\/uploads\/2022\/05\/pexels-koolshooters-6494959-scaled.jpg?fit=2560%2C1707&ssl=1","datePublished":"2022-05-13T01:00:14+00:00","dateModified":"2022-05-13T01:06:24+00:00","breadcrumb":{"@id":"https:\/\/soclose.mx\/blog\/tag\/juan-rulfo-frases-mujeres\/#breadcrumb"},"inLanguage":"es","potentialAction":[{"@type":"ReadAction","target":["https:\/\/soclose.mx\/blog\/tag\/juan-rulfo-frases-mujeres\/"]}]},{"@type":"ImageObject","inLanguage":"es","@id":"https:\/\/soclose.mx\/blog\/tag\/juan-rulfo-frases-mujeres\/#primaryimage","url":"https:\/\/i0.wp.com\/soclose.mx\/blog\/wp-content\/uploads\/2022\/05\/pexels-koolshooters-6494959-scaled.jpg?fit=2560%2C1707&ssl=1","contentUrl":"https:\/\/i0.wp.com\/soclose.mx\/blog\/wp-content\/uploads\/2022\/05\/pexels-koolshooters-6494959-scaled.jpg?fit=2560%2C1707&ssl=1","width":2560,"height":1707},{"@type":"BreadcrumbList","@id":"https:\/\/soclose.mx\/blog\/tag\/juan-rulfo-frases-mujeres\/#breadcrumb","itemListElement":[{"@type":"ListItem","position":1,"name":"Inicio","item":"https:\/\/soclose.mx\/blog\/"},{"@type":"ListItem","position":2,"name":"Enrique Metinides, fot\u00f3grafo mexicano que convivi\u00f3 con la muerte"}]},{"@type":"WebSite","@id":"https:\/\/soclose.mx\/blog\/#website","url":"https:\/\/soclose.mx\/blog\/","name":"So Close","description":"Hacemos contenidos de M\u00e9xico","publisher":{"@id":"https:\/\/soclose.mx\/blog\/#organization"},"potentialAction":[{"@type":"SearchAction","target":{"@type":"EntryPoint","urlTemplate":"https:\/\/soclose.mx\/blog\/?s={search_term_string}"},"query-input":{"@type":"PropertyValueSpecification","valueRequired":true,"valueName":"search_term_string"}}],"inLanguage":"es"},{"@type":"Organization","@id":"https:\/\/soclose.mx\/blog\/#organization","name":"So Close","url":"https:\/\/soclose.mx\/blog\/","logo":{"@type":"ImageObject","inLanguage":"es","@id":"https:\/\/soclose.mx\/blog\/#\/schema\/logo\/image\/","url":"https:\/\/i0.wp.com\/soclose.mx\/blog\/wp-content\/uploads\/2020\/12\/LOGO_SOCLOSE_COLOR-e1608310133507.png?fit=2858%2C1264&ssl=1","contentUrl":"https:\/\/i0.wp.com\/soclose.mx\/blog\/wp-content\/uploads\/2020\/12\/LOGO_SOCLOSE_COLOR-e1608310133507.png?fit=2858%2C1264&ssl=1","width":2858,"height":1264,"caption":"So Close"},"image":{"@id":"https:\/\/soclose.mx\/blog\/#\/schema\/logo\/image\/"}},{"@type":"Person","@id":"https:\/\/soclose.mx\/blog\/#\/schema\/person\/54cd06c3a8cdc01a80c08725278aff88","name":"Daniel Ram\u00edrez","image":{"@type":"ImageObject","inLanguage":"es","@id":"https:\/\/soclose.mx\/blog\/#\/schema\/person\/image\/","url":"https:\/\/secure.gravatar.com\/avatar\/74af6012f2e898d2be93cf32e26b59a2c9489743c9ca6270d7848b44edd7d272?s=96&d=mm&r=g","contentUrl":"https:\/\/secure.gravatar.com\/avatar\/74af6012f2e898d2be93cf32e26b59a2c9489743c9ca6270d7848b44edd7d272?s=96&d=mm&r=g","caption":"Daniel Ram\u00edrez"},"url":"https:\/\/soclose.mx\/blog\/author\/peter\/"}]}},"jetpack_featured_media_url":"https:\/\/i0.wp.com\/soclose.mx\/blog\/wp-content\/uploads\/2022\/05\/pexels-koolshooters-6494959-scaled.jpg?fit=2560%2C1707&ssl=1","jetpack-related-posts":[{"id":10649,"url":"https:\/\/soclose.mx\/blog\/ay-goeeee\/lourdes-grobet-la-fotografa-mexicana-que-dedico-su-vida-a-la-lucha-libre\/","url_meta":{"origin":9830,"position":0},"title":"Lourdes Grobet, la fot\u00f3grafa mexicana que dedic\u00f3 su vida a la Lucha Libre","author":"Daniel Ram\u00edrez","date":"20 julio, 2022","format":false,"excerpt":"Lourdes Gorbet dej\u00f3 el plano terrenal y se llev\u00f3 las memorias de infinidad de combates de Lucha Libre que pudo disfrutar. El cuadril\u00e1tero era su lugar favorito, su hogar y su vida entera. El 15 de julio de 2022 a los 81 a\u00f1os de edad, falleci\u00f3 la fot\u00f3grafa mexicana m\u00e1s\u2026","rel":"","context":"En &quot;\u00a1Ay goeeee!&quot;","block_context":{"text":"\u00a1Ay goeeee!","link":"https:\/\/soclose.mx\/blog\/category\/ay-goeeee\/"},"img":{"alt_text":"","src":"https:\/\/i0.wp.com\/soclose.mx\/blog\/wp-content\/uploads\/2022\/07\/lourdes-grobet.jpg?fit=1200%2C675&ssl=1&resize=350%2C200","width":350,"height":200,"srcset":"https:\/\/i0.wp.com\/soclose.mx\/blog\/wp-content\/uploads\/2022\/07\/lourdes-grobet.jpg?fit=1200%2C675&ssl=1&resize=350%2C200 1x, https:\/\/i0.wp.com\/soclose.mx\/blog\/wp-content\/uploads\/2022\/07\/lourdes-grobet.jpg?fit=1200%2C675&ssl=1&resize=525%2C300 1.5x, https:\/\/i0.wp.com\/soclose.mx\/blog\/wp-content\/uploads\/2022\/07\/lourdes-grobet.jpg?fit=1200%2C675&ssl=1&resize=700%2C400 2x, https:\/\/i0.wp.com\/soclose.mx\/blog\/wp-content\/uploads\/2022\/07\/lourdes-grobet.jpg?fit=1200%2C675&ssl=1&resize=1050%2C600 3x"},"classes":[]},{"id":7611,"url":"https:\/\/soclose.mx\/blog\/ay-goeeee\/ella-es-karen-vega-la-primera-modelo-oaxaquena-de-vogue\/","url_meta":{"origin":9830,"position":1},"title":"Ella es Karen Vega, la primera modelo oaxaque\u00f1a de Vogue","author":"Miguel Angel Romero","date":"28 octubre, 2021","format":false,"excerpt":"Aparece Karen Vega, la primera modelo oaxaque\u00f1a en protagonizar la portada de la revista Vogue, edici\u00f3n M\u00e9xico y Latinoam\u00e9rica, y\u00a0 ya hace historia. Porque considerando que\u00a0 firmas internacionales han trabajado en est\u00e1ndares de belleza tradicionales, al mismo tiempo va abriendo paso a la diversidad y el carisma de Karen es\u2026","rel":"","context":"En &quot;\u00a1Ay goeeee!&quot;","block_context":{"text":"\u00a1Ay goeeee!","link":"https:\/\/soclose.mx\/blog\/category\/ay-goeeee\/"},"img":{"alt_text":"","src":"https:\/\/i0.wp.com\/soclose.mx\/blog\/wp-content\/uploads\/2021\/10\/Copia-de-Principal-So-Close-blog-20.png?fit=1200%2C677&ssl=1&resize=350%2C200","width":350,"height":200,"srcset":"https:\/\/i0.wp.com\/soclose.mx\/blog\/wp-content\/uploads\/2021\/10\/Copia-de-Principal-So-Close-blog-20.png?fit=1200%2C677&ssl=1&resize=350%2C200 1x, https:\/\/i0.wp.com\/soclose.mx\/blog\/wp-content\/uploads\/2021\/10\/Copia-de-Principal-So-Close-blog-20.png?fit=1200%2C677&ssl=1&resize=525%2C300 1.5x, https:\/\/i0.wp.com\/soclose.mx\/blog\/wp-content\/uploads\/2021\/10\/Copia-de-Principal-So-Close-blog-20.png?fit=1200%2C677&ssl=1&resize=700%2C400 2x, https:\/\/i0.wp.com\/soclose.mx\/blog\/wp-content\/uploads\/2021\/10\/Copia-de-Principal-So-Close-blog-20.png?fit=1200%2C677&ssl=1&resize=1050%2C600 3x"},"classes":[]},{"id":4790,"url":"https:\/\/soclose.mx\/blog\/ay-goeeee\/ella-es-daniela-soto-innes-la-mexicana-nombrada-como-la-mejor-chef-del-mundo-2019\/","url_meta":{"origin":9830,"position":2},"title":"La historia de Daniela Soto-Innes, la mexicana que un d\u00eda fue nombrada la mejor chef del mundo 2019","author":"So Close","date":"22 agosto, 2019","format":false,"excerpt":"Con tan solo 28 a\u00f1os de edad, Daniela Soto-Innes se convirti\u00f3 en la primera mexicana (y la m\u00e1s joven) en ser nombrada como The World's Best Female Chef por el The World's 50 Best Restaurants 2019. Daniela agradeci\u00f3 a trav\u00e9s de su cuenta de Instagram a su familia, al equipo\u2026","rel":"","context":"En &quot;\u00a1Ay goeeee!&quot;","block_context":{"text":"\u00a1Ay goeeee!","link":"https:\/\/soclose.mx\/blog\/category\/ay-goeeee\/"},"img":{"alt_text":"","src":"https:\/\/i0.wp.com\/soclose.mx\/blog\/wp-content\/uploads\/2019\/04\/Captura-de-pantalla-2019-04-26-a-las-19.16.05.png?fit=659%2C440&ssl=1&resize=350%2C200","width":350,"height":200,"srcset":"https:\/\/i0.wp.com\/soclose.mx\/blog\/wp-content\/uploads\/2019\/04\/Captura-de-pantalla-2019-04-26-a-las-19.16.05.png?fit=659%2C440&ssl=1&resize=350%2C200 1x, https:\/\/i0.wp.com\/soclose.mx\/blog\/wp-content\/uploads\/2019\/04\/Captura-de-pantalla-2019-04-26-a-las-19.16.05.png?fit=659%2C440&ssl=1&resize=525%2C300 1.5x"},"classes":[]},{"id":7620,"url":"https:\/\/soclose.mx\/blog\/ay-goeeee\/el-extrano-caso-del-nino-mexicano-que-movia-objetos-con-la-mente\/","url_meta":{"origin":9830,"position":3},"title":"El extra\u00f1o caso del ni\u00f1o mexicano que mov\u00eda objetos con la mente","author":"Miguel Angel Romero","date":"12 noviembre, 2021","format":false,"excerpt":"As\u00ed es, en mayo de 1938, para ser exactos, el quinto d\u00eda del mes, el peri\u00f3dico\u00a0La Prensa dio a conocer este incre\u00edble caso de un ni\u00f1o mexicano que mov\u00eda objetos con la mente. Desarrollado en el 48 de la calle H\u00e9roes de Churubusco, de la Ciudad de M\u00e9xico, Constantina y\u2026","rel":"","context":"En &quot;\u00a1Ay goeeee!&quot;","block_context":{"text":"\u00a1Ay goeeee!","link":"https:\/\/soclose.mx\/blog\/category\/ay-goeeee\/"},"img":{"alt_text":"","src":"https:\/\/i0.wp.com\/soclose.mx\/blog\/wp-content\/uploads\/2021\/10\/Copia-de-Principal-So-Close-blog-2-3.png?fit=1200%2C677&ssl=1&resize=350%2C200","width":350,"height":200,"srcset":"https:\/\/i0.wp.com\/soclose.mx\/blog\/wp-content\/uploads\/2021\/10\/Copia-de-Principal-So-Close-blog-2-3.png?fit=1200%2C677&ssl=1&resize=350%2C200 1x, https:\/\/i0.wp.com\/soclose.mx\/blog\/wp-content\/uploads\/2021\/10\/Copia-de-Principal-So-Close-blog-2-3.png?fit=1200%2C677&ssl=1&resize=525%2C300 1.5x, https:\/\/i0.wp.com\/soclose.mx\/blog\/wp-content\/uploads\/2021\/10\/Copia-de-Principal-So-Close-blog-2-3.png?fit=1200%2C677&ssl=1&resize=700%2C400 2x, https:\/\/i0.wp.com\/soclose.mx\/blog\/wp-content\/uploads\/2021\/10\/Copia-de-Principal-So-Close-blog-2-3.png?fit=1200%2C677&ssl=1&resize=1050%2C600 3x"},"classes":[]},{"id":8105,"url":"https:\/\/soclose.mx\/blog\/news-feed\/los-mexicanos-que-se-fueron-al-mictlan-en-el-2021\/","url_meta":{"origin":9830,"position":4},"title":"Los mexicanos que se fueron al Mictl\u00e1n en el 2021","author":"Miguel Angel Romero","date":"24 diciembre, 2021","format":false,"excerpt":"Este 2021 y para siempre, no hay mejor manera que reconocer a quienes nos dejaron este a\u00f1o y por eso, te enlistamos a algunos famosos que se nos adelantaron... El cantante Vicente Fern\u00e1ndez\u00a0muri\u00f3 el pasado 12 de diciembre a las 6:15 de la ma\u00f1ana, a los 81 a\u00f1os, tras complicarse\u2026","rel":"","context":"En &quot;News feed&quot;","block_context":{"text":"News feed","link":"https:\/\/soclose.mx\/blog\/category\/news-feed\/"},"img":{"alt_text":"","src":"https:\/\/i0.wp.com\/soclose.mx\/blog\/wp-content\/uploads\/2021\/12\/Copia-de-Principal-So-Close-blog-3-4.png?fit=1200%2C677&ssl=1&resize=350%2C200","width":350,"height":200,"srcset":"https:\/\/i0.wp.com\/soclose.mx\/blog\/wp-content\/uploads\/2021\/12\/Copia-de-Principal-So-Close-blog-3-4.png?fit=1200%2C677&ssl=1&resize=350%2C200 1x, https:\/\/i0.wp.com\/soclose.mx\/blog\/wp-content\/uploads\/2021\/12\/Copia-de-Principal-So-Close-blog-3-4.png?fit=1200%2C677&ssl=1&resize=525%2C300 1.5x, https:\/\/i0.wp.com\/soclose.mx\/blog\/wp-content\/uploads\/2021\/12\/Copia-de-Principal-So-Close-blog-3-4.png?fit=1200%2C677&ssl=1&resize=700%2C400 2x, https:\/\/i0.wp.com\/soclose.mx\/blog\/wp-content\/uploads\/2021\/12\/Copia-de-Principal-So-Close-blog-3-4.png?fit=1200%2C677&ssl=1&resize=1050%2C600 3x"},"classes":[]},{"id":7693,"url":"https:\/\/soclose.mx\/blog\/ay-goeeee\/top-5-peliculas-de-terror-mexicanas\/","url_meta":{"origin":9830,"position":5},"title":"Top 5: Pel\u00edculas de terror mexicanas","author":"Miguel Angel Romero","date":"2 noviembre, 2021","format":false,"excerpt":"Los mexicanos hemos adaptado a la muerte como parte de nuestra cultura y puede ser la raz\u00f3n por la fascinaci\u00f3n por las pel\u00edculas de terror. Es por eso que en esta ocasi\u00f3n te compartimos 5 filmes que se han adentrado en nuestra psique para emocionarnos, inquietarnos y hasta gritar m\u00e1s\u2026","rel":"","context":"En &quot;\u00a1Ay goeeee!&quot;","block_context":{"text":"\u00a1Ay goeeee!","link":"https:\/\/soclose.mx\/blog\/category\/ay-goeeee\/"},"img":{"alt_text":"","src":"https:\/\/i0.wp.com\/soclose.mx\/blog\/wp-content\/uploads\/2021\/11\/Copia-de-Principal-So-Close-blog-8.png?fit=1200%2C677&ssl=1&resize=350%2C200","width":350,"height":200,"srcset":"https:\/\/i0.wp.com\/soclose.mx\/blog\/wp-content\/uploads\/2021\/11\/Copia-de-Principal-So-Close-blog-8.png?fit=1200%2C677&ssl=1&resize=350%2C200 1x, https:\/\/i0.wp.com\/soclose.mx\/blog\/wp-content\/uploads\/2021\/11\/Copia-de-Principal-So-Close-blog-8.png?fit=1200%2C677&ssl=1&resize=525%2C300 1.5x, https:\/\/i0.wp.com\/soclose.mx\/blog\/wp-content\/uploads\/2021\/11\/Copia-de-Principal-So-Close-blog-8.png?fit=1200%2C677&ssl=1&resize=700%2C400 2x, https:\/\/i0.wp.com\/soclose.mx\/blog\/wp-content\/uploads\/2021\/11\/Copia-de-Principal-So-Close-blog-8.png?fit=1200%2C677&ssl=1&resize=1050%2C600 3x"},"classes":[]}],"jetpack_sharing_enabled":true,"_links":{"self":[{"href":"https:\/\/soclose.mx\/blog\/wp-json\/wp\/v2\/posts\/9830","targetHints":{"allow":["GET"]}}],"collection":[{"href":"https:\/\/soclose.mx\/blog\/wp-json\/wp\/v2\/posts"}],"about":[{"href":"https:\/\/soclose.mx\/blog\/wp-json\/wp\/v2\/types\/post"}],"author":[{"embeddable":true,"href":"https:\/\/soclose.mx\/blog\/wp-json\/wp\/v2\/users\/9"}],"replies":[{"embeddable":true,"href":"https:\/\/soclose.mx\/blog\/wp-json\/wp\/v2\/comments?post=9830"}],"version-history":[{"count":0,"href":"https:\/\/soclose.mx\/blog\/wp-json\/wp\/v2\/posts\/9830\/revisions"}],"wp:featuredmedia":[{"embeddable":true,"href":"https:\/\/soclose.mx\/blog\/wp-json\/wp\/v2\/media\/9831"}],"wp:attachment":[{"href":"https:\/\/soclose.mx\/blog\/wp-json\/wp\/v2\/media?parent=9830"}],"wp:term":[{"taxonomy":"category","embeddable":true,"href":"https:\/\/soclose.mx\/blog\/wp-json\/wp\/v2\/categories?post=9830"},{"taxonomy":"post_tag","embeddable":true,"href":"https:\/\/soclose.mx\/blog\/wp-json\/wp\/v2\/tags?post=9830"}],"curies":[{"name":"wp","href":"https:\/\/api.w.org\/{rel}","templated":true}]}}