{"id":9877,"date":"2022-05-17T18:13:03","date_gmt":"2022-05-17T23:13:03","guid":{"rendered":"https:\/\/soclose.mx\/blog\/?p=9877"},"modified":"2022-05-17T18:13:03","modified_gmt":"2022-05-17T23:13:03","slug":"estudiante-mexicana-elegida-por-la-nasa-para-proyecto-lunar","status":"publish","type":"post","link":"https:\/\/soclose.mx\/blog\/a-la-mexicana\/estudiante-mexicana-elegida-por-la-nasa-para-proyecto-lunar\/","title":{"rendered":"Estudiante mexicana, elegida por la NASA para proyecto lunar"},"content":{"rendered":"<p>No cabe duda que el talento mexicano rebasa fronteras y si es apoyado, es capaz de llegar a cualquier lugar, incluida la luna.<\/p>\n<p>Y eso es lo que har\u00e1 <strong>Zitlally Balbuena Feria<\/strong>, <a href=\"https:\/\/soclose.mx\/blog\/ay-goeeee\/sonorense-recibe-su-titulo-universitario-en-chanclas\/\">estudiante<\/a> de ingenier\u00eda qu\u00edmica de la Facultad de Estudios Superiores Zaragoza de la <strong>UNAM.<\/strong><\/p>\n<p>Su proyecto para eliminar residuos como el di\u00f3xido de carbono y sat\u00e9lites no funcionales en la Luna, a m\u00e1s de 384 mil kil\u00f3metros de distancia, llam\u00f3 la atenci\u00f3n de la <strong>NASA<\/strong> que la eligi\u00f3 para realizar una estancia en el Centro Espacial y de Cohetes en Huntsville, Alabama, Estados Unidos.<\/p>\n<p>Durante su estancia, programada para el oto\u00f1o junto a otros 59 estudiantes de distintos pa\u00edses, recibir\u00e1 adiestramiento de astronauta en flotabilidad neutral y aprender\u00e1 y resolver\u00e1 problemas relacionados con una misi\u00f3n espacial.<\/p>\n<p>Zitlally, \u2018Citlalli\u2019 en n\u00e1huatl, significa \u2018estrella\u2019. \u00bfCoincidencia?<\/p>\n<p>&nbsp;<\/p>\n<p><iframe loading=\"lazy\" title=\"INGENIERA DE LA UNAM VA A CAMPAMENTO ESPACIAL DE LA NASA\" width=\"1170\" height=\"658\" src=\"https:\/\/www.youtube.com\/embed\/c8WDRIyb5Hg?feature=oembed\" frameborder=\"0\" allow=\"accelerometer; autoplay; clipboard-write; encrypted-media; gyroscope; picture-in-picture\" allowfullscreen><\/iframe><\/p>\n","protected":false},"excerpt":{"rendered":"<p>No cabe duda que el talento mexicano rebasa fronteras y si es apoyado, es capaz de llegar a cualquier lugar, incluida la luna. Y eso es lo que har\u00e1 Zitlally Balbuena Feria, estudiante de ingenier\u00eda qu\u00edmica de la Facultad de Estudios Superiores Zaragoza de la UNAM. Su proyecto para eliminar residuos como el di\u00f3xido de carbono y sat\u00e9lites no funcionales en la Luna, a m\u00e1s de 384 mil kil\u00f3metros de distancia, llam\u00f3 la atenci\u00f3n de la NASA que la eligi\u00f3 para realizar una estancia en el Centro Espacial y de Cohetes en Huntsville, Alabama, Estados Unidos. Durante su estancia, programada<\/p>\n","protected":false},"author":9,"featured_media":9878,"comment_status":"open","ping_status":"open","sticky":false,"template":"","format":"standard","meta":{"_jetpack_memberships_contains_paid_content":false,"footnotes":""},"categories":[1778],"tags":[2034,814,331,2033],"class_list":["post-9877","post","type-post","status-publish","format-standard","has-post-thumbnail","hentry","category-a-la-mexicana","tag-fes-zaragoza","tag-nasa","tag-unam","tag-zitlally-balbuena-feria"],"yoast_head":"<!-- This site is optimized with the Yoast SEO plugin v26.7 - https:\/\/yoast.com\/wordpress\/plugins\/seo\/ -->\n<title>Estudiante mexicana, elegida por la NASA para proyecto lunar - So Close<\/title>\n<meta name=\"robots\" content=\"index, follow, max-snippet:-1, max-image-preview:large, max-video-preview:-1\" \/>\n<link rel=\"canonical\" href=\"https:\/\/soclose.mx\/blog\/tag\/juan-rulfo-frases-mujeres\/\" \/>\n<meta property=\"og:locale\" content=\"es_MX\" \/>\n<meta property=\"og:type\" content=\"article\" \/>\n<meta property=\"og:title\" content=\"Estudiante mexicana, elegida por la NASA para proyecto lunar - So Close\" \/>\n<meta property=\"og:description\" content=\"No cabe duda que el talento mexicano rebasa fronteras y si es apoyado, es capaz de llegar a cualquier lugar, incluida la luna. Y eso es lo que har\u00e1 Zitlally Balbuena Feria, estudiante de ingenier\u00eda qu\u00edmica de la Facultad de Estudios Superiores Zaragoza de la UNAM. Su proyecto para eliminar residuos como el di\u00f3xido de carbono y sat\u00e9lites no funcionales en la Luna, a m\u00e1s de 384 mil kil\u00f3metros de distancia, llam\u00f3 la atenci\u00f3n de la NASA que la eligi\u00f3 para realizar una estancia en el Centro Espacial y de Cohetes en Huntsville, Alabama, Estados Unidos. Durante su estancia, programada\" \/>\n<meta property=\"og:url\" content=\"https:\/\/soclose.mx\/blog\/tag\/juan-rulfo-frases-mujeres\/\" \/>\n<meta property=\"og:site_name\" content=\"So Close\" \/>\n<meta property=\"article:published_time\" content=\"2022-05-17T23:13:03+00:00\" \/>\n<meta property=\"og:image\" content=\"https:\/\/i0.wp.com\/soclose.mx\/blog\/wp-content\/uploads\/2022\/05\/zitla.png?fit=803%2C468&ssl=1\" \/>\n\t<meta property=\"og:image:width\" content=\"803\" \/>\n\t<meta property=\"og:image:height\" content=\"468\" \/>\n\t<meta property=\"og:image:type\" content=\"image\/png\" \/>\n<meta name=\"author\" content=\"Daniel Ram\u00edrez\" \/>\n<meta name=\"twitter:card\" content=\"summary_large_image\" \/>\n<meta name=\"twitter:label1\" content=\"Escrito por\" \/>\n\t<meta name=\"twitter:data1\" content=\"Daniel Ram\u00edrez\" \/>\n\t<meta name=\"twitter:label2\" content=\"Tiempo de lectura\" \/>\n\t<meta name=\"twitter:data2\" content=\"1 minuto\" \/>\n<script type=\"application\/ld+json\" class=\"yoast-schema-graph\">{\"@context\":\"https:\/\/schema.org\",\"@graph\":[{\"@type\":\"Article\",\"@id\":\"https:\/\/soclose.mx\/blog\/tag\/juan-rulfo-frases-mujeres\/#article\",\"isPartOf\":{\"@id\":\"https:\/\/soclose.mx\/blog\/tag\/juan-rulfo-frases-mujeres\/\"},\"author\":{\"name\":\"Daniel Ram\u00edrez\",\"@id\":\"https:\/\/soclose.mx\/blog\/#\/schema\/person\/54cd06c3a8cdc01a80c08725278aff88\"},\"headline\":\"Estudiante mexicana, elegida por la NASA para proyecto lunar\",\"datePublished\":\"2022-05-17T23:13:03+00:00\",\"mainEntityOfPage\":{\"@id\":\"https:\/\/soclose.mx\/blog\/tag\/juan-rulfo-frases-mujeres\/\"},\"wordCount\":163,\"commentCount\":0,\"publisher\":{\"@id\":\"https:\/\/soclose.mx\/blog\/#organization\"},\"image\":{\"@id\":\"https:\/\/soclose.mx\/blog\/tag\/juan-rulfo-frases-mujeres\/#primaryimage\"},\"thumbnailUrl\":\"https:\/\/i0.wp.com\/soclose.mx\/blog\/wp-content\/uploads\/2022\/05\/zitla.png?fit=803%2C468&ssl=1\",\"keywords\":[\"fes zaragoza\",\"nasa\",\"unam\",\"Zitlally Balbuena Feria\"],\"articleSection\":[\"A la mexicana\"],\"inLanguage\":\"es\",\"potentialAction\":[{\"@type\":\"CommentAction\",\"name\":\"Comment\",\"target\":[\"https:\/\/soclose.mx\/blog\/tag\/juan-rulfo-frases-mujeres\/#respond\"]}]},{\"@type\":\"WebPage\",\"@id\":\"https:\/\/soclose.mx\/blog\/tag\/juan-rulfo-frases-mujeres\/\",\"url\":\"https:\/\/soclose.mx\/blog\/tag\/juan-rulfo-frases-mujeres\/\",\"name\":\"Estudiante mexicana, elegida por la NASA para proyecto lunar - So Close\",\"isPartOf\":{\"@id\":\"https:\/\/soclose.mx\/blog\/#website\"},\"primaryImageOfPage\":{\"@id\":\"https:\/\/soclose.mx\/blog\/tag\/juan-rulfo-frases-mujeres\/#primaryimage\"},\"image\":{\"@id\":\"https:\/\/soclose.mx\/blog\/tag\/juan-rulfo-frases-mujeres\/#primaryimage\"},\"thumbnailUrl\":\"https:\/\/i0.wp.com\/soclose.mx\/blog\/wp-content\/uploads\/2022\/05\/zitla.png?fit=803%2C468&ssl=1\",\"datePublished\":\"2022-05-17T23:13:03+00:00\",\"breadcrumb\":{\"@id\":\"https:\/\/soclose.mx\/blog\/tag\/juan-rulfo-frases-mujeres\/#breadcrumb\"},\"inLanguage\":\"es\",\"potentialAction\":[{\"@type\":\"ReadAction\",\"target\":[\"https:\/\/soclose.mx\/blog\/tag\/juan-rulfo-frases-mujeres\/\"]}]},{\"@type\":\"ImageObject\",\"inLanguage\":\"es\",\"@id\":\"https:\/\/soclose.mx\/blog\/tag\/juan-rulfo-frases-mujeres\/#primaryimage\",\"url\":\"https:\/\/i0.wp.com\/soclose.mx\/blog\/wp-content\/uploads\/2022\/05\/zitla.png?fit=803%2C468&ssl=1\",\"contentUrl\":\"https:\/\/i0.wp.com\/soclose.mx\/blog\/wp-content\/uploads\/2022\/05\/zitla.png?fit=803%2C468&ssl=1\",\"width\":803,\"height\":468},{\"@type\":\"BreadcrumbList\",\"@id\":\"https:\/\/soclose.mx\/blog\/tag\/juan-rulfo-frases-mujeres\/#breadcrumb\",\"itemListElement\":[{\"@type\":\"ListItem\",\"position\":1,\"name\":\"Inicio\",\"item\":\"https:\/\/soclose.mx\/blog\/\"},{\"@type\":\"ListItem\",\"position\":2,\"name\":\"Estudiante mexicana, elegida por la NASA para proyecto lunar\"}]},{\"@type\":\"WebSite\",\"@id\":\"https:\/\/soclose.mx\/blog\/#website\",\"url\":\"https:\/\/soclose.mx\/blog\/\",\"name\":\"So Close\",\"description\":\"Hacemos contenidos de M\u00e9xico\",\"publisher\":{\"@id\":\"https:\/\/soclose.mx\/blog\/#organization\"},\"potentialAction\":[{\"@type\":\"SearchAction\",\"target\":{\"@type\":\"EntryPoint\",\"urlTemplate\":\"https:\/\/soclose.mx\/blog\/?s={search_term_string}\"},\"query-input\":{\"@type\":\"PropertyValueSpecification\",\"valueRequired\":true,\"valueName\":\"search_term_string\"}}],\"inLanguage\":\"es\"},{\"@type\":\"Organization\",\"@id\":\"https:\/\/soclose.mx\/blog\/#organization\",\"name\":\"So Close\",\"url\":\"https:\/\/soclose.mx\/blog\/\",\"logo\":{\"@type\":\"ImageObject\",\"inLanguage\":\"es\",\"@id\":\"https:\/\/soclose.mx\/blog\/#\/schema\/logo\/image\/\",\"url\":\"https:\/\/i0.wp.com\/soclose.mx\/blog\/wp-content\/uploads\/2020\/12\/LOGO_SOCLOSE_COLOR-e1608310133507.png?fit=2858%2C1264&ssl=1\",\"contentUrl\":\"https:\/\/i0.wp.com\/soclose.mx\/blog\/wp-content\/uploads\/2020\/12\/LOGO_SOCLOSE_COLOR-e1608310133507.png?fit=2858%2C1264&ssl=1\",\"width\":2858,\"height\":1264,\"caption\":\"So Close\"},\"image\":{\"@id\":\"https:\/\/soclose.mx\/blog\/#\/schema\/logo\/image\/\"}},{\"@type\":\"Person\",\"@id\":\"https:\/\/soclose.mx\/blog\/#\/schema\/person\/54cd06c3a8cdc01a80c08725278aff88\",\"name\":\"Daniel Ram\u00edrez\",\"image\":{\"@type\":\"ImageObject\",\"inLanguage\":\"es\",\"@id\":\"https:\/\/soclose.mx\/blog\/#\/schema\/person\/image\/\",\"url\":\"https:\/\/secure.gravatar.com\/avatar\/74af6012f2e898d2be93cf32e26b59a2c9489743c9ca6270d7848b44edd7d272?s=96&d=mm&r=g\",\"contentUrl\":\"https:\/\/secure.gravatar.com\/avatar\/74af6012f2e898d2be93cf32e26b59a2c9489743c9ca6270d7848b44edd7d272?s=96&d=mm&r=g\",\"caption\":\"Daniel Ram\u00edrez\"},\"url\":\"https:\/\/soclose.mx\/blog\/author\/peter\/\"}]}<\/script>\n<!-- \/ Yoast SEO plugin. -->","yoast_head_json":{"title":"Estudiante mexicana, elegida por la NASA para proyecto lunar - So Close","robots":{"index":"index","follow":"follow","max-snippet":"max-snippet:-1","max-image-preview":"max-image-preview:large","max-video-preview":"max-video-preview:-1"},"canonical":"https:\/\/soclose.mx\/blog\/tag\/juan-rulfo-frases-mujeres\/","og_locale":"es_MX","og_type":"article","og_title":"Estudiante mexicana, elegida por la NASA para proyecto lunar - So Close","og_description":"No cabe duda que el talento mexicano rebasa fronteras y si es apoyado, es capaz de llegar a cualquier lugar, incluida la luna. Y eso es lo que har\u00e1 Zitlally Balbuena Feria, estudiante de ingenier\u00eda qu\u00edmica de la Facultad de Estudios Superiores Zaragoza de la UNAM. Su proyecto para eliminar residuos como el di\u00f3xido de carbono y sat\u00e9lites no funcionales en la Luna, a m\u00e1s de 384 mil kil\u00f3metros de distancia, llam\u00f3 la atenci\u00f3n de la NASA que la eligi\u00f3 para realizar una estancia en el Centro Espacial y de Cohetes en Huntsville, Alabama, Estados Unidos. Durante su estancia, programada","og_url":"https:\/\/soclose.mx\/blog\/tag\/juan-rulfo-frases-mujeres\/","og_site_name":"So Close","article_published_time":"2022-05-17T23:13:03+00:00","og_image":[{"width":803,"height":468,"url":"https:\/\/i0.wp.com\/soclose.mx\/blog\/wp-content\/uploads\/2022\/05\/zitla.png?fit=803%2C468&ssl=1","type":"image\/png"}],"author":"Daniel Ram\u00edrez","twitter_card":"summary_large_image","twitter_misc":{"Escrito por":"Daniel Ram\u00edrez","Tiempo de lectura":"1 minuto"},"schema":{"@context":"https:\/\/schema.org","@graph":[{"@type":"Article","@id":"https:\/\/soclose.mx\/blog\/tag\/juan-rulfo-frases-mujeres\/#article","isPartOf":{"@id":"https:\/\/soclose.mx\/blog\/tag\/juan-rulfo-frases-mujeres\/"},"author":{"name":"Daniel Ram\u00edrez","@id":"https:\/\/soclose.mx\/blog\/#\/schema\/person\/54cd06c3a8cdc01a80c08725278aff88"},"headline":"Estudiante mexicana, elegida por la NASA para proyecto lunar","datePublished":"2022-05-17T23:13:03+00:00","mainEntityOfPage":{"@id":"https:\/\/soclose.mx\/blog\/tag\/juan-rulfo-frases-mujeres\/"},"wordCount":163,"commentCount":0,"publisher":{"@id":"https:\/\/soclose.mx\/blog\/#organization"},"image":{"@id":"https:\/\/soclose.mx\/blog\/tag\/juan-rulfo-frases-mujeres\/#primaryimage"},"thumbnailUrl":"https:\/\/i0.wp.com\/soclose.mx\/blog\/wp-content\/uploads\/2022\/05\/zitla.png?fit=803%2C468&ssl=1","keywords":["fes zaragoza","nasa","unam","Zitlally Balbuena Feria"],"articleSection":["A la mexicana"],"inLanguage":"es","potentialAction":[{"@type":"CommentAction","name":"Comment","target":["https:\/\/soclose.mx\/blog\/tag\/juan-rulfo-frases-mujeres\/#respond"]}]},{"@type":"WebPage","@id":"https:\/\/soclose.mx\/blog\/tag\/juan-rulfo-frases-mujeres\/","url":"https:\/\/soclose.mx\/blog\/tag\/juan-rulfo-frases-mujeres\/","name":"Estudiante mexicana, elegida por la NASA para proyecto lunar - So Close","isPartOf":{"@id":"https:\/\/soclose.mx\/blog\/#website"},"primaryImageOfPage":{"@id":"https:\/\/soclose.mx\/blog\/tag\/juan-rulfo-frases-mujeres\/#primaryimage"},"image":{"@id":"https:\/\/soclose.mx\/blog\/tag\/juan-rulfo-frases-mujeres\/#primaryimage"},"thumbnailUrl":"https:\/\/i0.wp.com\/soclose.mx\/blog\/wp-content\/uploads\/2022\/05\/zitla.png?fit=803%2C468&ssl=1","datePublished":"2022-05-17T23:13:03+00:00","breadcrumb":{"@id":"https:\/\/soclose.mx\/blog\/tag\/juan-rulfo-frases-mujeres\/#breadcrumb"},"inLanguage":"es","potentialAction":[{"@type":"ReadAction","target":["https:\/\/soclose.mx\/blog\/tag\/juan-rulfo-frases-mujeres\/"]}]},{"@type":"ImageObject","inLanguage":"es","@id":"https:\/\/soclose.mx\/blog\/tag\/juan-rulfo-frases-mujeres\/#primaryimage","url":"https:\/\/i0.wp.com\/soclose.mx\/blog\/wp-content\/uploads\/2022\/05\/zitla.png?fit=803%2C468&ssl=1","contentUrl":"https:\/\/i0.wp.com\/soclose.mx\/blog\/wp-content\/uploads\/2022\/05\/zitla.png?fit=803%2C468&ssl=1","width":803,"height":468},{"@type":"BreadcrumbList","@id":"https:\/\/soclose.mx\/blog\/tag\/juan-rulfo-frases-mujeres\/#breadcrumb","itemListElement":[{"@type":"ListItem","position":1,"name":"Inicio","item":"https:\/\/soclose.mx\/blog\/"},{"@type":"ListItem","position":2,"name":"Estudiante mexicana, elegida por la NASA para proyecto lunar"}]},{"@type":"WebSite","@id":"https:\/\/soclose.mx\/blog\/#website","url":"https:\/\/soclose.mx\/blog\/","name":"So Close","description":"Hacemos contenidos de M\u00e9xico","publisher":{"@id":"https:\/\/soclose.mx\/blog\/#organization"},"potentialAction":[{"@type":"SearchAction","target":{"@type":"EntryPoint","urlTemplate":"https:\/\/soclose.mx\/blog\/?s={search_term_string}"},"query-input":{"@type":"PropertyValueSpecification","valueRequired":true,"valueName":"search_term_string"}}],"inLanguage":"es"},{"@type":"Organization","@id":"https:\/\/soclose.mx\/blog\/#organization","name":"So Close","url":"https:\/\/soclose.mx\/blog\/","logo":{"@type":"ImageObject","inLanguage":"es","@id":"https:\/\/soclose.mx\/blog\/#\/schema\/logo\/image\/","url":"https:\/\/i0.wp.com\/soclose.mx\/blog\/wp-content\/uploads\/2020\/12\/LOGO_SOCLOSE_COLOR-e1608310133507.png?fit=2858%2C1264&ssl=1","contentUrl":"https:\/\/i0.wp.com\/soclose.mx\/blog\/wp-content\/uploads\/2020\/12\/LOGO_SOCLOSE_COLOR-e1608310133507.png?fit=2858%2C1264&ssl=1","width":2858,"height":1264,"caption":"So Close"},"image":{"@id":"https:\/\/soclose.mx\/blog\/#\/schema\/logo\/image\/"}},{"@type":"Person","@id":"https:\/\/soclose.mx\/blog\/#\/schema\/person\/54cd06c3a8cdc01a80c08725278aff88","name":"Daniel Ram\u00edrez","image":{"@type":"ImageObject","inLanguage":"es","@id":"https:\/\/soclose.mx\/blog\/#\/schema\/person\/image\/","url":"https:\/\/secure.gravatar.com\/avatar\/74af6012f2e898d2be93cf32e26b59a2c9489743c9ca6270d7848b44edd7d272?s=96&d=mm&r=g","contentUrl":"https:\/\/secure.gravatar.com\/avatar\/74af6012f2e898d2be93cf32e26b59a2c9489743c9ca6270d7848b44edd7d272?s=96&d=mm&r=g","caption":"Daniel Ram\u00edrez"},"url":"https:\/\/soclose.mx\/blog\/author\/peter\/"}]}},"jetpack_featured_media_url":"https:\/\/i0.wp.com\/soclose.mx\/blog\/wp-content\/uploads\/2022\/05\/zitla.png?fit=803%2C468&ssl=1","jetpack-related-posts":[{"id":8881,"url":"https:\/\/soclose.mx\/blog\/news-feed\/proyecto-colmena-mexico-tendra-su-primer-mision-espacial-a-la-luna\/","url_meta":{"origin":9877,"position":0},"title":"Proyecto Colmena: M\u00e9xico tendr\u00e1 su primer misi\u00f3n espacial a la Luna","author":"Miguel Angel Romero","date":"18 febrero, 2022","format":false,"excerpt":"La Universidad Nacional Aut\u00f3noma de M\u00e9xico (UNAM) dio a conocer que M\u00e9xico tendr\u00e1 su primera misi\u00f3n espacial a la Luna, a trav\u00e9s del proyecto conocido como \"Colmena\" Esta misi\u00f3n de exploraci\u00f3n lunar ser\u00e1 en conjunto con la Secretar\u00eda de Relaciones Exteriores (SRE), la Agencia Espacial Mexicana y el estado de\u2026","rel":"","context":"En &quot;News feed&quot;","block_context":{"text":"News feed","link":"https:\/\/soclose.mx\/blog\/category\/news-feed\/"},"img":{"alt_text":"","src":"https:\/\/i0.wp.com\/soclose.mx\/blog\/wp-content\/uploads\/2022\/02\/Copia-de-Principal-So-Close-blog-1-4.png?fit=1200%2C677&ssl=1&resize=350%2C200","width":350,"height":200,"srcset":"https:\/\/i0.wp.com\/soclose.mx\/blog\/wp-content\/uploads\/2022\/02\/Copia-de-Principal-So-Close-blog-1-4.png?fit=1200%2C677&ssl=1&resize=350%2C200 1x, https:\/\/i0.wp.com\/soclose.mx\/blog\/wp-content\/uploads\/2022\/02\/Copia-de-Principal-So-Close-blog-1-4.png?fit=1200%2C677&ssl=1&resize=525%2C300 1.5x, https:\/\/i0.wp.com\/soclose.mx\/blog\/wp-content\/uploads\/2022\/02\/Copia-de-Principal-So-Close-blog-1-4.png?fit=1200%2C677&ssl=1&resize=700%2C400 2x, https:\/\/i0.wp.com\/soclose.mx\/blog\/wp-content\/uploads\/2022\/02\/Copia-de-Principal-So-Close-blog-1-4.png?fit=1200%2C677&ssl=1&resize=1050%2C600 3x"},"classes":[]},{"id":9956,"url":"https:\/\/soclose.mx\/blog\/news-feed\/de-vender-gomitas-a-la-nasa\/","url_meta":{"origin":9877,"position":1},"title":"De vender gomitas a \u00a1la NASA!","author":"Daniel Ram\u00edrez","date":"24 mayo, 2022","format":false,"excerpt":"Anna Laura Rodr\u00edguez, una estudiante de Ingenier\u00eda en Mecatr\u00f3nica de Ciudad Victoria, Tamaulipas, fue calificada como \"orgullo victorense\" por el esfuerzo que hizo para cumplir su sue\u00f1o. La joven fue seleccionada para participar en un programa de la NASA, pero no contaba con los m\u00e1s de 3 mil d\u00f3lares que\u2026","rel":"","context":"En &quot;News feed&quot;","block_context":{"text":"News feed","link":"https:\/\/soclose.mx\/blog\/category\/news-feed\/"},"img":{"alt_text":"","src":"https:\/\/i0.wp.com\/soclose.mx\/blog\/wp-content\/uploads\/2022\/05\/nasa.jpg?fit=1200%2C900&ssl=1&resize=350%2C200","width":350,"height":200,"srcset":"https:\/\/i0.wp.com\/soclose.mx\/blog\/wp-content\/uploads\/2022\/05\/nasa.jpg?fit=1200%2C900&ssl=1&resize=350%2C200 1x, https:\/\/i0.wp.com\/soclose.mx\/blog\/wp-content\/uploads\/2022\/05\/nasa.jpg?fit=1200%2C900&ssl=1&resize=525%2C300 1.5x, https:\/\/i0.wp.com\/soclose.mx\/blog\/wp-content\/uploads\/2022\/05\/nasa.jpg?fit=1200%2C900&ssl=1&resize=700%2C400 2x, https:\/\/i0.wp.com\/soclose.mx\/blog\/wp-content\/uploads\/2022\/05\/nasa.jpg?fit=1200%2C900&ssl=1&resize=1050%2C600 3x"},"classes":[]},{"id":7057,"url":"https:\/\/soclose.mx\/blog\/ay-goeeee\/fernando-de-la-pena-mexicano-y-contratista-de-la-nasa\/","url_meta":{"origin":9877,"position":2},"title":"Fernando de la Pe\u00f1a: Mexicano y contratista de la NASA","author":"Miguel Angel Romero","date":"8 septiembre, 2021","format":false,"excerpt":"Se llama Fernando de la Pe\u00f1a Llaca, es mexicano, para ser mas espec\u00edficos, de Tulancingo, Hidalgo y es CEO y presidente de Aexa Aerospace. Este mexicano que ya juega en las grandes ligas espaciales, es\u00a0 ingeniero en Cibern\u00e9tica y Sistemas Computacionales egresado de la Universidad La Salle, en la Ciudad\u2026","rel":"","context":"En &quot;\u00a1Ay goeeee!&quot;","block_context":{"text":"\u00a1Ay goeeee!","link":"https:\/\/soclose.mx\/blog\/category\/ay-goeeee\/"},"img":{"alt_text":"","src":"https:\/\/i0.wp.com\/soclose.mx\/blog\/wp-content\/uploads\/2021\/08\/Principal-So-Close-blog-16-1.jpg?fit=1200%2C677&ssl=1&resize=350%2C200","width":350,"height":200,"srcset":"https:\/\/i0.wp.com\/soclose.mx\/blog\/wp-content\/uploads\/2021\/08\/Principal-So-Close-blog-16-1.jpg?fit=1200%2C677&ssl=1&resize=350%2C200 1x, https:\/\/i0.wp.com\/soclose.mx\/blog\/wp-content\/uploads\/2021\/08\/Principal-So-Close-blog-16-1.jpg?fit=1200%2C677&ssl=1&resize=525%2C300 1.5x, https:\/\/i0.wp.com\/soclose.mx\/blog\/wp-content\/uploads\/2021\/08\/Principal-So-Close-blog-16-1.jpg?fit=1200%2C677&ssl=1&resize=700%2C400 2x, https:\/\/i0.wp.com\/soclose.mx\/blog\/wp-content\/uploads\/2021\/08\/Principal-So-Close-blog-16-1.jpg?fit=1200%2C677&ssl=1&resize=1050%2C600 3x"},"classes":[]},{"id":5969,"url":"https:\/\/soclose.mx\/blog\/ay-goeeee\/7-datos-de-adhara-la-nina-mexicana-que-viajara-a-marte\/","url_meta":{"origin":9877,"position":3},"title":"7 datos de Adhara, la ni\u00f1a mexicana que viajar\u00e1 a Marte","author":"So Close","date":"22 abril, 2021","format":false,"excerpt":"Por Manolo RoCa Sin duda, M\u00e9xico tiene tesoros que ning\u00fan otro lugar del planeta podr\u00e1 presumir, pero no solo se trata de lugares, comida, colores y sabores, M\u00e9xico tambi\u00e9n tiene personas impresionantes y un ejemplo de estas joyas es Adhara, una peque\u00f1a que sorprendi\u00f3 al mundo con su capacidad intelectual.\u2026","rel":"","context":"En &quot;\u00a1Ay goeeee!&quot;","block_context":{"text":"\u00a1Ay goeeee!","link":"https:\/\/soclose.mx\/blog\/category\/ay-goeeee\/"},"img":{"alt_text":"","src":"https:\/\/i0.wp.com\/soclose.mx\/blog\/wp-content\/uploads\/2021\/04\/Principal-So-Close-blog-2.jpeg?fit=1200%2C677&ssl=1&resize=350%2C200","width":350,"height":200,"srcset":"https:\/\/i0.wp.com\/soclose.mx\/blog\/wp-content\/uploads\/2021\/04\/Principal-So-Close-blog-2.jpeg?fit=1200%2C677&ssl=1&resize=350%2C200 1x, https:\/\/i0.wp.com\/soclose.mx\/blog\/wp-content\/uploads\/2021\/04\/Principal-So-Close-blog-2.jpeg?fit=1200%2C677&ssl=1&resize=525%2C300 1.5x, https:\/\/i0.wp.com\/soclose.mx\/blog\/wp-content\/uploads\/2021\/04\/Principal-So-Close-blog-2.jpeg?fit=1200%2C677&ssl=1&resize=700%2C400 2x, https:\/\/i0.wp.com\/soclose.mx\/blog\/wp-content\/uploads\/2021\/04\/Principal-So-Close-blog-2.jpeg?fit=1200%2C677&ssl=1&resize=1050%2C600 3x"},"classes":[]},{"id":6326,"url":"https:\/\/soclose.mx\/blog\/news-feed\/video-jorge-escutia-el-joven-baritono-mexicano-que-va-rumbo-a-suiza\/","url_meta":{"origin":9877,"position":4},"title":"VIDEO | Jorge Escutia, el joven bar\u00edtono mexicano que va rumbo a Suiza","author":"So Close","date":"28 junio, 2021","format":false,"excerpt":"Se llama Jorge Escutia, es bar\u00edtono de la Facultad de M\u00fasica de la UNAM, becario de la Academia de M\u00fasica Antigua y fue aceptado para estudiar la licenciatura especializada en m\u00fasica antigua en la Schola Cantorum Basiliensis en Suiza. Todo sucedi\u00f3 luego de que el a\u00f1o pasado realiz\u00f3 un ciclo\u2026","rel":"","context":"En &quot;News feed&quot;","block_context":{"text":"News feed","link":"https:\/\/soclose.mx\/blog\/category\/news-feed\/"},"img":{"alt_text":"","src":"https:\/\/i0.wp.com\/soclose.mx\/blog\/wp-content\/uploads\/2021\/06\/baritono.jpeg?fit=1200%2C677&ssl=1&resize=350%2C200","width":350,"height":200,"srcset":"https:\/\/i0.wp.com\/soclose.mx\/blog\/wp-content\/uploads\/2021\/06\/baritono.jpeg?fit=1200%2C677&ssl=1&resize=350%2C200 1x, https:\/\/i0.wp.com\/soclose.mx\/blog\/wp-content\/uploads\/2021\/06\/baritono.jpeg?fit=1200%2C677&ssl=1&resize=525%2C300 1.5x, https:\/\/i0.wp.com\/soclose.mx\/blog\/wp-content\/uploads\/2021\/06\/baritono.jpeg?fit=1200%2C677&ssl=1&resize=700%2C400 2x, https:\/\/i0.wp.com\/soclose.mx\/blog\/wp-content\/uploads\/2021\/06\/baritono.jpeg?fit=1200%2C677&ssl=1&resize=1050%2C600 3x"},"classes":[]},{"id":10969,"url":"https:\/\/soclose.mx\/blog\/a-la-mexicana\/dos-ingenierias-terminadas-y-el-sueno-de-ir-al-espacio-adhara-perez-la-nina-genio-mexicana-de-10-anos\/","url_meta":{"origin":9877,"position":5},"title":"Dos ingenier\u00edas terminadas y el sue\u00f1o de ir al espacio: Adhara P\u00e9rez, la ni\u00f1a genio mexicana de 10 a\u00f1os","author":"Daniel Ram\u00edrez","date":"18 agosto, 2022","format":false,"excerpt":"\u00bfQu\u00e9 estabas haciendo a tus 10 a\u00f1os de edad? Quiz\u00e1 ibas en cuarto o quinto de primaria, te gustaba salir a jugar con tus amigos o ver por largo tiempo la televisi\u00f3n. Adhara P\u00e9rez S\u00e1nchez, una ni\u00f1a mexicana de esa edad, ya ha terminado \u00a1dos ingenier\u00edas y sue\u00f1a con ir\u2026","rel":"","context":"En &quot;A la mexicana&quot;","block_context":{"text":"A la mexicana","link":"https:\/\/soclose.mx\/blog\/category\/a-la-mexicana\/"},"img":{"alt_text":"","src":"https:\/\/i0.wp.com\/soclose.mx\/blog\/wp-content\/uploads\/2022\/08\/adhara.png?fit=592%2C385&ssl=1&resize=350%2C200","width":350,"height":200,"srcset":"https:\/\/i0.wp.com\/soclose.mx\/blog\/wp-content\/uploads\/2022\/08\/adhara.png?fit=592%2C385&ssl=1&resize=350%2C200 1x, https:\/\/i0.wp.com\/soclose.mx\/blog\/wp-content\/uploads\/2022\/08\/adhara.png?fit=592%2C385&ssl=1&resize=525%2C300 1.5x"},"classes":[]}],"jetpack_sharing_enabled":true,"_links":{"self":[{"href":"https:\/\/soclose.mx\/blog\/wp-json\/wp\/v2\/posts\/9877","targetHints":{"allow":["GET"]}}],"collection":[{"href":"https:\/\/soclose.mx\/blog\/wp-json\/wp\/v2\/posts"}],"about":[{"href":"https:\/\/soclose.mx\/blog\/wp-json\/wp\/v2\/types\/post"}],"author":[{"embeddable":true,"href":"https:\/\/soclose.mx\/blog\/wp-json\/wp\/v2\/users\/9"}],"replies":[{"embeddable":true,"href":"https:\/\/soclose.mx\/blog\/wp-json\/wp\/v2\/comments?post=9877"}],"version-history":[{"count":0,"href":"https:\/\/soclose.mx\/blog\/wp-json\/wp\/v2\/posts\/9877\/revisions"}],"wp:featuredmedia":[{"embeddable":true,"href":"https:\/\/soclose.mx\/blog\/wp-json\/wp\/v2\/media\/9878"}],"wp:attachment":[{"href":"https:\/\/soclose.mx\/blog\/wp-json\/wp\/v2\/media?parent=9877"}],"wp:term":[{"taxonomy":"category","embeddable":true,"href":"https:\/\/soclose.mx\/blog\/wp-json\/wp\/v2\/categories?post=9877"},{"taxonomy":"post_tag","embeddable":true,"href":"https:\/\/soclose.mx\/blog\/wp-json\/wp\/v2\/tags?post=9877"}],"curies":[{"name":"wp","href":"https:\/\/api.w.org\/{rel}","templated":true}]}}