{"id":9887,"date":"2022-05-17T20:07:00","date_gmt":"2022-05-18T01:07:00","guid":{"rendered":"https:\/\/soclose.mx\/blog\/?p=9887"},"modified":"2022-05-17T20:20:11","modified_gmt":"2022-05-18T01:20:11","slug":"el-mexicano-diego-luna-de-el-abuelo-y-yo-a-la-portada-de-vanity-fair","status":"publish","type":"post","link":"https:\/\/soclose.mx\/blog\/para-todos\/el-mexicano-diego-luna-de-el-abuelo-y-yo-a-la-portada-de-vanity-fair\/","title":{"rendered":"Diego Luna, de El abuelo y yo, a la portada de Vanity Fair"},"content":{"rendered":"<p>Qu\u00e9 lejano aquel 1992 cuando se estren\u00f3 la telenovela <strong>&#8220;El abuelo y yo&#8221;<\/strong>, protagonizada por <strong>Ludwika Paleta, Gael Garc\u00eda Bernal y Jorge Mart\u00ednez de Hoyos. <\/strong>En esa producci\u00f3n tambi\u00e9n particip\u00f3 el <strong>actor mexicano Diego Luna.<\/strong><\/p>\n<p>El peque\u00f1o Diego de apenas 11 a\u00f1os de edad, se convirti\u00f3 en unos de los actores <a href=\"https:\/\/soclose.mx\/blog\/a-la-mexicana\/estudiante-mexicana-elegida-por-la-nasa-para-proyecto-lunar\/\">mexicanos<\/a> m\u00e1s importantes del mundo con el paso de los a\u00f1os. Y es que esa telenovela lo marc\u00f3.<\/p>\n<p>Su papel como <strong>&#8220;Luis&#8221;<\/strong> le abri\u00f3 las puertas de las producciones, tanto televisivas como cinematogr\u00e1ficas. Para muchos expertos, su gran momento lo vivi\u00f3 en 2001 en la pel\u00edcula <strong>&#8220;Y tu mam\u00e1 tambi\u00e9n&#8221;<\/strong>, de <strong>Alfonso Cuar\u00f3n<\/strong>. Ah\u00ed comparti\u00f3 cr\u00e9ditos con Gael, su mejor amigo y compa\u00f1ero en algunas cintas.<\/p>\n<p>Durante aquel 2001, Vanity Fair, una revista norteamericana y de las m\u00e1s importantes del mundo, tuvo en sus portadas a figuras como el peque\u00f1o Daniel Radcliff, quien estaba por estrenar Harry Potter; un jovial Mark Wahlberg; la bella Jennifer Aniston, flamante esposa de Brad Pitt, entre otras luminarias.<\/p>\n<p>Esa revista, que desde 1913 se public\u00f3, tuvo un breve descanso hasta que retom\u00f3 su actividad en 1936 y solo tiene personalidades de primer nivel en sus portadas, le ech\u00f3 el ojo al peque\u00f1o &#8220;Luis&#8221;.<\/p>\n<p>\u00bfLa raz\u00f3n? El pr\u00f3ximo verano se estrenar\u00e1 la nueva serie de Star Wars, &#8220;Andor&#8221;, en la que Diego dar\u00e1 vida nuevamente a Cassian Andor, motivo suficiente para que haya sido incluido en la portada de junio junto a Pedro Pascal, Ewan McGregor y Rosario Dawson.<\/p>\n<p>El peque\u00f1o Luis ha crecido y acaba de lograr algo incre\u00edble, de lo que seguro el abuelo Don Joaqu\u00edn estar\u00e1 orgulloso.<\/p>\n<blockquote class=\"twitter-tweet\" data-width=\"550\" data-dnt=\"true\">\n<p lang=\"en\" dir=\"ltr\">Rosario Dawson, Pedro Pascal, Ewan McGregor, and Diego Luna join forces for V.F.\u2019s June issue. Read the cover story now: <a href=\"https:\/\/t.co\/jwdWVfGh8B\">https:\/\/t.co\/jwdWVfGh8B<\/a><\/p>\n<p>?: Annie Leibovitz <a href=\"https:\/\/t.co\/yXL1OmPCuc\">pic.twitter.com\/yXL1OmPCuc<\/a><\/p>\n<p>&mdash; VANITY FAIR (@VanityFair) <a href=\"https:\/\/twitter.com\/VanityFair\/status\/1526538031402041345?ref_src=twsrc%5Etfw\">May 17, 2022<\/a><\/p><\/blockquote>\n<p><script async src=\"https:\/\/platform.twitter.com\/widgets.js\" charset=\"utf-8\"><\/script><\/p>\n","protected":false},"excerpt":{"rendered":"<p>Qu\u00e9 lejano aquel 1992 cuando se estren\u00f3 la telenovela &#8220;El abuelo y yo&#8221;, protagonizada por Ludwika Paleta, Gael Garc\u00eda Bernal y Jorge Mart\u00ednez de Hoyos. En esa producci\u00f3n tambi\u00e9n particip\u00f3 el actor mexicano Diego Luna. El peque\u00f1o Diego de apenas 11 a\u00f1os de edad, se convirti\u00f3 en unos de los actores mexicanos m\u00e1s importantes del mundo con el paso de los a\u00f1os. Y es que esa telenovela lo marc\u00f3. Su papel como &#8220;Luis&#8221; le abri\u00f3 las puertas de las producciones, tanto televisivas como cinematogr\u00e1ficas. Para muchos expertos, su gran momento lo vivi\u00f3 en 2001 en la pel\u00edcula &#8220;Y tu mam\u00e1<\/p>\n","protected":false},"author":9,"featured_media":9890,"comment_status":"open","ping_status":"open","sticky":false,"template":"","format":"standard","meta":{"_jetpack_memberships_contains_paid_content":false,"footnotes":""},"categories":[1778,628,1674],"tags":[275,2041,2043,2044,417,2042,2045],"class_list":["post-9887","post","type-post","status-publish","format-standard","has-post-thumbnail","hentry","category-a-la-mexicana","category-news-feed","category-para-todos","tag-alfonso-cuaron","tag-diego-luna","tag-el-ebuelo-y-yo","tag-gael-garcia","tag-star-wars","tag-vaniti-fair","tag-y-tu-mama-tambien"],"yoast_head":"<!-- This site is optimized with the Yoast SEO plugin v26.7 - https:\/\/yoast.com\/wordpress\/plugins\/seo\/ -->\n<title>Diego Luna, de El abuelo y yo, a la portada de Vanity Fair - So Close<\/title>\n<meta name=\"robots\" content=\"index, follow, max-snippet:-1, max-image-preview:large, max-video-preview:-1\" \/>\n<link rel=\"canonical\" href=\"https:\/\/soclose.mx\/blog\/tag\/juan-rulfo-frases-mujeres\/\" \/>\n<meta property=\"og:locale\" content=\"es_MX\" \/>\n<meta property=\"og:type\" content=\"article\" \/>\n<meta property=\"og:title\" content=\"Diego Luna, de El abuelo y yo, a la portada de Vanity Fair - So Close\" \/>\n<meta property=\"og:description\" content=\"Qu\u00e9 lejano aquel 1992 cuando se estren\u00f3 la telenovela &#8220;El abuelo y yo&#8221;, protagonizada por Ludwika Paleta, Gael Garc\u00eda Bernal y Jorge Mart\u00ednez de Hoyos. En esa producci\u00f3n tambi\u00e9n particip\u00f3 el actor mexicano Diego Luna. El peque\u00f1o Diego de apenas 11 a\u00f1os de edad, se convirti\u00f3 en unos de los actores mexicanos m\u00e1s importantes del mundo con el paso de los a\u00f1os. Y es que esa telenovela lo marc\u00f3. Su papel como &#8220;Luis&#8221; le abri\u00f3 las puertas de las producciones, tanto televisivas como cinematogr\u00e1ficas. Para muchos expertos, su gran momento lo vivi\u00f3 en 2001 en la pel\u00edcula &#8220;Y tu mam\u00e1\" \/>\n<meta property=\"og:url\" content=\"https:\/\/soclose.mx\/blog\/tag\/juan-rulfo-frases-mujeres\/\" \/>\n<meta property=\"og:site_name\" content=\"So Close\" \/>\n<meta property=\"article:published_time\" content=\"2022-05-18T01:07:00+00:00\" \/>\n<meta property=\"article:modified_time\" content=\"2022-05-18T01:20:11+00:00\" \/>\n<meta property=\"og:image\" content=\"https:\/\/i0.wp.com\/soclose.mx\/blog\/wp-content\/uploads\/2022\/05\/Captura-de-Pantalla-2022-05-17-a-las-20.03.23.png?fit=919%2C681&ssl=1\" \/>\n\t<meta property=\"og:image:width\" content=\"919\" \/>\n\t<meta property=\"og:image:height\" content=\"681\" \/>\n\t<meta property=\"og:image:type\" content=\"image\/png\" \/>\n<meta name=\"author\" content=\"Daniel Ram\u00edrez\" \/>\n<meta name=\"twitter:card\" content=\"summary_large_image\" \/>\n<meta name=\"twitter:label1\" content=\"Escrito por\" \/>\n\t<meta name=\"twitter:data1\" content=\"Daniel Ram\u00edrez\" \/>\n\t<meta name=\"twitter:label2\" content=\"Tiempo de lectura\" \/>\n\t<meta name=\"twitter:data2\" content=\"2 minutos\" \/>\n<script type=\"application\/ld+json\" class=\"yoast-schema-graph\">{\"@context\":\"https:\/\/schema.org\",\"@graph\":[{\"@type\":\"Article\",\"@id\":\"https:\/\/soclose.mx\/blog\/tag\/juan-rulfo-frases-mujeres\/#article\",\"isPartOf\":{\"@id\":\"https:\/\/soclose.mx\/blog\/tag\/juan-rulfo-frases-mujeres\/\"},\"author\":{\"name\":\"Daniel Ram\u00edrez\",\"@id\":\"https:\/\/soclose.mx\/blog\/#\/schema\/person\/54cd06c3a8cdc01a80c08725278aff88\"},\"headline\":\"Diego Luna, de El abuelo y yo, a la portada de Vanity Fair\",\"datePublished\":\"2022-05-18T01:07:00+00:00\",\"dateModified\":\"2022-05-18T01:20:11+00:00\",\"mainEntityOfPage\":{\"@id\":\"https:\/\/soclose.mx\/blog\/tag\/juan-rulfo-frases-mujeres\/\"},\"wordCount\":300,\"commentCount\":0,\"publisher\":{\"@id\":\"https:\/\/soclose.mx\/blog\/#organization\"},\"image\":{\"@id\":\"https:\/\/soclose.mx\/blog\/tag\/juan-rulfo-frases-mujeres\/#primaryimage\"},\"thumbnailUrl\":\"https:\/\/i0.wp.com\/soclose.mx\/blog\/wp-content\/uploads\/2022\/05\/Captura-de-Pantalla-2022-05-17-a-las-20.03.23.png?fit=919%2C681&ssl=1\",\"keywords\":[\"alfonso cuaron\",\"diego luna\",\"el ebuelo y yo\",\"gael garcia\",\"star wars\",\"vaniti fair\",\"y tu mama tambien\"],\"articleSection\":[\"A la mexicana\",\"News feed\",\"Para todos\"],\"inLanguage\":\"es\",\"potentialAction\":[{\"@type\":\"CommentAction\",\"name\":\"Comment\",\"target\":[\"https:\/\/soclose.mx\/blog\/tag\/juan-rulfo-frases-mujeres\/#respond\"]}]},{\"@type\":\"WebPage\",\"@id\":\"https:\/\/soclose.mx\/blog\/tag\/juan-rulfo-frases-mujeres\/\",\"url\":\"https:\/\/soclose.mx\/blog\/tag\/juan-rulfo-frases-mujeres\/\",\"name\":\"Diego Luna, de El abuelo y yo, a la portada de Vanity Fair - So Close\",\"isPartOf\":{\"@id\":\"https:\/\/soclose.mx\/blog\/#website\"},\"primaryImageOfPage\":{\"@id\":\"https:\/\/soclose.mx\/blog\/tag\/juan-rulfo-frases-mujeres\/#primaryimage\"},\"image\":{\"@id\":\"https:\/\/soclose.mx\/blog\/tag\/juan-rulfo-frases-mujeres\/#primaryimage\"},\"thumbnailUrl\":\"https:\/\/i0.wp.com\/soclose.mx\/blog\/wp-content\/uploads\/2022\/05\/Captura-de-Pantalla-2022-05-17-a-las-20.03.23.png?fit=919%2C681&ssl=1\",\"datePublished\":\"2022-05-18T01:07:00+00:00\",\"dateModified\":\"2022-05-18T01:20:11+00:00\",\"breadcrumb\":{\"@id\":\"https:\/\/soclose.mx\/blog\/tag\/juan-rulfo-frases-mujeres\/#breadcrumb\"},\"inLanguage\":\"es\",\"potentialAction\":[{\"@type\":\"ReadAction\",\"target\":[\"https:\/\/soclose.mx\/blog\/tag\/juan-rulfo-frases-mujeres\/\"]}]},{\"@type\":\"ImageObject\",\"inLanguage\":\"es\",\"@id\":\"https:\/\/soclose.mx\/blog\/tag\/juan-rulfo-frases-mujeres\/#primaryimage\",\"url\":\"https:\/\/i0.wp.com\/soclose.mx\/blog\/wp-content\/uploads\/2022\/05\/Captura-de-Pantalla-2022-05-17-a-las-20.03.23.png?fit=919%2C681&ssl=1\",\"contentUrl\":\"https:\/\/i0.wp.com\/soclose.mx\/blog\/wp-content\/uploads\/2022\/05\/Captura-de-Pantalla-2022-05-17-a-las-20.03.23.png?fit=919%2C681&ssl=1\",\"width\":919,\"height\":681},{\"@type\":\"BreadcrumbList\",\"@id\":\"https:\/\/soclose.mx\/blog\/tag\/juan-rulfo-frases-mujeres\/#breadcrumb\",\"itemListElement\":[{\"@type\":\"ListItem\",\"position\":1,\"name\":\"Inicio\",\"item\":\"https:\/\/soclose.mx\/blog\/\"},{\"@type\":\"ListItem\",\"position\":2,\"name\":\"Diego Luna, de El abuelo y yo, a la portada de Vanity Fair\"}]},{\"@type\":\"WebSite\",\"@id\":\"https:\/\/soclose.mx\/blog\/#website\",\"url\":\"https:\/\/soclose.mx\/blog\/\",\"name\":\"So Close\",\"description\":\"Hacemos contenidos de M\u00e9xico\",\"publisher\":{\"@id\":\"https:\/\/soclose.mx\/blog\/#organization\"},\"potentialAction\":[{\"@type\":\"SearchAction\",\"target\":{\"@type\":\"EntryPoint\",\"urlTemplate\":\"https:\/\/soclose.mx\/blog\/?s={search_term_string}\"},\"query-input\":{\"@type\":\"PropertyValueSpecification\",\"valueRequired\":true,\"valueName\":\"search_term_string\"}}],\"inLanguage\":\"es\"},{\"@type\":\"Organization\",\"@id\":\"https:\/\/soclose.mx\/blog\/#organization\",\"name\":\"So Close\",\"url\":\"https:\/\/soclose.mx\/blog\/\",\"logo\":{\"@type\":\"ImageObject\",\"inLanguage\":\"es\",\"@id\":\"https:\/\/soclose.mx\/blog\/#\/schema\/logo\/image\/\",\"url\":\"https:\/\/i0.wp.com\/soclose.mx\/blog\/wp-content\/uploads\/2020\/12\/LOGO_SOCLOSE_COLOR-e1608310133507.png?fit=2858%2C1264&ssl=1\",\"contentUrl\":\"https:\/\/i0.wp.com\/soclose.mx\/blog\/wp-content\/uploads\/2020\/12\/LOGO_SOCLOSE_COLOR-e1608310133507.png?fit=2858%2C1264&ssl=1\",\"width\":2858,\"height\":1264,\"caption\":\"So Close\"},\"image\":{\"@id\":\"https:\/\/soclose.mx\/blog\/#\/schema\/logo\/image\/\"}},{\"@type\":\"Person\",\"@id\":\"https:\/\/soclose.mx\/blog\/#\/schema\/person\/54cd06c3a8cdc01a80c08725278aff88\",\"name\":\"Daniel Ram\u00edrez\",\"image\":{\"@type\":\"ImageObject\",\"inLanguage\":\"es\",\"@id\":\"https:\/\/soclose.mx\/blog\/#\/schema\/person\/image\/\",\"url\":\"https:\/\/secure.gravatar.com\/avatar\/74af6012f2e898d2be93cf32e26b59a2c9489743c9ca6270d7848b44edd7d272?s=96&d=mm&r=g\",\"contentUrl\":\"https:\/\/secure.gravatar.com\/avatar\/74af6012f2e898d2be93cf32e26b59a2c9489743c9ca6270d7848b44edd7d272?s=96&d=mm&r=g\",\"caption\":\"Daniel Ram\u00edrez\"},\"url\":\"https:\/\/soclose.mx\/blog\/author\/peter\/\"}]}<\/script>\n<!-- \/ Yoast SEO plugin. -->","yoast_head_json":{"title":"Diego Luna, de El abuelo y yo, a la portada de Vanity Fair - So Close","robots":{"index":"index","follow":"follow","max-snippet":"max-snippet:-1","max-image-preview":"max-image-preview:large","max-video-preview":"max-video-preview:-1"},"canonical":"https:\/\/soclose.mx\/blog\/tag\/juan-rulfo-frases-mujeres\/","og_locale":"es_MX","og_type":"article","og_title":"Diego Luna, de El abuelo y yo, a la portada de Vanity Fair - So Close","og_description":"Qu\u00e9 lejano aquel 1992 cuando se estren\u00f3 la telenovela &#8220;El abuelo y yo&#8221;, protagonizada por Ludwika Paleta, Gael Garc\u00eda Bernal y Jorge Mart\u00ednez de Hoyos. En esa producci\u00f3n tambi\u00e9n particip\u00f3 el actor mexicano Diego Luna. El peque\u00f1o Diego de apenas 11 a\u00f1os de edad, se convirti\u00f3 en unos de los actores mexicanos m\u00e1s importantes del mundo con el paso de los a\u00f1os. Y es que esa telenovela lo marc\u00f3. Su papel como &#8220;Luis&#8221; le abri\u00f3 las puertas de las producciones, tanto televisivas como cinematogr\u00e1ficas. Para muchos expertos, su gran momento lo vivi\u00f3 en 2001 en la pel\u00edcula &#8220;Y tu mam\u00e1","og_url":"https:\/\/soclose.mx\/blog\/tag\/juan-rulfo-frases-mujeres\/","og_site_name":"So Close","article_published_time":"2022-05-18T01:07:00+00:00","article_modified_time":"2022-05-18T01:20:11+00:00","og_image":[{"width":919,"height":681,"url":"https:\/\/i0.wp.com\/soclose.mx\/blog\/wp-content\/uploads\/2022\/05\/Captura-de-Pantalla-2022-05-17-a-las-20.03.23.png?fit=919%2C681&ssl=1","type":"image\/png"}],"author":"Daniel Ram\u00edrez","twitter_card":"summary_large_image","twitter_misc":{"Escrito por":"Daniel Ram\u00edrez","Tiempo de lectura":"2 minutos"},"schema":{"@context":"https:\/\/schema.org","@graph":[{"@type":"Article","@id":"https:\/\/soclose.mx\/blog\/tag\/juan-rulfo-frases-mujeres\/#article","isPartOf":{"@id":"https:\/\/soclose.mx\/blog\/tag\/juan-rulfo-frases-mujeres\/"},"author":{"name":"Daniel Ram\u00edrez","@id":"https:\/\/soclose.mx\/blog\/#\/schema\/person\/54cd06c3a8cdc01a80c08725278aff88"},"headline":"Diego Luna, de El abuelo y yo, a la portada de Vanity Fair","datePublished":"2022-05-18T01:07:00+00:00","dateModified":"2022-05-18T01:20:11+00:00","mainEntityOfPage":{"@id":"https:\/\/soclose.mx\/blog\/tag\/juan-rulfo-frases-mujeres\/"},"wordCount":300,"commentCount":0,"publisher":{"@id":"https:\/\/soclose.mx\/blog\/#organization"},"image":{"@id":"https:\/\/soclose.mx\/blog\/tag\/juan-rulfo-frases-mujeres\/#primaryimage"},"thumbnailUrl":"https:\/\/i0.wp.com\/soclose.mx\/blog\/wp-content\/uploads\/2022\/05\/Captura-de-Pantalla-2022-05-17-a-las-20.03.23.png?fit=919%2C681&ssl=1","keywords":["alfonso cuaron","diego luna","el ebuelo y yo","gael garcia","star wars","vaniti fair","y tu mama tambien"],"articleSection":["A la mexicana","News feed","Para todos"],"inLanguage":"es","potentialAction":[{"@type":"CommentAction","name":"Comment","target":["https:\/\/soclose.mx\/blog\/tag\/juan-rulfo-frases-mujeres\/#respond"]}]},{"@type":"WebPage","@id":"https:\/\/soclose.mx\/blog\/tag\/juan-rulfo-frases-mujeres\/","url":"https:\/\/soclose.mx\/blog\/tag\/juan-rulfo-frases-mujeres\/","name":"Diego Luna, de El abuelo y yo, a la portada de Vanity Fair - So Close","isPartOf":{"@id":"https:\/\/soclose.mx\/blog\/#website"},"primaryImageOfPage":{"@id":"https:\/\/soclose.mx\/blog\/tag\/juan-rulfo-frases-mujeres\/#primaryimage"},"image":{"@id":"https:\/\/soclose.mx\/blog\/tag\/juan-rulfo-frases-mujeres\/#primaryimage"},"thumbnailUrl":"https:\/\/i0.wp.com\/soclose.mx\/blog\/wp-content\/uploads\/2022\/05\/Captura-de-Pantalla-2022-05-17-a-las-20.03.23.png?fit=919%2C681&ssl=1","datePublished":"2022-05-18T01:07:00+00:00","dateModified":"2022-05-18T01:20:11+00:00","breadcrumb":{"@id":"https:\/\/soclose.mx\/blog\/tag\/juan-rulfo-frases-mujeres\/#breadcrumb"},"inLanguage":"es","potentialAction":[{"@type":"ReadAction","target":["https:\/\/soclose.mx\/blog\/tag\/juan-rulfo-frases-mujeres\/"]}]},{"@type":"ImageObject","inLanguage":"es","@id":"https:\/\/soclose.mx\/blog\/tag\/juan-rulfo-frases-mujeres\/#primaryimage","url":"https:\/\/i0.wp.com\/soclose.mx\/blog\/wp-content\/uploads\/2022\/05\/Captura-de-Pantalla-2022-05-17-a-las-20.03.23.png?fit=919%2C681&ssl=1","contentUrl":"https:\/\/i0.wp.com\/soclose.mx\/blog\/wp-content\/uploads\/2022\/05\/Captura-de-Pantalla-2022-05-17-a-las-20.03.23.png?fit=919%2C681&ssl=1","width":919,"height":681},{"@type":"BreadcrumbList","@id":"https:\/\/soclose.mx\/blog\/tag\/juan-rulfo-frases-mujeres\/#breadcrumb","itemListElement":[{"@type":"ListItem","position":1,"name":"Inicio","item":"https:\/\/soclose.mx\/blog\/"},{"@type":"ListItem","position":2,"name":"Diego Luna, de El abuelo y yo, a la portada de Vanity Fair"}]},{"@type":"WebSite","@id":"https:\/\/soclose.mx\/blog\/#website","url":"https:\/\/soclose.mx\/blog\/","name":"So Close","description":"Hacemos contenidos de M\u00e9xico","publisher":{"@id":"https:\/\/soclose.mx\/blog\/#organization"},"potentialAction":[{"@type":"SearchAction","target":{"@type":"EntryPoint","urlTemplate":"https:\/\/soclose.mx\/blog\/?s={search_term_string}"},"query-input":{"@type":"PropertyValueSpecification","valueRequired":true,"valueName":"search_term_string"}}],"inLanguage":"es"},{"@type":"Organization","@id":"https:\/\/soclose.mx\/blog\/#organization","name":"So Close","url":"https:\/\/soclose.mx\/blog\/","logo":{"@type":"ImageObject","inLanguage":"es","@id":"https:\/\/soclose.mx\/blog\/#\/schema\/logo\/image\/","url":"https:\/\/i0.wp.com\/soclose.mx\/blog\/wp-content\/uploads\/2020\/12\/LOGO_SOCLOSE_COLOR-e1608310133507.png?fit=2858%2C1264&ssl=1","contentUrl":"https:\/\/i0.wp.com\/soclose.mx\/blog\/wp-content\/uploads\/2020\/12\/LOGO_SOCLOSE_COLOR-e1608310133507.png?fit=2858%2C1264&ssl=1","width":2858,"height":1264,"caption":"So Close"},"image":{"@id":"https:\/\/soclose.mx\/blog\/#\/schema\/logo\/image\/"}},{"@type":"Person","@id":"https:\/\/soclose.mx\/blog\/#\/schema\/person\/54cd06c3a8cdc01a80c08725278aff88","name":"Daniel Ram\u00edrez","image":{"@type":"ImageObject","inLanguage":"es","@id":"https:\/\/soclose.mx\/blog\/#\/schema\/person\/image\/","url":"https:\/\/secure.gravatar.com\/avatar\/74af6012f2e898d2be93cf32e26b59a2c9489743c9ca6270d7848b44edd7d272?s=96&d=mm&r=g","contentUrl":"https:\/\/secure.gravatar.com\/avatar\/74af6012f2e898d2be93cf32e26b59a2c9489743c9ca6270d7848b44edd7d272?s=96&d=mm&r=g","caption":"Daniel Ram\u00edrez"},"url":"https:\/\/soclose.mx\/blog\/author\/peter\/"}]}},"jetpack_featured_media_url":"https:\/\/i0.wp.com\/soclose.mx\/blog\/wp-content\/uploads\/2022\/05\/Captura-de-Pantalla-2022-05-17-a-las-20.03.23.png?fit=919%2C681&ssl=1","jetpack-related-posts":[{"id":11760,"url":"https:\/\/soclose.mx\/blog\/a-la-mexicana\/los-papas-mas-guapos-de-mexico\/","url_meta":{"origin":9887,"position":0},"title":"Ellos son los pap\u00e1s m\u00e1s guapos de M\u00e9xico \u00bfQu\u00e9 opinas?","author":"So Close","date":"13 junio, 2023","format":false,"excerpt":"M\u00e9xico celebra el D\u00eda del Padre cada tercer domingo de junio. En esta ocasi\u00f3n, queremos presentarte a los pap\u00e1s m\u00e1s guapos de M\u00e9xico, quienes trabajan en el medio art\u00edstico, a quienes la paternidad les ha sentado bien. Ellos no solo destacan por su atractivo, sino por ser grandes ejemplos de\u2026","rel":"","context":"En &quot;A la mexicana&quot;","block_context":{"text":"A la mexicana","link":"https:\/\/soclose.mx\/blog\/category\/a-la-mexicana\/"},"img":{"alt_text":"Los pap\u00e1s m\u00e1s guapos de M\u00e9xico","src":"https:\/\/i0.wp.com\/soclose.mx\/blog\/wp-content\/uploads\/2023\/06\/Los-papas-mas-guapos-de-Mexico-1.jpg?fit=1200%2C740&ssl=1&resize=350%2C200","width":350,"height":200,"srcset":"https:\/\/i0.wp.com\/soclose.mx\/blog\/wp-content\/uploads\/2023\/06\/Los-papas-mas-guapos-de-Mexico-1.jpg?fit=1200%2C740&ssl=1&resize=350%2C200 1x, https:\/\/i0.wp.com\/soclose.mx\/blog\/wp-content\/uploads\/2023\/06\/Los-papas-mas-guapos-de-Mexico-1.jpg?fit=1200%2C740&ssl=1&resize=525%2C300 1.5x, https:\/\/i0.wp.com\/soclose.mx\/blog\/wp-content\/uploads\/2023\/06\/Los-papas-mas-guapos-de-Mexico-1.jpg?fit=1200%2C740&ssl=1&resize=700%2C400 2x, https:\/\/i0.wp.com\/soclose.mx\/blog\/wp-content\/uploads\/2023\/06\/Los-papas-mas-guapos-de-Mexico-1.jpg?fit=1200%2C740&ssl=1&resize=1050%2C600 3x"},"classes":[]},{"id":7029,"url":"https:\/\/soclose.mx\/blog\/news-feed\/6-datos-de-la-serie-inspirada-en-las-culturas-maya-inca-y-azteca\/","url_meta":{"origin":9887,"position":1},"title":"6 datos de la serie inspirada en las culturas maya, inca y azteca","author":"Miguel Angel Romero","date":"1 septiembre, 2021","format":false,"excerpt":"Netflix\u00a0acaba de presentar el tr\u00e1iler\u00a0de su nueva serie animada que combina elementos de las mitolog\u00edas azteca, maya e inca, ambientado en la cultura caribe\u00f1a:\u00a0Maya y los tres. El producto audivisual trata sobre una princesa guerrera que debe embarcarse en una aventura para cumplir una profec\u00eda antigua, reunir a tres grandes\u2026","rel":"","context":"En &quot;News feed&quot;","block_context":{"text":"News feed","link":"https:\/\/soclose.mx\/blog\/category\/news-feed\/"},"img":{"alt_text":"","src":"https:\/\/i0.wp.com\/soclose.mx\/blog\/wp-content\/uploads\/2021\/08\/Principal-So-Close-blog-7-2.jpg?fit=1200%2C677&ssl=1&resize=350%2C200","width":350,"height":200,"srcset":"https:\/\/i0.wp.com\/soclose.mx\/blog\/wp-content\/uploads\/2021\/08\/Principal-So-Close-blog-7-2.jpg?fit=1200%2C677&ssl=1&resize=350%2C200 1x, https:\/\/i0.wp.com\/soclose.mx\/blog\/wp-content\/uploads\/2021\/08\/Principal-So-Close-blog-7-2.jpg?fit=1200%2C677&ssl=1&resize=525%2C300 1.5x, https:\/\/i0.wp.com\/soclose.mx\/blog\/wp-content\/uploads\/2021\/08\/Principal-So-Close-blog-7-2.jpg?fit=1200%2C677&ssl=1&resize=700%2C400 2x, https:\/\/i0.wp.com\/soclose.mx\/blog\/wp-content\/uploads\/2021\/08\/Principal-So-Close-blog-7-2.jpg?fit=1200%2C677&ssl=1&resize=1050%2C600 3x"},"classes":[]},{"id":6489,"url":"https:\/\/soclose.mx\/blog\/ay-goeeee\/coatlicue-la-musa-de-artistas-mexicanos-en-el-siglo-xx\/","url_meta":{"origin":9887,"position":2},"title":"Coatlicue, la musa de artistas mexicanos en el siglo XX","author":"So Close","date":"7 julio, 2021","format":false,"excerpt":"De acuerdo con el arque\u00f3logo Leonardo L\u00f3pez Luj\u00e1n, la diosa-madre de la tierra \"Coatlicue\" en la pl\u00e1stica mexicana, en el siglo XX, fue una musa para su arte, muestra de ello comienza con el lienzo Nuestros Dioses Antiguos, que en 1915 pint\u00f3 Saturnino Herr\u00e1n y en el que sintetiz\u00f3 los\u2026","rel":"","context":"En &quot;\u00a1Ay goeeee!&quot;","block_context":{"text":"\u00a1Ay goeeee!","link":"https:\/\/soclose.mx\/blog\/category\/ay-goeeee\/"},"img":{"alt_text":"","src":"https:\/\/i0.wp.com\/soclose.mx\/blog\/wp-content\/uploads\/2021\/07\/coatlicue-artistas-mexicanos.jpeg?fit=1200%2C677&ssl=1&resize=350%2C200","width":350,"height":200,"srcset":"https:\/\/i0.wp.com\/soclose.mx\/blog\/wp-content\/uploads\/2021\/07\/coatlicue-artistas-mexicanos.jpeg?fit=1200%2C677&ssl=1&resize=350%2C200 1x, https:\/\/i0.wp.com\/soclose.mx\/blog\/wp-content\/uploads\/2021\/07\/coatlicue-artistas-mexicanos.jpeg?fit=1200%2C677&ssl=1&resize=525%2C300 1.5x, https:\/\/i0.wp.com\/soclose.mx\/blog\/wp-content\/uploads\/2021\/07\/coatlicue-artistas-mexicanos.jpeg?fit=1200%2C677&ssl=1&resize=700%2C400 2x, https:\/\/i0.wp.com\/soclose.mx\/blog\/wp-content\/uploads\/2021\/07\/coatlicue-artistas-mexicanos.jpeg?fit=1200%2C677&ssl=1&resize=1050%2C600 3x"},"classes":[]},{"id":10774,"url":"https:\/\/soclose.mx\/blog\/ay-goeeee\/fernando-colunga-ultimate-experience-banda-de-metal-de-serbia-inspirada-en-el-actor-mexicano\/","url_meta":{"origin":9887,"position":3},"title":"&#8220;Fernando Colunga Ultimate Experience&#8221;, banda de metal de Serbia inspirada en el actor mexicano","author":"Daniel Ram\u00edrez","date":"30 julio, 2022","format":false,"excerpt":"Si lees:\"Fernando Colunga Ultimate Experience\", lo \u00faltimo que te imaginas es que sea el nombre de una banda de metal que sus integrantes bautizaron as\u00ed en honor al actor mexicano. Y menos si la agrupaci\u00f3n es de un pa\u00eds del que seguramente muchos mexicanos no han oido hablar de \u00e9l\u2026","rel":"","context":"En &quot;\u00a1Ay goeeee!&quot;","block_context":{"text":"\u00a1Ay goeeee!","link":"https:\/\/soclose.mx\/blog\/category\/ay-goeeee\/"},"img":{"alt_text":"","src":"https:\/\/i0.wp.com\/soclose.mx\/blog\/wp-content\/uploads\/2022\/07\/fer-colunga.png?fit=720%2C565&ssl=1&resize=350%2C200","width":350,"height":200,"srcset":"https:\/\/i0.wp.com\/soclose.mx\/blog\/wp-content\/uploads\/2022\/07\/fer-colunga.png?fit=720%2C565&ssl=1&resize=350%2C200 1x, https:\/\/i0.wp.com\/soclose.mx\/blog\/wp-content\/uploads\/2022\/07\/fer-colunga.png?fit=720%2C565&ssl=1&resize=525%2C300 1.5x, https:\/\/i0.wp.com\/soclose.mx\/blog\/wp-content\/uploads\/2022\/07\/fer-colunga.png?fit=720%2C565&ssl=1&resize=700%2C400 2x"},"classes":[]},{"id":4267,"url":"https:\/\/soclose.mx\/blog\/lugares\/los-7-tesoros-de-tlaxiaco-que-yalitza-aparicio-no-nos-ha-contado\/","url_meta":{"origin":9887,"position":4},"title":"Los 7 tesoros de Tlaxiaco que Yalitza Aparicio no nos ha contado","author":"So Close","date":"22 febrero, 2019","format":false,"excerpt":"Yalitza Aparicio es originaria de Tlaxiaco y gracias a su interpretaci\u00f3n en la pel\u00edcula \u2018Roma\u2019 de Alfonso Cuar\u00f3n, este bello pueblo ya se encuentra en boca de todos. Por eso te dejamos siete datos para que conozcas mejor la tierra de la oaxaque\u00f1a. 1. Al noroeste de Oaxaca es donde\u2026","rel":"","context":"En &quot;Lugares&quot;","block_context":{"text":"Lugares","link":"https:\/\/soclose.mx\/blog\/category\/lugares\/"},"img":{"alt_text":"","src":"https:\/\/i0.wp.com\/soclose.mx\/blog\/wp-content\/uploads\/2019\/02\/Foto_-que%CC%81-Plan_.jpg?fit=800%2C400&ssl=1&resize=350%2C200","width":350,"height":200,"srcset":"https:\/\/i0.wp.com\/soclose.mx\/blog\/wp-content\/uploads\/2019\/02\/Foto_-que%CC%81-Plan_.jpg?fit=800%2C400&ssl=1&resize=350%2C200 1x, https:\/\/i0.wp.com\/soclose.mx\/blog\/wp-content\/uploads\/2019\/02\/Foto_-que%CC%81-Plan_.jpg?fit=800%2C400&ssl=1&resize=525%2C300 1.5x, https:\/\/i0.wp.com\/soclose.mx\/blog\/wp-content\/uploads\/2019\/02\/Foto_-que%CC%81-Plan_.jpg?fit=800%2C400&ssl=1&resize=700%2C400 2x"},"classes":[]},{"id":14865,"url":"https:\/\/soclose.mx\/blog\/ay-goeeee\/los-secretos-de-belinda-y-datos-poco-conocidos-de-la-cantante-y-actriz-mexicana\/","url_meta":{"origin":9887,"position":5},"title":"Los secretos de Belinda y datos poco conocidos de la cantante y actriz mexicana","author":"So Close","date":"9 julio, 2025","format":false,"excerpt":"Belinda Peregr\u00edn Sch\u00fcll, mejor conocida como Belinda, es una de las artistas m\u00e1s ic\u00f3nicas del pop latino y la televisi\u00f3n mexicana. Aunque su fama es amplia, existen muchos detalles poco conocidos que revelan facetas sorprendentes de su vida personal y trayectoria profesional. En este art\u00edculo te contamos algunos de los\u2026","rel":"","context":"En &quot;\u00a1Ay goeeee!&quot;","block_context":{"text":"\u00a1Ay goeeee!","link":"https:\/\/soclose.mx\/blog\/category\/ay-goeeee\/"},"img":{"alt_text":"Secretos de Belinda","src":"https:\/\/i0.wp.com\/soclose.mx\/blog\/wp-content\/uploads\/2025\/07\/Secretos-de-Belinda.jpg?fit=1200%2C675&ssl=1&resize=350%2C200","width":350,"height":200,"srcset":"https:\/\/i0.wp.com\/soclose.mx\/blog\/wp-content\/uploads\/2025\/07\/Secretos-de-Belinda.jpg?fit=1200%2C675&ssl=1&resize=350%2C200 1x, https:\/\/i0.wp.com\/soclose.mx\/blog\/wp-content\/uploads\/2025\/07\/Secretos-de-Belinda.jpg?fit=1200%2C675&ssl=1&resize=525%2C300 1.5x, https:\/\/i0.wp.com\/soclose.mx\/blog\/wp-content\/uploads\/2025\/07\/Secretos-de-Belinda.jpg?fit=1200%2C675&ssl=1&resize=700%2C400 2x, https:\/\/i0.wp.com\/soclose.mx\/blog\/wp-content\/uploads\/2025\/07\/Secretos-de-Belinda.jpg?fit=1200%2C675&ssl=1&resize=1050%2C600 3x"},"classes":[]}],"jetpack_sharing_enabled":true,"_links":{"self":[{"href":"https:\/\/soclose.mx\/blog\/wp-json\/wp\/v2\/posts\/9887","targetHints":{"allow":["GET"]}}],"collection":[{"href":"https:\/\/soclose.mx\/blog\/wp-json\/wp\/v2\/posts"}],"about":[{"href":"https:\/\/soclose.mx\/blog\/wp-json\/wp\/v2\/types\/post"}],"author":[{"embeddable":true,"href":"https:\/\/soclose.mx\/blog\/wp-json\/wp\/v2\/users\/9"}],"replies":[{"embeddable":true,"href":"https:\/\/soclose.mx\/blog\/wp-json\/wp\/v2\/comments?post=9887"}],"version-history":[{"count":0,"href":"https:\/\/soclose.mx\/blog\/wp-json\/wp\/v2\/posts\/9887\/revisions"}],"wp:featuredmedia":[{"embeddable":true,"href":"https:\/\/soclose.mx\/blog\/wp-json\/wp\/v2\/media\/9890"}],"wp:attachment":[{"href":"https:\/\/soclose.mx\/blog\/wp-json\/wp\/v2\/media?parent=9887"}],"wp:term":[{"taxonomy":"category","embeddable":true,"href":"https:\/\/soclose.mx\/blog\/wp-json\/wp\/v2\/categories?post=9887"},{"taxonomy":"post_tag","embeddable":true,"href":"https:\/\/soclose.mx\/blog\/wp-json\/wp\/v2\/tags?post=9887"}],"curies":[{"name":"wp","href":"https:\/\/api.w.org\/{rel}","templated":true}]}}